{"id":39301,"date":"2023-12-11T00:23:53","date_gmt":"2023-12-10T23:23:53","guid":{"rendered":"https:\/\/www.emballagedigest.fr\/?p=39301"},"modified":"2023-12-12T01:20:50","modified_gmt":"2023-12-12T00:20:50","slug":"la-paris-packaging-week-prepare-son-edition-2024","status":"publish","type":"post","link":"https:\/\/www.emballagedigest.fr\/en\/la-paris-packaging-week-prepare-son-edition-2024\/","title":{"rendered":"La Paris Packaging Week pr\u00e9pare son \u00e9dition 2024"},"content":{"rendered":"<p><strong>Le<\/strong> <strong>compte \u00e0 rebours pour la prochaine \u00e9dition de la Paris&nbsp;Packaging&nbsp;Week est lanc\u00e9. L\u2019\u00e9v\u00e9nement \u2013 qui regroupe les salons ADF, PCD, PLD et Packaging Premiere sur un unique et m\u00eame lieu \u00e0 Paris Expo Porte de Versailles \u2013 se tiendra les 17 et 18&nbsp;janvier&nbsp;2024 et sera l\u2019occasion pour les industriels de faire le point sur les innovations packaging des secteurs de la cosm\u00e9tique, parfumerie, boissons premium, a\u00e9rosols et des syst\u00e8mes de dispensing.<\/strong><\/p>\n\n\n\n<p>La Paris\u00a0Packaging\u00a0Week r\u00e9unit quatre expositions regroupant au total 650 exposants, chacune d\u00e9di\u00e9e au business et \u00e0 l\u2019innovation sur un march\u00e9 sp\u00e9cifique dans le domaine du packaging. PCD est consacr\u00e9 aux emballages pour parfums, produits cosm\u00e9tiques et soins personnels. ADF est le seul salon annuel au monde destin\u00e9 aux a\u00e9rosols et aux syst\u00e8mes de dispensing, organis\u00e9 en partenariat avec la F\u00e9d\u00e9ration europ\u00e9enne des a\u00e9rosols (FEA). PLD s\u2019oriente sur le segment des boissons premium, en particulier les vins et spiritueux. Le quatri\u00e8me, Packaging\u00a0Premi\u00e8re, est d\u00e9di\u00e9 aux produits de luxe, par exemple dans le secteur de l\u2019horlogerie, de la joaillerie, de la mode, des confiseries et de l\u2019\u00e9picerie fine.<\/p>\n\n\n\n<figure class=\"wp-block-image size-full is-resized\"><img loading=\"lazy\" decoding=\"async\" src=\"https:\/\/www.emballagedigest.fr\/wp-content\/uploads\/2023\/12\/PPW2.jpg\" alt=\"\" class=\"wp-image-39303\" width=\"831\" height=\"554\" srcset=\"https:\/\/www.emballagedigest.fr\/wp-content\/uploads\/2023\/12\/PPW2.jpg 800w, https:\/\/www.emballagedigest.fr\/wp-content\/uploads\/2023\/12\/PPW2-300x200.jpg 300w, https:\/\/www.emballagedigest.fr\/wp-content\/uploads\/2023\/12\/PPW2-768x512.jpg 768w, https:\/\/www.emballagedigest.fr\/wp-content\/uploads\/2023\/12\/PPW2-18x12.jpg 18w\" sizes=\"auto, (max-width: 831px) 100vw, 831px\" \/><\/figure>\n\n\n\n<p>En&nbsp;2023, il a attir\u00e9 un record total de pr\u00e8s de 9&nbsp;000&nbsp;visiteurs, repr\u00e9sentant plus de 2&nbsp;500&nbsp;marques et agences de design du monde entier. Un succ\u00e8s r\u00e9compens\u00e9 par le prix du \u00ab&nbsp;Meilleur salon international \u2013 Europe&nbsp;\u00bb lors des AEO&nbsp;Excellence&nbsp;Awards et le prix du \u00ab&nbsp;Meilleur salon international&nbsp;\u00bb lors des Exhibition&nbsp;News&nbsp;Awards. \u00ab&nbsp;La Paris&nbsp;Packaging&nbsp;Week occupe une position strat\u00e9gique au c\u0153ur de l\u2019innovation packaging pour les produits de beaut\u00e9 et de luxe, les boissons et les a\u00e9rosols. L\u2019\u00e9dition 2024 accueillera plus d\u2019exposants que jamais et sera, plus que jamais, un lieu incontournable pour les marques, designers et fabricants de packaging qui cherchent \u00e0 rester \u00e0 la pointe de toutes les tendances&nbsp;\u00bb, explique Josh&nbsp;Brooks, directeur marketing de la Paris&nbsp;Packaging&nbsp;Week chez l\u2019organisateur Easyfairs.<\/p>\n\n\n\n<figure class=\"wp-block-image size-full is-resized\"><img loading=\"lazy\" decoding=\"async\" src=\"https:\/\/www.emballagedigest.fr\/wp-content\/uploads\/2023\/12\/PPW3.jpg\" alt=\"\" class=\"wp-image-39304\" width=\"833\" height=\"555\" srcset=\"https:\/\/www.emballagedigest.fr\/wp-content\/uploads\/2023\/12\/PPW3.jpg 800w, https:\/\/www.emballagedigest.fr\/wp-content\/uploads\/2023\/12\/PPW3-300x200.jpg 300w, https:\/\/www.emballagedigest.fr\/wp-content\/uploads\/2023\/12\/PPW3-768x512.jpg 768w, https:\/\/www.emballagedigest.fr\/wp-content\/uploads\/2023\/12\/PPW3-18x12.jpg 18w\" sizes=\"auto, (max-width: 833px) 100vw, 833px\" \/><\/figure>\n\n\n\n<p>Plusieurs nouveaut\u00e9s sont d\u2019ailleurs \u00e0 noter pour la prochaine \u00e9dition. Une application permettra en amont de planifier les visites aux stands, prises de rendez-vous et le choix des conf\u00e9rences. Son petit plus\u00a0: \u00e9quip\u00e9e d\u2019une technologie GPS, elle permettra aux utilisateurs de se localiser sur le salon et de trouver les parcours les plus optimis\u00e9s pour se rendre sur les stands cibl\u00e9s. Une fonction messagerie et un outil bas\u00e9 sur l\u2019IA  faciliteront les \u00e9changes et proposeront des animations adapt\u00e9es au profil et pr\u00e9f\u00e9rences de chacun.<\/p>\n\n\n\n<p>C\u00f4t\u00e9 conf\u00e9rences, un nouvel am\u00e9nagement du programme et des salles sera d\u00e9ploy\u00e9. Ces derni\u00e8res ne seront plus organis\u00e9es par march\u00e9s, mais orient\u00e9es par th\u00e9matique. A savoir\u00a0:<\/p>\n\n\n\n<p>\u2022 La Circular&nbsp;Economy&nbsp;Stage couvre les innovations et r\u00e9glementations cl\u00e9s en mati\u00e8re de durabilit\u00e9 des emballages.<\/p>\n\n\n\n<p>\u2022 La salle Future&nbsp;Innovation&nbsp;Forum axe la discussion sur les nouvelles technologies, les opportunit\u00e9s futures en mati\u00e8re de conception d\u2019emballages, de mat\u00e9riaux, de formats et de nouvelles strat\u00e9gies d\u2019innovation.<\/p>\n\n\n\n<p>\u2022 La salle Global&nbsp;Aerosol&nbsp;&amp; Dispensing&nbsp;Forum r\u00e9unit les principaux leaders d\u2019opinion, r\u00e9gulateurs et metteurs sur march\u00e9 autour de l\u2019innovation et la technologie dans le domaine des a\u00e9rosols et syst\u00e8mes de dispensing.<\/p>\n\n\n\n<p>\u2022 Et le plus grand concours mondial de design d\u2019emballages, les Pentawards, prendra en charge la totale planification des conf\u00e9rences de cette salle nomm\u00e9e la Pentawards&nbsp;Design&nbsp;Stage pour pr\u00e9senter les nouvelles tendances mondiales en mati\u00e8re de design et de consommation.<\/p>\n\n\n\n<p>Pour permettre aux visiteurs de travailler et de r\u00e9seauter plus efficacement, les zones&nbsp;VIP et le Chill&nbsp;Lounge b\u00e9n\u00e9ficieront d\u2019infrastructures \u00e9lectriques plus importantes, d\u2019un plus grand nombre de places assises et d\u2019une meilleure signalisation pour s\u2019orienter plus facilement dans le salon. Ces nouveaut\u00e9s viennent compl\u00e9ter toutes les ressources existantes de la Paris&nbsp;Packaging&nbsp;Week, y compris ses espaces de repos, ses bars \u00e0 champagne, \u00e0 cocktails et ses galeries d\u00e9di\u00e9es aux gagnants des Awards de la Paris Packaging Week et aux Pentawards.<\/p>\n\n\n\n<p>Enfin, la Paris Packaging Week sera l\u2019occasion de c\u00e9l\u00e9brer la nouvelle g\u00e9n\u00e9ration d\u2019innovateurs du monde packaging en r\u00e9v\u00e9lant les premiers \u00ab&nbsp;Future Leaders&nbsp;\u00bb lors de la prochaine \u00e9dition. Ce&nbsp;groupe d\u2019influenceurs et entrepreneurs passionn\u00e9s d\u2019emballages, venus du monde entier avec des repr\u00e9sentants d\u2019emballages, d\u2019agences de design et de marque, de grands groupes ou de start-ups, ont \u00e9t\u00e9 s\u00e9lectionn\u00e9s parmi&nbsp;plus de 40 candidatures. \u00ab&nbsp;La mission de la Paris Packaging Week est de donner une vision de l&rsquo;avenir de l&#8217;emballage dans les secteurs des a\u00e9rosols, de la beaut\u00e9, du luxe et des boissons.&nbsp;C&rsquo;est exactement ce que font nos premiers Future Leaders, un groupe de jeunes professionnels inspirants qui ont d\u00e9j\u00e0 un impact sur l&rsquo;avenir du secteur gr\u00e2ce \u00e0 leur cr\u00e9ativit\u00e9, leur \u00e9nergie et leur v\u00e9ritable passion. Ils montrent que l&#8217;emballage a un bel avenir devant lui et je tiens \u00e0 les f\u00e9liciter tous&nbsp;\u00bb, a comment\u00e9 Christelle Anya,&nbsp;directrice du&nbsp;contenu et de la&nbsp;communaut\u00e9 \u00e0 la&nbsp;Paris Packaging Week. Les Future Leaders seront invit\u00e9s \u00e0 s\u2019exprimer au cours de tables rondes sur leur vision du secteur de l\u2019emballage.<\/p>","protected":false},"excerpt":{"rendered":"<p>Le compte \u00e0 rebours pour la prochaine \u00e9dition de la Paris&nbsp;Packaging&nbsp;Week est lanc\u00e9. L\u2019\u00e9v\u00e9nement \u2013 qui regroupe les salons ADF, PCD, PLD et Packaging Premiere sur un unique et m\u00eame lieu \u00e0 Paris Expo Porte de Versailles \u2013 se tiendra les 17 et 18&nbsp;janvier&nbsp;2024 et sera l\u2019occasion pour les industriels de faire le point sur [&hellip;]<\/p>","protected":false},"author":2,"featured_media":39305,"comment_status":"closed","ping_status":"closed","sticky":false,"template":"","format":"standard","meta":{"_acf_changed":false,"inline_featured_image":false,"iawp_total_views":2,"footnotes":""},"categories":[28,81,6,72],"tags":[],"class_list":["post-39301","post","type-post","status-publish","format-standard","has-post-thumbnail","hentry","category-article-entier","category-packaging","category-parfumerie-cosmetique","category-salon"],"acf":[],"yoast_head":"<!-- This site is optimized with the Yoast SEO plugin v24.4 - https:\/\/yoast.com\/wordpress\/plugins\/seo\/ -->\n<title>La Paris Packaging Week pr\u00e9pare son \u00e9dition 2024 - Emballage Digest<\/title>\n<meta name=\"robots\" content=\"index, follow, max-snippet:-1, max-image-preview:large, max-video-preview:-1\" \/>\n<link rel=\"canonical\" href=\"https:\/\/www.emballagedigest.fr\/en\/la-paris-packaging-week-prepare-son-edition-2024\/\" \/>\n<meta property=\"og:locale\" content=\"en_GB\" \/>\n<meta property=\"og:type\" content=\"article\" \/>\n<meta property=\"og:title\" content=\"La Paris Packaging Week pr\u00e9pare son \u00e9dition 2024 - Emballage Digest\" \/>\n<meta property=\"og:description\" content=\"Le compte \u00e0 rebours pour la prochaine \u00e9dition de la Paris&nbsp;Packaging&nbsp;Week est lanc\u00e9. L\u2019\u00e9v\u00e9nement \u2013 qui regroupe les salons ADF, PCD, PLD et Packaging Premiere sur un unique et m\u00eame lieu \u00e0 Paris Expo Porte de Versailles \u2013 se tiendra les 17 et 18&nbsp;janvier&nbsp;2024 et sera l\u2019occasion pour les industriels de faire le point sur [&hellip;]\" \/>\n<meta property=\"og:url\" content=\"https:\/\/www.emballagedigest.fr\/en\/la-paris-packaging-week-prepare-son-edition-2024\/\" \/>\n<meta property=\"og:site_name\" content=\"Emballage Digest\" \/>\n<meta property=\"article:published_time\" content=\"2023-12-10T23:23:53+00:00\" \/>\n<meta property=\"article:modified_time\" content=\"2023-12-12T00:20:50+00:00\" \/>\n<meta property=\"og:image\" content=\"https:\/\/www.emballagedigest.fr\/wp-content\/uploads\/2023\/12\/PPW1.jpg\" \/>\n\t<meta property=\"og:image:width\" content=\"800\" \/>\n\t<meta property=\"og:image:height\" content=\"533\" \/>\n\t<meta property=\"og:image:type\" content=\"image\/jpeg\" \/>\n<meta name=\"author\" content=\"Karine Duval\" \/>\n<meta name=\"twitter:card\" content=\"summary_large_image\" \/>\n<meta name=\"twitter:label1\" content=\"Written by\" \/>\n\t<meta name=\"twitter:data1\" content=\"Karine Duval\" \/>\n\t<meta name=\"twitter:label2\" content=\"Estimated reading time\" \/>\n\t<meta name=\"twitter:data2\" content=\"5 minutes\" \/>\n<script type=\"application\/ld+json\" class=\"yoast-schema-graph\">{\"@context\":\"https:\/\/schema.org\",\"@graph\":[{\"@type\":\"Article\",\"@id\":\"https:\/\/www.emballagedigest.fr\/la-paris-packaging-week-prepare-son-edition-2024\/#article\",\"isPartOf\":{\"@id\":\"https:\/\/www.emballagedigest.fr\/la-paris-packaging-week-prepare-son-edition-2024\/\"},\"author\":{\"name\":\"Karine Duval\",\"@id\":\"https:\/\/www.emballagedigest.fr\/#\/schema\/person\/76abe9f2b2ee4d3d520594c7a35da59f\"},\"headline\":\"La Paris Packaging Week pr\u00e9pare son \u00e9dition 2024\",\"datePublished\":\"2023-12-10T23:23:53+00:00\",\"dateModified\":\"2023-12-12T00:20:50+00:00\",\"mainEntityOfPage\":{\"@id\":\"https:\/\/www.emballagedigest.fr\/la-paris-packaging-week-prepare-son-edition-2024\/\"},\"wordCount\":947,\"publisher\":{\"@id\":\"https:\/\/www.emballagedigest.fr\/#organization\"},\"image\":{\"@id\":\"https:\/\/www.emballagedigest.fr\/la-paris-packaging-week-prepare-son-edition-2024\/#primaryimage\"},\"thumbnailUrl\":\"https:\/\/www.emballagedigest.fr\/wp-content\/uploads\/2023\/12\/PPW1.jpg\",\"articleSection\":[\"Article entier\",\"Packaging\",\"Parfumerie &amp; Cosm\u00e9tique\",\"Salon\"],\"inLanguage\":\"en-GB\"},{\"@type\":\"WebPage\",\"@id\":\"https:\/\/www.emballagedigest.fr\/la-paris-packaging-week-prepare-son-edition-2024\/\",\"url\":\"https:\/\/www.emballagedigest.fr\/la-paris-packaging-week-prepare-son-edition-2024\/\",\"name\":\"La Paris Packaging Week pr\u00e9pare son \u00e9dition 2024 - Emballage Digest\",\"isPartOf\":{\"@id\":\"https:\/\/www.emballagedigest.fr\/#website\"},\"primaryImageOfPage\":{\"@id\":\"https:\/\/www.emballagedigest.fr\/la-paris-packaging-week-prepare-son-edition-2024\/#primaryimage\"},\"image\":{\"@id\":\"https:\/\/www.emballagedigest.fr\/la-paris-packaging-week-prepare-son-edition-2024\/#primaryimage\"},\"thumbnailUrl\":\"https:\/\/www.emballagedigest.fr\/wp-content\/uploads\/2023\/12\/PPW1.jpg\",\"datePublished\":\"2023-12-10T23:23:53+00:00\",\"dateModified\":\"2023-12-12T00:20:50+00:00\",\"breadcrumb\":{\"@id\":\"https:\/\/www.emballagedigest.fr\/la-paris-packaging-week-prepare-son-edition-2024\/#breadcrumb\"},\"inLanguage\":\"en-GB\",\"potentialAction\":[{\"@type\":\"ReadAction\",\"target\":[\"https:\/\/www.emballagedigest.fr\/la-paris-packaging-week-prepare-son-edition-2024\/\"]}]},{\"@type\":\"ImageObject\",\"inLanguage\":\"en-GB\",\"@id\":\"https:\/\/www.emballagedigest.fr\/la-paris-packaging-week-prepare-son-edition-2024\/#primaryimage\",\"url\":\"https:\/\/www.emballagedigest.fr\/wp-content\/uploads\/2023\/12\/PPW1.jpg\",\"contentUrl\":\"https:\/\/www.emballagedigest.fr\/wp-content\/uploads\/2023\/12\/PPW1.jpg\",\"width\":800,\"height\":533},{\"@type\":\"BreadcrumbList\",\"@id\":\"https:\/\/www.emballagedigest.fr\/la-paris-packaging-week-prepare-son-edition-2024\/#breadcrumb\",\"itemListElement\":[{\"@type\":\"ListItem\",\"position\":1,\"name\":\"Accueil\",\"item\":\"https:\/\/www.emballagedigest.fr\/\"},{\"@type\":\"ListItem\",\"position\":2,\"name\":\"La Paris Packaging Week pr\u00e9pare son \u00e9dition 2024\"}]},{\"@type\":\"WebSite\",\"@id\":\"https:\/\/www.emballagedigest.fr\/#website\",\"url\":\"https:\/\/www.emballagedigest.fr\/\",\"name\":\"Emballage Digest\",\"description\":\"Revue professionnelle sur les emballages\",\"publisher\":{\"@id\":\"https:\/\/www.emballagedigest.fr\/#organization\"},\"potentialAction\":[{\"@type\":\"SearchAction\",\"target\":{\"@type\":\"EntryPoint\",\"urlTemplate\":\"https:\/\/www.emballagedigest.fr\/?s={search_term_string}\"},\"query-input\":{\"@type\":\"PropertyValueSpecification\",\"valueRequired\":true,\"valueName\":\"search_term_string\"}}],\"inLanguage\":\"en-GB\"},{\"@type\":\"Organization\",\"@id\":\"https:\/\/www.emballagedigest.fr\/#organization\",\"name\":\"Emballage Digest\",\"url\":\"https:\/\/www.emballagedigest.fr\/\",\"logo\":{\"@type\":\"ImageObject\",\"inLanguage\":\"en-GB\",\"@id\":\"https:\/\/www.emballagedigest.fr\/#\/schema\/logo\/image\/\",\"url\":\"https:\/\/www.emballagedigest.fr\/wp-content\/uploads\/2022\/07\/logo-ed.png\",\"contentUrl\":\"https:\/\/www.emballagedigest.fr\/wp-content\/uploads\/2022\/07\/logo-ed.png\",\"width\":379,\"height\":75,\"caption\":\"Emballage Digest\"},\"image\":{\"@id\":\"https:\/\/www.emballagedigest.fr\/#\/schema\/logo\/image\/\"}},{\"@type\":\"Person\",\"@id\":\"https:\/\/www.emballagedigest.fr\/#\/schema\/person\/76abe9f2b2ee4d3d520594c7a35da59f\",\"name\":\"Karine Duval\",\"image\":{\"@type\":\"ImageObject\",\"inLanguage\":\"en-GB\",\"@id\":\"https:\/\/www.emballagedigest.fr\/#\/schema\/person\/image\/\",\"url\":\"https:\/\/secure.gravatar.com\/avatar\/f552799261cdd2e076e6677d780ef07bdb13aa4c196ab75b39abcbcdcae2d4e5?s=96&d=mm&r=g\",\"contentUrl\":\"https:\/\/secure.gravatar.com\/avatar\/f552799261cdd2e076e6677d780ef07bdb13aa4c196ab75b39abcbcdcae2d4e5?s=96&d=mm&r=g\",\"caption\":\"Karine Duval\"},\"url\":\"https:\/\/www.emballagedigest.fr\/en\/author\/admin_karduv\/\"}]}<\/script>\n<!-- \/ Yoast SEO plugin. -->","yoast_head_json":{"title":"La Paris Packaging Week pr\u00e9pare son \u00e9dition 2024 - Emballage Digest","robots":{"index":"index","follow":"follow","max-snippet":"max-snippet:-1","max-image-preview":"max-image-preview:large","max-video-preview":"max-video-preview:-1"},"canonical":"https:\/\/www.emballagedigest.fr\/en\/la-paris-packaging-week-prepare-son-edition-2024\/","og_locale":"en_GB","og_type":"article","og_title":"La Paris Packaging Week pr\u00e9pare son \u00e9dition 2024 - Emballage Digest","og_description":"Le compte \u00e0 rebours pour la prochaine \u00e9dition de la Paris&nbsp;Packaging&nbsp;Week est lanc\u00e9. L\u2019\u00e9v\u00e9nement \u2013 qui regroupe les salons ADF, PCD, PLD et Packaging Premiere sur un unique et m\u00eame lieu \u00e0 Paris Expo Porte de Versailles \u2013 se tiendra les 17 et 18&nbsp;janvier&nbsp;2024 et sera l\u2019occasion pour les industriels de faire le point sur [&hellip;]","og_url":"https:\/\/www.emballagedigest.fr\/en\/la-paris-packaging-week-prepare-son-edition-2024\/","og_site_name":"Emballage Digest","article_published_time":"2023-12-10T23:23:53+00:00","article_modified_time":"2023-12-12T00:20:50+00:00","og_image":[{"width":800,"height":533,"url":"https:\/\/www.emballagedigest.fr\/wp-content\/uploads\/2023\/12\/PPW1.jpg","type":"image\/jpeg"}],"author":"Karine Duval","twitter_card":"summary_large_image","twitter_misc":{"Written by":"Karine Duval","Estimated reading time":"5 minutes"},"schema":{"@context":"https:\/\/schema.org","@graph":[{"@type":"Article","@id":"https:\/\/www.emballagedigest.fr\/la-paris-packaging-week-prepare-son-edition-2024\/#article","isPartOf":{"@id":"https:\/\/www.emballagedigest.fr\/la-paris-packaging-week-prepare-son-edition-2024\/"},"author":{"name":"Karine Duval","@id":"https:\/\/www.emballagedigest.fr\/#\/schema\/person\/76abe9f2b2ee4d3d520594c7a35da59f"},"headline":"La Paris Packaging Week pr\u00e9pare son \u00e9dition 2024","datePublished":"2023-12-10T23:23:53+00:00","dateModified":"2023-12-12T00:20:50+00:00","mainEntityOfPage":{"@id":"https:\/\/www.emballagedigest.fr\/la-paris-packaging-week-prepare-son-edition-2024\/"},"wordCount":947,"publisher":{"@id":"https:\/\/www.emballagedigest.fr\/#organization"},"image":{"@id":"https:\/\/www.emballagedigest.fr\/la-paris-packaging-week-prepare-son-edition-2024\/#primaryimage"},"thumbnailUrl":"https:\/\/www.emballagedigest.fr\/wp-content\/uploads\/2023\/12\/PPW1.jpg","articleSection":["Article entier","Packaging","Parfumerie &amp; Cosm\u00e9tique","Salon"],"inLanguage":"en-GB"},{"@type":"WebPage","@id":"https:\/\/www.emballagedigest.fr\/la-paris-packaging-week-prepare-son-edition-2024\/","url":"https:\/\/www.emballagedigest.fr\/la-paris-packaging-week-prepare-son-edition-2024\/","name":"La Paris Packaging Week pr\u00e9pare son \u00e9dition 2024 - Emballage Digest","isPartOf":{"@id":"https:\/\/www.emballagedigest.fr\/#website"},"primaryImageOfPage":{"@id":"https:\/\/www.emballagedigest.fr\/la-paris-packaging-week-prepare-son-edition-2024\/#primaryimage"},"image":{"@id":"https:\/\/www.emballagedigest.fr\/la-paris-packaging-week-prepare-son-edition-2024\/#primaryimage"},"thumbnailUrl":"https:\/\/www.emballagedigest.fr\/wp-content\/uploads\/2023\/12\/PPW1.jpg","datePublished":"2023-12-10T23:23:53+00:00","dateModified":"2023-12-12T00:20:50+00:00","breadcrumb":{"@id":"https:\/\/www.emballagedigest.fr\/la-paris-packaging-week-prepare-son-edition-2024\/#breadcrumb"},"inLanguage":"en-GB","potentialAction":[{"@type":"ReadAction","target":["https:\/\/www.emballagedigest.fr\/la-paris-packaging-week-prepare-son-edition-2024\/"]}]},{"@type":"ImageObject","inLanguage":"en-GB","@id":"https:\/\/www.emballagedigest.fr\/la-paris-packaging-week-prepare-son-edition-2024\/#primaryimage","url":"https:\/\/www.emballagedigest.fr\/wp-content\/uploads\/2023\/12\/PPW1.jpg","contentUrl":"https:\/\/www.emballagedigest.fr\/wp-content\/uploads\/2023\/12\/PPW1.jpg","width":800,"height":533},{"@type":"BreadcrumbList","@id":"https:\/\/www.emballagedigest.fr\/la-paris-packaging-week-prepare-son-edition-2024\/#breadcrumb","itemListElement":[{"@type":"ListItem","position":1,"name":"Accueil","item":"https:\/\/www.emballagedigest.fr\/"},{"@type":"ListItem","position":2,"name":"La Paris Packaging Week pr\u00e9pare son \u00e9dition 2024"}]},{"@type":"WebSite","@id":"https:\/\/www.emballagedigest.fr\/#website","url":"https:\/\/www.emballagedigest.fr\/","name":"Emballage Digest","description":"Revue professionnelle sur les emballages","publisher":{"@id":"https:\/\/www.emballagedigest.fr\/#organization"},"potentialAction":[{"@type":"SearchAction","target":{"@type":"EntryPoint","urlTemplate":"https:\/\/www.emballagedigest.fr\/?s={search_term_string}"},"query-input":{"@type":"PropertyValueSpecification","valueRequired":true,"valueName":"search_term_string"}}],"inLanguage":"en-GB"},{"@type":"Organization","@id":"https:\/\/www.emballagedigest.fr\/#organization","name":"Emballage Digest","url":"https:\/\/www.emballagedigest.fr\/","logo":{"@type":"ImageObject","inLanguage":"en-GB","@id":"https:\/\/www.emballagedigest.fr\/#\/schema\/logo\/image\/","url":"https:\/\/www.emballagedigest.fr\/wp-content\/uploads\/2022\/07\/logo-ed.png","contentUrl":"https:\/\/www.emballagedigest.fr\/wp-content\/uploads\/2022\/07\/logo-ed.png","width":379,"height":75,"caption":"Emballage Digest"},"image":{"@id":"https:\/\/www.emballagedigest.fr\/#\/schema\/logo\/image\/"}},{"@type":"Person","@id":"https:\/\/www.emballagedigest.fr\/#\/schema\/person\/76abe9f2b2ee4d3d520594c7a35da59f","name":"Karine Duval","image":{"@type":"ImageObject","inLanguage":"en-GB","@id":"https:\/\/www.emballagedigest.fr\/#\/schema\/person\/image\/","url":"https:\/\/secure.gravatar.com\/avatar\/f552799261cdd2e076e6677d780ef07bdb13aa4c196ab75b39abcbcdcae2d4e5?s=96&d=mm&r=g","contentUrl":"https:\/\/secure.gravatar.com\/avatar\/f552799261cdd2e076e6677d780ef07bdb13aa4c196ab75b39abcbcdcae2d4e5?s=96&d=mm&r=g","caption":"Karine Duval"},"url":"https:\/\/www.emballagedigest.fr\/en\/author\/admin_karduv\/"}]}},"_links":{"self":[{"href":"https:\/\/www.emballagedigest.fr\/en\/wp-json\/wp\/v2\/posts\/39301","targetHints":{"allow":["GET"]}}],"collection":[{"href":"https:\/\/www.emballagedigest.fr\/en\/wp-json\/wp\/v2\/posts"}],"about":[{"href":"https:\/\/www.emballagedigest.fr\/en\/wp-json\/wp\/v2\/types\/post"}],"author":[{"embeddable":true,"href":"https:\/\/www.emballagedigest.fr\/en\/wp-json\/wp\/v2\/users\/2"}],"replies":[{"embeddable":true,"href":"https:\/\/www.emballagedigest.fr\/en\/wp-json\/wp\/v2\/comments?post=39301"}],"version-history":[{"count":4,"href":"https:\/\/www.emballagedigest.fr\/en\/wp-json\/wp\/v2\/posts\/39301\/revisions"}],"predecessor-version":[{"id":39320,"href":"https:\/\/www.emballagedigest.fr\/en\/wp-json\/wp\/v2\/posts\/39301\/revisions\/39320"}],"wp:featuredmedia":[{"embeddable":true,"href":"https:\/\/www.emballagedigest.fr\/en\/wp-json\/wp\/v2\/media\/39305"}],"wp:attachment":[{"href":"https:\/\/www.emballagedigest.fr\/en\/wp-json\/wp\/v2\/media?parent=39301"}],"wp:term":[{"taxonomy":"category","embeddable":true,"href":"https:\/\/www.emballagedigest.fr\/en\/wp-json\/wp\/v2\/categories?post=39301"},{"taxonomy":"post_tag","embeddable":true,"href":"https:\/\/www.emballagedigest.fr\/en\/wp-json\/wp\/v2\/tags?post=39301"}],"curies":[{"name":"wp","href":"https:\/\/api.w.org\/{rel}","templated":true}]}}