{"id":39307,"date":"2023-12-11T00:26:52","date_gmt":"2023-12-10T23:26:52","guid":{"rendered":"https:\/\/www.emballagedigest.fr\/?p=39307"},"modified":"2023-12-11T00:26:54","modified_gmt":"2023-12-10T23:26:54","slug":"le-salon-vs-pack-devoile-les-laureats-du-concours-spiripack","status":"publish","type":"post","link":"https:\/\/www.emballagedigest.fr\/en\/le-salon-vs-pack-devoile-les-laureats-du-concours-spiripack\/","title":{"rendered":"Le salon VS Pack d\u00e9voile les laur\u00e9ats du concours SpiriPack"},"content":{"rendered":"<p><strong>Sur les 38 dossiers de candidature re\u00e7us et soumis au jury du concours des SpiriPack organis\u00e9 par Atlanpack, quatre prix ont \u00e9t\u00e9 remis en marge du salon VS Pack \u00e0 Cognac la semaine derni\u00e8re. Retour les projets r\u00e9compens\u00e9s.<\/strong><strong><\/strong><\/p>\n\n\n\n<figure class=\"wp-block-image size-full is-resized\"><img loading=\"lazy\" decoding=\"async\" src=\"https:\/\/www.emballagedigest.fr\/wp-content\/uploads\/2023\/12\/spiripack2.jpg\" alt=\"\" class=\"wp-image-39309\" width=\"830\" height=\"526\" srcset=\"https:\/\/www.emballagedigest.fr\/wp-content\/uploads\/2023\/12\/spiripack2.jpg 800w, https:\/\/www.emballagedigest.fr\/wp-content\/uploads\/2023\/12\/spiripack2-300x190.jpg 300w, https:\/\/www.emballagedigest.fr\/wp-content\/uploads\/2023\/12\/spiripack2-768x487.jpg 768w, https:\/\/www.emballagedigest.fr\/wp-content\/uploads\/2023\/12\/spiripack2-18x12.jpg 18w\" sizes=\"auto, (max-width: 830px) 100vw, 830px\" \/><\/figure>\n\n\n\n<p>Le SpiriPack d\u2019or (ci-dessus) a \u00e9t\u00e9 d\u00e9cern\u00e9 \u00e0 Mauco Cartex pour sa technologie d\u2019impression visible au toucher, un proc\u00e9d\u00e9 d&rsquo;impression num\u00e9rique qui permet d&rsquo;ajouter une 3\u00e8me dimension au projet graphique. La technique d\u2019\u00e9l\u00e9vation d\u2019encre offre la possibilit\u00e9 d\u2019appliquer du relief sur tout ou partie de l\u2019image. Egalement, l\u2019amplitude de l\u2019\u00e9l\u00e9vation et le choix des \u00e9l\u00e9ments mis en relief impactent la r\u00e9flectance permettant une perception visuelle du relief. Le proc\u00e9d\u00e9 ne n\u00e9cessite aucun outil sp\u00e9cifique et est r\u00e9alis\u00e9 simultan\u00e9ment \u00e0 l\u2019impression du d\u00e9cor.<\/p>\n\n\n\n<figure class=\"wp-block-image size-full\"><img loading=\"lazy\" decoding=\"async\" width=\"800\" height=\"400\" src=\"https:\/\/www.emballagedigest.fr\/wp-content\/uploads\/2023\/12\/spiripack3.jpg\" alt=\"\" class=\"wp-image-39310\" srcset=\"https:\/\/www.emballagedigest.fr\/wp-content\/uploads\/2023\/12\/spiripack3.jpg 800w, https:\/\/www.emballagedigest.fr\/wp-content\/uploads\/2023\/12\/spiripack3-300x150.jpg 300w, https:\/\/www.emballagedigest.fr\/wp-content\/uploads\/2023\/12\/spiripack3-768x384.jpg 768w, https:\/\/www.emballagedigest.fr\/wp-content\/uploads\/2023\/12\/spiripack3-18x9.jpg 18w\" sizes=\"auto, (max-width: 800px) 100vw, 800px\" \/><\/figure>\n\n\n\n<p>Le SpiriPack d\u2019Argent (ci-dessus) a r\u00e9compens\u00e9 Carbon D\u00e9cor pour la bouteille Martell XO Grande Champagne. Elle r\u00e9sulte d&rsquo;un processus m\u00e9ticuleux incluant un premier marquage \u00e0 chaud, un second marquage \u00e0 chaud argent, une s\u00e9rigraphie blanche robuste annon\u00e7ant le bloc marque Martell, un s\u00e9rigraphie argent pour la mise en valeur de la zone cognac Grand Champagne et un relief jet d\u2019encre marqu\u00e9 \u00e0 chaud qui cartographie les r\u00e9gions du cognac. Une s\u00e9rie de process qui permet de se passer d\u2019une modification de moule verrier.<\/p>\n\n\n\n<figure class=\"wp-block-image size-full is-resized\"><img loading=\"lazy\" decoding=\"async\" src=\"https:\/\/www.emballagedigest.fr\/wp-content\/uploads\/2023\/12\/spiripack4.jpg\" alt=\"\" class=\"wp-image-39311\" width=\"826\" height=\"475\" srcset=\"https:\/\/www.emballagedigest.fr\/wp-content\/uploads\/2023\/12\/spiripack4.jpg 800w, https:\/\/www.emballagedigest.fr\/wp-content\/uploads\/2023\/12\/spiripack4-300x173.jpg 300w, https:\/\/www.emballagedigest.fr\/wp-content\/uploads\/2023\/12\/spiripack4-768x442.jpg 768w, https:\/\/www.emballagedigest.fr\/wp-content\/uploads\/2023\/12\/spiripack4-18x10.jpg 18w\" sizes=\"auto, (max-width: 826px) 100vw, 826px\" \/><\/figure>\n\n\n\n<p>Le SpiriPack de Bronze (ci-dessus) est revenu \u00e0 Westrock pour l\u2019emballage du nouveau spiritueux Canop\u00e9e de la distillerie Rhum J.M. Avec un carton renouvelable non couch\u00e9, une impression \u00e0 base d&rsquo;encre \u00e0 faible migration et une dorure d\u00e9corative couvrant moins de 0,6 % de la surface totale de l&#8217;emballage en papier, cet emballage premium offre une exp\u00e9rience durable et de qualit\u00e9 au consommateur, ceci sans rev\u00eatement plastique et fermetures multi-mat\u00e9riaux commun\u00e9ment r\u00e9pandus sur le march\u00e9.<\/p>\n\n\n\n<figure class=\"wp-block-image size-full\"><img loading=\"lazy\" decoding=\"async\" width=\"800\" height=\"400\" src=\"https:\/\/www.emballagedigest.fr\/wp-content\/uploads\/2023\/12\/spiripack5.jpg\" alt=\"\" class=\"wp-image-39312\" srcset=\"https:\/\/www.emballagedigest.fr\/wp-content\/uploads\/2023\/12\/spiripack5.jpg 800w, https:\/\/www.emballagedigest.fr\/wp-content\/uploads\/2023\/12\/spiripack5-300x150.jpg 300w, https:\/\/www.emballagedigest.fr\/wp-content\/uploads\/2023\/12\/spiripack5-768x384.jpg 768w, https:\/\/www.emballagedigest.fr\/wp-content\/uploads\/2023\/12\/spiripack5-18x9.jpg 18w\" sizes=\"auto, (max-width: 800px) 100vw, 800px\" \/><\/figure>\n\n\n\n<p>Enfin, le Coup de c\u0153ur du jury (ci-dessus) a \u00e9t\u00e9 remis \u00e0 la soci\u00e9t\u00e9 Isola pour son syst\u00e8me de bouchage unique. Gr\u00e2ce \u00e0 une capsule transparente et \u00e9tanche, la solution peut conditionner dans la m\u00eame bouteille ou carafe deux produits totalement s\u00e9par\u00e9s. Le produit secondaire (solide, liquide, d\u00e9coratif, \u00e9lectronique, etc.) est conditionn\u00e9 dans une capsule transparente et \u00e9tanche, centr\u00e9e et immerg\u00e9e au c\u0153ur du liquide primaire et ferm\u00e9 herm\u00e9tiquement par le m\u00eame bouchon qui obture la bouteille. \u00a0Cette innovation offre de multiples d\u00e9bouch\u00e9s interactifs et esth\u00e9tiques.<\/p>","protected":false},"excerpt":{"rendered":"<p>Sur les 38 dossiers de candidature re\u00e7us et soumis au jury du concours des SpiriPack organis\u00e9 par Atlanpack, quatre prix ont \u00e9t\u00e9 remis en marge du salon VS Pack \u00e0 Cognac la semaine derni\u00e8re. Retour les projets r\u00e9compens\u00e9s. Le SpiriPack d\u2019or (ci-dessus) a \u00e9t\u00e9 d\u00e9cern\u00e9 \u00e0 Mauco Cartex pour sa technologie d\u2019impression visible au toucher, [&hellip;]<\/p>","protected":false},"author":2,"featured_media":39308,"comment_status":"closed","ping_status":"closed","sticky":false,"template":"","format":"standard","meta":{"_acf_changed":false,"inline_featured_image":false,"iawp_total_views":0,"footnotes":""},"categories":[5,28,81,72],"tags":[],"class_list":["post-39307","post","type-post","status-publish","format-standard","has-post-thumbnail","hentry","category-alimentaire","category-article-entier","category-packaging","category-salon"],"acf":[],"yoast_head":"<!-- This site is optimized with the Yoast SEO plugin v24.4 - https:\/\/yoast.com\/wordpress\/plugins\/seo\/ -->\n<title>Le salon VS Pack d\u00e9voile les laur\u00e9ats du concours SpiriPack - Emballage Digest<\/title>\n<meta name=\"robots\" content=\"index, follow, max-snippet:-1, max-image-preview:large, max-video-preview:-1\" \/>\n<link rel=\"canonical\" href=\"https:\/\/www.emballagedigest.fr\/en\/le-salon-vs-pack-devoile-les-laureats-du-concours-spiripack\/\" \/>\n<meta property=\"og:locale\" content=\"en_GB\" \/>\n<meta property=\"og:type\" content=\"article\" \/>\n<meta property=\"og:title\" content=\"Le salon VS Pack d\u00e9voile les laur\u00e9ats du concours SpiriPack - Emballage Digest\" \/>\n<meta property=\"og:description\" content=\"Sur les 38 dossiers de candidature re\u00e7us et soumis au jury du concours des SpiriPack organis\u00e9 par Atlanpack, quatre prix ont \u00e9t\u00e9 remis en marge du salon VS Pack \u00e0 Cognac la semaine derni\u00e8re. Retour les projets r\u00e9compens\u00e9s. Le SpiriPack d\u2019or (ci-dessus) a \u00e9t\u00e9 d\u00e9cern\u00e9 \u00e0 Mauco Cartex pour sa technologie d\u2019impression visible au toucher, [&hellip;]\" \/>\n<meta property=\"og:url\" content=\"https:\/\/www.emballagedigest.fr\/en\/le-salon-vs-pack-devoile-les-laureats-du-concours-spiripack\/\" \/>\n<meta property=\"og:site_name\" content=\"Emballage Digest\" \/>\n<meta property=\"article:published_time\" content=\"2023-12-10T23:26:52+00:00\" \/>\n<meta property=\"article:modified_time\" content=\"2023-12-10T23:26:54+00:00\" \/>\n<meta property=\"og:image\" content=\"https:\/\/www.emballagedigest.fr\/wp-content\/uploads\/2023\/12\/spiripack1.jpg\" \/>\n\t<meta property=\"og:image:width\" content=\"800\" \/>\n\t<meta property=\"og:image:height\" content=\"413\" \/>\n\t<meta property=\"og:image:type\" content=\"image\/jpeg\" \/>\n<meta name=\"author\" content=\"Karine Duval\" \/>\n<meta name=\"twitter:card\" content=\"summary_large_image\" \/>\n<meta name=\"twitter:label1\" content=\"Written by\" \/>\n\t<meta name=\"twitter:data1\" content=\"Karine Duval\" \/>\n\t<meta name=\"twitter:label2\" content=\"Estimated reading time\" \/>\n\t<meta name=\"twitter:data2\" content=\"3 minutes\" \/>\n<script type=\"application\/ld+json\" class=\"yoast-schema-graph\">{\"@context\":\"https:\/\/schema.org\",\"@graph\":[{\"@type\":\"Article\",\"@id\":\"https:\/\/www.emballagedigest.fr\/le-salon-vs-pack-devoile-les-laureats-du-concours-spiripack\/#article\",\"isPartOf\":{\"@id\":\"https:\/\/www.emballagedigest.fr\/le-salon-vs-pack-devoile-les-laureats-du-concours-spiripack\/\"},\"author\":{\"name\":\"Karine Duval\",\"@id\":\"https:\/\/www.emballagedigest.fr\/#\/schema\/person\/76abe9f2b2ee4d3d520594c7a35da59f\"},\"headline\":\"Le salon VS Pack d\u00e9voile les laur\u00e9ats du concours SpiriPack\",\"datePublished\":\"2023-12-10T23:26:52+00:00\",\"dateModified\":\"2023-12-10T23:26:54+00:00\",\"mainEntityOfPage\":{\"@id\":\"https:\/\/www.emballagedigest.fr\/le-salon-vs-pack-devoile-les-laureats-du-concours-spiripack\/\"},\"wordCount\":430,\"publisher\":{\"@id\":\"https:\/\/www.emballagedigest.fr\/#organization\"},\"image\":{\"@id\":\"https:\/\/www.emballagedigest.fr\/le-salon-vs-pack-devoile-les-laureats-du-concours-spiripack\/#primaryimage\"},\"thumbnailUrl\":\"https:\/\/www.emballagedigest.fr\/wp-content\/uploads\/2023\/12\/spiripack1.jpg\",\"articleSection\":[\"Alimentaire\",\"Article entier\",\"Packaging\",\"Salon\"],\"inLanguage\":\"en-GB\"},{\"@type\":\"WebPage\",\"@id\":\"https:\/\/www.emballagedigest.fr\/le-salon-vs-pack-devoile-les-laureats-du-concours-spiripack\/\",\"url\":\"https:\/\/www.emballagedigest.fr\/le-salon-vs-pack-devoile-les-laureats-du-concours-spiripack\/\",\"name\":\"Le salon VS Pack d\u00e9voile les laur\u00e9ats du concours SpiriPack - Emballage Digest\",\"isPartOf\":{\"@id\":\"https:\/\/www.emballagedigest.fr\/#website\"},\"primaryImageOfPage\":{\"@id\":\"https:\/\/www.emballagedigest.fr\/le-salon-vs-pack-devoile-les-laureats-du-concours-spiripack\/#primaryimage\"},\"image\":{\"@id\":\"https:\/\/www.emballagedigest.fr\/le-salon-vs-pack-devoile-les-laureats-du-concours-spiripack\/#primaryimage\"},\"thumbnailUrl\":\"https:\/\/www.emballagedigest.fr\/wp-content\/uploads\/2023\/12\/spiripack1.jpg\",\"datePublished\":\"2023-12-10T23:26:52+00:00\",\"dateModified\":\"2023-12-10T23:26:54+00:00\",\"breadcrumb\":{\"@id\":\"https:\/\/www.emballagedigest.fr\/le-salon-vs-pack-devoile-les-laureats-du-concours-spiripack\/#breadcrumb\"},\"inLanguage\":\"en-GB\",\"potentialAction\":[{\"@type\":\"ReadAction\",\"target\":[\"https:\/\/www.emballagedigest.fr\/le-salon-vs-pack-devoile-les-laureats-du-concours-spiripack\/\"]}]},{\"@type\":\"ImageObject\",\"inLanguage\":\"en-GB\",\"@id\":\"https:\/\/www.emballagedigest.fr\/le-salon-vs-pack-devoile-les-laureats-du-concours-spiripack\/#primaryimage\",\"url\":\"https:\/\/www.emballagedigest.fr\/wp-content\/uploads\/2023\/12\/spiripack1.jpg\",\"contentUrl\":\"https:\/\/www.emballagedigest.fr\/wp-content\/uploads\/2023\/12\/spiripack1.jpg\",\"width\":800,\"height\":413},{\"@type\":\"BreadcrumbList\",\"@id\":\"https:\/\/www.emballagedigest.fr\/le-salon-vs-pack-devoile-les-laureats-du-concours-spiripack\/#breadcrumb\",\"itemListElement\":[{\"@type\":\"ListItem\",\"position\":1,\"name\":\"Accueil\",\"item\":\"https:\/\/www.emballagedigest.fr\/\"},{\"@type\":\"ListItem\",\"position\":2,\"name\":\"Le salon VS Pack d\u00e9voile les laur\u00e9ats du concours SpiriPack\"}]},{\"@type\":\"WebSite\",\"@id\":\"https:\/\/www.emballagedigest.fr\/#website\",\"url\":\"https:\/\/www.emballagedigest.fr\/\",\"name\":\"Emballage Digest\",\"description\":\"Revue professionnelle sur les emballages\",\"publisher\":{\"@id\":\"https:\/\/www.emballagedigest.fr\/#organization\"},\"potentialAction\":[{\"@type\":\"SearchAction\",\"target\":{\"@type\":\"EntryPoint\",\"urlTemplate\":\"https:\/\/www.emballagedigest.fr\/?s={search_term_string}\"},\"query-input\":{\"@type\":\"PropertyValueSpecification\",\"valueRequired\":true,\"valueName\":\"search_term_string\"}}],\"inLanguage\":\"en-GB\"},{\"@type\":\"Organization\",\"@id\":\"https:\/\/www.emballagedigest.fr\/#organization\",\"name\":\"Emballage Digest\",\"url\":\"https:\/\/www.emballagedigest.fr\/\",\"logo\":{\"@type\":\"ImageObject\",\"inLanguage\":\"en-GB\",\"@id\":\"https:\/\/www.emballagedigest.fr\/#\/schema\/logo\/image\/\",\"url\":\"https:\/\/www.emballagedigest.fr\/wp-content\/uploads\/2022\/07\/logo-ed.png\",\"contentUrl\":\"https:\/\/www.emballagedigest.fr\/wp-content\/uploads\/2022\/07\/logo-ed.png\",\"width\":379,\"height\":75,\"caption\":\"Emballage Digest\"},\"image\":{\"@id\":\"https:\/\/www.emballagedigest.fr\/#\/schema\/logo\/image\/\"}},{\"@type\":\"Person\",\"@id\":\"https:\/\/www.emballagedigest.fr\/#\/schema\/person\/76abe9f2b2ee4d3d520594c7a35da59f\",\"name\":\"Karine Duval\",\"image\":{\"@type\":\"ImageObject\",\"inLanguage\":\"en-GB\",\"@id\":\"https:\/\/www.emballagedigest.fr\/#\/schema\/person\/image\/\",\"url\":\"https:\/\/secure.gravatar.com\/avatar\/f552799261cdd2e076e6677d780ef07bdb13aa4c196ab75b39abcbcdcae2d4e5?s=96&d=mm&r=g\",\"contentUrl\":\"https:\/\/secure.gravatar.com\/avatar\/f552799261cdd2e076e6677d780ef07bdb13aa4c196ab75b39abcbcdcae2d4e5?s=96&d=mm&r=g\",\"caption\":\"Karine Duval\"},\"url\":\"https:\/\/www.emballagedigest.fr\/en\/author\/admin_karduv\/\"}]}<\/script>\n<!-- \/ Yoast SEO plugin. -->","yoast_head_json":{"title":"Le salon VS Pack d\u00e9voile les laur\u00e9ats du concours SpiriPack - Emballage Digest","robots":{"index":"index","follow":"follow","max-snippet":"max-snippet:-1","max-image-preview":"max-image-preview:large","max-video-preview":"max-video-preview:-1"},"canonical":"https:\/\/www.emballagedigest.fr\/en\/le-salon-vs-pack-devoile-les-laureats-du-concours-spiripack\/","og_locale":"en_GB","og_type":"article","og_title":"Le salon VS Pack d\u00e9voile les laur\u00e9ats du concours SpiriPack - Emballage Digest","og_description":"Sur les 38 dossiers de candidature re\u00e7us et soumis au jury du concours des SpiriPack organis\u00e9 par Atlanpack, quatre prix ont \u00e9t\u00e9 remis en marge du salon VS Pack \u00e0 Cognac la semaine derni\u00e8re. Retour les projets r\u00e9compens\u00e9s. Le SpiriPack d\u2019or (ci-dessus) a \u00e9t\u00e9 d\u00e9cern\u00e9 \u00e0 Mauco Cartex pour sa technologie d\u2019impression visible au toucher, [&hellip;]","og_url":"https:\/\/www.emballagedigest.fr\/en\/le-salon-vs-pack-devoile-les-laureats-du-concours-spiripack\/","og_site_name":"Emballage Digest","article_published_time":"2023-12-10T23:26:52+00:00","article_modified_time":"2023-12-10T23:26:54+00:00","og_image":[{"width":800,"height":413,"url":"https:\/\/www.emballagedigest.fr\/wp-content\/uploads\/2023\/12\/spiripack1.jpg","type":"image\/jpeg"}],"author":"Karine Duval","twitter_card":"summary_large_image","twitter_misc":{"Written by":"Karine Duval","Estimated reading time":"3 minutes"},"schema":{"@context":"https:\/\/schema.org","@graph":[{"@type":"Article","@id":"https:\/\/www.emballagedigest.fr\/le-salon-vs-pack-devoile-les-laureats-du-concours-spiripack\/#article","isPartOf":{"@id":"https:\/\/www.emballagedigest.fr\/le-salon-vs-pack-devoile-les-laureats-du-concours-spiripack\/"},"author":{"name":"Karine Duval","@id":"https:\/\/www.emballagedigest.fr\/#\/schema\/person\/76abe9f2b2ee4d3d520594c7a35da59f"},"headline":"Le salon VS Pack d\u00e9voile les laur\u00e9ats du concours SpiriPack","datePublished":"2023-12-10T23:26:52+00:00","dateModified":"2023-12-10T23:26:54+00:00","mainEntityOfPage":{"@id":"https:\/\/www.emballagedigest.fr\/le-salon-vs-pack-devoile-les-laureats-du-concours-spiripack\/"},"wordCount":430,"publisher":{"@id":"https:\/\/www.emballagedigest.fr\/#organization"},"image":{"@id":"https:\/\/www.emballagedigest.fr\/le-salon-vs-pack-devoile-les-laureats-du-concours-spiripack\/#primaryimage"},"thumbnailUrl":"https:\/\/www.emballagedigest.fr\/wp-content\/uploads\/2023\/12\/spiripack1.jpg","articleSection":["Alimentaire","Article entier","Packaging","Salon"],"inLanguage":"en-GB"},{"@type":"WebPage","@id":"https:\/\/www.emballagedigest.fr\/le-salon-vs-pack-devoile-les-laureats-du-concours-spiripack\/","url":"https:\/\/www.emballagedigest.fr\/le-salon-vs-pack-devoile-les-laureats-du-concours-spiripack\/","name":"Le salon VS Pack d\u00e9voile les laur\u00e9ats du concours SpiriPack - Emballage Digest","isPartOf":{"@id":"https:\/\/www.emballagedigest.fr\/#website"},"primaryImageOfPage":{"@id":"https:\/\/www.emballagedigest.fr\/le-salon-vs-pack-devoile-les-laureats-du-concours-spiripack\/#primaryimage"},"image":{"@id":"https:\/\/www.emballagedigest.fr\/le-salon-vs-pack-devoile-les-laureats-du-concours-spiripack\/#primaryimage"},"thumbnailUrl":"https:\/\/www.emballagedigest.fr\/wp-content\/uploads\/2023\/12\/spiripack1.jpg","datePublished":"2023-12-10T23:26:52+00:00","dateModified":"2023-12-10T23:26:54+00:00","breadcrumb":{"@id":"https:\/\/www.emballagedigest.fr\/le-salon-vs-pack-devoile-les-laureats-du-concours-spiripack\/#breadcrumb"},"inLanguage":"en-GB","potentialAction":[{"@type":"ReadAction","target":["https:\/\/www.emballagedigest.fr\/le-salon-vs-pack-devoile-les-laureats-du-concours-spiripack\/"]}]},{"@type":"ImageObject","inLanguage":"en-GB","@id":"https:\/\/www.emballagedigest.fr\/le-salon-vs-pack-devoile-les-laureats-du-concours-spiripack\/#primaryimage","url":"https:\/\/www.emballagedigest.fr\/wp-content\/uploads\/2023\/12\/spiripack1.jpg","contentUrl":"https:\/\/www.emballagedigest.fr\/wp-content\/uploads\/2023\/12\/spiripack1.jpg","width":800,"height":413},{"@type":"BreadcrumbList","@id":"https:\/\/www.emballagedigest.fr\/le-salon-vs-pack-devoile-les-laureats-du-concours-spiripack\/#breadcrumb","itemListElement":[{"@type":"ListItem","position":1,"name":"Accueil","item":"https:\/\/www.emballagedigest.fr\/"},{"@type":"ListItem","position":2,"name":"Le salon VS Pack d\u00e9voile les laur\u00e9ats du concours SpiriPack"}]},{"@type":"WebSite","@id":"https:\/\/www.emballagedigest.fr\/#website","url":"https:\/\/www.emballagedigest.fr\/","name":"Emballage Digest","description":"Revue professionnelle sur les emballages","publisher":{"@id":"https:\/\/www.emballagedigest.fr\/#organization"},"potentialAction":[{"@type":"SearchAction","target":{"@type":"EntryPoint","urlTemplate":"https:\/\/www.emballagedigest.fr\/?s={search_term_string}"},"query-input":{"@type":"PropertyValueSpecification","valueRequired":true,"valueName":"search_term_string"}}],"inLanguage":"en-GB"},{"@type":"Organization","@id":"https:\/\/www.emballagedigest.fr\/#organization","name":"Emballage Digest","url":"https:\/\/www.emballagedigest.fr\/","logo":{"@type":"ImageObject","inLanguage":"en-GB","@id":"https:\/\/www.emballagedigest.fr\/#\/schema\/logo\/image\/","url":"https:\/\/www.emballagedigest.fr\/wp-content\/uploads\/2022\/07\/logo-ed.png","contentUrl":"https:\/\/www.emballagedigest.fr\/wp-content\/uploads\/2022\/07\/logo-ed.png","width":379,"height":75,"caption":"Emballage Digest"},"image":{"@id":"https:\/\/www.emballagedigest.fr\/#\/schema\/logo\/image\/"}},{"@type":"Person","@id":"https:\/\/www.emballagedigest.fr\/#\/schema\/person\/76abe9f2b2ee4d3d520594c7a35da59f","name":"Karine Duval","image":{"@type":"ImageObject","inLanguage":"en-GB","@id":"https:\/\/www.emballagedigest.fr\/#\/schema\/person\/image\/","url":"https:\/\/secure.gravatar.com\/avatar\/f552799261cdd2e076e6677d780ef07bdb13aa4c196ab75b39abcbcdcae2d4e5?s=96&d=mm&r=g","contentUrl":"https:\/\/secure.gravatar.com\/avatar\/f552799261cdd2e076e6677d780ef07bdb13aa4c196ab75b39abcbcdcae2d4e5?s=96&d=mm&r=g","caption":"Karine Duval"},"url":"https:\/\/www.emballagedigest.fr\/en\/author\/admin_karduv\/"}]}},"_links":{"self":[{"href":"https:\/\/www.emballagedigest.fr\/en\/wp-json\/wp\/v2\/posts\/39307","targetHints":{"allow":["GET"]}}],"collection":[{"href":"https:\/\/www.emballagedigest.fr\/en\/wp-json\/wp\/v2\/posts"}],"about":[{"href":"https:\/\/www.emballagedigest.fr\/en\/wp-json\/wp\/v2\/types\/post"}],"author":[{"embeddable":true,"href":"https:\/\/www.emballagedigest.fr\/en\/wp-json\/wp\/v2\/users\/2"}],"replies":[{"embeddable":true,"href":"https:\/\/www.emballagedigest.fr\/en\/wp-json\/wp\/v2\/comments?post=39307"}],"version-history":[{"count":2,"href":"https:\/\/www.emballagedigest.fr\/en\/wp-json\/wp\/v2\/posts\/39307\/revisions"}],"predecessor-version":[{"id":39314,"href":"https:\/\/www.emballagedigest.fr\/en\/wp-json\/wp\/v2\/posts\/39307\/revisions\/39314"}],"wp:featuredmedia":[{"embeddable":true,"href":"https:\/\/www.emballagedigest.fr\/en\/wp-json\/wp\/v2\/media\/39308"}],"wp:attachment":[{"href":"https:\/\/www.emballagedigest.fr\/en\/wp-json\/wp\/v2\/media?parent=39307"}],"wp:term":[{"taxonomy":"category","embeddable":true,"href":"https:\/\/www.emballagedigest.fr\/en\/wp-json\/wp\/v2\/categories?post=39307"},{"taxonomy":"post_tag","embeddable":true,"href":"https:\/\/www.emballagedigest.fr\/en\/wp-json\/wp\/v2\/tags?post=39307"}],"curies":[{"name":"wp","href":"https:\/\/api.w.org\/{rel}","templated":true}]}}