{"id":39389,"date":"2023-12-18T09:22:29","date_gmt":"2023-12-18T08:22:29","guid":{"rendered":"https:\/\/www.emballagedigest.fr\/?p=39389"},"modified":"2023-12-19T01:05:50","modified_gmt":"2023-12-19T00:05:50","slug":"weber-renforce-la-proximite-avec-ses-clients","status":"publish","type":"post","link":"https:\/\/www.emballagedigest.fr\/en\/weber-renforce-la-proximite-avec-ses-clients\/","title":{"rendered":"Weber renforce la proximit\u00e9 avec ses clients"},"content":{"rendered":"<p><strong>Weber Maschinenbau poursuit sa croissance internationale avec l\u2019ouverture officielle de deux nouvelles filiales au 1er janvier 2024, la Weber Food Technology Schweiz en Suisse et la Weber Food Technology do Brasil au Br\u00e9sil. <\/strong><strong><\/strong><\/p>\n\n\n\n<p>Jusqu\u2019\u00e0 pr\u00e9sent, la vente des produits et services Weber sur ces march\u00e9s \u00e9tait confi\u00e9e \u00e0 des partenaires commerciaux. La cr\u00e9ation de ces deux nouvelles filiales permet \u00e0 Weber de servir ses clients directement sur place et d\u2019am\u00e9liorer l\u2019offre de services locale. \u00ab Le d\u00e9veloppement de nos structures et l\u2019interaction directe avec nos clients nous ont motiv\u00e9s \u00e0 p\u00e9n\u00e9trer directement ces march\u00e9s. Au cours des derni\u00e8res ann\u00e9es, nous sommes pass\u00e9s de constructeur de machines \u00e0 fournisseur de solutions de lignes compl\u00e8tes. Cela a radicalement chang\u00e9 notre approche des projets \u00bb, explique Daniel Frank, CSO Weber Maschinenbau. Pour r\u00e9pondre encore mieux aux exigences de nos clients, une coop\u00e9ration plus \u00e9troite et une gestion efficace des projets sont indispensables, et la proximit\u00e9 g\u00e9ographique avec nos clients en Suisse est un atout important \u00bb, ajoute Fabian Tommer, futur directeur de Weber Suisse.<\/p>\n\n\n\n<p>Il en est de m\u00eame pour la nouvelle filiale au Br\u00e9sil. L\u2019objectif principal est de soutenir plus rapidement, plus efficacement et de mani\u00e8re plus cibl\u00e9e les producteurs de produits alimentaires br\u00e9siliens gr\u00e2ce \u00e0 une \u00e9quipe Weber directement sur place. En outre, gr\u00e2ce \u00e0 ses r\u00e9formes l\u00e9gislatives actuelles en mati\u00e8re d\u2019aliments tranch\u00e9s et sa population importante, le Br\u00e9sil offre un grand potentiel de croissance. \u00ab Une pr\u00e9sence directe nous permet de r\u00e9agir plus rapidement aux besoins des clients, de mieux comprendre leurs exigences et de d\u00e9velopper des solutions personnalis\u00e9es \u00bb, souligne Douglas Elsenbach, directeur de Weber Br\u00e9sil.<\/p>\n\n\n\n<p>Les nouveaux sites Weber permettront en substance un service clients de meilleure qualit\u00e9 et plus complet : du service et de la r\u00e9alisation des projets \u00e0 la possibilit\u00e9 de recourir aux solutions logicielles et aux structures de support globales de Weber, sans oublier le service apr\u00e8s-vente. Pour assurer tous ces services, Weber mise dans les deux pays sur une \u00e9quipe solide et exp\u00e9riment\u00e9e et a, en outre, fait des besoins des clients une priorit\u00e9 avec l\u2019am\u00e9nagement de vastes surfaces de stockage et son propre showroom. Cela garantit non seulement une mise \u00e0 disposition rapide des pi\u00e8ces de rechange, mais permet aussi de r\u00e9aliser des d\u00e9monstrations sur place et d\u2019organiser des \u00e9v\u00e9nements pour les clients de la r\u00e9gion.<\/p>","protected":false},"excerpt":{"rendered":"<p>Weber Maschinenbau poursuit sa croissance internationale avec l\u2019ouverture officielle de deux nouvelles filiales au 1er janvier 2024, la Weber Food Technology Schweiz en Suisse et la Weber Food Technology do Brasil au Br\u00e9sil. Jusqu\u2019\u00e0 pr\u00e9sent, la vente des produits et services Weber sur ces march\u00e9s \u00e9tait confi\u00e9e \u00e0 des partenaires commerciaux. La cr\u00e9ation de ces [&hellip;]<\/p>","protected":false},"author":2,"featured_media":39397,"comment_status":"closed","ping_status":"closed","sticky":false,"template":"","format":"standard","meta":{"_acf_changed":false,"inline_featured_image":false,"iawp_total_views":1,"footnotes":""},"categories":[5,28,35],"tags":[],"class_list":["post-39389","post","type-post","status-publish","format-standard","has-post-thumbnail","hentry","category-alimentaire","category-article-entier","category-machines-fr"],"acf":[],"yoast_head":"<!-- This site is optimized with the Yoast SEO plugin v24.4 - https:\/\/yoast.com\/wordpress\/plugins\/seo\/ -->\n<title>Weber renforce la proximit\u00e9 avec ses clients - Emballage Digest<\/title>\n<meta name=\"robots\" content=\"index, follow, max-snippet:-1, max-image-preview:large, max-video-preview:-1\" \/>\n<link rel=\"canonical\" href=\"https:\/\/www.emballagedigest.fr\/en\/weber-renforce-la-proximite-avec-ses-clients\/\" \/>\n<meta property=\"og:locale\" content=\"en_GB\" \/>\n<meta property=\"og:type\" content=\"article\" \/>\n<meta property=\"og:title\" content=\"Weber renforce la proximit\u00e9 avec ses clients - Emballage Digest\" \/>\n<meta property=\"og:description\" content=\"Weber Maschinenbau poursuit sa croissance internationale avec l\u2019ouverture officielle de deux nouvelles filiales au 1er janvier 2024, la Weber Food Technology Schweiz en Suisse et la Weber Food Technology do Brasil au Br\u00e9sil. Jusqu\u2019\u00e0 pr\u00e9sent, la vente des produits et services Weber sur ces march\u00e9s \u00e9tait confi\u00e9e \u00e0 des partenaires commerciaux. La cr\u00e9ation de ces [&hellip;]\" \/>\n<meta property=\"og:url\" content=\"https:\/\/www.emballagedigest.fr\/en\/weber-renforce-la-proximite-avec-ses-clients\/\" \/>\n<meta property=\"og:site_name\" content=\"Emballage Digest\" \/>\n<meta property=\"article:published_time\" content=\"2023-12-18T08:22:29+00:00\" \/>\n<meta property=\"article:modified_time\" content=\"2023-12-19T00:05:50+00:00\" \/>\n<meta property=\"og:image\" content=\"https:\/\/www.emballagedigest.fr\/wp-content\/uploads\/2023\/12\/Weber2.jpg\" \/>\n\t<meta property=\"og:image:width\" content=\"800\" \/>\n\t<meta property=\"og:image:height\" content=\"500\" \/>\n\t<meta property=\"og:image:type\" content=\"image\/jpeg\" \/>\n<meta name=\"author\" content=\"Karine Duval\" \/>\n<meta name=\"twitter:card\" content=\"summary_large_image\" \/>\n<meta name=\"twitter:label1\" content=\"Written by\" \/>\n\t<meta name=\"twitter:data1\" content=\"Karine Duval\" \/>\n\t<meta name=\"twitter:label2\" content=\"Estimated reading time\" \/>\n\t<meta name=\"twitter:data2\" content=\"2 minutes\" \/>\n<script type=\"application\/ld+json\" class=\"yoast-schema-graph\">{\"@context\":\"https:\/\/schema.org\",\"@graph\":[{\"@type\":\"Article\",\"@id\":\"https:\/\/www.emballagedigest.fr\/weber-renforce-la-proximite-avec-ses-clients\/#article\",\"isPartOf\":{\"@id\":\"https:\/\/www.emballagedigest.fr\/weber-renforce-la-proximite-avec-ses-clients\/\"},\"author\":{\"name\":\"Karine Duval\",\"@id\":\"https:\/\/www.emballagedigest.fr\/#\/schema\/person\/76abe9f2b2ee4d3d520594c7a35da59f\"},\"headline\":\"Weber renforce la proximit\u00e9 avec ses clients\",\"datePublished\":\"2023-12-18T08:22:29+00:00\",\"dateModified\":\"2023-12-19T00:05:50+00:00\",\"mainEntityOfPage\":{\"@id\":\"https:\/\/www.emballagedigest.fr\/weber-renforce-la-proximite-avec-ses-clients\/\"},\"wordCount\":429,\"publisher\":{\"@id\":\"https:\/\/www.emballagedigest.fr\/#organization\"},\"image\":{\"@id\":\"https:\/\/www.emballagedigest.fr\/weber-renforce-la-proximite-avec-ses-clients\/#primaryimage\"},\"thumbnailUrl\":\"https:\/\/www.emballagedigest.fr\/wp-content\/uploads\/2023\/12\/Weber2.jpg\",\"articleSection\":[\"Alimentaire\",\"Article entier\",\"Machines\"],\"inLanguage\":\"en-GB\"},{\"@type\":\"WebPage\",\"@id\":\"https:\/\/www.emballagedigest.fr\/weber-renforce-la-proximite-avec-ses-clients\/\",\"url\":\"https:\/\/www.emballagedigest.fr\/weber-renforce-la-proximite-avec-ses-clients\/\",\"name\":\"Weber renforce la proximit\u00e9 avec ses clients - Emballage Digest\",\"isPartOf\":{\"@id\":\"https:\/\/www.emballagedigest.fr\/#website\"},\"primaryImageOfPage\":{\"@id\":\"https:\/\/www.emballagedigest.fr\/weber-renforce-la-proximite-avec-ses-clients\/#primaryimage\"},\"image\":{\"@id\":\"https:\/\/www.emballagedigest.fr\/weber-renforce-la-proximite-avec-ses-clients\/#primaryimage\"},\"thumbnailUrl\":\"https:\/\/www.emballagedigest.fr\/wp-content\/uploads\/2023\/12\/Weber2.jpg\",\"datePublished\":\"2023-12-18T08:22:29+00:00\",\"dateModified\":\"2023-12-19T00:05:50+00:00\",\"breadcrumb\":{\"@id\":\"https:\/\/www.emballagedigest.fr\/weber-renforce-la-proximite-avec-ses-clients\/#breadcrumb\"},\"inLanguage\":\"en-GB\",\"potentialAction\":[{\"@type\":\"ReadAction\",\"target\":[\"https:\/\/www.emballagedigest.fr\/weber-renforce-la-proximite-avec-ses-clients\/\"]}]},{\"@type\":\"ImageObject\",\"inLanguage\":\"en-GB\",\"@id\":\"https:\/\/www.emballagedigest.fr\/weber-renforce-la-proximite-avec-ses-clients\/#primaryimage\",\"url\":\"https:\/\/www.emballagedigest.fr\/wp-content\/uploads\/2023\/12\/Weber2.jpg\",\"contentUrl\":\"https:\/\/www.emballagedigest.fr\/wp-content\/uploads\/2023\/12\/Weber2.jpg\",\"width\":800,\"height\":500},{\"@type\":\"BreadcrumbList\",\"@id\":\"https:\/\/www.emballagedigest.fr\/weber-renforce-la-proximite-avec-ses-clients\/#breadcrumb\",\"itemListElement\":[{\"@type\":\"ListItem\",\"position\":1,\"name\":\"Accueil\",\"item\":\"https:\/\/www.emballagedigest.fr\/\"},{\"@type\":\"ListItem\",\"position\":2,\"name\":\"Weber renforce la proximit\u00e9 avec ses clients\"}]},{\"@type\":\"WebSite\",\"@id\":\"https:\/\/www.emballagedigest.fr\/#website\",\"url\":\"https:\/\/www.emballagedigest.fr\/\",\"name\":\"Emballage Digest\",\"description\":\"Revue professionnelle sur les emballages\",\"publisher\":{\"@id\":\"https:\/\/www.emballagedigest.fr\/#organization\"},\"potentialAction\":[{\"@type\":\"SearchAction\",\"target\":{\"@type\":\"EntryPoint\",\"urlTemplate\":\"https:\/\/www.emballagedigest.fr\/?s={search_term_string}\"},\"query-input\":{\"@type\":\"PropertyValueSpecification\",\"valueRequired\":true,\"valueName\":\"search_term_string\"}}],\"inLanguage\":\"en-GB\"},{\"@type\":\"Organization\",\"@id\":\"https:\/\/www.emballagedigest.fr\/#organization\",\"name\":\"Emballage Digest\",\"url\":\"https:\/\/www.emballagedigest.fr\/\",\"logo\":{\"@type\":\"ImageObject\",\"inLanguage\":\"en-GB\",\"@id\":\"https:\/\/www.emballagedigest.fr\/#\/schema\/logo\/image\/\",\"url\":\"https:\/\/www.emballagedigest.fr\/wp-content\/uploads\/2022\/07\/logo-ed.png\",\"contentUrl\":\"https:\/\/www.emballagedigest.fr\/wp-content\/uploads\/2022\/07\/logo-ed.png\",\"width\":379,\"height\":75,\"caption\":\"Emballage Digest\"},\"image\":{\"@id\":\"https:\/\/www.emballagedigest.fr\/#\/schema\/logo\/image\/\"}},{\"@type\":\"Person\",\"@id\":\"https:\/\/www.emballagedigest.fr\/#\/schema\/person\/76abe9f2b2ee4d3d520594c7a35da59f\",\"name\":\"Karine Duval\",\"image\":{\"@type\":\"ImageObject\",\"inLanguage\":\"en-GB\",\"@id\":\"https:\/\/www.emballagedigest.fr\/#\/schema\/person\/image\/\",\"url\":\"https:\/\/secure.gravatar.com\/avatar\/f552799261cdd2e076e6677d780ef07bdb13aa4c196ab75b39abcbcdcae2d4e5?s=96&d=mm&r=g\",\"contentUrl\":\"https:\/\/secure.gravatar.com\/avatar\/f552799261cdd2e076e6677d780ef07bdb13aa4c196ab75b39abcbcdcae2d4e5?s=96&d=mm&r=g\",\"caption\":\"Karine Duval\"},\"url\":\"https:\/\/www.emballagedigest.fr\/en\/author\/admin_karduv\/\"}]}<\/script>\n<!-- \/ Yoast SEO plugin. -->","yoast_head_json":{"title":"Weber renforce la proximit\u00e9 avec ses clients - Emballage Digest","robots":{"index":"index","follow":"follow","max-snippet":"max-snippet:-1","max-image-preview":"max-image-preview:large","max-video-preview":"max-video-preview:-1"},"canonical":"https:\/\/www.emballagedigest.fr\/en\/weber-renforce-la-proximite-avec-ses-clients\/","og_locale":"en_GB","og_type":"article","og_title":"Weber renforce la proximit\u00e9 avec ses clients - Emballage Digest","og_description":"Weber Maschinenbau poursuit sa croissance internationale avec l\u2019ouverture officielle de deux nouvelles filiales au 1er janvier 2024, la Weber Food Technology Schweiz en Suisse et la Weber Food Technology do Brasil au Br\u00e9sil. Jusqu\u2019\u00e0 pr\u00e9sent, la vente des produits et services Weber sur ces march\u00e9s \u00e9tait confi\u00e9e \u00e0 des partenaires commerciaux. La cr\u00e9ation de ces [&hellip;]","og_url":"https:\/\/www.emballagedigest.fr\/en\/weber-renforce-la-proximite-avec-ses-clients\/","og_site_name":"Emballage Digest","article_published_time":"2023-12-18T08:22:29+00:00","article_modified_time":"2023-12-19T00:05:50+00:00","og_image":[{"width":800,"height":500,"url":"https:\/\/www.emballagedigest.fr\/wp-content\/uploads\/2023\/12\/Weber2.jpg","type":"image\/jpeg"}],"author":"Karine Duval","twitter_card":"summary_large_image","twitter_misc":{"Written by":"Karine Duval","Estimated reading time":"2 minutes"},"schema":{"@context":"https:\/\/schema.org","@graph":[{"@type":"Article","@id":"https:\/\/www.emballagedigest.fr\/weber-renforce-la-proximite-avec-ses-clients\/#article","isPartOf":{"@id":"https:\/\/www.emballagedigest.fr\/weber-renforce-la-proximite-avec-ses-clients\/"},"author":{"name":"Karine Duval","@id":"https:\/\/www.emballagedigest.fr\/#\/schema\/person\/76abe9f2b2ee4d3d520594c7a35da59f"},"headline":"Weber renforce la proximit\u00e9 avec ses clients","datePublished":"2023-12-18T08:22:29+00:00","dateModified":"2023-12-19T00:05:50+00:00","mainEntityOfPage":{"@id":"https:\/\/www.emballagedigest.fr\/weber-renforce-la-proximite-avec-ses-clients\/"},"wordCount":429,"publisher":{"@id":"https:\/\/www.emballagedigest.fr\/#organization"},"image":{"@id":"https:\/\/www.emballagedigest.fr\/weber-renforce-la-proximite-avec-ses-clients\/#primaryimage"},"thumbnailUrl":"https:\/\/www.emballagedigest.fr\/wp-content\/uploads\/2023\/12\/Weber2.jpg","articleSection":["Alimentaire","Article entier","Machines"],"inLanguage":"en-GB"},{"@type":"WebPage","@id":"https:\/\/www.emballagedigest.fr\/weber-renforce-la-proximite-avec-ses-clients\/","url":"https:\/\/www.emballagedigest.fr\/weber-renforce-la-proximite-avec-ses-clients\/","name":"Weber renforce la proximit\u00e9 avec ses clients - Emballage Digest","isPartOf":{"@id":"https:\/\/www.emballagedigest.fr\/#website"},"primaryImageOfPage":{"@id":"https:\/\/www.emballagedigest.fr\/weber-renforce-la-proximite-avec-ses-clients\/#primaryimage"},"image":{"@id":"https:\/\/www.emballagedigest.fr\/weber-renforce-la-proximite-avec-ses-clients\/#primaryimage"},"thumbnailUrl":"https:\/\/www.emballagedigest.fr\/wp-content\/uploads\/2023\/12\/Weber2.jpg","datePublished":"2023-12-18T08:22:29+00:00","dateModified":"2023-12-19T00:05:50+00:00","breadcrumb":{"@id":"https:\/\/www.emballagedigest.fr\/weber-renforce-la-proximite-avec-ses-clients\/#breadcrumb"},"inLanguage":"en-GB","potentialAction":[{"@type":"ReadAction","target":["https:\/\/www.emballagedigest.fr\/weber-renforce-la-proximite-avec-ses-clients\/"]}]},{"@type":"ImageObject","inLanguage":"en-GB","@id":"https:\/\/www.emballagedigest.fr\/weber-renforce-la-proximite-avec-ses-clients\/#primaryimage","url":"https:\/\/www.emballagedigest.fr\/wp-content\/uploads\/2023\/12\/Weber2.jpg","contentUrl":"https:\/\/www.emballagedigest.fr\/wp-content\/uploads\/2023\/12\/Weber2.jpg","width":800,"height":500},{"@type":"BreadcrumbList","@id":"https:\/\/www.emballagedigest.fr\/weber-renforce-la-proximite-avec-ses-clients\/#breadcrumb","itemListElement":[{"@type":"ListItem","position":1,"name":"Accueil","item":"https:\/\/www.emballagedigest.fr\/"},{"@type":"ListItem","position":2,"name":"Weber renforce la proximit\u00e9 avec ses clients"}]},{"@type":"WebSite","@id":"https:\/\/www.emballagedigest.fr\/#website","url":"https:\/\/www.emballagedigest.fr\/","name":"Emballage Digest","description":"Revue professionnelle sur les emballages","publisher":{"@id":"https:\/\/www.emballagedigest.fr\/#organization"},"potentialAction":[{"@type":"SearchAction","target":{"@type":"EntryPoint","urlTemplate":"https:\/\/www.emballagedigest.fr\/?s={search_term_string}"},"query-input":{"@type":"PropertyValueSpecification","valueRequired":true,"valueName":"search_term_string"}}],"inLanguage":"en-GB"},{"@type":"Organization","@id":"https:\/\/www.emballagedigest.fr\/#organization","name":"Emballage Digest","url":"https:\/\/www.emballagedigest.fr\/","logo":{"@type":"ImageObject","inLanguage":"en-GB","@id":"https:\/\/www.emballagedigest.fr\/#\/schema\/logo\/image\/","url":"https:\/\/www.emballagedigest.fr\/wp-content\/uploads\/2022\/07\/logo-ed.png","contentUrl":"https:\/\/www.emballagedigest.fr\/wp-content\/uploads\/2022\/07\/logo-ed.png","width":379,"height":75,"caption":"Emballage Digest"},"image":{"@id":"https:\/\/www.emballagedigest.fr\/#\/schema\/logo\/image\/"}},{"@type":"Person","@id":"https:\/\/www.emballagedigest.fr\/#\/schema\/person\/76abe9f2b2ee4d3d520594c7a35da59f","name":"Karine Duval","image":{"@type":"ImageObject","inLanguage":"en-GB","@id":"https:\/\/www.emballagedigest.fr\/#\/schema\/person\/image\/","url":"https:\/\/secure.gravatar.com\/avatar\/f552799261cdd2e076e6677d780ef07bdb13aa4c196ab75b39abcbcdcae2d4e5?s=96&d=mm&r=g","contentUrl":"https:\/\/secure.gravatar.com\/avatar\/f552799261cdd2e076e6677d780ef07bdb13aa4c196ab75b39abcbcdcae2d4e5?s=96&d=mm&r=g","caption":"Karine Duval"},"url":"https:\/\/www.emballagedigest.fr\/en\/author\/admin_karduv\/"}]}},"_links":{"self":[{"href":"https:\/\/www.emballagedigest.fr\/en\/wp-json\/wp\/v2\/posts\/39389","targetHints":{"allow":["GET"]}}],"collection":[{"href":"https:\/\/www.emballagedigest.fr\/en\/wp-json\/wp\/v2\/posts"}],"about":[{"href":"https:\/\/www.emballagedigest.fr\/en\/wp-json\/wp\/v2\/types\/post"}],"author":[{"embeddable":true,"href":"https:\/\/www.emballagedigest.fr\/en\/wp-json\/wp\/v2\/users\/2"}],"replies":[{"embeddable":true,"href":"https:\/\/www.emballagedigest.fr\/en\/wp-json\/wp\/v2\/comments?post=39389"}],"version-history":[{"count":1,"href":"https:\/\/www.emballagedigest.fr\/en\/wp-json\/wp\/v2\/posts\/39389\/revisions"}],"predecessor-version":[{"id":39391,"href":"https:\/\/www.emballagedigest.fr\/en\/wp-json\/wp\/v2\/posts\/39389\/revisions\/39391"}],"wp:featuredmedia":[{"embeddable":true,"href":"https:\/\/www.emballagedigest.fr\/en\/wp-json\/wp\/v2\/media\/39397"}],"wp:attachment":[{"href":"https:\/\/www.emballagedigest.fr\/en\/wp-json\/wp\/v2\/media?parent=39389"}],"wp:term":[{"taxonomy":"category","embeddable":true,"href":"https:\/\/www.emballagedigest.fr\/en\/wp-json\/wp\/v2\/categories?post=39389"},{"taxonomy":"post_tag","embeddable":true,"href":"https:\/\/www.emballagedigest.fr\/en\/wp-json\/wp\/v2\/tags?post=39389"}],"curies":[{"name":"wp","href":"https:\/\/api.w.org\/{rel}","templated":true}]}}