{"id":39458,"date":"2024-01-04T00:32:50","date_gmt":"2024-01-03T23:32:50","guid":{"rendered":"https:\/\/www.emballagedigest.fr\/?p=39458"},"modified":"2024-01-05T00:11:04","modified_gmt":"2024-01-04T23:11:04","slug":"le-cne-invite-a-voter-pour-les-laureats-de-son-concours-emballe-5-0","status":"publish","type":"post","link":"https:\/\/www.emballagedigest.fr\/en\/le-cne-invite-a-voter-pour-les-laureats-de-son-concours-emballe-5-0\/","title":{"rendered":"Le CNE invite \u00e0 voter pour les laur\u00e9ats de son concours Emball\u00e9 5.0"},"content":{"rendered":"<p><strong>Le jeudi 8 f\u00e9vrier prochain, la fili\u00e8re emballage est invit\u00e9e \u00e0 d\u00e9couvrir les pitchs des six nomin\u00e9s de la nouvelle \u00e9dition du concours Emball\u00e9 5.0 et voter pour les trois laur\u00e9ats. Le rendez-vous aura lieu \u00e0 l\u2019INJS de Paris.<\/strong><strong><\/strong><\/p>\n\n\n\n<p>Ce concours, ouvert aux \u00e9tudiants post-bac, est l\u2019occasion pour la nouvelle g\u00e9n\u00e9ration de proposer une vision futuriste de l\u2019emballage selon les trois th\u00e8mes suivants :<\/p>\n\n\n\n<p><strong>\u2022 La recharge : <\/strong>dans le cadre du r\u00e9emploi des emballages (obligation r\u00e9glementaire), l\u2019Ademe et son Observatoire du r\u00e9emploi ont pos\u00e9 les contours de l\u2019usage d\u2019une recharge. Le CNE a d\u2019ailleurs travaill\u00e9 sur la d\u00e9finition de la recharge. Les \u00e9tudiants proposeront des id\u00e9es de recharge, quel que soit le march\u00e9 de produits investigu\u00e9s.<\/p>\n\n\n\n<p><strong>\u2022 Les g\u00e9n\u00e9rateurs d\u2019a\u00e9rosol : <\/strong>chaque foyer fran\u00e7ais utilise entre 15 et 30 produits sous forme d\u2019a\u00e9rosols quel que soit le produit (pharmacie, cosm\u00e9tique, alimentation, bricolage, entretien, etc.), les candidats partageront des solutions innovantes de g\u00e9n\u00e9rateurs d\u2019a\u00e9rosols pour un moindre impact environnemental, quel que soit le march\u00e9 de produits.<\/p>\n\n\n\n<p><strong>\u2022 La pr\u00e9vention par r\u00e9duction \u00e0 la source en volume :<\/strong> la directive europ\u00e9enne 94\/62 et le Code de l\u2019environnement demandent une optimisation des emballages (primaire, secondaire, tertiaire) en poids ou en volume. Les \u00e9tudiants d\u00e9voileront des solutions pour r\u00e9duire le vide des emballages des colis e-commerce (pour rappel, le futur r\u00e8glement europ\u00e9en PPWR consid\u00e8re les \u00e9l\u00e9ments de calage comme du vide).<\/p>","protected":false},"excerpt":{"rendered":"<p>Le jeudi 8 f\u00e9vrier prochain, la fili\u00e8re emballage est invit\u00e9e \u00e0 d\u00e9couvrir les pitchs des six nomin\u00e9s de la nouvelle \u00e9dition du concours Emball\u00e9 5.0 et voter pour les trois laur\u00e9ats. Le rendez-vous aura lieu \u00e0 l\u2019INJS de Paris. Ce concours, ouvert aux \u00e9tudiants post-bac, est l\u2019occasion pour la nouvelle g\u00e9n\u00e9ration de proposer une vision [&hellip;]<\/p>","protected":false},"author":2,"featured_media":39459,"comment_status":"closed","ping_status":"closed","sticky":false,"template":"","format":"standard","meta":{"_acf_changed":false,"inline_featured_image":false,"iawp_total_views":0,"footnotes":""},"categories":[28,10,81],"tags":[],"class_list":["post-39458","post","type-post","status-publish","format-standard","has-post-thumbnail","hentry","category-article-entier","category-materiaux","category-packaging"],"acf":[],"yoast_head":"<!-- This site is optimized with the Yoast SEO plugin v24.4 - https:\/\/yoast.com\/wordpress\/plugins\/seo\/ -->\n<title>Le CNE invite \u00e0 voter pour les laur\u00e9ats de son concours Emball\u00e9 5.0 - Emballage Digest<\/title>\n<meta name=\"robots\" content=\"index, follow, max-snippet:-1, max-image-preview:large, max-video-preview:-1\" \/>\n<link rel=\"canonical\" href=\"https:\/\/www.emballagedigest.fr\/en\/le-cne-invite-a-voter-pour-les-laureats-de-son-concours-emballe-5-0\/\" \/>\n<meta property=\"og:locale\" content=\"en_GB\" \/>\n<meta property=\"og:type\" content=\"article\" \/>\n<meta property=\"og:title\" content=\"Le CNE invite \u00e0 voter pour les laur\u00e9ats de son concours Emball\u00e9 5.0 - Emballage Digest\" \/>\n<meta property=\"og:description\" content=\"Le jeudi 8 f\u00e9vrier prochain, la fili\u00e8re emballage est invit\u00e9e \u00e0 d\u00e9couvrir les pitchs des six nomin\u00e9s de la nouvelle \u00e9dition du concours Emball\u00e9 5.0 et voter pour les trois laur\u00e9ats. Le rendez-vous aura lieu \u00e0 l\u2019INJS de Paris. Ce concours, ouvert aux \u00e9tudiants post-bac, est l\u2019occasion pour la nouvelle g\u00e9n\u00e9ration de proposer une vision [&hellip;]\" \/>\n<meta property=\"og:url\" content=\"https:\/\/www.emballagedigest.fr\/en\/le-cne-invite-a-voter-pour-les-laureats-de-son-concours-emballe-5-0\/\" \/>\n<meta property=\"og:site_name\" content=\"Emballage Digest\" \/>\n<meta property=\"article:published_time\" content=\"2024-01-03T23:32:50+00:00\" \/>\n<meta property=\"article:modified_time\" content=\"2024-01-04T23:11:04+00:00\" \/>\n<meta property=\"og:image\" content=\"https:\/\/www.emballagedigest.fr\/wp-content\/uploads\/2024\/01\/CNE.jpg\" \/>\n\t<meta property=\"og:image:width\" content=\"800\" \/>\n\t<meta property=\"og:image:height\" content=\"600\" \/>\n\t<meta property=\"og:image:type\" content=\"image\/jpeg\" \/>\n<meta name=\"author\" content=\"Karine Duval\" \/>\n<meta name=\"twitter:card\" content=\"summary_large_image\" \/>\n<meta name=\"twitter:label1\" content=\"Written by\" \/>\n\t<meta name=\"twitter:data1\" content=\"Karine Duval\" \/>\n\t<meta name=\"twitter:label2\" content=\"Estimated reading time\" \/>\n\t<meta name=\"twitter:data2\" content=\"2 minutes\" \/>\n<script type=\"application\/ld+json\" class=\"yoast-schema-graph\">{\"@context\":\"https:\/\/schema.org\",\"@graph\":[{\"@type\":\"Article\",\"@id\":\"https:\/\/www.emballagedigest.fr\/le-cne-invite-a-voter-pour-les-laureats-de-son-concours-emballe-5-0\/#article\",\"isPartOf\":{\"@id\":\"https:\/\/www.emballagedigest.fr\/le-cne-invite-a-voter-pour-les-laureats-de-son-concours-emballe-5-0\/\"},\"author\":{\"name\":\"Karine Duval\",\"@id\":\"https:\/\/www.emballagedigest.fr\/#\/schema\/person\/76abe9f2b2ee4d3d520594c7a35da59f\"},\"headline\":\"Le CNE invite \u00e0 voter pour les laur\u00e9ats de son concours Emball\u00e9 5.0\",\"datePublished\":\"2024-01-03T23:32:50+00:00\",\"dateModified\":\"2024-01-04T23:11:04+00:00\",\"mainEntityOfPage\":{\"@id\":\"https:\/\/www.emballagedigest.fr\/le-cne-invite-a-voter-pour-les-laureats-de-son-concours-emballe-5-0\/\"},\"wordCount\":269,\"publisher\":{\"@id\":\"https:\/\/www.emballagedigest.fr\/#organization\"},\"image\":{\"@id\":\"https:\/\/www.emballagedigest.fr\/le-cne-invite-a-voter-pour-les-laureats-de-son-concours-emballe-5-0\/#primaryimage\"},\"thumbnailUrl\":\"https:\/\/www.emballagedigest.fr\/wp-content\/uploads\/2024\/01\/CNE.jpg\",\"articleSection\":[\"Article entier\",\"Mat\u00e9riaux\",\"Packaging\"],\"inLanguage\":\"en-GB\"},{\"@type\":\"WebPage\",\"@id\":\"https:\/\/www.emballagedigest.fr\/le-cne-invite-a-voter-pour-les-laureats-de-son-concours-emballe-5-0\/\",\"url\":\"https:\/\/www.emballagedigest.fr\/le-cne-invite-a-voter-pour-les-laureats-de-son-concours-emballe-5-0\/\",\"name\":\"Le CNE invite \u00e0 voter pour les laur\u00e9ats de son concours Emball\u00e9 5.0 - Emballage Digest\",\"isPartOf\":{\"@id\":\"https:\/\/www.emballagedigest.fr\/#website\"},\"primaryImageOfPage\":{\"@id\":\"https:\/\/www.emballagedigest.fr\/le-cne-invite-a-voter-pour-les-laureats-de-son-concours-emballe-5-0\/#primaryimage\"},\"image\":{\"@id\":\"https:\/\/www.emballagedigest.fr\/le-cne-invite-a-voter-pour-les-laureats-de-son-concours-emballe-5-0\/#primaryimage\"},\"thumbnailUrl\":\"https:\/\/www.emballagedigest.fr\/wp-content\/uploads\/2024\/01\/CNE.jpg\",\"datePublished\":\"2024-01-03T23:32:50+00:00\",\"dateModified\":\"2024-01-04T23:11:04+00:00\",\"breadcrumb\":{\"@id\":\"https:\/\/www.emballagedigest.fr\/le-cne-invite-a-voter-pour-les-laureats-de-son-concours-emballe-5-0\/#breadcrumb\"},\"inLanguage\":\"en-GB\",\"potentialAction\":[{\"@type\":\"ReadAction\",\"target\":[\"https:\/\/www.emballagedigest.fr\/le-cne-invite-a-voter-pour-les-laureats-de-son-concours-emballe-5-0\/\"]}]},{\"@type\":\"ImageObject\",\"inLanguage\":\"en-GB\",\"@id\":\"https:\/\/www.emballagedigest.fr\/le-cne-invite-a-voter-pour-les-laureats-de-son-concours-emballe-5-0\/#primaryimage\",\"url\":\"https:\/\/www.emballagedigest.fr\/wp-content\/uploads\/2024\/01\/CNE.jpg\",\"contentUrl\":\"https:\/\/www.emballagedigest.fr\/wp-content\/uploads\/2024\/01\/CNE.jpg\",\"width\":800,\"height\":600},{\"@type\":\"BreadcrumbList\",\"@id\":\"https:\/\/www.emballagedigest.fr\/le-cne-invite-a-voter-pour-les-laureats-de-son-concours-emballe-5-0\/#breadcrumb\",\"itemListElement\":[{\"@type\":\"ListItem\",\"position\":1,\"name\":\"Accueil\",\"item\":\"https:\/\/www.emballagedigest.fr\/\"},{\"@type\":\"ListItem\",\"position\":2,\"name\":\"Le CNE invite \u00e0 voter pour les laur\u00e9ats de son concours Emball\u00e9 5.0\"}]},{\"@type\":\"WebSite\",\"@id\":\"https:\/\/www.emballagedigest.fr\/#website\",\"url\":\"https:\/\/www.emballagedigest.fr\/\",\"name\":\"Emballage Digest\",\"description\":\"Revue professionnelle sur les emballages\",\"publisher\":{\"@id\":\"https:\/\/www.emballagedigest.fr\/#organization\"},\"potentialAction\":[{\"@type\":\"SearchAction\",\"target\":{\"@type\":\"EntryPoint\",\"urlTemplate\":\"https:\/\/www.emballagedigest.fr\/?s={search_term_string}\"},\"query-input\":{\"@type\":\"PropertyValueSpecification\",\"valueRequired\":true,\"valueName\":\"search_term_string\"}}],\"inLanguage\":\"en-GB\"},{\"@type\":\"Organization\",\"@id\":\"https:\/\/www.emballagedigest.fr\/#organization\",\"name\":\"Emballage Digest\",\"url\":\"https:\/\/www.emballagedigest.fr\/\",\"logo\":{\"@type\":\"ImageObject\",\"inLanguage\":\"en-GB\",\"@id\":\"https:\/\/www.emballagedigest.fr\/#\/schema\/logo\/image\/\",\"url\":\"https:\/\/www.emballagedigest.fr\/wp-content\/uploads\/2022\/07\/logo-ed.png\",\"contentUrl\":\"https:\/\/www.emballagedigest.fr\/wp-content\/uploads\/2022\/07\/logo-ed.png\",\"width\":379,\"height\":75,\"caption\":\"Emballage Digest\"},\"image\":{\"@id\":\"https:\/\/www.emballagedigest.fr\/#\/schema\/logo\/image\/\"}},{\"@type\":\"Person\",\"@id\":\"https:\/\/www.emballagedigest.fr\/#\/schema\/person\/76abe9f2b2ee4d3d520594c7a35da59f\",\"name\":\"Karine Duval\",\"image\":{\"@type\":\"ImageObject\",\"inLanguage\":\"en-GB\",\"@id\":\"https:\/\/www.emballagedigest.fr\/#\/schema\/person\/image\/\",\"url\":\"https:\/\/secure.gravatar.com\/avatar\/f552799261cdd2e076e6677d780ef07bdb13aa4c196ab75b39abcbcdcae2d4e5?s=96&d=mm&r=g\",\"contentUrl\":\"https:\/\/secure.gravatar.com\/avatar\/f552799261cdd2e076e6677d780ef07bdb13aa4c196ab75b39abcbcdcae2d4e5?s=96&d=mm&r=g\",\"caption\":\"Karine Duval\"},\"url\":\"https:\/\/www.emballagedigest.fr\/en\/author\/admin_karduv\/\"}]}<\/script>\n<!-- \/ Yoast SEO plugin. -->","yoast_head_json":{"title":"Le CNE invite \u00e0 voter pour les laur\u00e9ats de son concours Emball\u00e9 5.0 - Emballage Digest","robots":{"index":"index","follow":"follow","max-snippet":"max-snippet:-1","max-image-preview":"max-image-preview:large","max-video-preview":"max-video-preview:-1"},"canonical":"https:\/\/www.emballagedigest.fr\/en\/le-cne-invite-a-voter-pour-les-laureats-de-son-concours-emballe-5-0\/","og_locale":"en_GB","og_type":"article","og_title":"Le CNE invite \u00e0 voter pour les laur\u00e9ats de son concours Emball\u00e9 5.0 - Emballage Digest","og_description":"Le jeudi 8 f\u00e9vrier prochain, la fili\u00e8re emballage est invit\u00e9e \u00e0 d\u00e9couvrir les pitchs des six nomin\u00e9s de la nouvelle \u00e9dition du concours Emball\u00e9 5.0 et voter pour les trois laur\u00e9ats. Le rendez-vous aura lieu \u00e0 l\u2019INJS de Paris. Ce concours, ouvert aux \u00e9tudiants post-bac, est l\u2019occasion pour la nouvelle g\u00e9n\u00e9ration de proposer une vision [&hellip;]","og_url":"https:\/\/www.emballagedigest.fr\/en\/le-cne-invite-a-voter-pour-les-laureats-de-son-concours-emballe-5-0\/","og_site_name":"Emballage Digest","article_published_time":"2024-01-03T23:32:50+00:00","article_modified_time":"2024-01-04T23:11:04+00:00","og_image":[{"width":800,"height":600,"url":"https:\/\/www.emballagedigest.fr\/wp-content\/uploads\/2024\/01\/CNE.jpg","type":"image\/jpeg"}],"author":"Karine Duval","twitter_card":"summary_large_image","twitter_misc":{"Written by":"Karine Duval","Estimated reading time":"2 minutes"},"schema":{"@context":"https:\/\/schema.org","@graph":[{"@type":"Article","@id":"https:\/\/www.emballagedigest.fr\/le-cne-invite-a-voter-pour-les-laureats-de-son-concours-emballe-5-0\/#article","isPartOf":{"@id":"https:\/\/www.emballagedigest.fr\/le-cne-invite-a-voter-pour-les-laureats-de-son-concours-emballe-5-0\/"},"author":{"name":"Karine Duval","@id":"https:\/\/www.emballagedigest.fr\/#\/schema\/person\/76abe9f2b2ee4d3d520594c7a35da59f"},"headline":"Le CNE invite \u00e0 voter pour les laur\u00e9ats de son concours Emball\u00e9 5.0","datePublished":"2024-01-03T23:32:50+00:00","dateModified":"2024-01-04T23:11:04+00:00","mainEntityOfPage":{"@id":"https:\/\/www.emballagedigest.fr\/le-cne-invite-a-voter-pour-les-laureats-de-son-concours-emballe-5-0\/"},"wordCount":269,"publisher":{"@id":"https:\/\/www.emballagedigest.fr\/#organization"},"image":{"@id":"https:\/\/www.emballagedigest.fr\/le-cne-invite-a-voter-pour-les-laureats-de-son-concours-emballe-5-0\/#primaryimage"},"thumbnailUrl":"https:\/\/www.emballagedigest.fr\/wp-content\/uploads\/2024\/01\/CNE.jpg","articleSection":["Article entier","Mat\u00e9riaux","Packaging"],"inLanguage":"en-GB"},{"@type":"WebPage","@id":"https:\/\/www.emballagedigest.fr\/le-cne-invite-a-voter-pour-les-laureats-de-son-concours-emballe-5-0\/","url":"https:\/\/www.emballagedigest.fr\/le-cne-invite-a-voter-pour-les-laureats-de-son-concours-emballe-5-0\/","name":"Le CNE invite \u00e0 voter pour les laur\u00e9ats de son concours Emball\u00e9 5.0 - Emballage Digest","isPartOf":{"@id":"https:\/\/www.emballagedigest.fr\/#website"},"primaryImageOfPage":{"@id":"https:\/\/www.emballagedigest.fr\/le-cne-invite-a-voter-pour-les-laureats-de-son-concours-emballe-5-0\/#primaryimage"},"image":{"@id":"https:\/\/www.emballagedigest.fr\/le-cne-invite-a-voter-pour-les-laureats-de-son-concours-emballe-5-0\/#primaryimage"},"thumbnailUrl":"https:\/\/www.emballagedigest.fr\/wp-content\/uploads\/2024\/01\/CNE.jpg","datePublished":"2024-01-03T23:32:50+00:00","dateModified":"2024-01-04T23:11:04+00:00","breadcrumb":{"@id":"https:\/\/www.emballagedigest.fr\/le-cne-invite-a-voter-pour-les-laureats-de-son-concours-emballe-5-0\/#breadcrumb"},"inLanguage":"en-GB","potentialAction":[{"@type":"ReadAction","target":["https:\/\/www.emballagedigest.fr\/le-cne-invite-a-voter-pour-les-laureats-de-son-concours-emballe-5-0\/"]}]},{"@type":"ImageObject","inLanguage":"en-GB","@id":"https:\/\/www.emballagedigest.fr\/le-cne-invite-a-voter-pour-les-laureats-de-son-concours-emballe-5-0\/#primaryimage","url":"https:\/\/www.emballagedigest.fr\/wp-content\/uploads\/2024\/01\/CNE.jpg","contentUrl":"https:\/\/www.emballagedigest.fr\/wp-content\/uploads\/2024\/01\/CNE.jpg","width":800,"height":600},{"@type":"BreadcrumbList","@id":"https:\/\/www.emballagedigest.fr\/le-cne-invite-a-voter-pour-les-laureats-de-son-concours-emballe-5-0\/#breadcrumb","itemListElement":[{"@type":"ListItem","position":1,"name":"Accueil","item":"https:\/\/www.emballagedigest.fr\/"},{"@type":"ListItem","position":2,"name":"Le CNE invite \u00e0 voter pour les laur\u00e9ats de son concours Emball\u00e9 5.0"}]},{"@type":"WebSite","@id":"https:\/\/www.emballagedigest.fr\/#website","url":"https:\/\/www.emballagedigest.fr\/","name":"Emballage Digest","description":"Revue professionnelle sur les emballages","publisher":{"@id":"https:\/\/www.emballagedigest.fr\/#organization"},"potentialAction":[{"@type":"SearchAction","target":{"@type":"EntryPoint","urlTemplate":"https:\/\/www.emballagedigest.fr\/?s={search_term_string}"},"query-input":{"@type":"PropertyValueSpecification","valueRequired":true,"valueName":"search_term_string"}}],"inLanguage":"en-GB"},{"@type":"Organization","@id":"https:\/\/www.emballagedigest.fr\/#organization","name":"Emballage Digest","url":"https:\/\/www.emballagedigest.fr\/","logo":{"@type":"ImageObject","inLanguage":"en-GB","@id":"https:\/\/www.emballagedigest.fr\/#\/schema\/logo\/image\/","url":"https:\/\/www.emballagedigest.fr\/wp-content\/uploads\/2022\/07\/logo-ed.png","contentUrl":"https:\/\/www.emballagedigest.fr\/wp-content\/uploads\/2022\/07\/logo-ed.png","width":379,"height":75,"caption":"Emballage Digest"},"image":{"@id":"https:\/\/www.emballagedigest.fr\/#\/schema\/logo\/image\/"}},{"@type":"Person","@id":"https:\/\/www.emballagedigest.fr\/#\/schema\/person\/76abe9f2b2ee4d3d520594c7a35da59f","name":"Karine Duval","image":{"@type":"ImageObject","inLanguage":"en-GB","@id":"https:\/\/www.emballagedigest.fr\/#\/schema\/person\/image\/","url":"https:\/\/secure.gravatar.com\/avatar\/f552799261cdd2e076e6677d780ef07bdb13aa4c196ab75b39abcbcdcae2d4e5?s=96&d=mm&r=g","contentUrl":"https:\/\/secure.gravatar.com\/avatar\/f552799261cdd2e076e6677d780ef07bdb13aa4c196ab75b39abcbcdcae2d4e5?s=96&d=mm&r=g","caption":"Karine Duval"},"url":"https:\/\/www.emballagedigest.fr\/en\/author\/admin_karduv\/"}]}},"_links":{"self":[{"href":"https:\/\/www.emballagedigest.fr\/en\/wp-json\/wp\/v2\/posts\/39458","targetHints":{"allow":["GET"]}}],"collection":[{"href":"https:\/\/www.emballagedigest.fr\/en\/wp-json\/wp\/v2\/posts"}],"about":[{"href":"https:\/\/www.emballagedigest.fr\/en\/wp-json\/wp\/v2\/types\/post"}],"author":[{"embeddable":true,"href":"https:\/\/www.emballagedigest.fr\/en\/wp-json\/wp\/v2\/users\/2"}],"replies":[{"embeddable":true,"href":"https:\/\/www.emballagedigest.fr\/en\/wp-json\/wp\/v2\/comments?post=39458"}],"version-history":[{"count":3,"href":"https:\/\/www.emballagedigest.fr\/en\/wp-json\/wp\/v2\/posts\/39458\/revisions"}],"predecessor-version":[{"id":39462,"href":"https:\/\/www.emballagedigest.fr\/en\/wp-json\/wp\/v2\/posts\/39458\/revisions\/39462"}],"wp:featuredmedia":[{"embeddable":true,"href":"https:\/\/www.emballagedigest.fr\/en\/wp-json\/wp\/v2\/media\/39459"}],"wp:attachment":[{"href":"https:\/\/www.emballagedigest.fr\/en\/wp-json\/wp\/v2\/media?parent=39458"}],"wp:term":[{"taxonomy":"category","embeddable":true,"href":"https:\/\/www.emballagedigest.fr\/en\/wp-json\/wp\/v2\/categories?post=39458"},{"taxonomy":"post_tag","embeddable":true,"href":"https:\/\/www.emballagedigest.fr\/en\/wp-json\/wp\/v2\/tags?post=39458"}],"curies":[{"name":"wp","href":"https:\/\/api.w.org\/{rel}","templated":true}]}}