{"id":39492,"date":"2024-01-09T00:12:03","date_gmt":"2024-01-08T23:12:03","guid":{"rendered":"https:\/\/www.emballagedigest.fr\/?p=39492"},"modified":"2024-01-09T00:12:06","modified_gmt":"2024-01-08T23:12:06","slug":"antalis-annonce-lacquisition-de-100-metros-au-portugal","status":"publish","type":"post","link":"https:\/\/www.emballagedigest.fr\/en\/antalis-annonce-lacquisition-de-100-metros-au-portugal\/","title":{"rendered":"Antalis annonce l\u2019acquisition de 100 Metros au Portugal"},"content":{"rendered":"<p><strong>Le distributeur europ\u00e9en Antalis poursuit son d\u00e9veloppement \u00e0 l\u2019international avec le rachat de la soci\u00e9t\u00e9 100 Metros, leader de la distribution d&#8217;emballages au Portugal et sp\u00e9cialis\u00e9e dans la distribution et la transformation de mat\u00e9riaux et composants d&#8217;emballages.<\/strong><\/p>\n\n\n\n<p>Antalis, d\u00e9j\u00e0 bien implant\u00e9 en Europe, continue d&rsquo;\u00e9tendre sa pr\u00e9sence sur le march\u00e9 de l&#8217;emballage en Espagne en ajoutant 100 Metros \u00e0 ses r\u00e9centes acquisitions&nbsp;: Cohal, Garalmi, Gosuma.<\/p>\n\n\n\n<p>Avec un chiffre d&rsquo;affaires consolid\u00e9 de 13 millions d&rsquo;euros en 2023 et 80 salari\u00e9s, 100 metros est implant\u00e9e \u00e0 Pacos Ferreira (r\u00e9gion de Porto) et \u00e0 Lisbonne. Fond\u00e9e en 2000, l\u2019entreprise con\u00e7oit et transforme des emballages industriels personnalis\u00e9s et sur mesure. La transformation du carton, du film, de la mousse et du papier \u00e0 bulle sont des \u00e9l\u00e9ments cl\u00e9s de l&rsquo;activit\u00e9 de l&rsquo;entreprise, qui dispose \u00e9galement d&rsquo;une activit\u00e9 de personnalisation en interne, repr\u00e9sentant une part importante du chiffre d&rsquo;affaires, avec ses propres machines. Depuis plus de 20 ans, elle d\u00e9veloppe un savoir-faire unique et sp\u00e9cifique pour plusieurs secteurs, notamment l&rsquo;automobile et la c\u00e9ramique.<\/p>\n\n\n\n<p>\u00ab\u00a0100 Metros est une formidable opportunit\u00e9 gr\u00e2ce \u00e0 son savoir-faire en mati\u00e8re de transformation d&#8217;emballages et de d\u00e9veloppement d&#8217;emballages sur mesure. En tant que leader de la distribution d&#8217;emballages, Antalis souhaite renforcer sa pr\u00e9sence mondiale afin d&rsquo;offrir les meilleurs produits et services \u00e0 ses clients\u00a0\u00bb, commente Herv\u00e9 Poncin, CEO d\u2019Antalis. Et Duarte Manuel Barros Dias, fondateur et pr\u00e9sident de 100 Metros d\u2019ajouter\u00a0: \u00ab\u00a0en rejoignant Antalis, 100 Metros pourra \u00e9largir son portefeuille de produits et de clients et poursuivre son d\u00e9veloppement en Europe gr\u00e2ce \u00e0 une large gamme de produits et de nouveaux clients internationaux\u00a0\u00bb.<\/p>","protected":false},"excerpt":{"rendered":"<p>Le distributeur europ\u00e9en Antalis poursuit son d\u00e9veloppement \u00e0 l\u2019international avec le rachat de la soci\u00e9t\u00e9 100 Metros, leader de la distribution d&#8217;emballages au Portugal et sp\u00e9cialis\u00e9e dans la distribution et la transformation de mat\u00e9riaux et composants d&#8217;emballages. Antalis, d\u00e9j\u00e0 bien implant\u00e9 en Europe, continue d&rsquo;\u00e9tendre sa pr\u00e9sence sur le march\u00e9 de l&#8217;emballage en Espagne en [&hellip;]<\/p>","protected":false},"author":2,"featured_media":39493,"comment_status":"closed","ping_status":"closed","sticky":false,"template":"","format":"standard","meta":{"_acf_changed":false,"inline_featured_image":false,"iawp_total_views":2,"footnotes":""},"categories":[28,10],"tags":[],"class_list":["post-39492","post","type-post","status-publish","format-standard","has-post-thumbnail","hentry","category-article-entier","category-materiaux"],"acf":[],"yoast_head":"<!-- This site is optimized with the Yoast SEO plugin v24.4 - https:\/\/yoast.com\/wordpress\/plugins\/seo\/ -->\n<title>Antalis annonce l\u2019acquisition de 100 Metros au Portugal - Emballage Digest<\/title>\n<meta name=\"robots\" content=\"index, follow, max-snippet:-1, max-image-preview:large, max-video-preview:-1\" \/>\n<link rel=\"canonical\" href=\"https:\/\/www.emballagedigest.fr\/en\/antalis-annonce-lacquisition-de-100-metros-au-portugal\/\" \/>\n<meta property=\"og:locale\" content=\"en_GB\" \/>\n<meta property=\"og:type\" content=\"article\" \/>\n<meta property=\"og:title\" content=\"Antalis annonce l\u2019acquisition de 100 Metros au Portugal - Emballage Digest\" \/>\n<meta property=\"og:description\" content=\"Le distributeur europ\u00e9en Antalis poursuit son d\u00e9veloppement \u00e0 l\u2019international avec le rachat de la soci\u00e9t\u00e9 100 Metros, leader de la distribution d&#8217;emballages au Portugal et sp\u00e9cialis\u00e9e dans la distribution et la transformation de mat\u00e9riaux et composants d&#8217;emballages. Antalis, d\u00e9j\u00e0 bien implant\u00e9 en Europe, continue d&rsquo;\u00e9tendre sa pr\u00e9sence sur le march\u00e9 de l&#8217;emballage en Espagne en [&hellip;]\" \/>\n<meta property=\"og:url\" content=\"https:\/\/www.emballagedigest.fr\/en\/antalis-annonce-lacquisition-de-100-metros-au-portugal\/\" \/>\n<meta property=\"og:site_name\" content=\"Emballage Digest\" \/>\n<meta property=\"article:published_time\" content=\"2024-01-08T23:12:03+00:00\" \/>\n<meta property=\"article:modified_time\" content=\"2024-01-08T23:12:06+00:00\" \/>\n<meta property=\"og:image\" content=\"https:\/\/www.emballagedigest.fr\/wp-content\/uploads\/2024\/01\/antalis.jpg\" \/>\n\t<meta property=\"og:image:width\" content=\"800\" \/>\n\t<meta property=\"og:image:height\" content=\"474\" \/>\n\t<meta property=\"og:image:type\" content=\"image\/jpeg\" \/>\n<meta name=\"author\" content=\"Karine Duval\" \/>\n<meta name=\"twitter:card\" content=\"summary_large_image\" \/>\n<meta name=\"twitter:label1\" content=\"Written by\" \/>\n\t<meta name=\"twitter:data1\" content=\"Karine Duval\" \/>\n\t<meta name=\"twitter:label2\" content=\"Estimated reading time\" \/>\n\t<meta name=\"twitter:data2\" content=\"2 minutes\" \/>\n<script type=\"application\/ld+json\" class=\"yoast-schema-graph\">{\"@context\":\"https:\/\/schema.org\",\"@graph\":[{\"@type\":\"Article\",\"@id\":\"https:\/\/www.emballagedigest.fr\/antalis-annonce-lacquisition-de-100-metros-au-portugal\/#article\",\"isPartOf\":{\"@id\":\"https:\/\/www.emballagedigest.fr\/antalis-annonce-lacquisition-de-100-metros-au-portugal\/\"},\"author\":{\"name\":\"Karine Duval\",\"@id\":\"https:\/\/www.emballagedigest.fr\/#\/schema\/person\/76abe9f2b2ee4d3d520594c7a35da59f\"},\"headline\":\"Antalis annonce l\u2019acquisition de 100 Metros au Portugal\",\"datePublished\":\"2024-01-08T23:12:03+00:00\",\"dateModified\":\"2024-01-08T23:12:06+00:00\",\"mainEntityOfPage\":{\"@id\":\"https:\/\/www.emballagedigest.fr\/antalis-annonce-lacquisition-de-100-metros-au-portugal\/\"},\"wordCount\":299,\"publisher\":{\"@id\":\"https:\/\/www.emballagedigest.fr\/#organization\"},\"image\":{\"@id\":\"https:\/\/www.emballagedigest.fr\/antalis-annonce-lacquisition-de-100-metros-au-portugal\/#primaryimage\"},\"thumbnailUrl\":\"https:\/\/www.emballagedigest.fr\/wp-content\/uploads\/2024\/01\/antalis.jpg\",\"articleSection\":[\"Article entier\",\"Mat\u00e9riaux\"],\"inLanguage\":\"en-GB\"},{\"@type\":\"WebPage\",\"@id\":\"https:\/\/www.emballagedigest.fr\/antalis-annonce-lacquisition-de-100-metros-au-portugal\/\",\"url\":\"https:\/\/www.emballagedigest.fr\/antalis-annonce-lacquisition-de-100-metros-au-portugal\/\",\"name\":\"Antalis annonce l\u2019acquisition de 100 Metros au Portugal - Emballage Digest\",\"isPartOf\":{\"@id\":\"https:\/\/www.emballagedigest.fr\/#website\"},\"primaryImageOfPage\":{\"@id\":\"https:\/\/www.emballagedigest.fr\/antalis-annonce-lacquisition-de-100-metros-au-portugal\/#primaryimage\"},\"image\":{\"@id\":\"https:\/\/www.emballagedigest.fr\/antalis-annonce-lacquisition-de-100-metros-au-portugal\/#primaryimage\"},\"thumbnailUrl\":\"https:\/\/www.emballagedigest.fr\/wp-content\/uploads\/2024\/01\/antalis.jpg\",\"datePublished\":\"2024-01-08T23:12:03+00:00\",\"dateModified\":\"2024-01-08T23:12:06+00:00\",\"breadcrumb\":{\"@id\":\"https:\/\/www.emballagedigest.fr\/antalis-annonce-lacquisition-de-100-metros-au-portugal\/#breadcrumb\"},\"inLanguage\":\"en-GB\",\"potentialAction\":[{\"@type\":\"ReadAction\",\"target\":[\"https:\/\/www.emballagedigest.fr\/antalis-annonce-lacquisition-de-100-metros-au-portugal\/\"]}]},{\"@type\":\"ImageObject\",\"inLanguage\":\"en-GB\",\"@id\":\"https:\/\/www.emballagedigest.fr\/antalis-annonce-lacquisition-de-100-metros-au-portugal\/#primaryimage\",\"url\":\"https:\/\/www.emballagedigest.fr\/wp-content\/uploads\/2024\/01\/antalis.jpg\",\"contentUrl\":\"https:\/\/www.emballagedigest.fr\/wp-content\/uploads\/2024\/01\/antalis.jpg\",\"width\":800,\"height\":474},{\"@type\":\"BreadcrumbList\",\"@id\":\"https:\/\/www.emballagedigest.fr\/antalis-annonce-lacquisition-de-100-metros-au-portugal\/#breadcrumb\",\"itemListElement\":[{\"@type\":\"ListItem\",\"position\":1,\"name\":\"Accueil\",\"item\":\"https:\/\/www.emballagedigest.fr\/\"},{\"@type\":\"ListItem\",\"position\":2,\"name\":\"Antalis annonce l\u2019acquisition de 100 Metros au Portugal\"}]},{\"@type\":\"WebSite\",\"@id\":\"https:\/\/www.emballagedigest.fr\/#website\",\"url\":\"https:\/\/www.emballagedigest.fr\/\",\"name\":\"Emballage Digest\",\"description\":\"Revue professionnelle sur les emballages\",\"publisher\":{\"@id\":\"https:\/\/www.emballagedigest.fr\/#organization\"},\"potentialAction\":[{\"@type\":\"SearchAction\",\"target\":{\"@type\":\"EntryPoint\",\"urlTemplate\":\"https:\/\/www.emballagedigest.fr\/?s={search_term_string}\"},\"query-input\":{\"@type\":\"PropertyValueSpecification\",\"valueRequired\":true,\"valueName\":\"search_term_string\"}}],\"inLanguage\":\"en-GB\"},{\"@type\":\"Organization\",\"@id\":\"https:\/\/www.emballagedigest.fr\/#organization\",\"name\":\"Emballage Digest\",\"url\":\"https:\/\/www.emballagedigest.fr\/\",\"logo\":{\"@type\":\"ImageObject\",\"inLanguage\":\"en-GB\",\"@id\":\"https:\/\/www.emballagedigest.fr\/#\/schema\/logo\/image\/\",\"url\":\"https:\/\/www.emballagedigest.fr\/wp-content\/uploads\/2022\/07\/logo-ed.png\",\"contentUrl\":\"https:\/\/www.emballagedigest.fr\/wp-content\/uploads\/2022\/07\/logo-ed.png\",\"width\":379,\"height\":75,\"caption\":\"Emballage Digest\"},\"image\":{\"@id\":\"https:\/\/www.emballagedigest.fr\/#\/schema\/logo\/image\/\"}},{\"@type\":\"Person\",\"@id\":\"https:\/\/www.emballagedigest.fr\/#\/schema\/person\/76abe9f2b2ee4d3d520594c7a35da59f\",\"name\":\"Karine Duval\",\"image\":{\"@type\":\"ImageObject\",\"inLanguage\":\"en-GB\",\"@id\":\"https:\/\/www.emballagedigest.fr\/#\/schema\/person\/image\/\",\"url\":\"https:\/\/secure.gravatar.com\/avatar\/f552799261cdd2e076e6677d780ef07bdb13aa4c196ab75b39abcbcdcae2d4e5?s=96&d=mm&r=g\",\"contentUrl\":\"https:\/\/secure.gravatar.com\/avatar\/f552799261cdd2e076e6677d780ef07bdb13aa4c196ab75b39abcbcdcae2d4e5?s=96&d=mm&r=g\",\"caption\":\"Karine Duval\"},\"url\":\"https:\/\/www.emballagedigest.fr\/en\/author\/admin_karduv\/\"}]}<\/script>\n<!-- \/ Yoast SEO plugin. -->","yoast_head_json":{"title":"Antalis annonce l\u2019acquisition de 100 Metros au Portugal - Emballage Digest","robots":{"index":"index","follow":"follow","max-snippet":"max-snippet:-1","max-image-preview":"max-image-preview:large","max-video-preview":"max-video-preview:-1"},"canonical":"https:\/\/www.emballagedigest.fr\/en\/antalis-annonce-lacquisition-de-100-metros-au-portugal\/","og_locale":"en_GB","og_type":"article","og_title":"Antalis annonce l\u2019acquisition de 100 Metros au Portugal - Emballage Digest","og_description":"Le distributeur europ\u00e9en Antalis poursuit son d\u00e9veloppement \u00e0 l\u2019international avec le rachat de la soci\u00e9t\u00e9 100 Metros, leader de la distribution d&#8217;emballages au Portugal et sp\u00e9cialis\u00e9e dans la distribution et la transformation de mat\u00e9riaux et composants d&#8217;emballages. Antalis, d\u00e9j\u00e0 bien implant\u00e9 en Europe, continue d&rsquo;\u00e9tendre sa pr\u00e9sence sur le march\u00e9 de l&#8217;emballage en Espagne en [&hellip;]","og_url":"https:\/\/www.emballagedigest.fr\/en\/antalis-annonce-lacquisition-de-100-metros-au-portugal\/","og_site_name":"Emballage Digest","article_published_time":"2024-01-08T23:12:03+00:00","article_modified_time":"2024-01-08T23:12:06+00:00","og_image":[{"width":800,"height":474,"url":"https:\/\/www.emballagedigest.fr\/wp-content\/uploads\/2024\/01\/antalis.jpg","type":"image\/jpeg"}],"author":"Karine Duval","twitter_card":"summary_large_image","twitter_misc":{"Written by":"Karine Duval","Estimated reading time":"2 minutes"},"schema":{"@context":"https:\/\/schema.org","@graph":[{"@type":"Article","@id":"https:\/\/www.emballagedigest.fr\/antalis-annonce-lacquisition-de-100-metros-au-portugal\/#article","isPartOf":{"@id":"https:\/\/www.emballagedigest.fr\/antalis-annonce-lacquisition-de-100-metros-au-portugal\/"},"author":{"name":"Karine Duval","@id":"https:\/\/www.emballagedigest.fr\/#\/schema\/person\/76abe9f2b2ee4d3d520594c7a35da59f"},"headline":"Antalis annonce l\u2019acquisition de 100 Metros au Portugal","datePublished":"2024-01-08T23:12:03+00:00","dateModified":"2024-01-08T23:12:06+00:00","mainEntityOfPage":{"@id":"https:\/\/www.emballagedigest.fr\/antalis-annonce-lacquisition-de-100-metros-au-portugal\/"},"wordCount":299,"publisher":{"@id":"https:\/\/www.emballagedigest.fr\/#organization"},"image":{"@id":"https:\/\/www.emballagedigest.fr\/antalis-annonce-lacquisition-de-100-metros-au-portugal\/#primaryimage"},"thumbnailUrl":"https:\/\/www.emballagedigest.fr\/wp-content\/uploads\/2024\/01\/antalis.jpg","articleSection":["Article entier","Mat\u00e9riaux"],"inLanguage":"en-GB"},{"@type":"WebPage","@id":"https:\/\/www.emballagedigest.fr\/antalis-annonce-lacquisition-de-100-metros-au-portugal\/","url":"https:\/\/www.emballagedigest.fr\/antalis-annonce-lacquisition-de-100-metros-au-portugal\/","name":"Antalis annonce l\u2019acquisition de 100 Metros au Portugal - Emballage Digest","isPartOf":{"@id":"https:\/\/www.emballagedigest.fr\/#website"},"primaryImageOfPage":{"@id":"https:\/\/www.emballagedigest.fr\/antalis-annonce-lacquisition-de-100-metros-au-portugal\/#primaryimage"},"image":{"@id":"https:\/\/www.emballagedigest.fr\/antalis-annonce-lacquisition-de-100-metros-au-portugal\/#primaryimage"},"thumbnailUrl":"https:\/\/www.emballagedigest.fr\/wp-content\/uploads\/2024\/01\/antalis.jpg","datePublished":"2024-01-08T23:12:03+00:00","dateModified":"2024-01-08T23:12:06+00:00","breadcrumb":{"@id":"https:\/\/www.emballagedigest.fr\/antalis-annonce-lacquisition-de-100-metros-au-portugal\/#breadcrumb"},"inLanguage":"en-GB","potentialAction":[{"@type":"ReadAction","target":["https:\/\/www.emballagedigest.fr\/antalis-annonce-lacquisition-de-100-metros-au-portugal\/"]}]},{"@type":"ImageObject","inLanguage":"en-GB","@id":"https:\/\/www.emballagedigest.fr\/antalis-annonce-lacquisition-de-100-metros-au-portugal\/#primaryimage","url":"https:\/\/www.emballagedigest.fr\/wp-content\/uploads\/2024\/01\/antalis.jpg","contentUrl":"https:\/\/www.emballagedigest.fr\/wp-content\/uploads\/2024\/01\/antalis.jpg","width":800,"height":474},{"@type":"BreadcrumbList","@id":"https:\/\/www.emballagedigest.fr\/antalis-annonce-lacquisition-de-100-metros-au-portugal\/#breadcrumb","itemListElement":[{"@type":"ListItem","position":1,"name":"Accueil","item":"https:\/\/www.emballagedigest.fr\/"},{"@type":"ListItem","position":2,"name":"Antalis annonce l\u2019acquisition de 100 Metros au Portugal"}]},{"@type":"WebSite","@id":"https:\/\/www.emballagedigest.fr\/#website","url":"https:\/\/www.emballagedigest.fr\/","name":"Emballage Digest","description":"Revue professionnelle sur les emballages","publisher":{"@id":"https:\/\/www.emballagedigest.fr\/#organization"},"potentialAction":[{"@type":"SearchAction","target":{"@type":"EntryPoint","urlTemplate":"https:\/\/www.emballagedigest.fr\/?s={search_term_string}"},"query-input":{"@type":"PropertyValueSpecification","valueRequired":true,"valueName":"search_term_string"}}],"inLanguage":"en-GB"},{"@type":"Organization","@id":"https:\/\/www.emballagedigest.fr\/#organization","name":"Emballage Digest","url":"https:\/\/www.emballagedigest.fr\/","logo":{"@type":"ImageObject","inLanguage":"en-GB","@id":"https:\/\/www.emballagedigest.fr\/#\/schema\/logo\/image\/","url":"https:\/\/www.emballagedigest.fr\/wp-content\/uploads\/2022\/07\/logo-ed.png","contentUrl":"https:\/\/www.emballagedigest.fr\/wp-content\/uploads\/2022\/07\/logo-ed.png","width":379,"height":75,"caption":"Emballage Digest"},"image":{"@id":"https:\/\/www.emballagedigest.fr\/#\/schema\/logo\/image\/"}},{"@type":"Person","@id":"https:\/\/www.emballagedigest.fr\/#\/schema\/person\/76abe9f2b2ee4d3d520594c7a35da59f","name":"Karine Duval","image":{"@type":"ImageObject","inLanguage":"en-GB","@id":"https:\/\/www.emballagedigest.fr\/#\/schema\/person\/image\/","url":"https:\/\/secure.gravatar.com\/avatar\/f552799261cdd2e076e6677d780ef07bdb13aa4c196ab75b39abcbcdcae2d4e5?s=96&d=mm&r=g","contentUrl":"https:\/\/secure.gravatar.com\/avatar\/f552799261cdd2e076e6677d780ef07bdb13aa4c196ab75b39abcbcdcae2d4e5?s=96&d=mm&r=g","caption":"Karine Duval"},"url":"https:\/\/www.emballagedigest.fr\/en\/author\/admin_karduv\/"}]}},"_links":{"self":[{"href":"https:\/\/www.emballagedigest.fr\/en\/wp-json\/wp\/v2\/posts\/39492","targetHints":{"allow":["GET"]}}],"collection":[{"href":"https:\/\/www.emballagedigest.fr\/en\/wp-json\/wp\/v2\/posts"}],"about":[{"href":"https:\/\/www.emballagedigest.fr\/en\/wp-json\/wp\/v2\/types\/post"}],"author":[{"embeddable":true,"href":"https:\/\/www.emballagedigest.fr\/en\/wp-json\/wp\/v2\/users\/2"}],"replies":[{"embeddable":true,"href":"https:\/\/www.emballagedigest.fr\/en\/wp-json\/wp\/v2\/comments?post=39492"}],"version-history":[{"count":2,"href":"https:\/\/www.emballagedigest.fr\/en\/wp-json\/wp\/v2\/posts\/39492\/revisions"}],"predecessor-version":[{"id":39495,"href":"https:\/\/www.emballagedigest.fr\/en\/wp-json\/wp\/v2\/posts\/39492\/revisions\/39495"}],"wp:featuredmedia":[{"embeddable":true,"href":"https:\/\/www.emballagedigest.fr\/en\/wp-json\/wp\/v2\/media\/39493"}],"wp:attachment":[{"href":"https:\/\/www.emballagedigest.fr\/en\/wp-json\/wp\/v2\/media?parent=39492"}],"wp:term":[{"taxonomy":"category","embeddable":true,"href":"https:\/\/www.emballagedigest.fr\/en\/wp-json\/wp\/v2\/categories?post=39492"},{"taxonomy":"post_tag","embeddable":true,"href":"https:\/\/www.emballagedigest.fr\/en\/wp-json\/wp\/v2\/tags?post=39492"}],"curies":[{"name":"wp","href":"https:\/\/api.w.org\/{rel}","templated":true}]}}