{"id":39498,"date":"2024-01-10T01:07:12","date_gmt":"2024-01-10T00:07:12","guid":{"rendered":"https:\/\/www.emballagedigest.fr\/?p=39498"},"modified":"2024-01-11T00:17:57","modified_gmt":"2024-01-10T23:17:57","slug":"cosmogen-devoile-sa-nouvelle-marque-ombrelle-a-pharmapack","status":"publish","type":"post","link":"https:\/\/www.emballagedigest.fr\/en\/cosmogen-devoile-sa-nouvelle-marque-ombrelle-a-pharmapack\/","title":{"rendered":"Cosmogen d\u00e9voile sa nouvelle marque ombrelle \u00e0 Pharmapack"},"content":{"rendered":"<p><strong>Fort de son savoir-faire reconnu depuis 40 ans dans l\u2019application des soins et du maquillage, Cosmogen entend transposer cette expertise au secteur pharmaceutique. L\u2019entreprise exposera d\u2019ailleurs pour la premi\u00e8re fois sa nouvelle gamme de solutions d\u00e9di\u00e9es, au salon PharmaPack les 24 et 25 janvier prochains, sous la nouvelle banni\u00e8re bleue Cosmogen Pharma Care.<\/strong><\/p>\n\n\n\n<p>\u00ab Le march\u00e9 des produits pharmaceutique est tr\u00e8s comp\u00e9titif, les acteurs de ce secteur sont donc \u00e0 la recherche de solutions diff\u00e9renciantes. C\u2019est pr\u00e9cis\u00e9ment ce que nous offrons au travers de nos applicateurs, une expertise identifi\u00e9e et une conformit\u00e9 aux standards r\u00e9glementaires de la pharmacie (NDLR : Reach, FDA Contact, CLP, Packaging Waste 94\/62\/EC) \u00bb, explique Maud Leli\u00e8vre, directrice marketing &amp; communication de Cosmogen.<\/p>\n\n\n\n<figure class=\"wp-block-image size-full\"><img loading=\"lazy\" decoding=\"async\" width=\"800\" height=\"570\" src=\"https:\/\/www.emballagedigest.fr\/wp-content\/uploads\/2024\/01\/COSMOGEN1.jpg\" alt=\"\" class=\"wp-image-39500\" srcset=\"https:\/\/www.emballagedigest.fr\/wp-content\/uploads\/2024\/01\/COSMOGEN1.jpg 800w, https:\/\/www.emballagedigest.fr\/wp-content\/uploads\/2024\/01\/COSMOGEN1-300x214.jpg 300w, https:\/\/www.emballagedigest.fr\/wp-content\/uploads\/2024\/01\/COSMOGEN1-768x547.jpg 768w, https:\/\/www.emballagedigest.fr\/wp-content\/uploads\/2024\/01\/COSMOGEN1-18x12.jpg 18w\" sizes=\"auto, (max-width: 800px) 100vw, 800px\" \/><\/figure>\n\n\n\n<p>Cosmogen a ainsi choisi de d\u00e9velopper sous la banni\u00e8re Cosmogen Pharma Care une gamme d\u2019une vingtaine de r\u00e9f\u00e9rences brevet\u00e9es, d\u00e9di\u00e9es aux traitements OTC (Over the Counter), allant de petits packagings pour application cibl\u00e9e \u00e0 de plus grandes contenances pour le corps. Des solutions qui r\u00e9pondent aux exigences du march\u00e9, \u00e0 savoir : la s\u00e9curit\u00e9, l\u2019hygi\u00e8ne, l\u2019expertise au service de l\u2019efficacit\u00e9 \u00e0 l\u2019application, et le d\u00e9veloppement durable. Objectif : accompagner au mieux la gal\u00e9nique du produit dans sa fonction de soulagement, de r\u00e9paration ou encore de bien-\u00eatre. \u00ab Avec ce focus fait autour de l\u2019application pour faciliter le geste, l\u2019absorption de la formule ou encore introduire la notion de massage, nous proposons quelque chose d\u2019assez nouveau sur ce march\u00e9, dont les packagings restaient jusqu\u2019alors assez simples \u00bb, pr\u00e9cise Maud Leli\u00e8vre.<\/p>\n\n\n\n<figure class=\"wp-block-image size-full\"><img loading=\"lazy\" decoding=\"async\" width=\"800\" height=\"500\" src=\"https:\/\/www.emballagedigest.fr\/wp-content\/uploads\/2024\/01\/COSMOGEN4.jpg\" alt=\"\" class=\"wp-image-39503\" srcset=\"https:\/\/www.emballagedigest.fr\/wp-content\/uploads\/2024\/01\/COSMOGEN4.jpg 800w, https:\/\/www.emballagedigest.fr\/wp-content\/uploads\/2024\/01\/COSMOGEN4-300x188.jpg 300w, https:\/\/www.emballagedigest.fr\/wp-content\/uploads\/2024\/01\/COSMOGEN4-768x480.jpg 768w, https:\/\/www.emballagedigest.fr\/wp-content\/uploads\/2024\/01\/COSMOGEN4-18x12.jpg 18w\" sizes=\"auto, (max-width: 800px) 100vw, 800px\" \/><\/figure>\n\n\n\n<p>Parmi l\u2019offre propos\u00e9e, qui sera mise en avant sur le prochain salon Pharmapack \u00e0 Paris, seront inclus la gamme Squeeze\u2019N \u00e0 fermeture on\/off pour distribuer\/appliquer\/rincer l\u2019applicateur (format micro, mini, medium, maxi), les tubes avec applicateurs, Needle tube, dropper tube etc. et les sticks ReUse, particuli\u00e8rement adapt\u00e9s aux formules solides de plus en plus courantes en pharmacie \u00e9galement. Pour rappel, la gamme Squeeze\u2019N est con\u00e7ue pour \u00eatre d\u00e9montable, avec applicateur r\u00e9utilisable sur une recharge, en mat\u00e9riau recycl\u00e9 et recyclable. Quant aux sticks ReUSe, mono-mat\u00e9riaux, ils sont propos\u00e9s avec un syst\u00e8me de recharge.<\/p>\n\n\n\n<figure class=\"wp-block-image size-full is-resized\"><img loading=\"lazy\" decoding=\"async\" src=\"https:\/\/www.emballagedigest.fr\/wp-content\/uploads\/2024\/01\/COSMOGEN3.jpg\" alt=\"\" class=\"wp-image-39502\" width=\"823\" height=\"491\" srcset=\"https:\/\/www.emballagedigest.fr\/wp-content\/uploads\/2024\/01\/COSMOGEN3.jpg 800w, https:\/\/www.emballagedigest.fr\/wp-content\/uploads\/2024\/01\/COSMOGEN3-300x179.jpg 300w, https:\/\/www.emballagedigest.fr\/wp-content\/uploads\/2024\/01\/COSMOGEN3-768x458.jpg 768w, https:\/\/www.emballagedigest.fr\/wp-content\/uploads\/2024\/01\/COSMOGEN3-18x12.jpg 18w\" sizes=\"auto, (max-width: 823px) 100vw, 823px\" \/><\/figure>\n\n\n\n<p>Plusieurs grands noms* de l\u2019industrie pharmaceutique ont d\u00e9j\u00e0 fait confiance \u00e0 Cosmogen pour leurs derniers lancements. A l\u2019instar de la marque Alvadiem qui a opt\u00e9 pour un tube pinceau pour son soin apaisant pourtour des ongles. Le Squeeze Roll classique a s\u00e9duit les laboratoires Boiron pour son gel r\u00e9parateur et relaxant au CBD. Spot Block de Ceramol, soin de traitement localis\u00e9 de l\u2019acn\u00e9, est conditionn\u00e9 dans le tube Spot Tip. Pharmagel a retenu le Maxi Squeeze\u2019n Sculpt pour son soin corps anticellulite, Mantecorp le dropper tube pour son soin ultra cibl\u00e9 Blancy Cis et Gelol le tube Triball pour son soin massant relaxant.<\/p>\n\n\n\n<p><em>*Adcos, Alvadiem, Bella Aurora, Boiron, Ceramol, CEtaphil, Eyecare, Gelol, Mantecorp, Med Riviera, M\u00eame, Nociceptol, Novexpert, Obagi, Pharmagel, SOS, Telma, Ugo, Vivacy, Warner.<\/em><\/p>","protected":false},"excerpt":{"rendered":"<p>Fort de son savoir-faire reconnu depuis 40 ans dans l\u2019application des soins et du maquillage, Cosmogen entend transposer cette expertise au secteur pharmaceutique. L\u2019entreprise exposera d\u2019ailleurs pour la premi\u00e8re fois sa nouvelle gamme de solutions d\u00e9di\u00e9es, au salon PharmaPack les 24 et 25 janvier prochains, sous la nouvelle banni\u00e8re bleue Cosmogen Pharma Care. \u00ab Le [&hellip;]<\/p>","protected":false},"author":2,"featured_media":39501,"comment_status":"closed","ping_status":"closed","sticky":false,"template":"","format":"standard","meta":{"_acf_changed":false,"inline_featured_image":false,"iawp_total_views":2,"footnotes":""},"categories":[28,81,7],"tags":[],"class_list":["post-39498","post","type-post","status-publish","format-standard","has-post-thumbnail","hentry","category-article-entier","category-packaging","category-pharmacie"],"acf":[],"yoast_head":"<!-- This site is optimized with the Yoast SEO plugin v24.4 - https:\/\/yoast.com\/wordpress\/plugins\/seo\/ -->\n<title>Cosmogen d\u00e9voile sa nouvelle marque ombrelle \u00e0 Pharmapack - Emballage Digest<\/title>\n<meta name=\"robots\" content=\"index, follow, max-snippet:-1, max-image-preview:large, max-video-preview:-1\" \/>\n<link rel=\"canonical\" href=\"https:\/\/www.emballagedigest.fr\/en\/cosmogen-devoile-sa-nouvelle-marque-ombrelle-a-pharmapack\/\" \/>\n<meta property=\"og:locale\" content=\"en_GB\" \/>\n<meta property=\"og:type\" content=\"article\" \/>\n<meta property=\"og:title\" content=\"Cosmogen d\u00e9voile sa nouvelle marque ombrelle \u00e0 Pharmapack - Emballage Digest\" \/>\n<meta property=\"og:description\" content=\"Fort de son savoir-faire reconnu depuis 40 ans dans l\u2019application des soins et du maquillage, Cosmogen entend transposer cette expertise au secteur pharmaceutique. L\u2019entreprise exposera d\u2019ailleurs pour la premi\u00e8re fois sa nouvelle gamme de solutions d\u00e9di\u00e9es, au salon PharmaPack les 24 et 25 janvier prochains, sous la nouvelle banni\u00e8re bleue Cosmogen Pharma Care. \u00ab Le [&hellip;]\" \/>\n<meta property=\"og:url\" content=\"https:\/\/www.emballagedigest.fr\/en\/cosmogen-devoile-sa-nouvelle-marque-ombrelle-a-pharmapack\/\" \/>\n<meta property=\"og:site_name\" content=\"Emballage Digest\" \/>\n<meta property=\"article:published_time\" content=\"2024-01-10T00:07:12+00:00\" \/>\n<meta property=\"article:modified_time\" content=\"2024-01-10T23:17:57+00:00\" \/>\n<meta property=\"og:image\" content=\"https:\/\/www.emballagedigest.fr\/wp-content\/uploads\/2024\/01\/COSMOGEN2.jpg\" \/>\n\t<meta property=\"og:image:width\" content=\"800\" \/>\n\t<meta property=\"og:image:height\" content=\"524\" \/>\n\t<meta property=\"og:image:type\" content=\"image\/jpeg\" \/>\n<meta name=\"author\" content=\"Karine Duval\" \/>\n<meta name=\"twitter:card\" content=\"summary_large_image\" \/>\n<meta name=\"twitter:label1\" content=\"Written by\" \/>\n\t<meta name=\"twitter:data1\" content=\"Karine Duval\" \/>\n\t<meta name=\"twitter:label2\" content=\"Estimated reading time\" \/>\n\t<meta name=\"twitter:data2\" content=\"3 minutes\" \/>\n<script type=\"application\/ld+json\" class=\"yoast-schema-graph\">{\"@context\":\"https:\/\/schema.org\",\"@graph\":[{\"@type\":\"Article\",\"@id\":\"https:\/\/www.emballagedigest.fr\/cosmogen-devoile-sa-nouvelle-marque-ombrelle-a-pharmapack\/#article\",\"isPartOf\":{\"@id\":\"https:\/\/www.emballagedigest.fr\/cosmogen-devoile-sa-nouvelle-marque-ombrelle-a-pharmapack\/\"},\"author\":{\"name\":\"Karine Duval\",\"@id\":\"https:\/\/www.emballagedigest.fr\/#\/schema\/person\/76abe9f2b2ee4d3d520594c7a35da59f\"},\"headline\":\"Cosmogen d\u00e9voile sa nouvelle marque ombrelle \u00e0 Pharmapack\",\"datePublished\":\"2024-01-10T00:07:12+00:00\",\"dateModified\":\"2024-01-10T23:17:57+00:00\",\"mainEntityOfPage\":{\"@id\":\"https:\/\/www.emballagedigest.fr\/cosmogen-devoile-sa-nouvelle-marque-ombrelle-a-pharmapack\/\"},\"wordCount\":520,\"publisher\":{\"@id\":\"https:\/\/www.emballagedigest.fr\/#organization\"},\"image\":{\"@id\":\"https:\/\/www.emballagedigest.fr\/cosmogen-devoile-sa-nouvelle-marque-ombrelle-a-pharmapack\/#primaryimage\"},\"thumbnailUrl\":\"https:\/\/www.emballagedigest.fr\/wp-content\/uploads\/2024\/01\/COSMOGEN2.jpg\",\"articleSection\":[\"Article entier\",\"Packaging\",\"Pharmacie\"],\"inLanguage\":\"en-GB\"},{\"@type\":\"WebPage\",\"@id\":\"https:\/\/www.emballagedigest.fr\/cosmogen-devoile-sa-nouvelle-marque-ombrelle-a-pharmapack\/\",\"url\":\"https:\/\/www.emballagedigest.fr\/cosmogen-devoile-sa-nouvelle-marque-ombrelle-a-pharmapack\/\",\"name\":\"Cosmogen d\u00e9voile sa nouvelle marque ombrelle \u00e0 Pharmapack - Emballage Digest\",\"isPartOf\":{\"@id\":\"https:\/\/www.emballagedigest.fr\/#website\"},\"primaryImageOfPage\":{\"@id\":\"https:\/\/www.emballagedigest.fr\/cosmogen-devoile-sa-nouvelle-marque-ombrelle-a-pharmapack\/#primaryimage\"},\"image\":{\"@id\":\"https:\/\/www.emballagedigest.fr\/cosmogen-devoile-sa-nouvelle-marque-ombrelle-a-pharmapack\/#primaryimage\"},\"thumbnailUrl\":\"https:\/\/www.emballagedigest.fr\/wp-content\/uploads\/2024\/01\/COSMOGEN2.jpg\",\"datePublished\":\"2024-01-10T00:07:12+00:00\",\"dateModified\":\"2024-01-10T23:17:57+00:00\",\"breadcrumb\":{\"@id\":\"https:\/\/www.emballagedigest.fr\/cosmogen-devoile-sa-nouvelle-marque-ombrelle-a-pharmapack\/#breadcrumb\"},\"inLanguage\":\"en-GB\",\"potentialAction\":[{\"@type\":\"ReadAction\",\"target\":[\"https:\/\/www.emballagedigest.fr\/cosmogen-devoile-sa-nouvelle-marque-ombrelle-a-pharmapack\/\"]}]},{\"@type\":\"ImageObject\",\"inLanguage\":\"en-GB\",\"@id\":\"https:\/\/www.emballagedigest.fr\/cosmogen-devoile-sa-nouvelle-marque-ombrelle-a-pharmapack\/#primaryimage\",\"url\":\"https:\/\/www.emballagedigest.fr\/wp-content\/uploads\/2024\/01\/COSMOGEN2.jpg\",\"contentUrl\":\"https:\/\/www.emballagedigest.fr\/wp-content\/uploads\/2024\/01\/COSMOGEN2.jpg\",\"width\":800,\"height\":524},{\"@type\":\"BreadcrumbList\",\"@id\":\"https:\/\/www.emballagedigest.fr\/cosmogen-devoile-sa-nouvelle-marque-ombrelle-a-pharmapack\/#breadcrumb\",\"itemListElement\":[{\"@type\":\"ListItem\",\"position\":1,\"name\":\"Accueil\",\"item\":\"https:\/\/www.emballagedigest.fr\/\"},{\"@type\":\"ListItem\",\"position\":2,\"name\":\"Cosmogen d\u00e9voile sa nouvelle marque ombrelle \u00e0 Pharmapack\"}]},{\"@type\":\"WebSite\",\"@id\":\"https:\/\/www.emballagedigest.fr\/#website\",\"url\":\"https:\/\/www.emballagedigest.fr\/\",\"name\":\"Emballage Digest\",\"description\":\"Revue professionnelle sur les emballages\",\"publisher\":{\"@id\":\"https:\/\/www.emballagedigest.fr\/#organization\"},\"potentialAction\":[{\"@type\":\"SearchAction\",\"target\":{\"@type\":\"EntryPoint\",\"urlTemplate\":\"https:\/\/www.emballagedigest.fr\/?s={search_term_string}\"},\"query-input\":{\"@type\":\"PropertyValueSpecification\",\"valueRequired\":true,\"valueName\":\"search_term_string\"}}],\"inLanguage\":\"en-GB\"},{\"@type\":\"Organization\",\"@id\":\"https:\/\/www.emballagedigest.fr\/#organization\",\"name\":\"Emballage Digest\",\"url\":\"https:\/\/www.emballagedigest.fr\/\",\"logo\":{\"@type\":\"ImageObject\",\"inLanguage\":\"en-GB\",\"@id\":\"https:\/\/www.emballagedigest.fr\/#\/schema\/logo\/image\/\",\"url\":\"https:\/\/www.emballagedigest.fr\/wp-content\/uploads\/2022\/07\/logo-ed.png\",\"contentUrl\":\"https:\/\/www.emballagedigest.fr\/wp-content\/uploads\/2022\/07\/logo-ed.png\",\"width\":379,\"height\":75,\"caption\":\"Emballage Digest\"},\"image\":{\"@id\":\"https:\/\/www.emballagedigest.fr\/#\/schema\/logo\/image\/\"}},{\"@type\":\"Person\",\"@id\":\"https:\/\/www.emballagedigest.fr\/#\/schema\/person\/76abe9f2b2ee4d3d520594c7a35da59f\",\"name\":\"Karine Duval\",\"image\":{\"@type\":\"ImageObject\",\"inLanguage\":\"en-GB\",\"@id\":\"https:\/\/www.emballagedigest.fr\/#\/schema\/person\/image\/\",\"url\":\"https:\/\/secure.gravatar.com\/avatar\/f552799261cdd2e076e6677d780ef07bdb13aa4c196ab75b39abcbcdcae2d4e5?s=96&d=mm&r=g\",\"contentUrl\":\"https:\/\/secure.gravatar.com\/avatar\/f552799261cdd2e076e6677d780ef07bdb13aa4c196ab75b39abcbcdcae2d4e5?s=96&d=mm&r=g\",\"caption\":\"Karine Duval\"},\"url\":\"https:\/\/www.emballagedigest.fr\/en\/author\/admin_karduv\/\"}]}<\/script>\n<!-- \/ Yoast SEO plugin. -->","yoast_head_json":{"title":"Cosmogen d\u00e9voile sa nouvelle marque ombrelle \u00e0 Pharmapack - Emballage Digest","robots":{"index":"index","follow":"follow","max-snippet":"max-snippet:-1","max-image-preview":"max-image-preview:large","max-video-preview":"max-video-preview:-1"},"canonical":"https:\/\/www.emballagedigest.fr\/en\/cosmogen-devoile-sa-nouvelle-marque-ombrelle-a-pharmapack\/","og_locale":"en_GB","og_type":"article","og_title":"Cosmogen d\u00e9voile sa nouvelle marque ombrelle \u00e0 Pharmapack - Emballage Digest","og_description":"Fort de son savoir-faire reconnu depuis 40 ans dans l\u2019application des soins et du maquillage, Cosmogen entend transposer cette expertise au secteur pharmaceutique. L\u2019entreprise exposera d\u2019ailleurs pour la premi\u00e8re fois sa nouvelle gamme de solutions d\u00e9di\u00e9es, au salon PharmaPack les 24 et 25 janvier prochains, sous la nouvelle banni\u00e8re bleue Cosmogen Pharma Care. \u00ab Le [&hellip;]","og_url":"https:\/\/www.emballagedigest.fr\/en\/cosmogen-devoile-sa-nouvelle-marque-ombrelle-a-pharmapack\/","og_site_name":"Emballage Digest","article_published_time":"2024-01-10T00:07:12+00:00","article_modified_time":"2024-01-10T23:17:57+00:00","og_image":[{"width":800,"height":524,"url":"https:\/\/www.emballagedigest.fr\/wp-content\/uploads\/2024\/01\/COSMOGEN2.jpg","type":"image\/jpeg"}],"author":"Karine Duval","twitter_card":"summary_large_image","twitter_misc":{"Written by":"Karine Duval","Estimated reading time":"3 minutes"},"schema":{"@context":"https:\/\/schema.org","@graph":[{"@type":"Article","@id":"https:\/\/www.emballagedigest.fr\/cosmogen-devoile-sa-nouvelle-marque-ombrelle-a-pharmapack\/#article","isPartOf":{"@id":"https:\/\/www.emballagedigest.fr\/cosmogen-devoile-sa-nouvelle-marque-ombrelle-a-pharmapack\/"},"author":{"name":"Karine Duval","@id":"https:\/\/www.emballagedigest.fr\/#\/schema\/person\/76abe9f2b2ee4d3d520594c7a35da59f"},"headline":"Cosmogen d\u00e9voile sa nouvelle marque ombrelle \u00e0 Pharmapack","datePublished":"2024-01-10T00:07:12+00:00","dateModified":"2024-01-10T23:17:57+00:00","mainEntityOfPage":{"@id":"https:\/\/www.emballagedigest.fr\/cosmogen-devoile-sa-nouvelle-marque-ombrelle-a-pharmapack\/"},"wordCount":520,"publisher":{"@id":"https:\/\/www.emballagedigest.fr\/#organization"},"image":{"@id":"https:\/\/www.emballagedigest.fr\/cosmogen-devoile-sa-nouvelle-marque-ombrelle-a-pharmapack\/#primaryimage"},"thumbnailUrl":"https:\/\/www.emballagedigest.fr\/wp-content\/uploads\/2024\/01\/COSMOGEN2.jpg","articleSection":["Article entier","Packaging","Pharmacie"],"inLanguage":"en-GB"},{"@type":"WebPage","@id":"https:\/\/www.emballagedigest.fr\/cosmogen-devoile-sa-nouvelle-marque-ombrelle-a-pharmapack\/","url":"https:\/\/www.emballagedigest.fr\/cosmogen-devoile-sa-nouvelle-marque-ombrelle-a-pharmapack\/","name":"Cosmogen d\u00e9voile sa nouvelle marque ombrelle \u00e0 Pharmapack - Emballage Digest","isPartOf":{"@id":"https:\/\/www.emballagedigest.fr\/#website"},"primaryImageOfPage":{"@id":"https:\/\/www.emballagedigest.fr\/cosmogen-devoile-sa-nouvelle-marque-ombrelle-a-pharmapack\/#primaryimage"},"image":{"@id":"https:\/\/www.emballagedigest.fr\/cosmogen-devoile-sa-nouvelle-marque-ombrelle-a-pharmapack\/#primaryimage"},"thumbnailUrl":"https:\/\/www.emballagedigest.fr\/wp-content\/uploads\/2024\/01\/COSMOGEN2.jpg","datePublished":"2024-01-10T00:07:12+00:00","dateModified":"2024-01-10T23:17:57+00:00","breadcrumb":{"@id":"https:\/\/www.emballagedigest.fr\/cosmogen-devoile-sa-nouvelle-marque-ombrelle-a-pharmapack\/#breadcrumb"},"inLanguage":"en-GB","potentialAction":[{"@type":"ReadAction","target":["https:\/\/www.emballagedigest.fr\/cosmogen-devoile-sa-nouvelle-marque-ombrelle-a-pharmapack\/"]}]},{"@type":"ImageObject","inLanguage":"en-GB","@id":"https:\/\/www.emballagedigest.fr\/cosmogen-devoile-sa-nouvelle-marque-ombrelle-a-pharmapack\/#primaryimage","url":"https:\/\/www.emballagedigest.fr\/wp-content\/uploads\/2024\/01\/COSMOGEN2.jpg","contentUrl":"https:\/\/www.emballagedigest.fr\/wp-content\/uploads\/2024\/01\/COSMOGEN2.jpg","width":800,"height":524},{"@type":"BreadcrumbList","@id":"https:\/\/www.emballagedigest.fr\/cosmogen-devoile-sa-nouvelle-marque-ombrelle-a-pharmapack\/#breadcrumb","itemListElement":[{"@type":"ListItem","position":1,"name":"Accueil","item":"https:\/\/www.emballagedigest.fr\/"},{"@type":"ListItem","position":2,"name":"Cosmogen d\u00e9voile sa nouvelle marque ombrelle \u00e0 Pharmapack"}]},{"@type":"WebSite","@id":"https:\/\/www.emballagedigest.fr\/#website","url":"https:\/\/www.emballagedigest.fr\/","name":"Emballage Digest","description":"Revue professionnelle sur les emballages","publisher":{"@id":"https:\/\/www.emballagedigest.fr\/#organization"},"potentialAction":[{"@type":"SearchAction","target":{"@type":"EntryPoint","urlTemplate":"https:\/\/www.emballagedigest.fr\/?s={search_term_string}"},"query-input":{"@type":"PropertyValueSpecification","valueRequired":true,"valueName":"search_term_string"}}],"inLanguage":"en-GB"},{"@type":"Organization","@id":"https:\/\/www.emballagedigest.fr\/#organization","name":"Emballage Digest","url":"https:\/\/www.emballagedigest.fr\/","logo":{"@type":"ImageObject","inLanguage":"en-GB","@id":"https:\/\/www.emballagedigest.fr\/#\/schema\/logo\/image\/","url":"https:\/\/www.emballagedigest.fr\/wp-content\/uploads\/2022\/07\/logo-ed.png","contentUrl":"https:\/\/www.emballagedigest.fr\/wp-content\/uploads\/2022\/07\/logo-ed.png","width":379,"height":75,"caption":"Emballage Digest"},"image":{"@id":"https:\/\/www.emballagedigest.fr\/#\/schema\/logo\/image\/"}},{"@type":"Person","@id":"https:\/\/www.emballagedigest.fr\/#\/schema\/person\/76abe9f2b2ee4d3d520594c7a35da59f","name":"Karine Duval","image":{"@type":"ImageObject","inLanguage":"en-GB","@id":"https:\/\/www.emballagedigest.fr\/#\/schema\/person\/image\/","url":"https:\/\/secure.gravatar.com\/avatar\/f552799261cdd2e076e6677d780ef07bdb13aa4c196ab75b39abcbcdcae2d4e5?s=96&d=mm&r=g","contentUrl":"https:\/\/secure.gravatar.com\/avatar\/f552799261cdd2e076e6677d780ef07bdb13aa4c196ab75b39abcbcdcae2d4e5?s=96&d=mm&r=g","caption":"Karine Duval"},"url":"https:\/\/www.emballagedigest.fr\/en\/author\/admin_karduv\/"}]}},"_links":{"self":[{"href":"https:\/\/www.emballagedigest.fr\/en\/wp-json\/wp\/v2\/posts\/39498","targetHints":{"allow":["GET"]}}],"collection":[{"href":"https:\/\/www.emballagedigest.fr\/en\/wp-json\/wp\/v2\/posts"}],"about":[{"href":"https:\/\/www.emballagedigest.fr\/en\/wp-json\/wp\/v2\/types\/post"}],"author":[{"embeddable":true,"href":"https:\/\/www.emballagedigest.fr\/en\/wp-json\/wp\/v2\/users\/2"}],"replies":[{"embeddable":true,"href":"https:\/\/www.emballagedigest.fr\/en\/wp-json\/wp\/v2\/comments?post=39498"}],"version-history":[{"count":3,"href":"https:\/\/www.emballagedigest.fr\/en\/wp-json\/wp\/v2\/posts\/39498\/revisions"}],"predecessor-version":[{"id":39509,"href":"https:\/\/www.emballagedigest.fr\/en\/wp-json\/wp\/v2\/posts\/39498\/revisions\/39509"}],"wp:featuredmedia":[{"embeddable":true,"href":"https:\/\/www.emballagedigest.fr\/en\/wp-json\/wp\/v2\/media\/39501"}],"wp:attachment":[{"href":"https:\/\/www.emballagedigest.fr\/en\/wp-json\/wp\/v2\/media?parent=39498"}],"wp:term":[{"taxonomy":"category","embeddable":true,"href":"https:\/\/www.emballagedigest.fr\/en\/wp-json\/wp\/v2\/categories?post=39498"},{"taxonomy":"post_tag","embeddable":true,"href":"https:\/\/www.emballagedigest.fr\/en\/wp-json\/wp\/v2\/tags?post=39498"}],"curies":[{"name":"wp","href":"https:\/\/api.w.org\/{rel}","templated":true}]}}