{"id":39686,"date":"2024-01-19T11:46:00","date_gmt":"2024-01-19T10:46:00","guid":{"rendered":"https:\/\/www.emballagedigest.fr\/?p=39686"},"modified":"2024-01-23T11:52:48","modified_gmt":"2024-01-23T10:52:48","slug":"lemballage-bois-resiste-aux-tempetes-reglementaires","status":"publish","type":"post","link":"https:\/\/www.emballagedigest.fr\/en\/lemballage-bois-resiste-aux-tempetes-reglementaires\/","title":{"rendered":"L\u2019emballage bois r\u00e9siste aux temp\u00eates r\u00e9glementaires"},"content":{"rendered":"<p><strong>Pour \u00e9voquer les derni\u00e8res actualit\u00e9s du secteur des emballages bois l\u00e9gers et des palettes bois, Emballage Digest vous d\u00e9voile l\u2019interview crois\u00e9e d\u2019Olivier de Lagausie, d\u00e9l\u00e9gu\u00e9 g\u00e9n\u00e9ral du syndicat national des industriels de l\u2019emballage l\u00e9ger en bois (SIEL-GROW) et Jean-Philippe Gaussorgues, vice-pr\u00e9sident de la FNB-SYPAL et pr\u00e9sident d\u2019EPAL France.<\/strong><\/p>\n\n\n\n<p><strong><em>Comment se portent les march\u00e9s de l\u2019emballage bois l\u00e9ger et de la palette bois en France\u00a0?<\/em><\/strong><br><strong>Jean-Philippe Gaussorgues :<\/strong> Le march\u00e9 de la palette bois reste stable en volume, \u00e0 139 millions de palettes neuves et reconditionn\u00e9es vendues en 2022. Le chiffre d\u2019affaires embarqu\u00e9 atteint les 2,410 Mrds d\u2019euros, toutes activit\u00e9s confondues, en hausse de 34% par rapport \u00e0 2020 principalement due \u00e0 l\u2019inflation des mati\u00e8res premi\u00e8res. Pour rappel, le bois repr\u00e9sente 70 \u00e0 75% du prix de la palette. Le mouvement est donc m\u00e9canique. C\u00f4t\u00e9 entreprises, le march\u00e9 poursuit sa concentration. De 645 soci\u00e9t\u00e9s en 2019, l\u2019on d\u00e9nombrait en 2022 plus que 504 acteurs, avec encore une grande disparit\u00e9 des profils, que ce soit en fabrication de palettes neuves ou en r\u00e9paration et reconditionnement de palettes.<br><strong>Olivier de Lagausie :<\/strong> Nous allons tr\u00e8s prochainement publier nos r\u00e9sultats chiffr\u00e9s 2022. Dans les grandes lignes, entre 2019 et 2022, les gros emballages bois (fruits &amp; l\u00e9gumes, plateaux fromages, etc.) ont enregistr\u00e9 une progression int\u00e9ressante. Pour les plus petits formats d\u00e9di\u00e9s aux m\u00e9tiers de bouche, par exemple, la tendance a \u00e9t\u00e9 moins favorable, nos emballages ayant subi une campagne de d\u00e9nigrement non justifi\u00e9e quant \u00e0 leur absence de recyclabilit\u00e9 en fin de vie. Ceci est paradoxal dans la mesure o\u00f9 le bilan environnemental de ces emballages est excellent. Nous avons donc mis toute notre \u00e9nergie ces deux derni\u00e8res ann\u00e9es pour remettre les pendules \u00e0 l\u2019heure.<\/p>\n\n\n\n<p><strong><em>Quelles actions avez-vous d\u00fb mettre en place pour \u00ab&nbsp;redorer&nbsp;\u00bb le blason de l\u2019emballage bois l\u00e9ger&nbsp;?<\/em><\/strong><br><strong>Olivier de Lagausie&nbsp;:<\/strong> En 2021, le point vert de l\u2019emballage bois avait atteint des sommets astronomiques \u00e0 41,6 centimes le kilo. Malgr\u00e9 le faible poids de nos solutions bois, ce taux \u00e9tait tr\u00e8s p\u00e9nalisant pour les producteurs d\u2019autant plus qu\u2019il \u00e9tait indiqu\u00e9 comme non recyclable par Citeo. De ce fait, les distributeurs nous classaient souvent sur leur liste rouge. A la demande du Minist\u00e8re de l\u2019\u00e9cologie, l\u2019Ademe, Citeo et un cabinet ext\u00e9rieur ont \u00e9t\u00e9 mandat\u00e9s pour r\u00e9aliser une \u00e9tude des fins de vie compar\u00e9es de l\u2019emballage bois \u00e0 destination des m\u00e9nages : celle-ci&nbsp;a d\u00e9montr\u00e9 tout l\u2019int\u00e9r\u00eat et la l\u00e9gitimit\u00e9 du refus de tri en centre de tri. En effet, tant d\u2019un point de vue \u00e9cologique qu\u2019\u00e9conomique, cette solution s\u2019av\u00e8re optimale car les investissements pour \u00e9quiper les centres auraient \u00e9t\u00e9 disproportionn\u00e9s au regard du faible gisement de bois collect\u00e9 en France (25&nbsp;000 tonnes). Sont ainsi pr\u00e9conis\u00e9s une valorisation \u00e9nerg\u00e9tique de ces d\u00e9chets, leur incin\u00e9ration ou m\u00eame leur enfouissement puisque le bois est naturel et non trait\u00e9. La derni\u00e8re voie ne nous semble pas souhaitable pour autant.<br>Ainsi, l\u2019\u00e9tude \u2013 avec ACV compar\u00e9e \u2013 livr\u00e9e au Minist\u00e8re en 2022 a finalement permis la r\u00e9vision du tarif de l\u2019\u00e9cocontribution de l\u2019emballage bois, \u00e0 la baisse de 45% par rapport \u00e0 2021 pour atteindre d\u00e9sormais les 20,19 centimes le kilo. En parall\u00e8le, a \u00e9t\u00e9 adopt\u00e9e l\u2019exemption de recyclage pour les emballages bois, effective depuis le 01 janvier 2024 en cons\u00e9quence du nouveau cahier des charges 2024 des \u00e9co-organismes publi\u00e9 en&nbsp;d\u00e9cembre 2023. Nous continuons \u00e0 communiquer aupr\u00e8s des f\u00e9d\u00e9rations et syndicats de la grande distribution afin de les rassurer \u00e0 nouveau sur l\u2019usage et la fin de vie&nbsp;des emballages bois. C\u00f4t\u00e9 consommateurs, cela ne change rien&nbsp;: nos produits doivent continuer \u00e0 \u00eatre jet\u00e9s dans la poubelle jaune.<\/p>\n\n\n\n<p><strong><em>Avez-vous \u00e9galement travaill\u00e9 sur l\u2019ACV de la palette bois&nbsp;?<\/em><\/strong><br><strong>Jean-Philippe Gaussorgues&nbsp;: <\/strong>La derni\u00e8re en date remontait \u00e0 2012. Il \u00e9tait donc temps de la mettre \u00e0 jour. Elle sera d\u00e9voil\u00e9e en ce d\u00e9but d\u2019ann\u00e9e. Les r\u00e9sultats restent stables par rapport \u00e0 la derni\u00e8re version. La palette bois pr\u00e9sente un tr\u00e8s bon bilan, puisque le bois capte du carbone. Les postes les plus \u00e9nergivores restent son transport par camion \u2013 90% des palettes neuves sont vendues \u00e0 moins de 300 km de leur lieu de production \u2013 et dans sa fabrication, l\u2019\u00e9nergie utilis\u00e9e par les s\u00e9choirs et le traitement NIMP15. Le gaz et le fioul sont d\u2019ailleurs progressivement remplac\u00e9s par des chaudi\u00e8res biomasse faciles \u00e0 alimenter en bois.<\/p>\n\n\n\n<p><strong><em>Quelles sont vos attentes et craintes par rapport \u00e0 la future REP Emballages Industriels et Commerciaux qui doit \u00eatre effective au 1er janvier 2025&nbsp;?<\/em><\/strong><br><strong>Jean-Philippe Gaussorgues&nbsp;:<\/strong> Sur les 7 MT que repr\u00e9sentent les emballages industriels et commerciaux mis sur le march\u00e9, le bois repr\u00e9sente un gisement de 2 MT. L\u2019enjeu de cette REP est donc strat\u00e9gique. Encore faut-il rappeler que nous n\u2019avons pas attendu cette REP pour faire avec nos palettes du r\u00e9emploi et du recyclage. Nous craignons que cela d\u00e9stabilise des mod\u00e8les existants d\u00e9j\u00e0 bien rod\u00e9s et performants, o\u00f9 les acteurs sont 100% autonomes. Raison pour laquelle nous r\u00e9clamons une REP financi\u00e8re et non op\u00e9rationnelle.<\/p>\n\n\n\n<p><strong><em>Vous restez \u00e9galement vigilants et actifs au niveau europ\u00e9en face \u00e0 l\u2019arriv\u00e9e du PPWR, me semble-t-il&nbsp;?<\/em><\/strong><br><strong>Olivier de Lagausie&nbsp;: <\/strong>En effet, si en France la situation est donc r\u00e9solue, il n\u2019en est rien au niveau europ\u00e9en. L\u2019\u00e9laboration en cours du PPWR nous avait m\u00eame fait revenir en arri\u00e8re sur certains points. Il a fallu donc repartir \u00e0 la charge. Le texte pr\u00e9voit ainsi qu\u2019en 2030, tous les emballages qui n\u2019ont pas de fili\u00e8re de recyclage soient interdits. En ce sens, ce dernier est critiquable car il ne prend en compte ni la sp\u00e9cificit\u00e9 de chaque mat\u00e9riau et emballage, ni la situation r\u00e9elle des march\u00e9s. Quant \u00e0 la partie recyclage, le r\u00e8glement introduit trois notions&nbsp;: il devient obligatoire, doit \u00eatre fait \u00e0 grande \u00e9chelle et \u00eatre de haute qualit\u00e9, c\u2019est-\u00e0-dire en boucle ferm\u00e9e. C\u2019est une d\u00e9finition qui ne convient ni au carton ni au bois. L\u2019emballage l\u00e9ger en bois est, par essence, un emballage mono rotation qui ne sera pas retransform\u00e9 en autre emballage bois apr\u00e8s son recyclage mais plut\u00f4t en panneau de particules, un produit tr\u00e8s recherch\u00e9.<br>Autre point qui nous pose souci&nbsp;: la volet \u00e9nerg\u00e9tique. Le PPWR a \u00e9t\u00e9 r\u00e9dig\u00e9 en pensant aux plastiques puisqu\u2019il demande de pr\u00e9server les mati\u00e8res premi\u00e8res afin de ne pas d\u00e9truire la mati\u00e8re qui le compose. C\u2019est parfaitement justifi\u00e9 quand la ressource n\u2019est pas renouvelable, ce qui n\u2019est pas le cas du bois. L\u2019emballage bois usag\u00e9 repr\u00e9sente une ressource importante, pure car non trait\u00e9e, pour alimenter les chaufferies \u00e0 la recherche de bois de classe A, la plus qualitative, dont le ratio \u00e9nerg\u00e9tique est int\u00e9ressant. Le positionnement de notre fili\u00e8re est coh\u00e9rent avec les politiques \u00e9nerg\u00e9tiques de l\u2019UE.<br>Au vu de ces \u00e9l\u00e9ments, nous avons demand\u00e9 une exemption de l\u2019article 6 pour le bois. Celle-ci a \u00e9t\u00e9 vot\u00e9e par le Parlement europ\u00e9en, puis par le Conseil de l\u2019Europe en d\u00e9cembre dernier, ce qui lui a valu le nom d\u2019\u00abamendement camembert\u00bb dans les m\u00e9dias.<br><strong>Jean-Philippe Gaussorgues&nbsp;: <\/strong>Pour compl\u00e9ter, il reste aussi la question de l\u2019articulation de ce futur r\u00e8glement PPWR avec la loi AGEC. De nombreuses contradictions sont d\u00e9j\u00e0 point\u00e9es du doigt. Pour n\u2019en citer qu\u2019une, l\u2019exemple du taux de r\u00e9emploi des emballages pour lequel la loi AGEC va plus loin et impose des taux selon le chiffre d\u2019affaires des entreprises, ce qui n\u2019est pas le cas du PPWR.<\/p>\n\n\n\n<p><strong><em>Quels sont les autres sujets que vous suivrez avec attention ou m\u00e8nerez en 2024&nbsp;?<\/em><\/strong><br><strong>Olivier de Lagausie&nbsp;:<\/strong> La notion de r\u00e9emploi va poser d\u2019autres questionnements. Si les palettes bois sont tr\u00e8s bien r\u00e9utilis\u00e9es avec entre autres des syst\u00e8mes de location, les emballages l\u00e9gers en bois doivent r\u00e9pondre aux exigences de contact alimentaire. De ce fait, il peut y avoir contradiction entre les obligations d\u2019hygi\u00e8ne &amp; s\u00e9curit\u00e9 et les obligations environnementales. Cependant, une \u00e9conomie du r\u00e9emploi existe pour les emballages bois d\u00e9di\u00e9s aux fruits et l\u00e9gumes \u00e0 peaux ou \u00e0 coques, o\u00f9 des entreprises les remettent en \u00e9tat et les revendent \u00e0 moindre prix. Si cette fili\u00e8re est d\u00e9j\u00e0 op\u00e9rationnelle, elle n\u2019a cependant pas \u00e9t\u00e9 pr\u00e9cis\u00e9ment quantifi\u00e9e, une \u00e9tude \u00e0 venir en 2024 va s\u2019y atteler. Par ailleurs, cette ann\u00e9e, nous veillerons \u00e0 la future r\u00e9vision du r\u00e8glement europ\u00e9en sur le contact alimentaire, mais aussi \u00e0 la r\u00e9vision de la fiche bois de la DGCCRF et pour l\u2019amont mati\u00e8re, \u00e0 la mise \u00e0 jour du r\u00e8glement RBUE sur la ressource foresti\u00e8re.<br><strong>Jean-Philippe Gaussorgues&nbsp;: <\/strong>Nous menons au SYPAL plusieurs projets de front sur le plan industriel. L\u2019un d\u2019entre eux concerne l\u2019am\u00e9lioration de la performance industrielle de nos adh\u00e9rents. Celle-ci passe notamment par l\u2019automatisation du contr\u00f4le des palettes et la mise au point d\u2019un outil combinant cam\u00e9ras et intelligence artificielle. Il sera disponible \u00e0 un prix abordable pour les PME\/ETI et permettra de pallier le manque d\u2019op\u00e9rateurs sur les lignes de production.<br>L\u2019autre grand dossier en cours concerne l\u2019optimisation du traitement NIMP15 des palettes. En lieu et place du traitement thermique classique, l\u2019ITFC d\u00e9veloppe actuellement un proc\u00e9d\u00e9 microondes capable de traiter et s\u00e9cher plus rapidement les palettes et de consommer moins d\u2019\u00e9nergie. Des \u00e9tudes men\u00e9es par la FCBA et le CRITT Bois sont en cours. La prochaine \u00e9tape sera de faire homologuer cette technique par l\u2019ANSES.<br>Enfin, l\u2019autre grand enjeu de notre fili\u00e8re est d\u2019optimiser la qualit\u00e9 des d\u00e9s en bois moul\u00e9 pour palettes fabriqu\u00e9s en France et dont le march\u00e9 ne cesse de progresser. Le bois agglom\u00e9r\u00e9 s\u00e9duit de plus en plus, de par sa r\u00e9sistance et tol\u00e9rance dimensionnelle. Depuis 2022, plus de 30 lignes de fabrication sont en projet en Europe pour une production totale estim\u00e9e \u00e0 1,9 milliards de m3, la France repr\u00e9sentant 10,8% de parts de march\u00e9.<\/p>","protected":false},"excerpt":{"rendered":"<p>Pour \u00e9voquer les derni\u00e8res actualit\u00e9s du secteur des emballages bois l\u00e9gers et des palettes bois, Emballage Digest vous d\u00e9voile l\u2019interview crois\u00e9e d\u2019Olivier de Lagausie, d\u00e9l\u00e9gu\u00e9 g\u00e9n\u00e9ral du syndicat national des industriels de l\u2019emballage l\u00e9ger en bois (SIEL-GROW) et Jean-Philippe Gaussorgues, vice-pr\u00e9sident de la FNB-SYPAL et pr\u00e9sident d\u2019EPAL France. Comment se portent les march\u00e9s de l\u2019emballage [&hellip;]<\/p>","protected":false},"author":2,"featured_media":39687,"comment_status":"closed","ping_status":"closed","sticky":false,"template":"","format":"standard","meta":{"_acf_changed":false,"inline_featured_image":false,"iawp_total_views":2,"footnotes":""},"categories":[26,11,8,65],"tags":[],"class_list":["post-39686","post","type-post","status-publish","format-standard","has-post-thumbnail","hentry","category-laterale","category-emballages","category-industrie","category-vu-dans-le-mag"],"acf":[],"yoast_head":"<!-- This site is optimized with the Yoast SEO plugin v24.4 - https:\/\/yoast.com\/wordpress\/plugins\/seo\/ -->\n<title>L\u2019emballage bois r\u00e9siste aux temp\u00eates r\u00e9glementaires - Emballage Digest<\/title>\n<meta name=\"robots\" content=\"index, follow, max-snippet:-1, max-image-preview:large, max-video-preview:-1\" \/>\n<link rel=\"canonical\" href=\"https:\/\/www.emballagedigest.fr\/en\/lemballage-bois-resiste-aux-tempetes-reglementaires\/\" \/>\n<meta property=\"og:locale\" content=\"en_GB\" \/>\n<meta property=\"og:type\" content=\"article\" \/>\n<meta property=\"og:title\" content=\"L\u2019emballage bois r\u00e9siste aux temp\u00eates r\u00e9glementaires - Emballage Digest\" \/>\n<meta property=\"og:description\" content=\"Pour \u00e9voquer les derni\u00e8res actualit\u00e9s du secteur des emballages bois l\u00e9gers et des palettes bois, Emballage Digest vous d\u00e9voile l\u2019interview crois\u00e9e d\u2019Olivier de Lagausie, d\u00e9l\u00e9gu\u00e9 g\u00e9n\u00e9ral du syndicat national des industriels de l\u2019emballage l\u00e9ger en bois (SIEL-GROW) et Jean-Philippe Gaussorgues, vice-pr\u00e9sident de la FNB-SYPAL et pr\u00e9sident d\u2019EPAL France. Comment se portent les march\u00e9s de l\u2019emballage [&hellip;]\" \/>\n<meta property=\"og:url\" content=\"https:\/\/www.emballagedigest.fr\/en\/lemballage-bois-resiste-aux-tempetes-reglementaires\/\" \/>\n<meta property=\"og:site_name\" content=\"Emballage Digest\" \/>\n<meta property=\"article:published_time\" content=\"2024-01-19T10:46:00+00:00\" \/>\n<meta property=\"article:modified_time\" content=\"2024-01-23T10:52:48+00:00\" \/>\n<meta property=\"og:image\" content=\"https:\/\/www.emballagedigest.fr\/wp-content\/uploads\/2024\/01\/Emballages_Martin.jpg\" \/>\n\t<meta property=\"og:image:width\" content=\"800\" \/>\n\t<meta property=\"og:image:height\" content=\"555\" \/>\n\t<meta property=\"og:image:type\" content=\"image\/jpeg\" \/>\n<meta name=\"author\" content=\"Karine Duval\" \/>\n<meta name=\"twitter:card\" content=\"summary_large_image\" \/>\n<meta name=\"twitter:label1\" content=\"Written by\" \/>\n\t<meta name=\"twitter:data1\" content=\"Karine Duval\" \/>\n\t<meta name=\"twitter:label2\" content=\"Estimated reading time\" \/>\n\t<meta name=\"twitter:data2\" content=\"9 minutes\" \/>\n<script type=\"application\/ld+json\" class=\"yoast-schema-graph\">{\"@context\":\"https:\/\/schema.org\",\"@graph\":[{\"@type\":\"Article\",\"@id\":\"https:\/\/www.emballagedigest.fr\/lemballage-bois-resiste-aux-tempetes-reglementaires\/#article\",\"isPartOf\":{\"@id\":\"https:\/\/www.emballagedigest.fr\/lemballage-bois-resiste-aux-tempetes-reglementaires\/\"},\"author\":{\"name\":\"Karine Duval\",\"@id\":\"https:\/\/www.emballagedigest.fr\/#\/schema\/person\/76abe9f2b2ee4d3d520594c7a35da59f\"},\"headline\":\"L\u2019emballage bois r\u00e9siste aux temp\u00eates r\u00e9glementaires\",\"datePublished\":\"2024-01-19T10:46:00+00:00\",\"dateModified\":\"2024-01-23T10:52:48+00:00\",\"mainEntityOfPage\":{\"@id\":\"https:\/\/www.emballagedigest.fr\/lemballage-bois-resiste-aux-tempetes-reglementaires\/\"},\"wordCount\":1787,\"publisher\":{\"@id\":\"https:\/\/www.emballagedigest.fr\/#organization\"},\"image\":{\"@id\":\"https:\/\/www.emballagedigest.fr\/lemballage-bois-resiste-aux-tempetes-reglementaires\/#primaryimage\"},\"thumbnailUrl\":\"https:\/\/www.emballagedigest.fr\/wp-content\/uploads\/2024\/01\/Emballages_Martin.jpg\",\"articleSection\":[\"Barre lat\u00e9rale\",\"Emballages\",\"Industrie\",\"Vu dans le mag\"],\"inLanguage\":\"en-GB\"},{\"@type\":\"WebPage\",\"@id\":\"https:\/\/www.emballagedigest.fr\/lemballage-bois-resiste-aux-tempetes-reglementaires\/\",\"url\":\"https:\/\/www.emballagedigest.fr\/lemballage-bois-resiste-aux-tempetes-reglementaires\/\",\"name\":\"L\u2019emballage bois r\u00e9siste aux temp\u00eates r\u00e9glementaires - Emballage Digest\",\"isPartOf\":{\"@id\":\"https:\/\/www.emballagedigest.fr\/#website\"},\"primaryImageOfPage\":{\"@id\":\"https:\/\/www.emballagedigest.fr\/lemballage-bois-resiste-aux-tempetes-reglementaires\/#primaryimage\"},\"image\":{\"@id\":\"https:\/\/www.emballagedigest.fr\/lemballage-bois-resiste-aux-tempetes-reglementaires\/#primaryimage\"},\"thumbnailUrl\":\"https:\/\/www.emballagedigest.fr\/wp-content\/uploads\/2024\/01\/Emballages_Martin.jpg\",\"datePublished\":\"2024-01-19T10:46:00+00:00\",\"dateModified\":\"2024-01-23T10:52:48+00:00\",\"breadcrumb\":{\"@id\":\"https:\/\/www.emballagedigest.fr\/lemballage-bois-resiste-aux-tempetes-reglementaires\/#breadcrumb\"},\"inLanguage\":\"en-GB\",\"potentialAction\":[{\"@type\":\"ReadAction\",\"target\":[\"https:\/\/www.emballagedigest.fr\/lemballage-bois-resiste-aux-tempetes-reglementaires\/\"]}]},{\"@type\":\"ImageObject\",\"inLanguage\":\"en-GB\",\"@id\":\"https:\/\/www.emballagedigest.fr\/lemballage-bois-resiste-aux-tempetes-reglementaires\/#primaryimage\",\"url\":\"https:\/\/www.emballagedigest.fr\/wp-content\/uploads\/2024\/01\/Emballages_Martin.jpg\",\"contentUrl\":\"https:\/\/www.emballagedigest.fr\/wp-content\/uploads\/2024\/01\/Emballages_Martin.jpg\",\"width\":800,\"height\":555},{\"@type\":\"BreadcrumbList\",\"@id\":\"https:\/\/www.emballagedigest.fr\/lemballage-bois-resiste-aux-tempetes-reglementaires\/#breadcrumb\",\"itemListElement\":[{\"@type\":\"ListItem\",\"position\":1,\"name\":\"Accueil\",\"item\":\"https:\/\/www.emballagedigest.fr\/\"},{\"@type\":\"ListItem\",\"position\":2,\"name\":\"L\u2019emballage bois r\u00e9siste aux temp\u00eates r\u00e9glementaires\"}]},{\"@type\":\"WebSite\",\"@id\":\"https:\/\/www.emballagedigest.fr\/#website\",\"url\":\"https:\/\/www.emballagedigest.fr\/\",\"name\":\"Emballage Digest\",\"description\":\"Revue professionnelle sur les emballages\",\"publisher\":{\"@id\":\"https:\/\/www.emballagedigest.fr\/#organization\"},\"potentialAction\":[{\"@type\":\"SearchAction\",\"target\":{\"@type\":\"EntryPoint\",\"urlTemplate\":\"https:\/\/www.emballagedigest.fr\/?s={search_term_string}\"},\"query-input\":{\"@type\":\"PropertyValueSpecification\",\"valueRequired\":true,\"valueName\":\"search_term_string\"}}],\"inLanguage\":\"en-GB\"},{\"@type\":\"Organization\",\"@id\":\"https:\/\/www.emballagedigest.fr\/#organization\",\"name\":\"Emballage Digest\",\"url\":\"https:\/\/www.emballagedigest.fr\/\",\"logo\":{\"@type\":\"ImageObject\",\"inLanguage\":\"en-GB\",\"@id\":\"https:\/\/www.emballagedigest.fr\/#\/schema\/logo\/image\/\",\"url\":\"https:\/\/www.emballagedigest.fr\/wp-content\/uploads\/2022\/07\/logo-ed.png\",\"contentUrl\":\"https:\/\/www.emballagedigest.fr\/wp-content\/uploads\/2022\/07\/logo-ed.png\",\"width\":379,\"height\":75,\"caption\":\"Emballage Digest\"},\"image\":{\"@id\":\"https:\/\/www.emballagedigest.fr\/#\/schema\/logo\/image\/\"}},{\"@type\":\"Person\",\"@id\":\"https:\/\/www.emballagedigest.fr\/#\/schema\/person\/76abe9f2b2ee4d3d520594c7a35da59f\",\"name\":\"Karine Duval\",\"image\":{\"@type\":\"ImageObject\",\"inLanguage\":\"en-GB\",\"@id\":\"https:\/\/www.emballagedigest.fr\/#\/schema\/person\/image\/\",\"url\":\"https:\/\/secure.gravatar.com\/avatar\/f552799261cdd2e076e6677d780ef07bdb13aa4c196ab75b39abcbcdcae2d4e5?s=96&d=mm&r=g\",\"contentUrl\":\"https:\/\/secure.gravatar.com\/avatar\/f552799261cdd2e076e6677d780ef07bdb13aa4c196ab75b39abcbcdcae2d4e5?s=96&d=mm&r=g\",\"caption\":\"Karine Duval\"},\"url\":\"https:\/\/www.emballagedigest.fr\/en\/author\/admin_karduv\/\"}]}<\/script>\n<!-- \/ Yoast SEO plugin. -->","yoast_head_json":{"title":"L\u2019emballage bois r\u00e9siste aux temp\u00eates r\u00e9glementaires - Emballage Digest","robots":{"index":"index","follow":"follow","max-snippet":"max-snippet:-1","max-image-preview":"max-image-preview:large","max-video-preview":"max-video-preview:-1"},"canonical":"https:\/\/www.emballagedigest.fr\/en\/lemballage-bois-resiste-aux-tempetes-reglementaires\/","og_locale":"en_GB","og_type":"article","og_title":"L\u2019emballage bois r\u00e9siste aux temp\u00eates r\u00e9glementaires - Emballage Digest","og_description":"Pour \u00e9voquer les derni\u00e8res actualit\u00e9s du secteur des emballages bois l\u00e9gers et des palettes bois, Emballage Digest vous d\u00e9voile l\u2019interview crois\u00e9e d\u2019Olivier de Lagausie, d\u00e9l\u00e9gu\u00e9 g\u00e9n\u00e9ral du syndicat national des industriels de l\u2019emballage l\u00e9ger en bois (SIEL-GROW) et Jean-Philippe Gaussorgues, vice-pr\u00e9sident de la FNB-SYPAL et pr\u00e9sident d\u2019EPAL France. Comment se portent les march\u00e9s de l\u2019emballage [&hellip;]","og_url":"https:\/\/www.emballagedigest.fr\/en\/lemballage-bois-resiste-aux-tempetes-reglementaires\/","og_site_name":"Emballage Digest","article_published_time":"2024-01-19T10:46:00+00:00","article_modified_time":"2024-01-23T10:52:48+00:00","og_image":[{"width":800,"height":555,"url":"https:\/\/www.emballagedigest.fr\/wp-content\/uploads\/2024\/01\/Emballages_Martin.jpg","type":"image\/jpeg"}],"author":"Karine Duval","twitter_card":"summary_large_image","twitter_misc":{"Written by":"Karine Duval","Estimated reading time":"9 minutes"},"schema":{"@context":"https:\/\/schema.org","@graph":[{"@type":"Article","@id":"https:\/\/www.emballagedigest.fr\/lemballage-bois-resiste-aux-tempetes-reglementaires\/#article","isPartOf":{"@id":"https:\/\/www.emballagedigest.fr\/lemballage-bois-resiste-aux-tempetes-reglementaires\/"},"author":{"name":"Karine Duval","@id":"https:\/\/www.emballagedigest.fr\/#\/schema\/person\/76abe9f2b2ee4d3d520594c7a35da59f"},"headline":"L\u2019emballage bois r\u00e9siste aux temp\u00eates r\u00e9glementaires","datePublished":"2024-01-19T10:46:00+00:00","dateModified":"2024-01-23T10:52:48+00:00","mainEntityOfPage":{"@id":"https:\/\/www.emballagedigest.fr\/lemballage-bois-resiste-aux-tempetes-reglementaires\/"},"wordCount":1787,"publisher":{"@id":"https:\/\/www.emballagedigest.fr\/#organization"},"image":{"@id":"https:\/\/www.emballagedigest.fr\/lemballage-bois-resiste-aux-tempetes-reglementaires\/#primaryimage"},"thumbnailUrl":"https:\/\/www.emballagedigest.fr\/wp-content\/uploads\/2024\/01\/Emballages_Martin.jpg","articleSection":["Barre lat\u00e9rale","Emballages","Industrie","Vu dans le mag"],"inLanguage":"en-GB"},{"@type":"WebPage","@id":"https:\/\/www.emballagedigest.fr\/lemballage-bois-resiste-aux-tempetes-reglementaires\/","url":"https:\/\/www.emballagedigest.fr\/lemballage-bois-resiste-aux-tempetes-reglementaires\/","name":"L\u2019emballage bois r\u00e9siste aux temp\u00eates r\u00e9glementaires - Emballage Digest","isPartOf":{"@id":"https:\/\/www.emballagedigest.fr\/#website"},"primaryImageOfPage":{"@id":"https:\/\/www.emballagedigest.fr\/lemballage-bois-resiste-aux-tempetes-reglementaires\/#primaryimage"},"image":{"@id":"https:\/\/www.emballagedigest.fr\/lemballage-bois-resiste-aux-tempetes-reglementaires\/#primaryimage"},"thumbnailUrl":"https:\/\/www.emballagedigest.fr\/wp-content\/uploads\/2024\/01\/Emballages_Martin.jpg","datePublished":"2024-01-19T10:46:00+00:00","dateModified":"2024-01-23T10:52:48+00:00","breadcrumb":{"@id":"https:\/\/www.emballagedigest.fr\/lemballage-bois-resiste-aux-tempetes-reglementaires\/#breadcrumb"},"inLanguage":"en-GB","potentialAction":[{"@type":"ReadAction","target":["https:\/\/www.emballagedigest.fr\/lemballage-bois-resiste-aux-tempetes-reglementaires\/"]}]},{"@type":"ImageObject","inLanguage":"en-GB","@id":"https:\/\/www.emballagedigest.fr\/lemballage-bois-resiste-aux-tempetes-reglementaires\/#primaryimage","url":"https:\/\/www.emballagedigest.fr\/wp-content\/uploads\/2024\/01\/Emballages_Martin.jpg","contentUrl":"https:\/\/www.emballagedigest.fr\/wp-content\/uploads\/2024\/01\/Emballages_Martin.jpg","width":800,"height":555},{"@type":"BreadcrumbList","@id":"https:\/\/www.emballagedigest.fr\/lemballage-bois-resiste-aux-tempetes-reglementaires\/#breadcrumb","itemListElement":[{"@type":"ListItem","position":1,"name":"Accueil","item":"https:\/\/www.emballagedigest.fr\/"},{"@type":"ListItem","position":2,"name":"L\u2019emballage bois r\u00e9siste aux temp\u00eates r\u00e9glementaires"}]},{"@type":"WebSite","@id":"https:\/\/www.emballagedigest.fr\/#website","url":"https:\/\/www.emballagedigest.fr\/","name":"Emballage Digest","description":"Revue professionnelle sur les emballages","publisher":{"@id":"https:\/\/www.emballagedigest.fr\/#organization"},"potentialAction":[{"@type":"SearchAction","target":{"@type":"EntryPoint","urlTemplate":"https:\/\/www.emballagedigest.fr\/?s={search_term_string}"},"query-input":{"@type":"PropertyValueSpecification","valueRequired":true,"valueName":"search_term_string"}}],"inLanguage":"en-GB"},{"@type":"Organization","@id":"https:\/\/www.emballagedigest.fr\/#organization","name":"Emballage Digest","url":"https:\/\/www.emballagedigest.fr\/","logo":{"@type":"ImageObject","inLanguage":"en-GB","@id":"https:\/\/www.emballagedigest.fr\/#\/schema\/logo\/image\/","url":"https:\/\/www.emballagedigest.fr\/wp-content\/uploads\/2022\/07\/logo-ed.png","contentUrl":"https:\/\/www.emballagedigest.fr\/wp-content\/uploads\/2022\/07\/logo-ed.png","width":379,"height":75,"caption":"Emballage Digest"},"image":{"@id":"https:\/\/www.emballagedigest.fr\/#\/schema\/logo\/image\/"}},{"@type":"Person","@id":"https:\/\/www.emballagedigest.fr\/#\/schema\/person\/76abe9f2b2ee4d3d520594c7a35da59f","name":"Karine Duval","image":{"@type":"ImageObject","inLanguage":"en-GB","@id":"https:\/\/www.emballagedigest.fr\/#\/schema\/person\/image\/","url":"https:\/\/secure.gravatar.com\/avatar\/f552799261cdd2e076e6677d780ef07bdb13aa4c196ab75b39abcbcdcae2d4e5?s=96&d=mm&r=g","contentUrl":"https:\/\/secure.gravatar.com\/avatar\/f552799261cdd2e076e6677d780ef07bdb13aa4c196ab75b39abcbcdcae2d4e5?s=96&d=mm&r=g","caption":"Karine Duval"},"url":"https:\/\/www.emballagedigest.fr\/en\/author\/admin_karduv\/"}]}},"_links":{"self":[{"href":"https:\/\/www.emballagedigest.fr\/en\/wp-json\/wp\/v2\/posts\/39686","targetHints":{"allow":["GET"]}}],"collection":[{"href":"https:\/\/www.emballagedigest.fr\/en\/wp-json\/wp\/v2\/posts"}],"about":[{"href":"https:\/\/www.emballagedigest.fr\/en\/wp-json\/wp\/v2\/types\/post"}],"author":[{"embeddable":true,"href":"https:\/\/www.emballagedigest.fr\/en\/wp-json\/wp\/v2\/users\/2"}],"replies":[{"embeddable":true,"href":"https:\/\/www.emballagedigest.fr\/en\/wp-json\/wp\/v2\/comments?post=39686"}],"version-history":[{"count":2,"href":"https:\/\/www.emballagedigest.fr\/en\/wp-json\/wp\/v2\/posts\/39686\/revisions"}],"predecessor-version":[{"id":39689,"href":"https:\/\/www.emballagedigest.fr\/en\/wp-json\/wp\/v2\/posts\/39686\/revisions\/39689"}],"wp:featuredmedia":[{"embeddable":true,"href":"https:\/\/www.emballagedigest.fr\/en\/wp-json\/wp\/v2\/media\/39687"}],"wp:attachment":[{"href":"https:\/\/www.emballagedigest.fr\/en\/wp-json\/wp\/v2\/media?parent=39686"}],"wp:term":[{"taxonomy":"category","embeddable":true,"href":"https:\/\/www.emballagedigest.fr\/en\/wp-json\/wp\/v2\/categories?post=39686"},{"taxonomy":"post_tag","embeddable":true,"href":"https:\/\/www.emballagedigest.fr\/en\/wp-json\/wp\/v2\/tags?post=39686"}],"curies":[{"name":"wp","href":"https:\/\/api.w.org\/{rel}","templated":true}]}}