{"id":39925,"date":"2024-02-20T00:03:43","date_gmt":"2024-02-19T23:03:43","guid":{"rendered":"https:\/\/www.emballagedigest.fr\/?p=39925"},"modified":"2024-02-21T08:47:01","modified_gmt":"2024-02-21T07:47:01","slug":"aluflexpack-tombe-dans-le-giron-de-constantia-flexibles","status":"publish","type":"post","link":"https:\/\/www.emballagedigest.fr\/en\/aluflexpack-tombe-dans-le-giron-de-constantia-flexibles\/","title":{"rendered":"Aluflexpack tombe dans le giron de Constantia Flexibles"},"content":{"rendered":"<p><strong>Constantia Flexibles annonce avoir sign\u00e9 un accord pour l&rsquo;acquisition d&rsquo;environ 57% des actions du fabricant suisse d\u2019emballages et de solutions barri\u00e8re Aluflexpack. Parall\u00e8lement, le repreneur Flexibles lancera une offre publique d&rsquo;achat en num\u00e9raire pour toutes les actions nominatives d&rsquo;Aluflexpack d\u00e9tenues par le public.<\/strong><\/p>\n\n\n\n<p>Avec cette acquisition, le groupe autrichien Constantia Flexibles compte compl\u00e9ter son portefeuille de solutions d&#8217;emballage. Implant\u00e9 sur 14 sites en Europe et employant plus de 1 500 personnes, Aluflexpack est un acteur majeur de l&rsquo;industrie europ\u00e9enne de l&#8217;emballage, sp\u00e9cialis\u00e9e dans les emballages en feuilles et en films pour les march\u00e9s des produits de consommation et des produits pharmaceutiques.<\/p>\n\n\n\n<figure class=\"wp-block-image size-full is-resized\"><img loading=\"lazy\" decoding=\"async\" src=\"https:\/\/www.emballagedigest.fr\/wp-content\/uploads\/2024\/02\/constantia2.jpg\" alt=\"\" class=\"wp-image-39927\" width=\"829\" height=\"510\" srcset=\"https:\/\/www.emballagedigest.fr\/wp-content\/uploads\/2024\/02\/constantia2.jpg 800w, https:\/\/www.emballagedigest.fr\/wp-content\/uploads\/2024\/02\/constantia2-300x185.jpg 300w, https:\/\/www.emballagedigest.fr\/wp-content\/uploads\/2024\/02\/constantia2-768x472.jpg 768w, https:\/\/www.emballagedigest.fr\/wp-content\/uploads\/2024\/02\/constantia2-18x12.jpg 18w\" sizes=\"auto, (max-width: 829px) 100vw, 829px\" \/><\/figure>\n\n\n\n<p>Fort de ses performances financi\u00e8res \u2013 avec un chiffre d&rsquo;affaires \u00e0 380,6 millions d&rsquo;euros en progression de 6,5% en 2023 \u2013 Aluflexpack a \u00e9t\u00e9 repris en 2012 par Michael Tojner avant d\u2019entrer en Bourse suisse en 2019. Son empreinte g\u00e9ographique est compl\u00e9mentaire de Constantia Flexibles, notamment en Turquie et en Pologne, et s&rsquo;\u00e9tend aux pays de l&rsquo;Europe du Sud-Est.<\/p>\n\n\n\n<p>\u00ab\u00a0Cette acquisition s&rsquo;inscrit parfaitement dans notre strat\u00e9gie Vision 2030 qui vise \u00e0 positionner Constantia Flexibles en tant qu&rsquo;acteur majeur du march\u00e9 de l&#8217;emballage. La combinaison de nos activit\u00e9s repr\u00e9sente une excellente ad\u00e9quation strat\u00e9gique et culturelle. Elle nous permettra de mieux servir nos clients gr\u00e2ce \u00e0 une gamme de produits durables am\u00e9lior\u00e9e, soutenue par un portefeuille technologique enti\u00e8rement int\u00e9gr\u00e9, tout en \u00e9tendant notre port\u00e9e g\u00e9ographique\u00a0\u00bb, commente Pim Vervaat (photo), PDG de Constantia Flexibles.<\/p>\n\n\n\n<p>La transaction devrait \u00eatre finalis\u00e9e au quatri\u00e8me trimestre 2024, sous r\u00e9serve de l&rsquo;obtention des autorisations r\u00e9glementaires.<\/p>","protected":false},"excerpt":{"rendered":"<p>Constantia Flexibles annonce avoir sign\u00e9 un accord pour l&rsquo;acquisition d&rsquo;environ 57% des actions du fabricant suisse d\u2019emballages et de solutions barri\u00e8re Aluflexpack. Parall\u00e8lement, le repreneur Flexibles lancera une offre publique d&rsquo;achat en num\u00e9raire pour toutes les actions nominatives d&rsquo;Aluflexpack d\u00e9tenues par le public. Avec cette acquisition, le groupe autrichien Constantia Flexibles compte compl\u00e9ter son portefeuille [&hellip;]<\/p>","protected":false},"author":2,"featured_media":39926,"comment_status":"closed","ping_status":"closed","sticky":false,"template":"","format":"standard","meta":{"_acf_changed":false,"inline_featured_image":false,"iawp_total_views":2,"footnotes":""},"categories":[28,10,81,7],"tags":[],"class_list":["post-39925","post","type-post","status-publish","format-standard","has-post-thumbnail","hentry","category-article-entier","category-materiaux","category-packaging","category-pharmacie"],"acf":[],"yoast_head":"<!-- This site is optimized with the Yoast SEO plugin v24.4 - https:\/\/yoast.com\/wordpress\/plugins\/seo\/ -->\n<title>Aluflexpack tombe dans le giron de Constantia Flexibles - Emballage Digest<\/title>\n<meta name=\"robots\" content=\"index, follow, max-snippet:-1, max-image-preview:large, max-video-preview:-1\" \/>\n<link rel=\"canonical\" href=\"https:\/\/www.emballagedigest.fr\/en\/aluflexpack-tombe-dans-le-giron-de-constantia-flexibles\/\" \/>\n<meta property=\"og:locale\" content=\"en_GB\" \/>\n<meta property=\"og:type\" content=\"article\" \/>\n<meta property=\"og:title\" content=\"Aluflexpack tombe dans le giron de Constantia Flexibles - Emballage Digest\" \/>\n<meta property=\"og:description\" content=\"Constantia Flexibles annonce avoir sign\u00e9 un accord pour l&rsquo;acquisition d&rsquo;environ 57% des actions du fabricant suisse d\u2019emballages et de solutions barri\u00e8re Aluflexpack. Parall\u00e8lement, le repreneur Flexibles lancera une offre publique d&rsquo;achat en num\u00e9raire pour toutes les actions nominatives d&rsquo;Aluflexpack d\u00e9tenues par le public. Avec cette acquisition, le groupe autrichien Constantia Flexibles compte compl\u00e9ter son portefeuille [&hellip;]\" \/>\n<meta property=\"og:url\" content=\"https:\/\/www.emballagedigest.fr\/en\/aluflexpack-tombe-dans-le-giron-de-constantia-flexibles\/\" \/>\n<meta property=\"og:site_name\" content=\"Emballage Digest\" \/>\n<meta property=\"article:published_time\" content=\"2024-02-19T23:03:43+00:00\" \/>\n<meta property=\"article:modified_time\" content=\"2024-02-21T07:47:01+00:00\" \/>\n<meta property=\"og:image\" content=\"https:\/\/www.emballagedigest.fr\/wp-content\/uploads\/2024\/02\/constantia1.jpg\" \/>\n\t<meta property=\"og:image:width\" content=\"800\" \/>\n\t<meta property=\"og:image:height\" content=\"480\" \/>\n\t<meta property=\"og:image:type\" content=\"image\/jpeg\" \/>\n<meta name=\"author\" content=\"Karine Duval\" \/>\n<meta name=\"twitter:card\" content=\"summary_large_image\" \/>\n<meta name=\"twitter:label1\" content=\"Written by\" \/>\n\t<meta name=\"twitter:data1\" content=\"Karine Duval\" \/>\n\t<meta name=\"twitter:label2\" content=\"Estimated reading time\" \/>\n\t<meta name=\"twitter:data2\" content=\"2 minutes\" \/>\n<script type=\"application\/ld+json\" class=\"yoast-schema-graph\">{\"@context\":\"https:\/\/schema.org\",\"@graph\":[{\"@type\":\"Article\",\"@id\":\"https:\/\/www.emballagedigest.fr\/aluflexpack-tombe-dans-le-giron-de-constantia-flexibles\/#article\",\"isPartOf\":{\"@id\":\"https:\/\/www.emballagedigest.fr\/aluflexpack-tombe-dans-le-giron-de-constantia-flexibles\/\"},\"author\":{\"name\":\"Karine Duval\",\"@id\":\"https:\/\/www.emballagedigest.fr\/#\/schema\/person\/76abe9f2b2ee4d3d520594c7a35da59f\"},\"headline\":\"Aluflexpack tombe dans le giron de Constantia Flexibles\",\"datePublished\":\"2024-02-19T23:03:43+00:00\",\"dateModified\":\"2024-02-21T07:47:01+00:00\",\"mainEntityOfPage\":{\"@id\":\"https:\/\/www.emballagedigest.fr\/aluflexpack-tombe-dans-le-giron-de-constantia-flexibles\/\"},\"wordCount\":285,\"publisher\":{\"@id\":\"https:\/\/www.emballagedigest.fr\/#organization\"},\"image\":{\"@id\":\"https:\/\/www.emballagedigest.fr\/aluflexpack-tombe-dans-le-giron-de-constantia-flexibles\/#primaryimage\"},\"thumbnailUrl\":\"https:\/\/www.emballagedigest.fr\/wp-content\/uploads\/2024\/02\/constantia1.jpg\",\"articleSection\":[\"Article entier\",\"Mat\u00e9riaux\",\"Packaging\",\"Pharmacie\"],\"inLanguage\":\"en-GB\"},{\"@type\":\"WebPage\",\"@id\":\"https:\/\/www.emballagedigest.fr\/aluflexpack-tombe-dans-le-giron-de-constantia-flexibles\/\",\"url\":\"https:\/\/www.emballagedigest.fr\/aluflexpack-tombe-dans-le-giron-de-constantia-flexibles\/\",\"name\":\"Aluflexpack tombe dans le giron de Constantia Flexibles - Emballage Digest\",\"isPartOf\":{\"@id\":\"https:\/\/www.emballagedigest.fr\/#website\"},\"primaryImageOfPage\":{\"@id\":\"https:\/\/www.emballagedigest.fr\/aluflexpack-tombe-dans-le-giron-de-constantia-flexibles\/#primaryimage\"},\"image\":{\"@id\":\"https:\/\/www.emballagedigest.fr\/aluflexpack-tombe-dans-le-giron-de-constantia-flexibles\/#primaryimage\"},\"thumbnailUrl\":\"https:\/\/www.emballagedigest.fr\/wp-content\/uploads\/2024\/02\/constantia1.jpg\",\"datePublished\":\"2024-02-19T23:03:43+00:00\",\"dateModified\":\"2024-02-21T07:47:01+00:00\",\"breadcrumb\":{\"@id\":\"https:\/\/www.emballagedigest.fr\/aluflexpack-tombe-dans-le-giron-de-constantia-flexibles\/#breadcrumb\"},\"inLanguage\":\"en-GB\",\"potentialAction\":[{\"@type\":\"ReadAction\",\"target\":[\"https:\/\/www.emballagedigest.fr\/aluflexpack-tombe-dans-le-giron-de-constantia-flexibles\/\"]}]},{\"@type\":\"ImageObject\",\"inLanguage\":\"en-GB\",\"@id\":\"https:\/\/www.emballagedigest.fr\/aluflexpack-tombe-dans-le-giron-de-constantia-flexibles\/#primaryimage\",\"url\":\"https:\/\/www.emballagedigest.fr\/wp-content\/uploads\/2024\/02\/constantia1.jpg\",\"contentUrl\":\"https:\/\/www.emballagedigest.fr\/wp-content\/uploads\/2024\/02\/constantia1.jpg\",\"width\":800,\"height\":480},{\"@type\":\"BreadcrumbList\",\"@id\":\"https:\/\/www.emballagedigest.fr\/aluflexpack-tombe-dans-le-giron-de-constantia-flexibles\/#breadcrumb\",\"itemListElement\":[{\"@type\":\"ListItem\",\"position\":1,\"name\":\"Accueil\",\"item\":\"https:\/\/www.emballagedigest.fr\/\"},{\"@type\":\"ListItem\",\"position\":2,\"name\":\"Aluflexpack tombe dans le giron de Constantia Flexibles\"}]},{\"@type\":\"WebSite\",\"@id\":\"https:\/\/www.emballagedigest.fr\/#website\",\"url\":\"https:\/\/www.emballagedigest.fr\/\",\"name\":\"Emballage Digest\",\"description\":\"Revue professionnelle sur les emballages\",\"publisher\":{\"@id\":\"https:\/\/www.emballagedigest.fr\/#organization\"},\"potentialAction\":[{\"@type\":\"SearchAction\",\"target\":{\"@type\":\"EntryPoint\",\"urlTemplate\":\"https:\/\/www.emballagedigest.fr\/?s={search_term_string}\"},\"query-input\":{\"@type\":\"PropertyValueSpecification\",\"valueRequired\":true,\"valueName\":\"search_term_string\"}}],\"inLanguage\":\"en-GB\"},{\"@type\":\"Organization\",\"@id\":\"https:\/\/www.emballagedigest.fr\/#organization\",\"name\":\"Emballage Digest\",\"url\":\"https:\/\/www.emballagedigest.fr\/\",\"logo\":{\"@type\":\"ImageObject\",\"inLanguage\":\"en-GB\",\"@id\":\"https:\/\/www.emballagedigest.fr\/#\/schema\/logo\/image\/\",\"url\":\"https:\/\/www.emballagedigest.fr\/wp-content\/uploads\/2022\/07\/logo-ed.png\",\"contentUrl\":\"https:\/\/www.emballagedigest.fr\/wp-content\/uploads\/2022\/07\/logo-ed.png\",\"width\":379,\"height\":75,\"caption\":\"Emballage Digest\"},\"image\":{\"@id\":\"https:\/\/www.emballagedigest.fr\/#\/schema\/logo\/image\/\"}},{\"@type\":\"Person\",\"@id\":\"https:\/\/www.emballagedigest.fr\/#\/schema\/person\/76abe9f2b2ee4d3d520594c7a35da59f\",\"name\":\"Karine Duval\",\"image\":{\"@type\":\"ImageObject\",\"inLanguage\":\"en-GB\",\"@id\":\"https:\/\/www.emballagedigest.fr\/#\/schema\/person\/image\/\",\"url\":\"https:\/\/secure.gravatar.com\/avatar\/f552799261cdd2e076e6677d780ef07bdb13aa4c196ab75b39abcbcdcae2d4e5?s=96&d=mm&r=g\",\"contentUrl\":\"https:\/\/secure.gravatar.com\/avatar\/f552799261cdd2e076e6677d780ef07bdb13aa4c196ab75b39abcbcdcae2d4e5?s=96&d=mm&r=g\",\"caption\":\"Karine Duval\"},\"url\":\"https:\/\/www.emballagedigest.fr\/en\/author\/admin_karduv\/\"}]}<\/script>\n<!-- \/ Yoast SEO plugin. -->","yoast_head_json":{"title":"Aluflexpack tombe dans le giron de Constantia Flexibles - Emballage Digest","robots":{"index":"index","follow":"follow","max-snippet":"max-snippet:-1","max-image-preview":"max-image-preview:large","max-video-preview":"max-video-preview:-1"},"canonical":"https:\/\/www.emballagedigest.fr\/en\/aluflexpack-tombe-dans-le-giron-de-constantia-flexibles\/","og_locale":"en_GB","og_type":"article","og_title":"Aluflexpack tombe dans le giron de Constantia Flexibles - Emballage Digest","og_description":"Constantia Flexibles annonce avoir sign\u00e9 un accord pour l&rsquo;acquisition d&rsquo;environ 57% des actions du fabricant suisse d\u2019emballages et de solutions barri\u00e8re Aluflexpack. Parall\u00e8lement, le repreneur Flexibles lancera une offre publique d&rsquo;achat en num\u00e9raire pour toutes les actions nominatives d&rsquo;Aluflexpack d\u00e9tenues par le public. Avec cette acquisition, le groupe autrichien Constantia Flexibles compte compl\u00e9ter son portefeuille [&hellip;]","og_url":"https:\/\/www.emballagedigest.fr\/en\/aluflexpack-tombe-dans-le-giron-de-constantia-flexibles\/","og_site_name":"Emballage Digest","article_published_time":"2024-02-19T23:03:43+00:00","article_modified_time":"2024-02-21T07:47:01+00:00","og_image":[{"width":800,"height":480,"url":"https:\/\/www.emballagedigest.fr\/wp-content\/uploads\/2024\/02\/constantia1.jpg","type":"image\/jpeg"}],"author":"Karine Duval","twitter_card":"summary_large_image","twitter_misc":{"Written by":"Karine Duval","Estimated reading time":"2 minutes"},"schema":{"@context":"https:\/\/schema.org","@graph":[{"@type":"Article","@id":"https:\/\/www.emballagedigest.fr\/aluflexpack-tombe-dans-le-giron-de-constantia-flexibles\/#article","isPartOf":{"@id":"https:\/\/www.emballagedigest.fr\/aluflexpack-tombe-dans-le-giron-de-constantia-flexibles\/"},"author":{"name":"Karine Duval","@id":"https:\/\/www.emballagedigest.fr\/#\/schema\/person\/76abe9f2b2ee4d3d520594c7a35da59f"},"headline":"Aluflexpack tombe dans le giron de Constantia Flexibles","datePublished":"2024-02-19T23:03:43+00:00","dateModified":"2024-02-21T07:47:01+00:00","mainEntityOfPage":{"@id":"https:\/\/www.emballagedigest.fr\/aluflexpack-tombe-dans-le-giron-de-constantia-flexibles\/"},"wordCount":285,"publisher":{"@id":"https:\/\/www.emballagedigest.fr\/#organization"},"image":{"@id":"https:\/\/www.emballagedigest.fr\/aluflexpack-tombe-dans-le-giron-de-constantia-flexibles\/#primaryimage"},"thumbnailUrl":"https:\/\/www.emballagedigest.fr\/wp-content\/uploads\/2024\/02\/constantia1.jpg","articleSection":["Article entier","Mat\u00e9riaux","Packaging","Pharmacie"],"inLanguage":"en-GB"},{"@type":"WebPage","@id":"https:\/\/www.emballagedigest.fr\/aluflexpack-tombe-dans-le-giron-de-constantia-flexibles\/","url":"https:\/\/www.emballagedigest.fr\/aluflexpack-tombe-dans-le-giron-de-constantia-flexibles\/","name":"Aluflexpack tombe dans le giron de Constantia Flexibles - Emballage Digest","isPartOf":{"@id":"https:\/\/www.emballagedigest.fr\/#website"},"primaryImageOfPage":{"@id":"https:\/\/www.emballagedigest.fr\/aluflexpack-tombe-dans-le-giron-de-constantia-flexibles\/#primaryimage"},"image":{"@id":"https:\/\/www.emballagedigest.fr\/aluflexpack-tombe-dans-le-giron-de-constantia-flexibles\/#primaryimage"},"thumbnailUrl":"https:\/\/www.emballagedigest.fr\/wp-content\/uploads\/2024\/02\/constantia1.jpg","datePublished":"2024-02-19T23:03:43+00:00","dateModified":"2024-02-21T07:47:01+00:00","breadcrumb":{"@id":"https:\/\/www.emballagedigest.fr\/aluflexpack-tombe-dans-le-giron-de-constantia-flexibles\/#breadcrumb"},"inLanguage":"en-GB","potentialAction":[{"@type":"ReadAction","target":["https:\/\/www.emballagedigest.fr\/aluflexpack-tombe-dans-le-giron-de-constantia-flexibles\/"]}]},{"@type":"ImageObject","inLanguage":"en-GB","@id":"https:\/\/www.emballagedigest.fr\/aluflexpack-tombe-dans-le-giron-de-constantia-flexibles\/#primaryimage","url":"https:\/\/www.emballagedigest.fr\/wp-content\/uploads\/2024\/02\/constantia1.jpg","contentUrl":"https:\/\/www.emballagedigest.fr\/wp-content\/uploads\/2024\/02\/constantia1.jpg","width":800,"height":480},{"@type":"BreadcrumbList","@id":"https:\/\/www.emballagedigest.fr\/aluflexpack-tombe-dans-le-giron-de-constantia-flexibles\/#breadcrumb","itemListElement":[{"@type":"ListItem","position":1,"name":"Accueil","item":"https:\/\/www.emballagedigest.fr\/"},{"@type":"ListItem","position":2,"name":"Aluflexpack tombe dans le giron de Constantia Flexibles"}]},{"@type":"WebSite","@id":"https:\/\/www.emballagedigest.fr\/#website","url":"https:\/\/www.emballagedigest.fr\/","name":"Emballage Digest","description":"Revue professionnelle sur les emballages","publisher":{"@id":"https:\/\/www.emballagedigest.fr\/#organization"},"potentialAction":[{"@type":"SearchAction","target":{"@type":"EntryPoint","urlTemplate":"https:\/\/www.emballagedigest.fr\/?s={search_term_string}"},"query-input":{"@type":"PropertyValueSpecification","valueRequired":true,"valueName":"search_term_string"}}],"inLanguage":"en-GB"},{"@type":"Organization","@id":"https:\/\/www.emballagedigest.fr\/#organization","name":"Emballage Digest","url":"https:\/\/www.emballagedigest.fr\/","logo":{"@type":"ImageObject","inLanguage":"en-GB","@id":"https:\/\/www.emballagedigest.fr\/#\/schema\/logo\/image\/","url":"https:\/\/www.emballagedigest.fr\/wp-content\/uploads\/2022\/07\/logo-ed.png","contentUrl":"https:\/\/www.emballagedigest.fr\/wp-content\/uploads\/2022\/07\/logo-ed.png","width":379,"height":75,"caption":"Emballage Digest"},"image":{"@id":"https:\/\/www.emballagedigest.fr\/#\/schema\/logo\/image\/"}},{"@type":"Person","@id":"https:\/\/www.emballagedigest.fr\/#\/schema\/person\/76abe9f2b2ee4d3d520594c7a35da59f","name":"Karine Duval","image":{"@type":"ImageObject","inLanguage":"en-GB","@id":"https:\/\/www.emballagedigest.fr\/#\/schema\/person\/image\/","url":"https:\/\/secure.gravatar.com\/avatar\/f552799261cdd2e076e6677d780ef07bdb13aa4c196ab75b39abcbcdcae2d4e5?s=96&d=mm&r=g","contentUrl":"https:\/\/secure.gravatar.com\/avatar\/f552799261cdd2e076e6677d780ef07bdb13aa4c196ab75b39abcbcdcae2d4e5?s=96&d=mm&r=g","caption":"Karine Duval"},"url":"https:\/\/www.emballagedigest.fr\/en\/author\/admin_karduv\/"}]}},"_links":{"self":[{"href":"https:\/\/www.emballagedigest.fr\/en\/wp-json\/wp\/v2\/posts\/39925","targetHints":{"allow":["GET"]}}],"collection":[{"href":"https:\/\/www.emballagedigest.fr\/en\/wp-json\/wp\/v2\/posts"}],"about":[{"href":"https:\/\/www.emballagedigest.fr\/en\/wp-json\/wp\/v2\/types\/post"}],"author":[{"embeddable":true,"href":"https:\/\/www.emballagedigest.fr\/en\/wp-json\/wp\/v2\/users\/2"}],"replies":[{"embeddable":true,"href":"https:\/\/www.emballagedigest.fr\/en\/wp-json\/wp\/v2\/comments?post=39925"}],"version-history":[{"count":1,"href":"https:\/\/www.emballagedigest.fr\/en\/wp-json\/wp\/v2\/posts\/39925\/revisions"}],"predecessor-version":[{"id":39928,"href":"https:\/\/www.emballagedigest.fr\/en\/wp-json\/wp\/v2\/posts\/39925\/revisions\/39928"}],"wp:featuredmedia":[{"embeddable":true,"href":"https:\/\/www.emballagedigest.fr\/en\/wp-json\/wp\/v2\/media\/39926"}],"wp:attachment":[{"href":"https:\/\/www.emballagedigest.fr\/en\/wp-json\/wp\/v2\/media?parent=39925"}],"wp:term":[{"taxonomy":"category","embeddable":true,"href":"https:\/\/www.emballagedigest.fr\/en\/wp-json\/wp\/v2\/categories?post=39925"},{"taxonomy":"post_tag","embeddable":true,"href":"https:\/\/www.emballagedigest.fr\/en\/wp-json\/wp\/v2\/tags?post=39925"}],"curies":[{"name":"wp","href":"https:\/\/api.w.org\/{rel}","templated":true}]}}