{"id":39934,"date":"2024-02-21T08:48:31","date_gmt":"2024-02-21T07:48:31","guid":{"rendered":"https:\/\/www.emballagedigest.fr\/?p=39934"},"modified":"2024-02-22T00:54:27","modified_gmt":"2024-02-21T23:54:27","slug":"ds-smith-signe-avec-mondelez-en-europe","status":"publish","type":"post","link":"https:\/\/www.emballagedigest.fr\/en\/ds-smith-signe-avec-mondelez-en-europe\/","title":{"rendered":"DS Smith signe avec Mondelez en Europe"},"content":{"rendered":"<p><strong>DS Smith annonce un deuxi\u00e8me contrat cons\u00e9cutif de cinq ans en tant que fournisseur exclusif d&#8217;emballages en carton ondul\u00e9 en Europe pour Mondel\u0113z International, l\u2019un des leaders de snacks au monde avec des marques mondiales et locales embl\u00e9matiques telles que les biscuits Oreo, LU, TUC et Belvita, les snacks 7Days, le lait laitier Cadbury, le chocolat Milka, C\u00f4te d&rsquo;Or et Toblerone, ainsi que le fromage frais Philadelphia.<\/strong><\/p>\n\n\n\n<p>L&rsquo;accord repr\u00e9sente un partenariat exclusif et constitue une extension des services existants avec un engagement pour de nouveaux projets. Il s&rsquo;appuiera sur une relation d\u00e9j\u00e0 \u00e9tablie entre le leader international du snacking et DS Smith au cours des dix derni\u00e8res ann\u00e9es. La coop\u00e9ration permettra aux entreprises de poursuivre leurs programmes de R&amp;D et de fournir des solutions d&#8217;emballage durables sur mesure gr\u00e2ce \u00e0 un programme d&rsquo;innovation et une feuille de route commune. Les deux entreprises sont attach\u00e9es \u00e0 une approche qui permet de mettre l&rsquo;accent sur la qualit\u00e9, et l&rsquo;efficacit\u00e9 de la cha\u00eene d&rsquo;approvisionnement ainsi que les initiatives de productivit\u00e9.<\/p>\n\n\n\n<figure class=\"wp-block-image size-full is-resized\"><img loading=\"lazy\" decoding=\"async\" src=\"https:\/\/www.emballagedigest.fr\/wp-content\/uploads\/2024\/02\/DS-Smith2-1.jpg\" alt=\"\" class=\"wp-image-39936\" width=\"830\" height=\"513\" srcset=\"https:\/\/www.emballagedigest.fr\/wp-content\/uploads\/2024\/02\/DS-Smith2-1.jpg 800w, https:\/\/www.emballagedigest.fr\/wp-content\/uploads\/2024\/02\/DS-Smith2-1-300x185.jpg 300w, https:\/\/www.emballagedigest.fr\/wp-content\/uploads\/2024\/02\/DS-Smith2-1-768x474.jpg 768w, https:\/\/www.emballagedigest.fr\/wp-content\/uploads\/2024\/02\/DS-Smith2-1-18x12.jpg 18w\" sizes=\"auto, (max-width: 830px) 100vw, 830px\" \/><\/figure>\n\n\n\n<p>L&rsquo;un des principaux objectifs communs est de veiller \u00e0 ce que les cha\u00eenes d&rsquo;approvisionnement continuent d&rsquo;\u00eatre performantes, tout en contribuant \u00e0 maintenir les produits en rayon, quelles que soient les conditions de march\u00e9. De nouvelles solutions d&#8217;emballage durable \u00e0 base de fibres seront mises en \u0153uvre sur les march\u00e9s europ\u00e9ens, et les deux entreprises travailleront en \u00e9troite collaboration pour r\u00e9duire l&rsquo;utilisation de plastiques \u00e0 usage unique et pour d\u00e9ployer des efforts conjoints dans le but d\u2019atteindre l&rsquo;objectif de z\u00e9ro \u00e9mission nette, d&rsquo;ici \u00e0 2050. Il s&rsquo;agira de r\u00e9duire les mat\u00e9riaux et d&rsquo;accro\u00eetre la recyclabilit\u00e9 des principales gammes de produits.<\/p>\n\n\n\n<p>DS Smith et Mondelez continueront d&rsquo;utiliser les indicateurs de conception circulaire (outil Score Circulaire) de DS Smith lors de la co-cr\u00e9ation de nouvelles innovations en mati\u00e8re d&#8217;emballage. Ceci selon des param\u00e8tres cl\u00e9s de durabilit\u00e9 telles que la recyclabilit\u00e9, la consommation de mati\u00e8re, la prolongation de l&rsquo;utilisation des mat\u00e9riaux et des produits, et l&rsquo;am\u00e9lioration de l&rsquo;efficacit\u00e9 de l&rsquo;ensemble des cycles d&rsquo;approvisionnement.<\/p>","protected":false},"excerpt":{"rendered":"<p>DS Smith annonce un deuxi\u00e8me contrat cons\u00e9cutif de cinq ans en tant que fournisseur exclusif d&#8217;emballages en carton ondul\u00e9 en Europe pour Mondel\u0113z International, l\u2019un des leaders de snacks au monde avec des marques mondiales et locales embl\u00e9matiques telles que les biscuits Oreo, LU, TUC et Belvita, les snacks 7Days, le lait laitier Cadbury, le [&hellip;]<\/p>","protected":false},"author":2,"featured_media":39935,"comment_status":"closed","ping_status":"closed","sticky":false,"template":"","format":"standard","meta":{"_acf_changed":false,"inline_featured_image":false,"iawp_total_views":1,"footnotes":""},"categories":[28,4],"tags":[],"class_list":["post-39934","post","type-post","status-publish","format-standard","has-post-thumbnail","hentry","category-article-entier","category-lineaires"],"acf":[],"yoast_head":"<!-- This site is optimized with the Yoast SEO plugin v24.4 - https:\/\/yoast.com\/wordpress\/plugins\/seo\/ -->\n<title>DS Smith signe avec Mondelez en Europe - Emballage Digest<\/title>\n<meta name=\"robots\" content=\"index, follow, max-snippet:-1, max-image-preview:large, max-video-preview:-1\" \/>\n<link rel=\"canonical\" href=\"https:\/\/www.emballagedigest.fr\/en\/ds-smith-signe-avec-mondelez-en-europe\/\" \/>\n<meta property=\"og:locale\" content=\"en_GB\" \/>\n<meta property=\"og:type\" content=\"article\" \/>\n<meta property=\"og:title\" content=\"DS Smith signe avec Mondelez en Europe - Emballage Digest\" \/>\n<meta property=\"og:description\" content=\"DS Smith annonce un deuxi\u00e8me contrat cons\u00e9cutif de cinq ans en tant que fournisseur exclusif d&#8217;emballages en carton ondul\u00e9 en Europe pour Mondel\u0113z International, l\u2019un des leaders de snacks au monde avec des marques mondiales et locales embl\u00e9matiques telles que les biscuits Oreo, LU, TUC et Belvita, les snacks 7Days, le lait laitier Cadbury, le [&hellip;]\" \/>\n<meta property=\"og:url\" content=\"https:\/\/www.emballagedigest.fr\/en\/ds-smith-signe-avec-mondelez-en-europe\/\" \/>\n<meta property=\"og:site_name\" content=\"Emballage Digest\" \/>\n<meta property=\"article:published_time\" content=\"2024-02-21T07:48:31+00:00\" \/>\n<meta property=\"article:modified_time\" content=\"2024-02-21T23:54:27+00:00\" \/>\n<meta property=\"og:image\" content=\"https:\/\/www.emballagedigest.fr\/wp-content\/uploads\/2024\/02\/DS-Smith1-1.jpg\" \/>\n\t<meta property=\"og:image:width\" content=\"800\" \/>\n\t<meta property=\"og:image:height\" content=\"525\" \/>\n\t<meta property=\"og:image:type\" content=\"image\/jpeg\" \/>\n<meta name=\"author\" content=\"Karine Duval\" \/>\n<meta name=\"twitter:card\" content=\"summary_large_image\" \/>\n<meta name=\"twitter:label1\" content=\"Written by\" \/>\n\t<meta name=\"twitter:data1\" content=\"Karine Duval\" \/>\n\t<meta name=\"twitter:label2\" content=\"Estimated reading time\" \/>\n\t<meta name=\"twitter:data2\" content=\"2 minutes\" \/>\n<script type=\"application\/ld+json\" class=\"yoast-schema-graph\">{\"@context\":\"https:\/\/schema.org\",\"@graph\":[{\"@type\":\"Article\",\"@id\":\"https:\/\/www.emballagedigest.fr\/ds-smith-signe-avec-mondelez-en-europe\/#article\",\"isPartOf\":{\"@id\":\"https:\/\/www.emballagedigest.fr\/ds-smith-signe-avec-mondelez-en-europe\/\"},\"author\":{\"name\":\"Karine Duval\",\"@id\":\"https:\/\/www.emballagedigest.fr\/#\/schema\/person\/76abe9f2b2ee4d3d520594c7a35da59f\"},\"headline\":\"DS Smith signe avec Mondelez en Europe\",\"datePublished\":\"2024-02-21T07:48:31+00:00\",\"dateModified\":\"2024-02-21T23:54:27+00:00\",\"mainEntityOfPage\":{\"@id\":\"https:\/\/www.emballagedigest.fr\/ds-smith-signe-avec-mondelez-en-europe\/\"},\"wordCount\":383,\"publisher\":{\"@id\":\"https:\/\/www.emballagedigest.fr\/#organization\"},\"image\":{\"@id\":\"https:\/\/www.emballagedigest.fr\/ds-smith-signe-avec-mondelez-en-europe\/#primaryimage\"},\"thumbnailUrl\":\"https:\/\/www.emballagedigest.fr\/wp-content\/uploads\/2024\/02\/DS-Smith1-1.jpg\",\"articleSection\":[\"Article entier\",\"Lin\u00e9aires\"],\"inLanguage\":\"en-GB\"},{\"@type\":\"WebPage\",\"@id\":\"https:\/\/www.emballagedigest.fr\/ds-smith-signe-avec-mondelez-en-europe\/\",\"url\":\"https:\/\/www.emballagedigest.fr\/ds-smith-signe-avec-mondelez-en-europe\/\",\"name\":\"DS Smith signe avec Mondelez en Europe - Emballage Digest\",\"isPartOf\":{\"@id\":\"https:\/\/www.emballagedigest.fr\/#website\"},\"primaryImageOfPage\":{\"@id\":\"https:\/\/www.emballagedigest.fr\/ds-smith-signe-avec-mondelez-en-europe\/#primaryimage\"},\"image\":{\"@id\":\"https:\/\/www.emballagedigest.fr\/ds-smith-signe-avec-mondelez-en-europe\/#primaryimage\"},\"thumbnailUrl\":\"https:\/\/www.emballagedigest.fr\/wp-content\/uploads\/2024\/02\/DS-Smith1-1.jpg\",\"datePublished\":\"2024-02-21T07:48:31+00:00\",\"dateModified\":\"2024-02-21T23:54:27+00:00\",\"breadcrumb\":{\"@id\":\"https:\/\/www.emballagedigest.fr\/ds-smith-signe-avec-mondelez-en-europe\/#breadcrumb\"},\"inLanguage\":\"en-GB\",\"potentialAction\":[{\"@type\":\"ReadAction\",\"target\":[\"https:\/\/www.emballagedigest.fr\/ds-smith-signe-avec-mondelez-en-europe\/\"]}]},{\"@type\":\"ImageObject\",\"inLanguage\":\"en-GB\",\"@id\":\"https:\/\/www.emballagedigest.fr\/ds-smith-signe-avec-mondelez-en-europe\/#primaryimage\",\"url\":\"https:\/\/www.emballagedigest.fr\/wp-content\/uploads\/2024\/02\/DS-Smith1-1.jpg\",\"contentUrl\":\"https:\/\/www.emballagedigest.fr\/wp-content\/uploads\/2024\/02\/DS-Smith1-1.jpg\",\"width\":800,\"height\":525},{\"@type\":\"BreadcrumbList\",\"@id\":\"https:\/\/www.emballagedigest.fr\/ds-smith-signe-avec-mondelez-en-europe\/#breadcrumb\",\"itemListElement\":[{\"@type\":\"ListItem\",\"position\":1,\"name\":\"Accueil\",\"item\":\"https:\/\/www.emballagedigest.fr\/\"},{\"@type\":\"ListItem\",\"position\":2,\"name\":\"DS Smith signe avec Mondelez en Europe\"}]},{\"@type\":\"WebSite\",\"@id\":\"https:\/\/www.emballagedigest.fr\/#website\",\"url\":\"https:\/\/www.emballagedigest.fr\/\",\"name\":\"Emballage Digest\",\"description\":\"Revue professionnelle sur les emballages\",\"publisher\":{\"@id\":\"https:\/\/www.emballagedigest.fr\/#organization\"},\"potentialAction\":[{\"@type\":\"SearchAction\",\"target\":{\"@type\":\"EntryPoint\",\"urlTemplate\":\"https:\/\/www.emballagedigest.fr\/?s={search_term_string}\"},\"query-input\":{\"@type\":\"PropertyValueSpecification\",\"valueRequired\":true,\"valueName\":\"search_term_string\"}}],\"inLanguage\":\"en-GB\"},{\"@type\":\"Organization\",\"@id\":\"https:\/\/www.emballagedigest.fr\/#organization\",\"name\":\"Emballage Digest\",\"url\":\"https:\/\/www.emballagedigest.fr\/\",\"logo\":{\"@type\":\"ImageObject\",\"inLanguage\":\"en-GB\",\"@id\":\"https:\/\/www.emballagedigest.fr\/#\/schema\/logo\/image\/\",\"url\":\"https:\/\/www.emballagedigest.fr\/wp-content\/uploads\/2022\/07\/logo-ed.png\",\"contentUrl\":\"https:\/\/www.emballagedigest.fr\/wp-content\/uploads\/2022\/07\/logo-ed.png\",\"width\":379,\"height\":75,\"caption\":\"Emballage Digest\"},\"image\":{\"@id\":\"https:\/\/www.emballagedigest.fr\/#\/schema\/logo\/image\/\"}},{\"@type\":\"Person\",\"@id\":\"https:\/\/www.emballagedigest.fr\/#\/schema\/person\/76abe9f2b2ee4d3d520594c7a35da59f\",\"name\":\"Karine Duval\",\"image\":{\"@type\":\"ImageObject\",\"inLanguage\":\"en-GB\",\"@id\":\"https:\/\/www.emballagedigest.fr\/#\/schema\/person\/image\/\",\"url\":\"https:\/\/secure.gravatar.com\/avatar\/f552799261cdd2e076e6677d780ef07bdb13aa4c196ab75b39abcbcdcae2d4e5?s=96&d=mm&r=g\",\"contentUrl\":\"https:\/\/secure.gravatar.com\/avatar\/f552799261cdd2e076e6677d780ef07bdb13aa4c196ab75b39abcbcdcae2d4e5?s=96&d=mm&r=g\",\"caption\":\"Karine Duval\"},\"url\":\"https:\/\/www.emballagedigest.fr\/en\/author\/admin_karduv\/\"}]}<\/script>\n<!-- \/ Yoast SEO plugin. -->","yoast_head_json":{"title":"DS Smith signe avec Mondelez en Europe - Emballage Digest","robots":{"index":"index","follow":"follow","max-snippet":"max-snippet:-1","max-image-preview":"max-image-preview:large","max-video-preview":"max-video-preview:-1"},"canonical":"https:\/\/www.emballagedigest.fr\/en\/ds-smith-signe-avec-mondelez-en-europe\/","og_locale":"en_GB","og_type":"article","og_title":"DS Smith signe avec Mondelez en Europe - Emballage Digest","og_description":"DS Smith annonce un deuxi\u00e8me contrat cons\u00e9cutif de cinq ans en tant que fournisseur exclusif d&#8217;emballages en carton ondul\u00e9 en Europe pour Mondel\u0113z International, l\u2019un des leaders de snacks au monde avec des marques mondiales et locales embl\u00e9matiques telles que les biscuits Oreo, LU, TUC et Belvita, les snacks 7Days, le lait laitier Cadbury, le [&hellip;]","og_url":"https:\/\/www.emballagedigest.fr\/en\/ds-smith-signe-avec-mondelez-en-europe\/","og_site_name":"Emballage Digest","article_published_time":"2024-02-21T07:48:31+00:00","article_modified_time":"2024-02-21T23:54:27+00:00","og_image":[{"width":800,"height":525,"url":"https:\/\/www.emballagedigest.fr\/wp-content\/uploads\/2024\/02\/DS-Smith1-1.jpg","type":"image\/jpeg"}],"author":"Karine Duval","twitter_card":"summary_large_image","twitter_misc":{"Written by":"Karine Duval","Estimated reading time":"2 minutes"},"schema":{"@context":"https:\/\/schema.org","@graph":[{"@type":"Article","@id":"https:\/\/www.emballagedigest.fr\/ds-smith-signe-avec-mondelez-en-europe\/#article","isPartOf":{"@id":"https:\/\/www.emballagedigest.fr\/ds-smith-signe-avec-mondelez-en-europe\/"},"author":{"name":"Karine Duval","@id":"https:\/\/www.emballagedigest.fr\/#\/schema\/person\/76abe9f2b2ee4d3d520594c7a35da59f"},"headline":"DS Smith signe avec Mondelez en Europe","datePublished":"2024-02-21T07:48:31+00:00","dateModified":"2024-02-21T23:54:27+00:00","mainEntityOfPage":{"@id":"https:\/\/www.emballagedigest.fr\/ds-smith-signe-avec-mondelez-en-europe\/"},"wordCount":383,"publisher":{"@id":"https:\/\/www.emballagedigest.fr\/#organization"},"image":{"@id":"https:\/\/www.emballagedigest.fr\/ds-smith-signe-avec-mondelez-en-europe\/#primaryimage"},"thumbnailUrl":"https:\/\/www.emballagedigest.fr\/wp-content\/uploads\/2024\/02\/DS-Smith1-1.jpg","articleSection":["Article entier","Lin\u00e9aires"],"inLanguage":"en-GB"},{"@type":"WebPage","@id":"https:\/\/www.emballagedigest.fr\/ds-smith-signe-avec-mondelez-en-europe\/","url":"https:\/\/www.emballagedigest.fr\/ds-smith-signe-avec-mondelez-en-europe\/","name":"DS Smith signe avec Mondelez en Europe - Emballage Digest","isPartOf":{"@id":"https:\/\/www.emballagedigest.fr\/#website"},"primaryImageOfPage":{"@id":"https:\/\/www.emballagedigest.fr\/ds-smith-signe-avec-mondelez-en-europe\/#primaryimage"},"image":{"@id":"https:\/\/www.emballagedigest.fr\/ds-smith-signe-avec-mondelez-en-europe\/#primaryimage"},"thumbnailUrl":"https:\/\/www.emballagedigest.fr\/wp-content\/uploads\/2024\/02\/DS-Smith1-1.jpg","datePublished":"2024-02-21T07:48:31+00:00","dateModified":"2024-02-21T23:54:27+00:00","breadcrumb":{"@id":"https:\/\/www.emballagedigest.fr\/ds-smith-signe-avec-mondelez-en-europe\/#breadcrumb"},"inLanguage":"en-GB","potentialAction":[{"@type":"ReadAction","target":["https:\/\/www.emballagedigest.fr\/ds-smith-signe-avec-mondelez-en-europe\/"]}]},{"@type":"ImageObject","inLanguage":"en-GB","@id":"https:\/\/www.emballagedigest.fr\/ds-smith-signe-avec-mondelez-en-europe\/#primaryimage","url":"https:\/\/www.emballagedigest.fr\/wp-content\/uploads\/2024\/02\/DS-Smith1-1.jpg","contentUrl":"https:\/\/www.emballagedigest.fr\/wp-content\/uploads\/2024\/02\/DS-Smith1-1.jpg","width":800,"height":525},{"@type":"BreadcrumbList","@id":"https:\/\/www.emballagedigest.fr\/ds-smith-signe-avec-mondelez-en-europe\/#breadcrumb","itemListElement":[{"@type":"ListItem","position":1,"name":"Accueil","item":"https:\/\/www.emballagedigest.fr\/"},{"@type":"ListItem","position":2,"name":"DS Smith signe avec Mondelez en Europe"}]},{"@type":"WebSite","@id":"https:\/\/www.emballagedigest.fr\/#website","url":"https:\/\/www.emballagedigest.fr\/","name":"Emballage Digest","description":"Revue professionnelle sur les emballages","publisher":{"@id":"https:\/\/www.emballagedigest.fr\/#organization"},"potentialAction":[{"@type":"SearchAction","target":{"@type":"EntryPoint","urlTemplate":"https:\/\/www.emballagedigest.fr\/?s={search_term_string}"},"query-input":{"@type":"PropertyValueSpecification","valueRequired":true,"valueName":"search_term_string"}}],"inLanguage":"en-GB"},{"@type":"Organization","@id":"https:\/\/www.emballagedigest.fr\/#organization","name":"Emballage Digest","url":"https:\/\/www.emballagedigest.fr\/","logo":{"@type":"ImageObject","inLanguage":"en-GB","@id":"https:\/\/www.emballagedigest.fr\/#\/schema\/logo\/image\/","url":"https:\/\/www.emballagedigest.fr\/wp-content\/uploads\/2022\/07\/logo-ed.png","contentUrl":"https:\/\/www.emballagedigest.fr\/wp-content\/uploads\/2022\/07\/logo-ed.png","width":379,"height":75,"caption":"Emballage Digest"},"image":{"@id":"https:\/\/www.emballagedigest.fr\/#\/schema\/logo\/image\/"}},{"@type":"Person","@id":"https:\/\/www.emballagedigest.fr\/#\/schema\/person\/76abe9f2b2ee4d3d520594c7a35da59f","name":"Karine Duval","image":{"@type":"ImageObject","inLanguage":"en-GB","@id":"https:\/\/www.emballagedigest.fr\/#\/schema\/person\/image\/","url":"https:\/\/secure.gravatar.com\/avatar\/f552799261cdd2e076e6677d780ef07bdb13aa4c196ab75b39abcbcdcae2d4e5?s=96&d=mm&r=g","contentUrl":"https:\/\/secure.gravatar.com\/avatar\/f552799261cdd2e076e6677d780ef07bdb13aa4c196ab75b39abcbcdcae2d4e5?s=96&d=mm&r=g","caption":"Karine Duval"},"url":"https:\/\/www.emballagedigest.fr\/en\/author\/admin_karduv\/"}]}},"_links":{"self":[{"href":"https:\/\/www.emballagedigest.fr\/en\/wp-json\/wp\/v2\/posts\/39934","targetHints":{"allow":["GET"]}}],"collection":[{"href":"https:\/\/www.emballagedigest.fr\/en\/wp-json\/wp\/v2\/posts"}],"about":[{"href":"https:\/\/www.emballagedigest.fr\/en\/wp-json\/wp\/v2\/types\/post"}],"author":[{"embeddable":true,"href":"https:\/\/www.emballagedigest.fr\/en\/wp-json\/wp\/v2\/users\/2"}],"replies":[{"embeddable":true,"href":"https:\/\/www.emballagedigest.fr\/en\/wp-json\/wp\/v2\/comments?post=39934"}],"version-history":[{"count":1,"href":"https:\/\/www.emballagedigest.fr\/en\/wp-json\/wp\/v2\/posts\/39934\/revisions"}],"predecessor-version":[{"id":39937,"href":"https:\/\/www.emballagedigest.fr\/en\/wp-json\/wp\/v2\/posts\/39934\/revisions\/39937"}],"wp:featuredmedia":[{"embeddable":true,"href":"https:\/\/www.emballagedigest.fr\/en\/wp-json\/wp\/v2\/media\/39935"}],"wp:attachment":[{"href":"https:\/\/www.emballagedigest.fr\/en\/wp-json\/wp\/v2\/media?parent=39934"}],"wp:term":[{"taxonomy":"category","embeddable":true,"href":"https:\/\/www.emballagedigest.fr\/en\/wp-json\/wp\/v2\/categories?post=39934"},{"taxonomy":"post_tag","embeddable":true,"href":"https:\/\/www.emballagedigest.fr\/en\/wp-json\/wp\/v2\/tags?post=39934"}],"curies":[{"name":"wp","href":"https:\/\/api.w.org\/{rel}","templated":true}]}}