{"id":40091,"date":"2024-02-29T09:35:00","date_gmt":"2024-02-29T08:35:00","guid":{"rendered":"https:\/\/www.emballagedigest.fr\/?p=40091"},"modified":"2024-03-03T09:39:58","modified_gmt":"2024-03-03T08:39:58","slug":"schutz-lance-la-production-de-jerricans-petits-formats","status":"publish","type":"post","link":"https:\/\/www.emballagedigest.fr\/en\/schutz-lance-la-production-de-jerricans-petits-formats\/","title":{"rendered":"Sch\u00fctz lance la production de jerricans petits formats"},"content":{"rendered":"<p><strong>L\u2019annonce avait \u00e9t\u00e9 faite sur le dernier salon Interpack. Le sp\u00e9cialiste des IBC et des f\u00fbts plastique s\u2019attaque au march\u00e9 des jerricans. Au 1er trimestre 2024, Sch\u00fctz lance pour la premi\u00e8re fois \u00e0 Selters, son si\u00e8ge social, la fabrication d\u2019une gamme de jerricans d\u00e9velopp\u00e9e en interne, par ses experts en ing\u00e9nierie des processus, en m\u00e9canique et en construction de machines et d\u2019outils. Pour ce faire, l\u2019entreprise a d\u00e9velopp\u00e9 et install\u00e9 des unit\u00e9s de production ultramodernes et une ligne d\u2019emballage enti\u00e8rement automatis\u00e9e. <\/strong><\/p>\n\n\n\n<p>La nouvelle s\u00e9rie de jerricans SC1 vient \u00e9toffer la gamme de produits existante par des solutions de stockage et de transport destin\u00e9es aux petits conditionnements. Les nouvelles installations produiront des jerricans de taille courante, d\u2019une contenance de 5, 10, 15, 20, 25 et 30 litres. Ces r\u00e9f\u00e9rences sont fabriqu\u00e9es sur des lignes de soufflage \u00e0 haut rendement qui peuvent produire ces emballages sur plusieurs moules \u00e0 la fois. A l\u2019instar de sa gamme d\u2019IBC et de f\u00fbts plastique, ces jerricans en PE sont disponibles dans une version Green Layer, compos\u00e9e \u00e0 30% de PEHD recycl\u00e9. La production selon un proc\u00e9d\u00e9 \u00e0 trois couches permet d\u2019int\u00e9grer diff\u00e9rents mat\u00e9riaux dans la paroi du jerrican. Les application sont nombreuses : une couche ext\u00e9rieure conductrice ou antistatique pour l\u2019utilisation en zone Ex, l\u2019insertion d\u2019une couche int\u00e9rieure naturelle et non pigment\u00e9e ou l\u2019extrusion de la couche interm\u00e9diaire du jerrican en mati\u00e8re recycl\u00e9e Green Layer de haute qualit\u00e9, produit par Sch\u00fctz. Enfin, les jerricans sont l\u00e9gers, robustes et simples d\u2019utilisation : ils se distinguent par un design moderne qui permet de les manipuler, de les empiler et de les vidanger int\u00e9gralement. \u00c0 l\u2019avenir, toutes les tailles seront disponibles de fa\u00e7on standard avec l\u2019homologation Y1.9 ou, en option, avec l\u2019homologation X1.9 dans diff\u00e9rentes cat\u00e9gories de poids. Enfin, les clients peuvent choisir entre diff\u00e9rentes tailles et couleurs. En fonction de la taille du jerrican, Sch\u00fctz propose des bouchons DN 45, DN 55 et DN 60 dans diff\u00e9rentes configurations. Les jerricans sont aussi con\u00e7us pour diff\u00e9rentes sortes de palettes.<\/p>","protected":false},"excerpt":{"rendered":"<p>L\u2019annonce avait \u00e9t\u00e9 faite sur le dernier salon Interpack. Le sp\u00e9cialiste des IBC et des f\u00fbts plastique s\u2019attaque au march\u00e9 des jerricans. Au 1er trimestre 2024, Sch\u00fctz lance pour la premi\u00e8re fois \u00e0 Selters, son si\u00e8ge social, la fabrication d\u2019une gamme de jerricans d\u00e9velopp\u00e9e en interne, par ses experts en ing\u00e9nierie des processus, en m\u00e9canique [&hellip;]<\/p>","protected":false},"author":2,"featured_media":40092,"comment_status":"closed","ping_status":"closed","sticky":false,"template":"","format":"standard","meta":{"_acf_changed":false,"inline_featured_image":false,"iawp_total_views":0,"footnotes":""},"categories":[28,26,11,8,65],"tags":[],"class_list":["post-40091","post","type-post","status-publish","format-standard","has-post-thumbnail","hentry","category-article-entier","category-laterale","category-emballages","category-industrie","category-vu-dans-le-mag"],"acf":[],"yoast_head":"<!-- This site is optimized with the Yoast SEO plugin v24.4 - https:\/\/yoast.com\/wordpress\/plugins\/seo\/ -->\n<title>Sch\u00fctz lance la production de jerricans petits formats - Emballage Digest<\/title>\n<meta name=\"robots\" content=\"index, follow, max-snippet:-1, max-image-preview:large, max-video-preview:-1\" \/>\n<link rel=\"canonical\" href=\"https:\/\/www.emballagedigest.fr\/en\/schutz-lance-la-production-de-jerricans-petits-formats\/\" \/>\n<meta property=\"og:locale\" content=\"en_GB\" \/>\n<meta property=\"og:type\" content=\"article\" \/>\n<meta property=\"og:title\" content=\"Sch\u00fctz lance la production de jerricans petits formats - Emballage Digest\" \/>\n<meta property=\"og:description\" content=\"L\u2019annonce avait \u00e9t\u00e9 faite sur le dernier salon Interpack. Le sp\u00e9cialiste des IBC et des f\u00fbts plastique s\u2019attaque au march\u00e9 des jerricans. Au 1er trimestre 2024, Sch\u00fctz lance pour la premi\u00e8re fois \u00e0 Selters, son si\u00e8ge social, la fabrication d\u2019une gamme de jerricans d\u00e9velopp\u00e9e en interne, par ses experts en ing\u00e9nierie des processus, en m\u00e9canique [&hellip;]\" \/>\n<meta property=\"og:url\" content=\"https:\/\/www.emballagedigest.fr\/en\/schutz-lance-la-production-de-jerricans-petits-formats\/\" \/>\n<meta property=\"og:site_name\" content=\"Emballage Digest\" \/>\n<meta property=\"article:published_time\" content=\"2024-02-29T08:35:00+00:00\" \/>\n<meta property=\"article:modified_time\" content=\"2024-03-03T08:39:58+00:00\" \/>\n<meta property=\"og:image\" content=\"https:\/\/www.emballagedigest.fr\/wp-content\/uploads\/2024\/03\/schutz-jerricans.jpg\" \/>\n\t<meta property=\"og:image:width\" content=\"800\" \/>\n\t<meta property=\"og:image:height\" content=\"554\" \/>\n\t<meta property=\"og:image:type\" content=\"image\/jpeg\" \/>\n<meta name=\"author\" content=\"Karine Duval\" \/>\n<meta name=\"twitter:card\" content=\"summary_large_image\" \/>\n<meta name=\"twitter:label1\" content=\"Written by\" \/>\n\t<meta name=\"twitter:data1\" content=\"Karine Duval\" \/>\n\t<meta name=\"twitter:label2\" content=\"Estimated reading time\" \/>\n\t<meta name=\"twitter:data2\" content=\"2 minutes\" \/>\n<script type=\"application\/ld+json\" class=\"yoast-schema-graph\">{\"@context\":\"https:\/\/schema.org\",\"@graph\":[{\"@type\":\"Article\",\"@id\":\"https:\/\/www.emballagedigest.fr\/schutz-lance-la-production-de-jerricans-petits-formats\/#article\",\"isPartOf\":{\"@id\":\"https:\/\/www.emballagedigest.fr\/schutz-lance-la-production-de-jerricans-petits-formats\/\"},\"author\":{\"name\":\"Karine Duval\",\"@id\":\"https:\/\/www.emballagedigest.fr\/#\/schema\/person\/76abe9f2b2ee4d3d520594c7a35da59f\"},\"headline\":\"Sch\u00fctz lance la production de jerricans petits formats\",\"datePublished\":\"2024-02-29T08:35:00+00:00\",\"dateModified\":\"2024-03-03T08:39:58+00:00\",\"mainEntityOfPage\":{\"@id\":\"https:\/\/www.emballagedigest.fr\/schutz-lance-la-production-de-jerricans-petits-formats\/\"},\"wordCount\":380,\"publisher\":{\"@id\":\"https:\/\/www.emballagedigest.fr\/#organization\"},\"image\":{\"@id\":\"https:\/\/www.emballagedigest.fr\/schutz-lance-la-production-de-jerricans-petits-formats\/#primaryimage\"},\"thumbnailUrl\":\"https:\/\/www.emballagedigest.fr\/wp-content\/uploads\/2024\/03\/schutz-jerricans.jpg\",\"articleSection\":[\"Article entier\",\"Barre lat\u00e9rale\",\"Emballages\",\"Industrie\",\"Vu dans le mag\"],\"inLanguage\":\"en-GB\"},{\"@type\":\"WebPage\",\"@id\":\"https:\/\/www.emballagedigest.fr\/schutz-lance-la-production-de-jerricans-petits-formats\/\",\"url\":\"https:\/\/www.emballagedigest.fr\/schutz-lance-la-production-de-jerricans-petits-formats\/\",\"name\":\"Sch\u00fctz lance la production de jerricans petits formats - Emballage Digest\",\"isPartOf\":{\"@id\":\"https:\/\/www.emballagedigest.fr\/#website\"},\"primaryImageOfPage\":{\"@id\":\"https:\/\/www.emballagedigest.fr\/schutz-lance-la-production-de-jerricans-petits-formats\/#primaryimage\"},\"image\":{\"@id\":\"https:\/\/www.emballagedigest.fr\/schutz-lance-la-production-de-jerricans-petits-formats\/#primaryimage\"},\"thumbnailUrl\":\"https:\/\/www.emballagedigest.fr\/wp-content\/uploads\/2024\/03\/schutz-jerricans.jpg\",\"datePublished\":\"2024-02-29T08:35:00+00:00\",\"dateModified\":\"2024-03-03T08:39:58+00:00\",\"breadcrumb\":{\"@id\":\"https:\/\/www.emballagedigest.fr\/schutz-lance-la-production-de-jerricans-petits-formats\/#breadcrumb\"},\"inLanguage\":\"en-GB\",\"potentialAction\":[{\"@type\":\"ReadAction\",\"target\":[\"https:\/\/www.emballagedigest.fr\/schutz-lance-la-production-de-jerricans-petits-formats\/\"]}]},{\"@type\":\"ImageObject\",\"inLanguage\":\"en-GB\",\"@id\":\"https:\/\/www.emballagedigest.fr\/schutz-lance-la-production-de-jerricans-petits-formats\/#primaryimage\",\"url\":\"https:\/\/www.emballagedigest.fr\/wp-content\/uploads\/2024\/03\/schutz-jerricans.jpg\",\"contentUrl\":\"https:\/\/www.emballagedigest.fr\/wp-content\/uploads\/2024\/03\/schutz-jerricans.jpg\",\"width\":800,\"height\":554},{\"@type\":\"BreadcrumbList\",\"@id\":\"https:\/\/www.emballagedigest.fr\/schutz-lance-la-production-de-jerricans-petits-formats\/#breadcrumb\",\"itemListElement\":[{\"@type\":\"ListItem\",\"position\":1,\"name\":\"Accueil\",\"item\":\"https:\/\/www.emballagedigest.fr\/\"},{\"@type\":\"ListItem\",\"position\":2,\"name\":\"Sch\u00fctz lance la production de jerricans petits formats\"}]},{\"@type\":\"WebSite\",\"@id\":\"https:\/\/www.emballagedigest.fr\/#website\",\"url\":\"https:\/\/www.emballagedigest.fr\/\",\"name\":\"Emballage Digest\",\"description\":\"Revue professionnelle sur les emballages\",\"publisher\":{\"@id\":\"https:\/\/www.emballagedigest.fr\/#organization\"},\"potentialAction\":[{\"@type\":\"SearchAction\",\"target\":{\"@type\":\"EntryPoint\",\"urlTemplate\":\"https:\/\/www.emballagedigest.fr\/?s={search_term_string}\"},\"query-input\":{\"@type\":\"PropertyValueSpecification\",\"valueRequired\":true,\"valueName\":\"search_term_string\"}}],\"inLanguage\":\"en-GB\"},{\"@type\":\"Organization\",\"@id\":\"https:\/\/www.emballagedigest.fr\/#organization\",\"name\":\"Emballage Digest\",\"url\":\"https:\/\/www.emballagedigest.fr\/\",\"logo\":{\"@type\":\"ImageObject\",\"inLanguage\":\"en-GB\",\"@id\":\"https:\/\/www.emballagedigest.fr\/#\/schema\/logo\/image\/\",\"url\":\"https:\/\/www.emballagedigest.fr\/wp-content\/uploads\/2022\/07\/logo-ed.png\",\"contentUrl\":\"https:\/\/www.emballagedigest.fr\/wp-content\/uploads\/2022\/07\/logo-ed.png\",\"width\":379,\"height\":75,\"caption\":\"Emballage Digest\"},\"image\":{\"@id\":\"https:\/\/www.emballagedigest.fr\/#\/schema\/logo\/image\/\"}},{\"@type\":\"Person\",\"@id\":\"https:\/\/www.emballagedigest.fr\/#\/schema\/person\/76abe9f2b2ee4d3d520594c7a35da59f\",\"name\":\"Karine Duval\",\"image\":{\"@type\":\"ImageObject\",\"inLanguage\":\"en-GB\",\"@id\":\"https:\/\/www.emballagedigest.fr\/#\/schema\/person\/image\/\",\"url\":\"https:\/\/secure.gravatar.com\/avatar\/f552799261cdd2e076e6677d780ef07bdb13aa4c196ab75b39abcbcdcae2d4e5?s=96&d=mm&r=g\",\"contentUrl\":\"https:\/\/secure.gravatar.com\/avatar\/f552799261cdd2e076e6677d780ef07bdb13aa4c196ab75b39abcbcdcae2d4e5?s=96&d=mm&r=g\",\"caption\":\"Karine Duval\"},\"url\":\"https:\/\/www.emballagedigest.fr\/en\/author\/admin_karduv\/\"}]}<\/script>\n<!-- \/ Yoast SEO plugin. -->","yoast_head_json":{"title":"Sch\u00fctz lance la production de jerricans petits formats - Emballage Digest","robots":{"index":"index","follow":"follow","max-snippet":"max-snippet:-1","max-image-preview":"max-image-preview:large","max-video-preview":"max-video-preview:-1"},"canonical":"https:\/\/www.emballagedigest.fr\/en\/schutz-lance-la-production-de-jerricans-petits-formats\/","og_locale":"en_GB","og_type":"article","og_title":"Sch\u00fctz lance la production de jerricans petits formats - Emballage Digest","og_description":"L\u2019annonce avait \u00e9t\u00e9 faite sur le dernier salon Interpack. Le sp\u00e9cialiste des IBC et des f\u00fbts plastique s\u2019attaque au march\u00e9 des jerricans. Au 1er trimestre 2024, Sch\u00fctz lance pour la premi\u00e8re fois \u00e0 Selters, son si\u00e8ge social, la fabrication d\u2019une gamme de jerricans d\u00e9velopp\u00e9e en interne, par ses experts en ing\u00e9nierie des processus, en m\u00e9canique [&hellip;]","og_url":"https:\/\/www.emballagedigest.fr\/en\/schutz-lance-la-production-de-jerricans-petits-formats\/","og_site_name":"Emballage Digest","article_published_time":"2024-02-29T08:35:00+00:00","article_modified_time":"2024-03-03T08:39:58+00:00","og_image":[{"width":800,"height":554,"url":"https:\/\/www.emballagedigest.fr\/wp-content\/uploads\/2024\/03\/schutz-jerricans.jpg","type":"image\/jpeg"}],"author":"Karine Duval","twitter_card":"summary_large_image","twitter_misc":{"Written by":"Karine Duval","Estimated reading time":"2 minutes"},"schema":{"@context":"https:\/\/schema.org","@graph":[{"@type":"Article","@id":"https:\/\/www.emballagedigest.fr\/schutz-lance-la-production-de-jerricans-petits-formats\/#article","isPartOf":{"@id":"https:\/\/www.emballagedigest.fr\/schutz-lance-la-production-de-jerricans-petits-formats\/"},"author":{"name":"Karine Duval","@id":"https:\/\/www.emballagedigest.fr\/#\/schema\/person\/76abe9f2b2ee4d3d520594c7a35da59f"},"headline":"Sch\u00fctz lance la production de jerricans petits formats","datePublished":"2024-02-29T08:35:00+00:00","dateModified":"2024-03-03T08:39:58+00:00","mainEntityOfPage":{"@id":"https:\/\/www.emballagedigest.fr\/schutz-lance-la-production-de-jerricans-petits-formats\/"},"wordCount":380,"publisher":{"@id":"https:\/\/www.emballagedigest.fr\/#organization"},"image":{"@id":"https:\/\/www.emballagedigest.fr\/schutz-lance-la-production-de-jerricans-petits-formats\/#primaryimage"},"thumbnailUrl":"https:\/\/www.emballagedigest.fr\/wp-content\/uploads\/2024\/03\/schutz-jerricans.jpg","articleSection":["Article entier","Barre lat\u00e9rale","Emballages","Industrie","Vu dans le mag"],"inLanguage":"en-GB"},{"@type":"WebPage","@id":"https:\/\/www.emballagedigest.fr\/schutz-lance-la-production-de-jerricans-petits-formats\/","url":"https:\/\/www.emballagedigest.fr\/schutz-lance-la-production-de-jerricans-petits-formats\/","name":"Sch\u00fctz lance la production de jerricans petits formats - Emballage Digest","isPartOf":{"@id":"https:\/\/www.emballagedigest.fr\/#website"},"primaryImageOfPage":{"@id":"https:\/\/www.emballagedigest.fr\/schutz-lance-la-production-de-jerricans-petits-formats\/#primaryimage"},"image":{"@id":"https:\/\/www.emballagedigest.fr\/schutz-lance-la-production-de-jerricans-petits-formats\/#primaryimage"},"thumbnailUrl":"https:\/\/www.emballagedigest.fr\/wp-content\/uploads\/2024\/03\/schutz-jerricans.jpg","datePublished":"2024-02-29T08:35:00+00:00","dateModified":"2024-03-03T08:39:58+00:00","breadcrumb":{"@id":"https:\/\/www.emballagedigest.fr\/schutz-lance-la-production-de-jerricans-petits-formats\/#breadcrumb"},"inLanguage":"en-GB","potentialAction":[{"@type":"ReadAction","target":["https:\/\/www.emballagedigest.fr\/schutz-lance-la-production-de-jerricans-petits-formats\/"]}]},{"@type":"ImageObject","inLanguage":"en-GB","@id":"https:\/\/www.emballagedigest.fr\/schutz-lance-la-production-de-jerricans-petits-formats\/#primaryimage","url":"https:\/\/www.emballagedigest.fr\/wp-content\/uploads\/2024\/03\/schutz-jerricans.jpg","contentUrl":"https:\/\/www.emballagedigest.fr\/wp-content\/uploads\/2024\/03\/schutz-jerricans.jpg","width":800,"height":554},{"@type":"BreadcrumbList","@id":"https:\/\/www.emballagedigest.fr\/schutz-lance-la-production-de-jerricans-petits-formats\/#breadcrumb","itemListElement":[{"@type":"ListItem","position":1,"name":"Accueil","item":"https:\/\/www.emballagedigest.fr\/"},{"@type":"ListItem","position":2,"name":"Sch\u00fctz lance la production de jerricans petits formats"}]},{"@type":"WebSite","@id":"https:\/\/www.emballagedigest.fr\/#website","url":"https:\/\/www.emballagedigest.fr\/","name":"Emballage Digest","description":"Revue professionnelle sur les emballages","publisher":{"@id":"https:\/\/www.emballagedigest.fr\/#organization"},"potentialAction":[{"@type":"SearchAction","target":{"@type":"EntryPoint","urlTemplate":"https:\/\/www.emballagedigest.fr\/?s={search_term_string}"},"query-input":{"@type":"PropertyValueSpecification","valueRequired":true,"valueName":"search_term_string"}}],"inLanguage":"en-GB"},{"@type":"Organization","@id":"https:\/\/www.emballagedigest.fr\/#organization","name":"Emballage Digest","url":"https:\/\/www.emballagedigest.fr\/","logo":{"@type":"ImageObject","inLanguage":"en-GB","@id":"https:\/\/www.emballagedigest.fr\/#\/schema\/logo\/image\/","url":"https:\/\/www.emballagedigest.fr\/wp-content\/uploads\/2022\/07\/logo-ed.png","contentUrl":"https:\/\/www.emballagedigest.fr\/wp-content\/uploads\/2022\/07\/logo-ed.png","width":379,"height":75,"caption":"Emballage Digest"},"image":{"@id":"https:\/\/www.emballagedigest.fr\/#\/schema\/logo\/image\/"}},{"@type":"Person","@id":"https:\/\/www.emballagedigest.fr\/#\/schema\/person\/76abe9f2b2ee4d3d520594c7a35da59f","name":"Karine Duval","image":{"@type":"ImageObject","inLanguage":"en-GB","@id":"https:\/\/www.emballagedigest.fr\/#\/schema\/person\/image\/","url":"https:\/\/secure.gravatar.com\/avatar\/f552799261cdd2e076e6677d780ef07bdb13aa4c196ab75b39abcbcdcae2d4e5?s=96&d=mm&r=g","contentUrl":"https:\/\/secure.gravatar.com\/avatar\/f552799261cdd2e076e6677d780ef07bdb13aa4c196ab75b39abcbcdcae2d4e5?s=96&d=mm&r=g","caption":"Karine Duval"},"url":"https:\/\/www.emballagedigest.fr\/en\/author\/admin_karduv\/"}]}},"_links":{"self":[{"href":"https:\/\/www.emballagedigest.fr\/en\/wp-json\/wp\/v2\/posts\/40091","targetHints":{"allow":["GET"]}}],"collection":[{"href":"https:\/\/www.emballagedigest.fr\/en\/wp-json\/wp\/v2\/posts"}],"about":[{"href":"https:\/\/www.emballagedigest.fr\/en\/wp-json\/wp\/v2\/types\/post"}],"author":[{"embeddable":true,"href":"https:\/\/www.emballagedigest.fr\/en\/wp-json\/wp\/v2\/users\/2"}],"replies":[{"embeddable":true,"href":"https:\/\/www.emballagedigest.fr\/en\/wp-json\/wp\/v2\/comments?post=40091"}],"version-history":[{"count":1,"href":"https:\/\/www.emballagedigest.fr\/en\/wp-json\/wp\/v2\/posts\/40091\/revisions"}],"predecessor-version":[{"id":40093,"href":"https:\/\/www.emballagedigest.fr\/en\/wp-json\/wp\/v2\/posts\/40091\/revisions\/40093"}],"wp:featuredmedia":[{"embeddable":true,"href":"https:\/\/www.emballagedigest.fr\/en\/wp-json\/wp\/v2\/media\/40092"}],"wp:attachment":[{"href":"https:\/\/www.emballagedigest.fr\/en\/wp-json\/wp\/v2\/media?parent=40091"}],"wp:term":[{"taxonomy":"category","embeddable":true,"href":"https:\/\/www.emballagedigest.fr\/en\/wp-json\/wp\/v2\/categories?post=40091"},{"taxonomy":"post_tag","embeddable":true,"href":"https:\/\/www.emballagedigest.fr\/en\/wp-json\/wp\/v2\/tags?post=40091"}],"curies":[{"name":"wp","href":"https:\/\/api.w.org\/{rel}","templated":true}]}}