{"id":40158,"date":"2024-02-29T10:48:00","date_gmt":"2024-02-29T09:48:00","guid":{"rendered":"https:\/\/www.emballagedigest.fr\/?p=40158"},"modified":"2024-03-03T10:51:15","modified_gmt":"2024-03-03T09:51:15","slug":"les-tubes-dermo-cosmetiques-se-mettent-au-vert","status":"publish","type":"post","link":"https:\/\/www.emballagedigest.fr\/en\/les-tubes-dermo-cosmetiques-se-mettent-au-vert\/","title":{"rendered":"Les tubes dermo-cosm\u00e9tiques se mettent au vert"},"content":{"rendered":"<p><strong>Les fabricants de tubes (Alb\u00e9a Tubes, Hoffmann Neopac, Tubex) s\u2019adaptent et innovent pour r\u00e9pondre aux nouvelles tendances pharmaceutiques et dermocosm\u00e9tiques. Objectif\u00a0: avoir des produits fonctionnels, esth\u00e9tiques et respectueux de l\u2019environnement, sans compromettre la qualit\u00e9. Sans oublier la recherche de s\u00e9curit\u00e9, la pr\u00e9cision dans la dose et une manipulation ais\u00e9e pour les produits de sant\u00e9. Les applications se diversifient \u00e9galement vers les soins v\u00e9t\u00e9rinaires pour Hoffmann Neopac.<\/strong><\/p>\n\n\n\n<p>Vendus le plus souvent en pharmacie ou directement chez les dermatologues, les produits dermo-cosm\u00e9tique, qui marient beaut\u00e9 et soins, viennent de franchir la barre des 20&nbsp;milliards d\u2019euros de chiffre d\u2019affaires \u00e0 l\u2019\u00e9chelle mondiale et repr\u00e9sentent d\u00e9j\u00e0 plus de 8% du march\u00e9 de la beaut\u00e9, selon l\u2019\u00e9tude d\u2019IQVIA intitul\u00e9e Dermocosmetics 2022. Cette cat\u00e9gorie repr\u00e9sente d\u00e9j\u00e0 pr\u00e8s de 15% du march\u00e9 en France, aux Etats-Unis et en Chine. La demande est port\u00e9e par plusieurs facteurs&nbsp;: les peaux fragilis\u00e9es par la pollution urbaine et le r\u00e9chauffement climatique, ou encore le vieillissement de la population. A cela s\u2019ajoute \u00abun nouvel app\u00e9tit&nbsp;de la beaut\u00e9\u00bb depuis la crise sanitaire encourag\u00e9 par les \u00abskins influenceurs\u00bb sur les r\u00e9seaux sociaux. Et, dans ce contexte, les m\u00e9decins deviennent, de plus en plus, les ambassadeurs d\u2019une \u00abclean beauty\u00bb avec leur caution scientifique.<\/p>\n\n\n\n<p><strong>Du tube lamin\u00e9 l\u00e9ger et recyclable au tube carton<\/strong><br>\u00ab\u00a0Le march\u00e9 fran\u00e7ais de la parapharmacie conna\u00eet une forte croissance,\u00a0et le segment dermo-cosm\u00e9tique y est l\u2019un des plus dynamiques avec d\u2019importants acteurs tels que L\u2019Or\u00e9al avec sa division Beaut\u00e9 Dermatologique, Pierre Fabre avec ses nombreuses marques, mais \u00e9galement de plus petites marques telles que La Ros\u00e9e par exemple\u00bb, reconna\u00eet Caroline Hughes, directeur marketing<br>d\u2019Alb\u00e9a Tubes. La parapharmacie pr\u00e9sente aussi moins de contraintes r\u00e9glementaires que celui de la pharmacie. C\u2019est pour cette raison, selon elle, que \u00ables marques avancent de plus en plus vers un emballage responsable \u00e0 travers l\u2019int\u00e9gration de plastique recycl\u00e9, l\u2019all\u00e8gement de leurs tubes et la recyclabilit\u00e9\u00bb. Parmi les nouveaut\u00e9s chez Alb\u00e9a, il y a la gamme Timeless PCR PBL web, un tube lamin\u00e9 compos\u00e9 de 30% de contenu plastique recycl\u00e9 apr\u00e8s consommation (PCR) \u00e0 l\u2019int\u00e9rieur de la jupe, de 70% de PCR dans l\u2019\u00e9paule et d\u2019une \u00e9paisseur de jupe r\u00e9duite de 300 microns. Approuv\u00e9 par l\u2019Association des recycleurs de plastique (APR), il est recyclable dans le flux rigide HDPE et compl\u00e8te l\u2019offre PCR extrud\u00e9 du fabricant. La combinaison de Timeless PCR PBL web et d\u2019une \u00e9paule PCR permet d\u2019obtenir un tube contenant jusqu\u2019\u00e0 40% de PCR (sans bouchon). Un autre axe innovant avec Metamorphosis, est de proposer le premier tube en carton biosourc\u00e9 et certifi\u00e9 d\u2019origine biologique pour remplacer le plastique. Les Laboratoires Pierre Fabre ont choisi le tube en papier d\u2019Alb\u00e9a Tubes dans sa version kraft pour son emballage embl\u00e9matique de soin pour b\u00e9b\u00e9 de la marque Klorane, la cr\u00e8me hydratante au calendula, biologique et recyclable dans les flux d\u2019emballages carton. \u00abLe tube int\u00e8gre un minimum de 50% de papier certifi\u00e9 FSC, d\u00e9crit Caroline Hughes. Associ\u00e9 au syst\u00e8me EcoFusion Top d\u2019Alb\u00e9a Tubes, qui permet la fusion de la t\u00eate et du bouchon pour une r\u00e9duction suppl\u00e9mentaire du poids, ce tube r\u00e9duit de 74% la quantit\u00e9 de plastique vierge utilis\u00e9e pour le produit de Klorane, par rapport \u00e0 sa version pr\u00e9c\u00e9dente\u00bb.<\/p>\n\n\n\n<p><strong>Tube durable et impression num\u00e9rique<\/strong><br>\u00ab\u00a0Sur le march\u00e9 de la beaut\u00e9 en constante \u00e9volution, nous observons des tendances significatives en faveur de la \u2018clean beauty\u2019, du minimalisme et de la durabilit\u00e9, qui red\u00e9finissent les pr\u00e9f\u00e9rences des consommateurs et les normes de l\u2019industrie\u00bb, souligne Catherine Bismuth, directrice des ventes cosm\u00e9tiques de Hoffmann Neopac, qui investit dans le d\u00e9veloppement de solutions d\u2019emballage \u00e9cologiques qui r\u00e9duisent l\u2019impact sur l\u2019environnement sans compromettre la qualit\u00e9, incluant des m\u00e9thodes d\u2019impression num\u00e9rique avanc\u00e9es pour personnaliser et diff\u00e9rencier les emballages. \u00abNous adoptons la tendance \u00e0 la skinification dans les soins capillaires, en cr\u00e9ant des tubes qui compl\u00e8tent et renforcent cette approche\u00bb, ajoute-t-elle. Le tube double barri\u00e8re mono-mat\u00e9riau Polyfoil\u00ae EcoPro fabriqu\u00e9 avec 60% de PCR, associ\u00e9 \u00e0 la solution de bouchon rPE mono-mat\u00e9riau \u00e0 profil bas, symbolise l\u2019engagement de Neopac pour la durabilit\u00e9. Disponible dans des diam\u00e8tres de 30 \u00e0 50 mm et des capacit\u00e9s de 50 \u00e0 200 ml, il pr\u00e9sente une \u00e9paisseur de paroi de 0,35 mm. Ce qui repr\u00e9sente une r\u00e9duction de 30% par rapport au tube Polyfoil\u00ae standard de l\u2019entreprise. \u00abLe tube Polyfoil\u00ae EcoPro maximise l\u2019utilisation de mat\u00e9riau post-consomm\u00e9, en conservant des propri\u00e9t\u00e9s de barri\u00e8re \u00e9lev\u00e9es, et illustre le potentiel d\u2019int\u00e9gration de technologies de pointe telles que l\u2019impression num\u00e9rique pour cr\u00e9er des emballages \u00e0 la fois durables et visuellement attrayants\u00bb, continue-t-elle. Sa grande polyvalence le rend facilement accessible aux fabricants de cosm\u00e9tiques et de soins personnels de petite et moyenne taille sur sa plateforme en ligne. En parall\u00e8le, Neopac d\u00e9veloppe son offre de tubes Polyfoil\u00ae MMB Pharma Grade pour conditionner les produits liquides et cr\u00e8mes des industriels pharmaceutiques. Parmi les derniers lancements, le tube CR de 10 mm de Neopac est le plus petit avec une s\u00e9curit\u00e9 enfant sur le march\u00e9, avec une capacit\u00e9 de 0,5 \u00e0 2 ml. Il\u00a0est facile \u00e0 utiliser pour les seniors et personnes \u00e2g\u00e9es gr\u00e2ce \u00e0 son mouvement de push\u2019n\u2019turn. \u00c9quip\u00e9 du tout nouveau bouchon Twist\u2019n\u2019Use\u2122 Soft Long Nozzle, il permet une application douce et cibl\u00e9e des produits sur les zones sensibles comme les gingivales ou les oreilles.<br>Ce bouchon inviolable s\u2019adapte aux tubes d\u2019un diam\u00e8tre maximal de 16 mm et d\u2019une contenance maximale de 10 mm.<\/p>\n\n\n\n<p><strong>Tube alu et recharge recyclable<\/strong><br>Le tube aluminium, gr\u00e2ce \u00e0 sa l\u00e9g\u00e8ret\u00e9, ses propri\u00e9t\u00e9s barri\u00e8re intrins\u00e8ques et sa caract\u00e9ristique infiniment recyclable, a toujours \u00e9t\u00e9 un conditionnement de choix pour les produits cosm\u00e9tiques et pharmaceutiques. Ce qui n\u2019a pas emp\u00each\u00e9 Tubex d\u2019innover avec le Blue Tube, le premier tube en aluminium recycl\u00e9, suivi du Blue Tube Evo qui contient 95% de contenu PCR. \u00abNous pouvons proposer sur demande le Blue Tube Evo en version all\u00e9g\u00e9e jusqu\u2019\u00e0 moins 15% d\u2019aluminium et cela, avec un meilleur taux de restitution de 97%\u00bb, mentionne la soci\u00e9t\u00e9, qui propose \u00e9galement des capsules \u00e0 partir de mat\u00e9riau PCR et des laques externes \u00e0 base d\u2019eau pour une solution compl\u00e8te \u00e0 faible empreinte. En 2023, Tubex a lanc\u00e9 un nouveau tube de recharge MonoRefill, 100% compos\u00e9 d\u2019aluminium recycl\u00e9 et facilement recyclable avec sa canule. Il suffit de casser cette canule en aluminium pour vider le contenu dans le r\u00e9cipient d\u2019origine jusqu\u2019\u00e0 sa derni\u00e8re goutte\u00a0!<br>\u00abLa plupart des solutions de recharge disponibles ne sont pas circulaires et beaucoup ne sont pas recyclables, indique Thierry Bitout, pdg de Tubex. Nous avons donc con\u00e7u le MonoRefill pour offrir aux marques une solution durable de recharge pour des emballages d\u2019origine complexe ou comme alternative aux recharges existantes en plastique ou autres mat\u00e9riaux difficiles \u00e0 recycler\u00bb. MonoRefill peut \u00eatre utilis\u00e9 pour recharger des flacons de parfums, comme la premi\u00e8re application avec la marque de beaut\u00e9 La Bouche Rouge, mais aussi diff\u00e9rents types de pots et de petits flacons. Il peut aussi transporter des concentr\u00e9s pour remplir des bouteilles ou des distributeurs plus gros\u2026<\/p>","protected":false},"excerpt":{"rendered":"<p>Les fabricants de tubes (Alb\u00e9a Tubes, Hoffmann Neopac, Tubex) s\u2019adaptent et innovent pour r\u00e9pondre aux nouvelles tendances pharmaceutiques et dermocosm\u00e9tiques. Objectif\u00a0: avoir des produits fonctionnels, esth\u00e9tiques et respectueux de l\u2019environnement, sans compromettre la qualit\u00e9. Sans oublier la recherche de s\u00e9curit\u00e9, la pr\u00e9cision dans la dose et une manipulation ais\u00e9e pour les produits de sant\u00e9. Les [&hellip;]<\/p>","protected":false},"author":2,"featured_media":40159,"comment_status":"closed","ping_status":"closed","sticky":false,"template":"","format":"standard","meta":{"_acf_changed":false,"inline_featured_image":false,"iawp_total_views":4,"footnotes":""},"categories":[26,81,7,65],"tags":[],"class_list":["post-40158","post","type-post","status-publish","format-standard","has-post-thumbnail","hentry","category-laterale","category-packaging","category-pharmacie","category-vu-dans-le-mag"],"acf":[],"yoast_head":"<!-- This site is optimized with the Yoast SEO plugin v24.4 - https:\/\/yoast.com\/wordpress\/plugins\/seo\/ -->\n<title>Les tubes dermo-cosm\u00e9tiques se mettent au vert - Emballage Digest<\/title>\n<meta name=\"robots\" content=\"index, follow, max-snippet:-1, max-image-preview:large, max-video-preview:-1\" \/>\n<link rel=\"canonical\" href=\"https:\/\/www.emballagedigest.fr\/en\/les-tubes-dermo-cosmetiques-se-mettent-au-vert\/\" \/>\n<meta property=\"og:locale\" content=\"en_GB\" \/>\n<meta property=\"og:type\" content=\"article\" \/>\n<meta property=\"og:title\" content=\"Les tubes dermo-cosm\u00e9tiques se mettent au vert - Emballage Digest\" \/>\n<meta property=\"og:description\" content=\"Les fabricants de tubes (Alb\u00e9a Tubes, Hoffmann Neopac, Tubex) s\u2019adaptent et innovent pour r\u00e9pondre aux nouvelles tendances pharmaceutiques et dermocosm\u00e9tiques. Objectif\u00a0: avoir des produits fonctionnels, esth\u00e9tiques et respectueux de l\u2019environnement, sans compromettre la qualit\u00e9. Sans oublier la recherche de s\u00e9curit\u00e9, la pr\u00e9cision dans la dose et une manipulation ais\u00e9e pour les produits de sant\u00e9. Les [&hellip;]\" \/>\n<meta property=\"og:url\" content=\"https:\/\/www.emballagedigest.fr\/en\/les-tubes-dermo-cosmetiques-se-mettent-au-vert\/\" \/>\n<meta property=\"og:site_name\" content=\"Emballage Digest\" \/>\n<meta property=\"article:published_time\" content=\"2024-02-29T09:48:00+00:00\" \/>\n<meta property=\"article:modified_time\" content=\"2024-03-03T09:51:15+00:00\" \/>\n<meta property=\"og:image\" content=\"https:\/\/www.emballagedigest.fr\/wp-content\/uploads\/2024\/03\/tubes.jpg\" \/>\n\t<meta property=\"og:image:width\" content=\"800\" \/>\n\t<meta property=\"og:image:height\" content=\"566\" \/>\n\t<meta property=\"og:image:type\" content=\"image\/jpeg\" \/>\n<meta name=\"author\" content=\"Karine Duval\" \/>\n<meta name=\"twitter:card\" content=\"summary_large_image\" \/>\n<meta name=\"twitter:label1\" content=\"Written by\" \/>\n\t<meta name=\"twitter:data1\" content=\"Karine Duval\" \/>\n\t<meta name=\"twitter:label2\" content=\"Estimated reading time\" \/>\n\t<meta name=\"twitter:data2\" content=\"6 minutes\" \/>\n<script type=\"application\/ld+json\" class=\"yoast-schema-graph\">{\"@context\":\"https:\/\/schema.org\",\"@graph\":[{\"@type\":\"Article\",\"@id\":\"https:\/\/www.emballagedigest.fr\/les-tubes-dermo-cosmetiques-se-mettent-au-vert\/#article\",\"isPartOf\":{\"@id\":\"https:\/\/www.emballagedigest.fr\/les-tubes-dermo-cosmetiques-se-mettent-au-vert\/\"},\"author\":{\"name\":\"Karine Duval\",\"@id\":\"https:\/\/www.emballagedigest.fr\/#\/schema\/person\/76abe9f2b2ee4d3d520594c7a35da59f\"},\"headline\":\"Les tubes dermo-cosm\u00e9tiques se mettent au vert\",\"datePublished\":\"2024-02-29T09:48:00+00:00\",\"dateModified\":\"2024-03-03T09:51:15+00:00\",\"mainEntityOfPage\":{\"@id\":\"https:\/\/www.emballagedigest.fr\/les-tubes-dermo-cosmetiques-se-mettent-au-vert\/\"},\"wordCount\":1274,\"publisher\":{\"@id\":\"https:\/\/www.emballagedigest.fr\/#organization\"},\"image\":{\"@id\":\"https:\/\/www.emballagedigest.fr\/les-tubes-dermo-cosmetiques-se-mettent-au-vert\/#primaryimage\"},\"thumbnailUrl\":\"https:\/\/www.emballagedigest.fr\/wp-content\/uploads\/2024\/03\/tubes.jpg\",\"articleSection\":[\"Barre lat\u00e9rale\",\"Packaging\",\"Pharmacie\",\"Vu dans le mag\"],\"inLanguage\":\"en-GB\"},{\"@type\":\"WebPage\",\"@id\":\"https:\/\/www.emballagedigest.fr\/les-tubes-dermo-cosmetiques-se-mettent-au-vert\/\",\"url\":\"https:\/\/www.emballagedigest.fr\/les-tubes-dermo-cosmetiques-se-mettent-au-vert\/\",\"name\":\"Les tubes dermo-cosm\u00e9tiques se mettent au vert - Emballage Digest\",\"isPartOf\":{\"@id\":\"https:\/\/www.emballagedigest.fr\/#website\"},\"primaryImageOfPage\":{\"@id\":\"https:\/\/www.emballagedigest.fr\/les-tubes-dermo-cosmetiques-se-mettent-au-vert\/#primaryimage\"},\"image\":{\"@id\":\"https:\/\/www.emballagedigest.fr\/les-tubes-dermo-cosmetiques-se-mettent-au-vert\/#primaryimage\"},\"thumbnailUrl\":\"https:\/\/www.emballagedigest.fr\/wp-content\/uploads\/2024\/03\/tubes.jpg\",\"datePublished\":\"2024-02-29T09:48:00+00:00\",\"dateModified\":\"2024-03-03T09:51:15+00:00\",\"breadcrumb\":{\"@id\":\"https:\/\/www.emballagedigest.fr\/les-tubes-dermo-cosmetiques-se-mettent-au-vert\/#breadcrumb\"},\"inLanguage\":\"en-GB\",\"potentialAction\":[{\"@type\":\"ReadAction\",\"target\":[\"https:\/\/www.emballagedigest.fr\/les-tubes-dermo-cosmetiques-se-mettent-au-vert\/\"]}]},{\"@type\":\"ImageObject\",\"inLanguage\":\"en-GB\",\"@id\":\"https:\/\/www.emballagedigest.fr\/les-tubes-dermo-cosmetiques-se-mettent-au-vert\/#primaryimage\",\"url\":\"https:\/\/www.emballagedigest.fr\/wp-content\/uploads\/2024\/03\/tubes.jpg\",\"contentUrl\":\"https:\/\/www.emballagedigest.fr\/wp-content\/uploads\/2024\/03\/tubes.jpg\",\"width\":800,\"height\":566},{\"@type\":\"BreadcrumbList\",\"@id\":\"https:\/\/www.emballagedigest.fr\/les-tubes-dermo-cosmetiques-se-mettent-au-vert\/#breadcrumb\",\"itemListElement\":[{\"@type\":\"ListItem\",\"position\":1,\"name\":\"Accueil\",\"item\":\"https:\/\/www.emballagedigest.fr\/\"},{\"@type\":\"ListItem\",\"position\":2,\"name\":\"Les tubes dermo-cosm\u00e9tiques se mettent au vert\"}]},{\"@type\":\"WebSite\",\"@id\":\"https:\/\/www.emballagedigest.fr\/#website\",\"url\":\"https:\/\/www.emballagedigest.fr\/\",\"name\":\"Emballage Digest\",\"description\":\"Revue professionnelle sur les emballages\",\"publisher\":{\"@id\":\"https:\/\/www.emballagedigest.fr\/#organization\"},\"potentialAction\":[{\"@type\":\"SearchAction\",\"target\":{\"@type\":\"EntryPoint\",\"urlTemplate\":\"https:\/\/www.emballagedigest.fr\/?s={search_term_string}\"},\"query-input\":{\"@type\":\"PropertyValueSpecification\",\"valueRequired\":true,\"valueName\":\"search_term_string\"}}],\"inLanguage\":\"en-GB\"},{\"@type\":\"Organization\",\"@id\":\"https:\/\/www.emballagedigest.fr\/#organization\",\"name\":\"Emballage Digest\",\"url\":\"https:\/\/www.emballagedigest.fr\/\",\"logo\":{\"@type\":\"ImageObject\",\"inLanguage\":\"en-GB\",\"@id\":\"https:\/\/www.emballagedigest.fr\/#\/schema\/logo\/image\/\",\"url\":\"https:\/\/www.emballagedigest.fr\/wp-content\/uploads\/2022\/07\/logo-ed.png\",\"contentUrl\":\"https:\/\/www.emballagedigest.fr\/wp-content\/uploads\/2022\/07\/logo-ed.png\",\"width\":379,\"height\":75,\"caption\":\"Emballage Digest\"},\"image\":{\"@id\":\"https:\/\/www.emballagedigest.fr\/#\/schema\/logo\/image\/\"}},{\"@type\":\"Person\",\"@id\":\"https:\/\/www.emballagedigest.fr\/#\/schema\/person\/76abe9f2b2ee4d3d520594c7a35da59f\",\"name\":\"Karine Duval\",\"image\":{\"@type\":\"ImageObject\",\"inLanguage\":\"en-GB\",\"@id\":\"https:\/\/www.emballagedigest.fr\/#\/schema\/person\/image\/\",\"url\":\"https:\/\/secure.gravatar.com\/avatar\/f552799261cdd2e076e6677d780ef07bdb13aa4c196ab75b39abcbcdcae2d4e5?s=96&d=mm&r=g\",\"contentUrl\":\"https:\/\/secure.gravatar.com\/avatar\/f552799261cdd2e076e6677d780ef07bdb13aa4c196ab75b39abcbcdcae2d4e5?s=96&d=mm&r=g\",\"caption\":\"Karine Duval\"},\"url\":\"https:\/\/www.emballagedigest.fr\/en\/author\/admin_karduv\/\"}]}<\/script>\n<!-- \/ Yoast SEO plugin. -->","yoast_head_json":{"title":"Les tubes dermo-cosm\u00e9tiques se mettent au vert - Emballage Digest","robots":{"index":"index","follow":"follow","max-snippet":"max-snippet:-1","max-image-preview":"max-image-preview:large","max-video-preview":"max-video-preview:-1"},"canonical":"https:\/\/www.emballagedigest.fr\/en\/les-tubes-dermo-cosmetiques-se-mettent-au-vert\/","og_locale":"en_GB","og_type":"article","og_title":"Les tubes dermo-cosm\u00e9tiques se mettent au vert - Emballage Digest","og_description":"Les fabricants de tubes (Alb\u00e9a Tubes, Hoffmann Neopac, Tubex) s\u2019adaptent et innovent pour r\u00e9pondre aux nouvelles tendances pharmaceutiques et dermocosm\u00e9tiques. Objectif\u00a0: avoir des produits fonctionnels, esth\u00e9tiques et respectueux de l\u2019environnement, sans compromettre la qualit\u00e9. Sans oublier la recherche de s\u00e9curit\u00e9, la pr\u00e9cision dans la dose et une manipulation ais\u00e9e pour les produits de sant\u00e9. Les [&hellip;]","og_url":"https:\/\/www.emballagedigest.fr\/en\/les-tubes-dermo-cosmetiques-se-mettent-au-vert\/","og_site_name":"Emballage Digest","article_published_time":"2024-02-29T09:48:00+00:00","article_modified_time":"2024-03-03T09:51:15+00:00","og_image":[{"width":800,"height":566,"url":"https:\/\/www.emballagedigest.fr\/wp-content\/uploads\/2024\/03\/tubes.jpg","type":"image\/jpeg"}],"author":"Karine Duval","twitter_card":"summary_large_image","twitter_misc":{"Written by":"Karine Duval","Estimated reading time":"6 minutes"},"schema":{"@context":"https:\/\/schema.org","@graph":[{"@type":"Article","@id":"https:\/\/www.emballagedigest.fr\/les-tubes-dermo-cosmetiques-se-mettent-au-vert\/#article","isPartOf":{"@id":"https:\/\/www.emballagedigest.fr\/les-tubes-dermo-cosmetiques-se-mettent-au-vert\/"},"author":{"name":"Karine Duval","@id":"https:\/\/www.emballagedigest.fr\/#\/schema\/person\/76abe9f2b2ee4d3d520594c7a35da59f"},"headline":"Les tubes dermo-cosm\u00e9tiques se mettent au vert","datePublished":"2024-02-29T09:48:00+00:00","dateModified":"2024-03-03T09:51:15+00:00","mainEntityOfPage":{"@id":"https:\/\/www.emballagedigest.fr\/les-tubes-dermo-cosmetiques-se-mettent-au-vert\/"},"wordCount":1274,"publisher":{"@id":"https:\/\/www.emballagedigest.fr\/#organization"},"image":{"@id":"https:\/\/www.emballagedigest.fr\/les-tubes-dermo-cosmetiques-se-mettent-au-vert\/#primaryimage"},"thumbnailUrl":"https:\/\/www.emballagedigest.fr\/wp-content\/uploads\/2024\/03\/tubes.jpg","articleSection":["Barre lat\u00e9rale","Packaging","Pharmacie","Vu dans le mag"],"inLanguage":"en-GB"},{"@type":"WebPage","@id":"https:\/\/www.emballagedigest.fr\/les-tubes-dermo-cosmetiques-se-mettent-au-vert\/","url":"https:\/\/www.emballagedigest.fr\/les-tubes-dermo-cosmetiques-se-mettent-au-vert\/","name":"Les tubes dermo-cosm\u00e9tiques se mettent au vert - Emballage Digest","isPartOf":{"@id":"https:\/\/www.emballagedigest.fr\/#website"},"primaryImageOfPage":{"@id":"https:\/\/www.emballagedigest.fr\/les-tubes-dermo-cosmetiques-se-mettent-au-vert\/#primaryimage"},"image":{"@id":"https:\/\/www.emballagedigest.fr\/les-tubes-dermo-cosmetiques-se-mettent-au-vert\/#primaryimage"},"thumbnailUrl":"https:\/\/www.emballagedigest.fr\/wp-content\/uploads\/2024\/03\/tubes.jpg","datePublished":"2024-02-29T09:48:00+00:00","dateModified":"2024-03-03T09:51:15+00:00","breadcrumb":{"@id":"https:\/\/www.emballagedigest.fr\/les-tubes-dermo-cosmetiques-se-mettent-au-vert\/#breadcrumb"},"inLanguage":"en-GB","potentialAction":[{"@type":"ReadAction","target":["https:\/\/www.emballagedigest.fr\/les-tubes-dermo-cosmetiques-se-mettent-au-vert\/"]}]},{"@type":"ImageObject","inLanguage":"en-GB","@id":"https:\/\/www.emballagedigest.fr\/les-tubes-dermo-cosmetiques-se-mettent-au-vert\/#primaryimage","url":"https:\/\/www.emballagedigest.fr\/wp-content\/uploads\/2024\/03\/tubes.jpg","contentUrl":"https:\/\/www.emballagedigest.fr\/wp-content\/uploads\/2024\/03\/tubes.jpg","width":800,"height":566},{"@type":"BreadcrumbList","@id":"https:\/\/www.emballagedigest.fr\/les-tubes-dermo-cosmetiques-se-mettent-au-vert\/#breadcrumb","itemListElement":[{"@type":"ListItem","position":1,"name":"Accueil","item":"https:\/\/www.emballagedigest.fr\/"},{"@type":"ListItem","position":2,"name":"Les tubes dermo-cosm\u00e9tiques se mettent au vert"}]},{"@type":"WebSite","@id":"https:\/\/www.emballagedigest.fr\/#website","url":"https:\/\/www.emballagedigest.fr\/","name":"Emballage Digest","description":"Revue professionnelle sur les emballages","publisher":{"@id":"https:\/\/www.emballagedigest.fr\/#organization"},"potentialAction":[{"@type":"SearchAction","target":{"@type":"EntryPoint","urlTemplate":"https:\/\/www.emballagedigest.fr\/?s={search_term_string}"},"query-input":{"@type":"PropertyValueSpecification","valueRequired":true,"valueName":"search_term_string"}}],"inLanguage":"en-GB"},{"@type":"Organization","@id":"https:\/\/www.emballagedigest.fr\/#organization","name":"Emballage Digest","url":"https:\/\/www.emballagedigest.fr\/","logo":{"@type":"ImageObject","inLanguage":"en-GB","@id":"https:\/\/www.emballagedigest.fr\/#\/schema\/logo\/image\/","url":"https:\/\/www.emballagedigest.fr\/wp-content\/uploads\/2022\/07\/logo-ed.png","contentUrl":"https:\/\/www.emballagedigest.fr\/wp-content\/uploads\/2022\/07\/logo-ed.png","width":379,"height":75,"caption":"Emballage Digest"},"image":{"@id":"https:\/\/www.emballagedigest.fr\/#\/schema\/logo\/image\/"}},{"@type":"Person","@id":"https:\/\/www.emballagedigest.fr\/#\/schema\/person\/76abe9f2b2ee4d3d520594c7a35da59f","name":"Karine Duval","image":{"@type":"ImageObject","inLanguage":"en-GB","@id":"https:\/\/www.emballagedigest.fr\/#\/schema\/person\/image\/","url":"https:\/\/secure.gravatar.com\/avatar\/f552799261cdd2e076e6677d780ef07bdb13aa4c196ab75b39abcbcdcae2d4e5?s=96&d=mm&r=g","contentUrl":"https:\/\/secure.gravatar.com\/avatar\/f552799261cdd2e076e6677d780ef07bdb13aa4c196ab75b39abcbcdcae2d4e5?s=96&d=mm&r=g","caption":"Karine Duval"},"url":"https:\/\/www.emballagedigest.fr\/en\/author\/admin_karduv\/"}]}},"_links":{"self":[{"href":"https:\/\/www.emballagedigest.fr\/en\/wp-json\/wp\/v2\/posts\/40158","targetHints":{"allow":["GET"]}}],"collection":[{"href":"https:\/\/www.emballagedigest.fr\/en\/wp-json\/wp\/v2\/posts"}],"about":[{"href":"https:\/\/www.emballagedigest.fr\/en\/wp-json\/wp\/v2\/types\/post"}],"author":[{"embeddable":true,"href":"https:\/\/www.emballagedigest.fr\/en\/wp-json\/wp\/v2\/users\/2"}],"replies":[{"embeddable":true,"href":"https:\/\/www.emballagedigest.fr\/en\/wp-json\/wp\/v2\/comments?post=40158"}],"version-history":[{"count":1,"href":"https:\/\/www.emballagedigest.fr\/en\/wp-json\/wp\/v2\/posts\/40158\/revisions"}],"predecessor-version":[{"id":40160,"href":"https:\/\/www.emballagedigest.fr\/en\/wp-json\/wp\/v2\/posts\/40158\/revisions\/40160"}],"wp:featuredmedia":[{"embeddable":true,"href":"https:\/\/www.emballagedigest.fr\/en\/wp-json\/wp\/v2\/media\/40159"}],"wp:attachment":[{"href":"https:\/\/www.emballagedigest.fr\/en\/wp-json\/wp\/v2\/media?parent=40158"}],"wp:term":[{"taxonomy":"category","embeddable":true,"href":"https:\/\/www.emballagedigest.fr\/en\/wp-json\/wp\/v2\/categories?post=40158"},{"taxonomy":"post_tag","embeddable":true,"href":"https:\/\/www.emballagedigest.fr\/en\/wp-json\/wp\/v2\/tags?post=40158"}],"curies":[{"name":"wp","href":"https:\/\/api.w.org\/{rel}","templated":true}]}}