{"id":40238,"date":"2024-03-11T00:12:00","date_gmt":"2024-03-10T23:12:00","guid":{"rendered":"https:\/\/www.emballagedigest.fr\/?p=40238"},"modified":"2024-03-12T08:59:35","modified_gmt":"2024-03-12T07:59:35","slug":"craemer-devoile-sa-nouvelle-palette-np1","status":"publish","type":"post","link":"https:\/\/www.emballagedigest.fr\/en\/craemer-devoile-sa-nouvelle-palette-np1\/","title":{"rendered":"Craemer d\u00e9voile sa nouvelle palette NP1"},"content":{"rendered":"<p><strong>Craemer, fabricant europ\u00e9en de caisses palettes, palettes et conteneurs plastique pour le stockage, la collecte et le transport, propose une nouvelle palette plastique embo\u00eetable, l\u00e9g\u00e8re et robuste en poly\u00e9thyl\u00e8ne (PE) de haute qualit\u00e9, qui r\u00e9pond aux exigences logistiques les plus strictes.<\/strong><\/p>\n\n\n\n<p>La palette l\u00e9g\u00e8re NP1 aux dimensions europ\u00e9ennes (1200 x 800 x 146 mm) est fabriqu\u00e9e par injection monobloc, dot\u00e9e de neuf pieds biseaut\u00e9s. Son syst\u00e8me sophistiqu\u00e9 d&#8217;embo\u00eetement offre une pr\u00e9cision et une s\u00e9curit\u00e9 \u00e9lev\u00e9es. L&#8217;empilage et le d\u00e9sempilage manuels des palettes NP1 se font sans effort. Des ouvertures d&rsquo;entr\u00e9e d\u00e9coup\u00e9es sur les faces transversales et longitudinales permettent un d\u00e9boitage facile \u00e0 l&rsquo;aide d&rsquo;un chariot \u00e9l\u00e9vateur.<\/p>\n\n\n\n<p>L&rsquo;un des principaux avantages de ce syst\u00e8me d&#8217;embo\u00eetement est la r\u00e9duction sensible du volume lors du transport \u00e0 vide et du stockage, ce qui permet des \u00e9conomies significatives sur les frais de transport et l&rsquo;espace de stockage tout en am\u00e9liorant la rentabilit\u00e9 des rotations. La palette plastique NP1 de Craemer est plus lourde (8,5 kg) que les autres palettes l\u00e9g\u00e8res embo\u00eetables du march\u00e9, offrant ainsi une stabilit\u00e9 fiable et une longue dur\u00e9e de vie. En fin de vie, la NP1, fabriqu\u00e9 en PE, peut \u00eatre recycl\u00e9e \u00e0 100%.<\/p>\n\n\n\n<p>La palette plastique NP1 est le support de charge id\u00e9al pour toutes les applications n\u00e9cessitant des solutions peu encombrantes, notamment dans les commerces et la grande distribution. Dans le secteur des fruits et l\u00e9gumes, des ouvertures dans le plateau sup\u00e9rieur de la palette NP1 fabriqu\u00e9e d&rsquo;une seule pi\u00e8ce assurent une circulation d&rsquo;air suffisante et donc une a\u00e9ration des marchandises superpos\u00e9es. Le risque de pourriture ou de moisissure est ainsi r\u00e9duit. Enfin, avec une charge statique de 2500 kg et dynamique de 1000 kg, la palette plastique NP1 se d\u00e9marque \u00e9galement gr\u00e2ce \u00e0 ses \u00e9l\u00e9ments Palgrip<sup>\u00ae<\/sup>, un rev\u00eatement antid\u00e9rapant.<\/p>","protected":false},"excerpt":{"rendered":"<p>Craemer, fabricant europ\u00e9en de caisses palettes, palettes et conteneurs plastique pour le stockage, la collecte et le transport, propose une nouvelle palette plastique embo\u00eetable, l\u00e9g\u00e8re et robuste en poly\u00e9thyl\u00e8ne (PE) de haute qualit\u00e9, qui r\u00e9pond aux exigences logistiques les plus strictes. La palette l\u00e9g\u00e8re NP1 aux dimensions europ\u00e9ennes (1200 x 800 x 146 mm) est [&hellip;]<\/p>","protected":false},"author":2,"featured_media":40239,"comment_status":"closed","ping_status":"closed","sticky":false,"template":"","format":"standard","meta":{"_acf_changed":false,"inline_featured_image":false,"iawp_total_views":0,"footnotes":""},"categories":[28,11,8],"tags":[],"class_list":["post-40238","post","type-post","status-publish","format-standard","has-post-thumbnail","hentry","category-article-entier","category-emballages","category-industrie"],"acf":[],"yoast_head":"<!-- This site is optimized with the Yoast SEO plugin v24.4 - https:\/\/yoast.com\/wordpress\/plugins\/seo\/ -->\n<title>Craemer d\u00e9voile sa nouvelle palette NP1 - Emballage Digest<\/title>\n<meta name=\"robots\" content=\"index, follow, max-snippet:-1, max-image-preview:large, max-video-preview:-1\" \/>\n<link rel=\"canonical\" href=\"https:\/\/www.emballagedigest.fr\/en\/craemer-devoile-sa-nouvelle-palette-np1\/\" \/>\n<meta property=\"og:locale\" content=\"en_GB\" \/>\n<meta property=\"og:type\" content=\"article\" \/>\n<meta property=\"og:title\" content=\"Craemer d\u00e9voile sa nouvelle palette NP1 - Emballage Digest\" \/>\n<meta property=\"og:description\" content=\"Craemer, fabricant europ\u00e9en de caisses palettes, palettes et conteneurs plastique pour le stockage, la collecte et le transport, propose une nouvelle palette plastique embo\u00eetable, l\u00e9g\u00e8re et robuste en poly\u00e9thyl\u00e8ne (PE) de haute qualit\u00e9, qui r\u00e9pond aux exigences logistiques les plus strictes. La palette l\u00e9g\u00e8re NP1 aux dimensions europ\u00e9ennes (1200 x 800 x 146 mm) est [&hellip;]\" \/>\n<meta property=\"og:url\" content=\"https:\/\/www.emballagedigest.fr\/en\/craemer-devoile-sa-nouvelle-palette-np1\/\" \/>\n<meta property=\"og:site_name\" content=\"Emballage Digest\" \/>\n<meta property=\"article:published_time\" content=\"2024-03-10T23:12:00+00:00\" \/>\n<meta property=\"article:modified_time\" content=\"2024-03-12T07:59:35+00:00\" \/>\n<meta property=\"og:image\" content=\"https:\/\/www.emballagedigest.fr\/wp-content\/uploads\/2024\/03\/Craemer.jpg\" \/>\n\t<meta property=\"og:image:width\" content=\"800\" \/>\n\t<meta property=\"og:image:height\" content=\"566\" \/>\n\t<meta property=\"og:image:type\" content=\"image\/jpeg\" \/>\n<meta name=\"author\" content=\"Karine Duval\" \/>\n<meta name=\"twitter:card\" content=\"summary_large_image\" \/>\n<meta name=\"twitter:label1\" content=\"Written by\" \/>\n\t<meta name=\"twitter:data1\" content=\"Karine Duval\" \/>\n\t<meta name=\"twitter:label2\" content=\"Estimated reading time\" \/>\n\t<meta name=\"twitter:data2\" content=\"2 minutes\" \/>\n<script type=\"application\/ld+json\" class=\"yoast-schema-graph\">{\"@context\":\"https:\/\/schema.org\",\"@graph\":[{\"@type\":\"Article\",\"@id\":\"https:\/\/www.emballagedigest.fr\/craemer-devoile-sa-nouvelle-palette-np1\/#article\",\"isPartOf\":{\"@id\":\"https:\/\/www.emballagedigest.fr\/craemer-devoile-sa-nouvelle-palette-np1\/\"},\"author\":{\"name\":\"Karine Duval\",\"@id\":\"https:\/\/www.emballagedigest.fr\/#\/schema\/person\/76abe9f2b2ee4d3d520594c7a35da59f\"},\"headline\":\"Craemer d\u00e9voile sa nouvelle palette NP1\",\"datePublished\":\"2024-03-10T23:12:00+00:00\",\"dateModified\":\"2024-03-12T07:59:35+00:00\",\"mainEntityOfPage\":{\"@id\":\"https:\/\/www.emballagedigest.fr\/craemer-devoile-sa-nouvelle-palette-np1\/\"},\"wordCount\":345,\"publisher\":{\"@id\":\"https:\/\/www.emballagedigest.fr\/#organization\"},\"image\":{\"@id\":\"https:\/\/www.emballagedigest.fr\/craemer-devoile-sa-nouvelle-palette-np1\/#primaryimage\"},\"thumbnailUrl\":\"https:\/\/www.emballagedigest.fr\/wp-content\/uploads\/2024\/03\/Craemer.jpg\",\"articleSection\":[\"Article entier\",\"Emballages\",\"Industrie\"],\"inLanguage\":\"en-GB\"},{\"@type\":\"WebPage\",\"@id\":\"https:\/\/www.emballagedigest.fr\/craemer-devoile-sa-nouvelle-palette-np1\/\",\"url\":\"https:\/\/www.emballagedigest.fr\/craemer-devoile-sa-nouvelle-palette-np1\/\",\"name\":\"Craemer d\u00e9voile sa nouvelle palette NP1 - Emballage Digest\",\"isPartOf\":{\"@id\":\"https:\/\/www.emballagedigest.fr\/#website\"},\"primaryImageOfPage\":{\"@id\":\"https:\/\/www.emballagedigest.fr\/craemer-devoile-sa-nouvelle-palette-np1\/#primaryimage\"},\"image\":{\"@id\":\"https:\/\/www.emballagedigest.fr\/craemer-devoile-sa-nouvelle-palette-np1\/#primaryimage\"},\"thumbnailUrl\":\"https:\/\/www.emballagedigest.fr\/wp-content\/uploads\/2024\/03\/Craemer.jpg\",\"datePublished\":\"2024-03-10T23:12:00+00:00\",\"dateModified\":\"2024-03-12T07:59:35+00:00\",\"breadcrumb\":{\"@id\":\"https:\/\/www.emballagedigest.fr\/craemer-devoile-sa-nouvelle-palette-np1\/#breadcrumb\"},\"inLanguage\":\"en-GB\",\"potentialAction\":[{\"@type\":\"ReadAction\",\"target\":[\"https:\/\/www.emballagedigest.fr\/craemer-devoile-sa-nouvelle-palette-np1\/\"]}]},{\"@type\":\"ImageObject\",\"inLanguage\":\"en-GB\",\"@id\":\"https:\/\/www.emballagedigest.fr\/craemer-devoile-sa-nouvelle-palette-np1\/#primaryimage\",\"url\":\"https:\/\/www.emballagedigest.fr\/wp-content\/uploads\/2024\/03\/Craemer.jpg\",\"contentUrl\":\"https:\/\/www.emballagedigest.fr\/wp-content\/uploads\/2024\/03\/Craemer.jpg\",\"width\":800,\"height\":566},{\"@type\":\"BreadcrumbList\",\"@id\":\"https:\/\/www.emballagedigest.fr\/craemer-devoile-sa-nouvelle-palette-np1\/#breadcrumb\",\"itemListElement\":[{\"@type\":\"ListItem\",\"position\":1,\"name\":\"Accueil\",\"item\":\"https:\/\/www.emballagedigest.fr\/\"},{\"@type\":\"ListItem\",\"position\":2,\"name\":\"Craemer d\u00e9voile sa nouvelle palette NP1\"}]},{\"@type\":\"WebSite\",\"@id\":\"https:\/\/www.emballagedigest.fr\/#website\",\"url\":\"https:\/\/www.emballagedigest.fr\/\",\"name\":\"Emballage Digest\",\"description\":\"Revue professionnelle sur les emballages\",\"publisher\":{\"@id\":\"https:\/\/www.emballagedigest.fr\/#organization\"},\"potentialAction\":[{\"@type\":\"SearchAction\",\"target\":{\"@type\":\"EntryPoint\",\"urlTemplate\":\"https:\/\/www.emballagedigest.fr\/?s={search_term_string}\"},\"query-input\":{\"@type\":\"PropertyValueSpecification\",\"valueRequired\":true,\"valueName\":\"search_term_string\"}}],\"inLanguage\":\"en-GB\"},{\"@type\":\"Organization\",\"@id\":\"https:\/\/www.emballagedigest.fr\/#organization\",\"name\":\"Emballage Digest\",\"url\":\"https:\/\/www.emballagedigest.fr\/\",\"logo\":{\"@type\":\"ImageObject\",\"inLanguage\":\"en-GB\",\"@id\":\"https:\/\/www.emballagedigest.fr\/#\/schema\/logo\/image\/\",\"url\":\"https:\/\/www.emballagedigest.fr\/wp-content\/uploads\/2022\/07\/logo-ed.png\",\"contentUrl\":\"https:\/\/www.emballagedigest.fr\/wp-content\/uploads\/2022\/07\/logo-ed.png\",\"width\":379,\"height\":75,\"caption\":\"Emballage Digest\"},\"image\":{\"@id\":\"https:\/\/www.emballagedigest.fr\/#\/schema\/logo\/image\/\"}},{\"@type\":\"Person\",\"@id\":\"https:\/\/www.emballagedigest.fr\/#\/schema\/person\/76abe9f2b2ee4d3d520594c7a35da59f\",\"name\":\"Karine Duval\",\"image\":{\"@type\":\"ImageObject\",\"inLanguage\":\"en-GB\",\"@id\":\"https:\/\/www.emballagedigest.fr\/#\/schema\/person\/image\/\",\"url\":\"https:\/\/secure.gravatar.com\/avatar\/f552799261cdd2e076e6677d780ef07bdb13aa4c196ab75b39abcbcdcae2d4e5?s=96&d=mm&r=g\",\"contentUrl\":\"https:\/\/secure.gravatar.com\/avatar\/f552799261cdd2e076e6677d780ef07bdb13aa4c196ab75b39abcbcdcae2d4e5?s=96&d=mm&r=g\",\"caption\":\"Karine Duval\"},\"url\":\"https:\/\/www.emballagedigest.fr\/en\/author\/admin_karduv\/\"}]}<\/script>\n<!-- \/ Yoast SEO plugin. -->","yoast_head_json":{"title":"Craemer d\u00e9voile sa nouvelle palette NP1 - Emballage Digest","robots":{"index":"index","follow":"follow","max-snippet":"max-snippet:-1","max-image-preview":"max-image-preview:large","max-video-preview":"max-video-preview:-1"},"canonical":"https:\/\/www.emballagedigest.fr\/en\/craemer-devoile-sa-nouvelle-palette-np1\/","og_locale":"en_GB","og_type":"article","og_title":"Craemer d\u00e9voile sa nouvelle palette NP1 - Emballage Digest","og_description":"Craemer, fabricant europ\u00e9en de caisses palettes, palettes et conteneurs plastique pour le stockage, la collecte et le transport, propose une nouvelle palette plastique embo\u00eetable, l\u00e9g\u00e8re et robuste en poly\u00e9thyl\u00e8ne (PE) de haute qualit\u00e9, qui r\u00e9pond aux exigences logistiques les plus strictes. La palette l\u00e9g\u00e8re NP1 aux dimensions europ\u00e9ennes (1200 x 800 x 146 mm) est [&hellip;]","og_url":"https:\/\/www.emballagedigest.fr\/en\/craemer-devoile-sa-nouvelle-palette-np1\/","og_site_name":"Emballage Digest","article_published_time":"2024-03-10T23:12:00+00:00","article_modified_time":"2024-03-12T07:59:35+00:00","og_image":[{"width":800,"height":566,"url":"https:\/\/www.emballagedigest.fr\/wp-content\/uploads\/2024\/03\/Craemer.jpg","type":"image\/jpeg"}],"author":"Karine Duval","twitter_card":"summary_large_image","twitter_misc":{"Written by":"Karine Duval","Estimated reading time":"2 minutes"},"schema":{"@context":"https:\/\/schema.org","@graph":[{"@type":"Article","@id":"https:\/\/www.emballagedigest.fr\/craemer-devoile-sa-nouvelle-palette-np1\/#article","isPartOf":{"@id":"https:\/\/www.emballagedigest.fr\/craemer-devoile-sa-nouvelle-palette-np1\/"},"author":{"name":"Karine Duval","@id":"https:\/\/www.emballagedigest.fr\/#\/schema\/person\/76abe9f2b2ee4d3d520594c7a35da59f"},"headline":"Craemer d\u00e9voile sa nouvelle palette NP1","datePublished":"2024-03-10T23:12:00+00:00","dateModified":"2024-03-12T07:59:35+00:00","mainEntityOfPage":{"@id":"https:\/\/www.emballagedigest.fr\/craemer-devoile-sa-nouvelle-palette-np1\/"},"wordCount":345,"publisher":{"@id":"https:\/\/www.emballagedigest.fr\/#organization"},"image":{"@id":"https:\/\/www.emballagedigest.fr\/craemer-devoile-sa-nouvelle-palette-np1\/#primaryimage"},"thumbnailUrl":"https:\/\/www.emballagedigest.fr\/wp-content\/uploads\/2024\/03\/Craemer.jpg","articleSection":["Article entier","Emballages","Industrie"],"inLanguage":"en-GB"},{"@type":"WebPage","@id":"https:\/\/www.emballagedigest.fr\/craemer-devoile-sa-nouvelle-palette-np1\/","url":"https:\/\/www.emballagedigest.fr\/craemer-devoile-sa-nouvelle-palette-np1\/","name":"Craemer d\u00e9voile sa nouvelle palette NP1 - Emballage Digest","isPartOf":{"@id":"https:\/\/www.emballagedigest.fr\/#website"},"primaryImageOfPage":{"@id":"https:\/\/www.emballagedigest.fr\/craemer-devoile-sa-nouvelle-palette-np1\/#primaryimage"},"image":{"@id":"https:\/\/www.emballagedigest.fr\/craemer-devoile-sa-nouvelle-palette-np1\/#primaryimage"},"thumbnailUrl":"https:\/\/www.emballagedigest.fr\/wp-content\/uploads\/2024\/03\/Craemer.jpg","datePublished":"2024-03-10T23:12:00+00:00","dateModified":"2024-03-12T07:59:35+00:00","breadcrumb":{"@id":"https:\/\/www.emballagedigest.fr\/craemer-devoile-sa-nouvelle-palette-np1\/#breadcrumb"},"inLanguage":"en-GB","potentialAction":[{"@type":"ReadAction","target":["https:\/\/www.emballagedigest.fr\/craemer-devoile-sa-nouvelle-palette-np1\/"]}]},{"@type":"ImageObject","inLanguage":"en-GB","@id":"https:\/\/www.emballagedigest.fr\/craemer-devoile-sa-nouvelle-palette-np1\/#primaryimage","url":"https:\/\/www.emballagedigest.fr\/wp-content\/uploads\/2024\/03\/Craemer.jpg","contentUrl":"https:\/\/www.emballagedigest.fr\/wp-content\/uploads\/2024\/03\/Craemer.jpg","width":800,"height":566},{"@type":"BreadcrumbList","@id":"https:\/\/www.emballagedigest.fr\/craemer-devoile-sa-nouvelle-palette-np1\/#breadcrumb","itemListElement":[{"@type":"ListItem","position":1,"name":"Accueil","item":"https:\/\/www.emballagedigest.fr\/"},{"@type":"ListItem","position":2,"name":"Craemer d\u00e9voile sa nouvelle palette NP1"}]},{"@type":"WebSite","@id":"https:\/\/www.emballagedigest.fr\/#website","url":"https:\/\/www.emballagedigest.fr\/","name":"Emballage Digest","description":"Revue professionnelle sur les emballages","publisher":{"@id":"https:\/\/www.emballagedigest.fr\/#organization"},"potentialAction":[{"@type":"SearchAction","target":{"@type":"EntryPoint","urlTemplate":"https:\/\/www.emballagedigest.fr\/?s={search_term_string}"},"query-input":{"@type":"PropertyValueSpecification","valueRequired":true,"valueName":"search_term_string"}}],"inLanguage":"en-GB"},{"@type":"Organization","@id":"https:\/\/www.emballagedigest.fr\/#organization","name":"Emballage Digest","url":"https:\/\/www.emballagedigest.fr\/","logo":{"@type":"ImageObject","inLanguage":"en-GB","@id":"https:\/\/www.emballagedigest.fr\/#\/schema\/logo\/image\/","url":"https:\/\/www.emballagedigest.fr\/wp-content\/uploads\/2022\/07\/logo-ed.png","contentUrl":"https:\/\/www.emballagedigest.fr\/wp-content\/uploads\/2022\/07\/logo-ed.png","width":379,"height":75,"caption":"Emballage Digest"},"image":{"@id":"https:\/\/www.emballagedigest.fr\/#\/schema\/logo\/image\/"}},{"@type":"Person","@id":"https:\/\/www.emballagedigest.fr\/#\/schema\/person\/76abe9f2b2ee4d3d520594c7a35da59f","name":"Karine Duval","image":{"@type":"ImageObject","inLanguage":"en-GB","@id":"https:\/\/www.emballagedigest.fr\/#\/schema\/person\/image\/","url":"https:\/\/secure.gravatar.com\/avatar\/f552799261cdd2e076e6677d780ef07bdb13aa4c196ab75b39abcbcdcae2d4e5?s=96&d=mm&r=g","contentUrl":"https:\/\/secure.gravatar.com\/avatar\/f552799261cdd2e076e6677d780ef07bdb13aa4c196ab75b39abcbcdcae2d4e5?s=96&d=mm&r=g","caption":"Karine Duval"},"url":"https:\/\/www.emballagedigest.fr\/en\/author\/admin_karduv\/"}]}},"_links":{"self":[{"href":"https:\/\/www.emballagedigest.fr\/en\/wp-json\/wp\/v2\/posts\/40238","targetHints":{"allow":["GET"]}}],"collection":[{"href":"https:\/\/www.emballagedigest.fr\/en\/wp-json\/wp\/v2\/posts"}],"about":[{"href":"https:\/\/www.emballagedigest.fr\/en\/wp-json\/wp\/v2\/types\/post"}],"author":[{"embeddable":true,"href":"https:\/\/www.emballagedigest.fr\/en\/wp-json\/wp\/v2\/users\/2"}],"replies":[{"embeddable":true,"href":"https:\/\/www.emballagedigest.fr\/en\/wp-json\/wp\/v2\/comments?post=40238"}],"version-history":[{"count":2,"href":"https:\/\/www.emballagedigest.fr\/en\/wp-json\/wp\/v2\/posts\/40238\/revisions"}],"predecessor-version":[{"id":40245,"href":"https:\/\/www.emballagedigest.fr\/en\/wp-json\/wp\/v2\/posts\/40238\/revisions\/40245"}],"wp:featuredmedia":[{"embeddable":true,"href":"https:\/\/www.emballagedigest.fr\/en\/wp-json\/wp\/v2\/media\/40239"}],"wp:attachment":[{"href":"https:\/\/www.emballagedigest.fr\/en\/wp-json\/wp\/v2\/media?parent=40238"}],"wp:term":[{"taxonomy":"category","embeddable":true,"href":"https:\/\/www.emballagedigest.fr\/en\/wp-json\/wp\/v2\/categories?post=40238"},{"taxonomy":"post_tag","embeddable":true,"href":"https:\/\/www.emballagedigest.fr\/en\/wp-json\/wp\/v2\/tags?post=40238"}],"curies":[{"name":"wp","href":"https:\/\/api.w.org\/{rel}","templated":true}]}}