{"id":40250,"date":"2024-03-12T09:00:33","date_gmt":"2024-03-12T08:00:33","guid":{"rendered":"https:\/\/www.emballagedigest.fr\/?p=40250"},"modified":"2024-03-13T00:50:32","modified_gmt":"2024-03-12T23:50:32","slug":"sudpack-expose-ses-solutions-durables-au-cfia","status":"publish","type":"post","link":"https:\/\/www.emballagedigest.fr\/en\/sudpack-expose-ses-solutions-durables-au-cfia\/","title":{"rendered":"S\u00fcdpack expose ses solutions durables au CFIA"},"content":{"rendered":"<p><strong>Sur le salon CFIA Rennes qui a ouvert ses portes ce matin, S\u00fcdpack y pr\u00e9sente sa technologie d\u2019impression SPQ et les concepts d\u2019emballage recyclables de sa gamme Pure-Line. Son nouvel outil d\u2019analyse du cycle de vie (ACV) est \u00e9galement mis en avant. Il permet de s\u2019appuyer sur des d\u00e9cisions factuelles pour choisir la meilleure solution d\u2019emballage en fonction de son impact \u00e9cologique.<\/strong><\/p>\n\n\n\n<p>Avec SPQ (Sustainable Print Quality), l\u2019entreprise dispose d\u2019une technologie d\u2019impression innovante qui d\u00e9finit de nouvelles r\u00e9f\u00e9rences en mati\u00e8re de flexographie et d\u2019h\u00e9liogravure. Elle am\u00e9liore avant tout consid\u00e9rablement l\u2019empreinte carbone de l\u2019impression des emballages. La standardisation de la palette chromatique et l\u2019\u00e9limination des couleurs sp\u00e9ciales contribuent \u00e0 une consommation r\u00e9duite d\u2019encre et de solvants, ainsi qu\u2019\u00e0 une r\u00e9duction des d\u00e9chets d\u2019encre. Il est cependant possible de reproduire la quasi-totalit\u00e9 du spectre des couleurs, tout en conservant une qualit\u00e9 d\u2019impression \u00e9lev\u00e9e et une brillance des couleurs optimale. La palette de couleurs d\u00e9finie permet \u00e9galement d\u2019imprimer tous les designs de fa\u00e7on stable au niveau du processus et avec un haut degr\u00e9 d\u2019automatisation. Selon les calculs internes de S\u00fcdpack, dans le meilleur des cas, cette gestion intelligente des couleurs peut r\u00e9duire de plus de 60&nbsp;% les d\u00e9chets d\u2019encre et de solvants lors de l\u2019impression.<\/p>\n\n\n\n<p>En parall\u00e8le, le fabricant met en avant sa gamme d\u2019emballages recyclables \u00e0 base de PP, mais \u00e9galement de PE et de PET. Les films complexes mono-mat\u00e9riaux n\u00e9cessitent moins de mati\u00e8res et se distinguent par leur recyclabilit\u00e9. Ils offrent n\u00e9anmoins la m\u00eame protection du produit que les films compos\u00e9s de diff\u00e9rents polym\u00e8res et peuvent \u00eatre dot\u00e9s de fonctions pratiques telles que la refermabilit\u00e9 ou la pelabilit\u00e9.<\/p>\n\n\n\n<p>Enfin, S\u00fcdpack introduit son nouvel outil d\u2019analyse du cycle de vie afin de proposer \u00e0 ses clients de tester ou d\u2019optimiser leurs concepts d\u2019emballage existants ou \u00e9valuer des alternatives d\u2019emballage plus durables. Outre les gaz \u00e0 effet de serre (CO<sub>2<\/sub>eq), plusieurs autres cat\u00e9gories ayant un impact sur l\u2019environnement sont \u00e9galement prises en compte, comme par exemple l\u2019utilisation d\u2019\u00e9nergie fossile contenue dans le mat\u00e9riau, ainsi que la toxicit\u00e9 envers l\u2019homme, les animaux et la nature. Pour le calcul, la soci\u00e9t\u00e9 applique une d\u00e9marche \u00ab&nbsp;cradle to grave \u00bb qui part de l\u2019origine jusqu\u2019\u00e0 la fin de l\u2019emballage en proposant diff\u00e9rentes options de fin de vie, dans les limites d\u00e9finies par le syst\u00e8me.<\/p>","protected":false},"excerpt":{"rendered":"<p>Sur le salon CFIA Rennes qui a ouvert ses portes ce matin, S\u00fcdpack y pr\u00e9sente sa technologie d\u2019impression SPQ et les concepts d\u2019emballage recyclables de sa gamme Pure-Line. Son nouvel outil d\u2019analyse du cycle de vie (ACV) est \u00e9galement mis en avant. Il permet de s\u2019appuyer sur des d\u00e9cisions factuelles pour choisir la meilleure solution [&hellip;]<\/p>","protected":false},"author":2,"featured_media":40251,"comment_status":"closed","ping_status":"closed","sticky":false,"template":"","format":"standard","meta":{"_acf_changed":false,"inline_featured_image":false,"iawp_total_views":0,"footnotes":""},"categories":[5,28,81],"tags":[],"class_list":["post-40250","post","type-post","status-publish","format-standard","has-post-thumbnail","hentry","category-alimentaire","category-article-entier","category-packaging"],"acf":[],"yoast_head":"<!-- This site is optimized with the Yoast SEO plugin v24.4 - https:\/\/yoast.com\/wordpress\/plugins\/seo\/ -->\n<title>S\u00fcdpack expose ses solutions durables au CFIA - Emballage Digest<\/title>\n<meta name=\"robots\" content=\"index, follow, max-snippet:-1, max-image-preview:large, max-video-preview:-1\" \/>\n<link rel=\"canonical\" href=\"https:\/\/www.emballagedigest.fr\/en\/sudpack-expose-ses-solutions-durables-au-cfia\/\" \/>\n<meta property=\"og:locale\" content=\"en_GB\" \/>\n<meta property=\"og:type\" content=\"article\" \/>\n<meta property=\"og:title\" content=\"S\u00fcdpack expose ses solutions durables au CFIA - Emballage Digest\" \/>\n<meta property=\"og:description\" content=\"Sur le salon CFIA Rennes qui a ouvert ses portes ce matin, S\u00fcdpack y pr\u00e9sente sa technologie d\u2019impression SPQ et les concepts d\u2019emballage recyclables de sa gamme Pure-Line. Son nouvel outil d\u2019analyse du cycle de vie (ACV) est \u00e9galement mis en avant. Il permet de s\u2019appuyer sur des d\u00e9cisions factuelles pour choisir la meilleure solution [&hellip;]\" \/>\n<meta property=\"og:url\" content=\"https:\/\/www.emballagedigest.fr\/en\/sudpack-expose-ses-solutions-durables-au-cfia\/\" \/>\n<meta property=\"og:site_name\" content=\"Emballage Digest\" \/>\n<meta property=\"article:published_time\" content=\"2024-03-12T08:00:33+00:00\" \/>\n<meta property=\"article:modified_time\" content=\"2024-03-12T23:50:32+00:00\" \/>\n<meta property=\"og:image\" content=\"https:\/\/www.emballagedigest.fr\/wp-content\/uploads\/2024\/03\/SUDPACK.jpg\" \/>\n\t<meta property=\"og:image:width\" content=\"800\" \/>\n\t<meta property=\"og:image:height\" content=\"600\" \/>\n\t<meta property=\"og:image:type\" content=\"image\/jpeg\" \/>\n<meta name=\"author\" content=\"Karine Duval\" \/>\n<meta name=\"twitter:card\" content=\"summary_large_image\" \/>\n<meta name=\"twitter:label1\" content=\"Written by\" \/>\n\t<meta name=\"twitter:data1\" content=\"Karine Duval\" \/>\n\t<meta name=\"twitter:label2\" content=\"Estimated reading time\" \/>\n\t<meta name=\"twitter:data2\" content=\"2 minutes\" \/>\n<script type=\"application\/ld+json\" class=\"yoast-schema-graph\">{\"@context\":\"https:\/\/schema.org\",\"@graph\":[{\"@type\":\"Article\",\"@id\":\"https:\/\/www.emballagedigest.fr\/sudpack-expose-ses-solutions-durables-au-cfia\/#article\",\"isPartOf\":{\"@id\":\"https:\/\/www.emballagedigest.fr\/sudpack-expose-ses-solutions-durables-au-cfia\/\"},\"author\":{\"name\":\"Karine Duval\",\"@id\":\"https:\/\/www.emballagedigest.fr\/#\/schema\/person\/76abe9f2b2ee4d3d520594c7a35da59f\"},\"headline\":\"S\u00fcdpack expose ses solutions durables au CFIA\",\"datePublished\":\"2024-03-12T08:00:33+00:00\",\"dateModified\":\"2024-03-12T23:50:32+00:00\",\"mainEntityOfPage\":{\"@id\":\"https:\/\/www.emballagedigest.fr\/sudpack-expose-ses-solutions-durables-au-cfia\/\"},\"wordCount\":450,\"publisher\":{\"@id\":\"https:\/\/www.emballagedigest.fr\/#organization\"},\"image\":{\"@id\":\"https:\/\/www.emballagedigest.fr\/sudpack-expose-ses-solutions-durables-au-cfia\/#primaryimage\"},\"thumbnailUrl\":\"https:\/\/www.emballagedigest.fr\/wp-content\/uploads\/2024\/03\/SUDPACK.jpg\",\"articleSection\":[\"Alimentaire\",\"Article entier\",\"Packaging\"],\"inLanguage\":\"en-GB\"},{\"@type\":\"WebPage\",\"@id\":\"https:\/\/www.emballagedigest.fr\/sudpack-expose-ses-solutions-durables-au-cfia\/\",\"url\":\"https:\/\/www.emballagedigest.fr\/sudpack-expose-ses-solutions-durables-au-cfia\/\",\"name\":\"S\u00fcdpack expose ses solutions durables au CFIA - Emballage Digest\",\"isPartOf\":{\"@id\":\"https:\/\/www.emballagedigest.fr\/#website\"},\"primaryImageOfPage\":{\"@id\":\"https:\/\/www.emballagedigest.fr\/sudpack-expose-ses-solutions-durables-au-cfia\/#primaryimage\"},\"image\":{\"@id\":\"https:\/\/www.emballagedigest.fr\/sudpack-expose-ses-solutions-durables-au-cfia\/#primaryimage\"},\"thumbnailUrl\":\"https:\/\/www.emballagedigest.fr\/wp-content\/uploads\/2024\/03\/SUDPACK.jpg\",\"datePublished\":\"2024-03-12T08:00:33+00:00\",\"dateModified\":\"2024-03-12T23:50:32+00:00\",\"breadcrumb\":{\"@id\":\"https:\/\/www.emballagedigest.fr\/sudpack-expose-ses-solutions-durables-au-cfia\/#breadcrumb\"},\"inLanguage\":\"en-GB\",\"potentialAction\":[{\"@type\":\"ReadAction\",\"target\":[\"https:\/\/www.emballagedigest.fr\/sudpack-expose-ses-solutions-durables-au-cfia\/\"]}]},{\"@type\":\"ImageObject\",\"inLanguage\":\"en-GB\",\"@id\":\"https:\/\/www.emballagedigest.fr\/sudpack-expose-ses-solutions-durables-au-cfia\/#primaryimage\",\"url\":\"https:\/\/www.emballagedigest.fr\/wp-content\/uploads\/2024\/03\/SUDPACK.jpg\",\"contentUrl\":\"https:\/\/www.emballagedigest.fr\/wp-content\/uploads\/2024\/03\/SUDPACK.jpg\",\"width\":800,\"height\":600},{\"@type\":\"BreadcrumbList\",\"@id\":\"https:\/\/www.emballagedigest.fr\/sudpack-expose-ses-solutions-durables-au-cfia\/#breadcrumb\",\"itemListElement\":[{\"@type\":\"ListItem\",\"position\":1,\"name\":\"Accueil\",\"item\":\"https:\/\/www.emballagedigest.fr\/\"},{\"@type\":\"ListItem\",\"position\":2,\"name\":\"S\u00fcdpack expose ses solutions durables au CFIA\"}]},{\"@type\":\"WebSite\",\"@id\":\"https:\/\/www.emballagedigest.fr\/#website\",\"url\":\"https:\/\/www.emballagedigest.fr\/\",\"name\":\"Emballage Digest\",\"description\":\"Revue professionnelle sur les emballages\",\"publisher\":{\"@id\":\"https:\/\/www.emballagedigest.fr\/#organization\"},\"potentialAction\":[{\"@type\":\"SearchAction\",\"target\":{\"@type\":\"EntryPoint\",\"urlTemplate\":\"https:\/\/www.emballagedigest.fr\/?s={search_term_string}\"},\"query-input\":{\"@type\":\"PropertyValueSpecification\",\"valueRequired\":true,\"valueName\":\"search_term_string\"}}],\"inLanguage\":\"en-GB\"},{\"@type\":\"Organization\",\"@id\":\"https:\/\/www.emballagedigest.fr\/#organization\",\"name\":\"Emballage Digest\",\"url\":\"https:\/\/www.emballagedigest.fr\/\",\"logo\":{\"@type\":\"ImageObject\",\"inLanguage\":\"en-GB\",\"@id\":\"https:\/\/www.emballagedigest.fr\/#\/schema\/logo\/image\/\",\"url\":\"https:\/\/www.emballagedigest.fr\/wp-content\/uploads\/2022\/07\/logo-ed.png\",\"contentUrl\":\"https:\/\/www.emballagedigest.fr\/wp-content\/uploads\/2022\/07\/logo-ed.png\",\"width\":379,\"height\":75,\"caption\":\"Emballage Digest\"},\"image\":{\"@id\":\"https:\/\/www.emballagedigest.fr\/#\/schema\/logo\/image\/\"}},{\"@type\":\"Person\",\"@id\":\"https:\/\/www.emballagedigest.fr\/#\/schema\/person\/76abe9f2b2ee4d3d520594c7a35da59f\",\"name\":\"Karine Duval\",\"image\":{\"@type\":\"ImageObject\",\"inLanguage\":\"en-GB\",\"@id\":\"https:\/\/www.emballagedigest.fr\/#\/schema\/person\/image\/\",\"url\":\"https:\/\/secure.gravatar.com\/avatar\/f552799261cdd2e076e6677d780ef07bdb13aa4c196ab75b39abcbcdcae2d4e5?s=96&d=mm&r=g\",\"contentUrl\":\"https:\/\/secure.gravatar.com\/avatar\/f552799261cdd2e076e6677d780ef07bdb13aa4c196ab75b39abcbcdcae2d4e5?s=96&d=mm&r=g\",\"caption\":\"Karine Duval\"},\"url\":\"https:\/\/www.emballagedigest.fr\/en\/author\/admin_karduv\/\"}]}<\/script>\n<!-- \/ Yoast SEO plugin. -->","yoast_head_json":{"title":"S\u00fcdpack expose ses solutions durables au CFIA - Emballage Digest","robots":{"index":"index","follow":"follow","max-snippet":"max-snippet:-1","max-image-preview":"max-image-preview:large","max-video-preview":"max-video-preview:-1"},"canonical":"https:\/\/www.emballagedigest.fr\/en\/sudpack-expose-ses-solutions-durables-au-cfia\/","og_locale":"en_GB","og_type":"article","og_title":"S\u00fcdpack expose ses solutions durables au CFIA - Emballage Digest","og_description":"Sur le salon CFIA Rennes qui a ouvert ses portes ce matin, S\u00fcdpack y pr\u00e9sente sa technologie d\u2019impression SPQ et les concepts d\u2019emballage recyclables de sa gamme Pure-Line. Son nouvel outil d\u2019analyse du cycle de vie (ACV) est \u00e9galement mis en avant. Il permet de s\u2019appuyer sur des d\u00e9cisions factuelles pour choisir la meilleure solution [&hellip;]","og_url":"https:\/\/www.emballagedigest.fr\/en\/sudpack-expose-ses-solutions-durables-au-cfia\/","og_site_name":"Emballage Digest","article_published_time":"2024-03-12T08:00:33+00:00","article_modified_time":"2024-03-12T23:50:32+00:00","og_image":[{"width":800,"height":600,"url":"https:\/\/www.emballagedigest.fr\/wp-content\/uploads\/2024\/03\/SUDPACK.jpg","type":"image\/jpeg"}],"author":"Karine Duval","twitter_card":"summary_large_image","twitter_misc":{"Written by":"Karine Duval","Estimated reading time":"2 minutes"},"schema":{"@context":"https:\/\/schema.org","@graph":[{"@type":"Article","@id":"https:\/\/www.emballagedigest.fr\/sudpack-expose-ses-solutions-durables-au-cfia\/#article","isPartOf":{"@id":"https:\/\/www.emballagedigest.fr\/sudpack-expose-ses-solutions-durables-au-cfia\/"},"author":{"name":"Karine Duval","@id":"https:\/\/www.emballagedigest.fr\/#\/schema\/person\/76abe9f2b2ee4d3d520594c7a35da59f"},"headline":"S\u00fcdpack expose ses solutions durables au CFIA","datePublished":"2024-03-12T08:00:33+00:00","dateModified":"2024-03-12T23:50:32+00:00","mainEntityOfPage":{"@id":"https:\/\/www.emballagedigest.fr\/sudpack-expose-ses-solutions-durables-au-cfia\/"},"wordCount":450,"publisher":{"@id":"https:\/\/www.emballagedigest.fr\/#organization"},"image":{"@id":"https:\/\/www.emballagedigest.fr\/sudpack-expose-ses-solutions-durables-au-cfia\/#primaryimage"},"thumbnailUrl":"https:\/\/www.emballagedigest.fr\/wp-content\/uploads\/2024\/03\/SUDPACK.jpg","articleSection":["Alimentaire","Article entier","Packaging"],"inLanguage":"en-GB"},{"@type":"WebPage","@id":"https:\/\/www.emballagedigest.fr\/sudpack-expose-ses-solutions-durables-au-cfia\/","url":"https:\/\/www.emballagedigest.fr\/sudpack-expose-ses-solutions-durables-au-cfia\/","name":"S\u00fcdpack expose ses solutions durables au CFIA - Emballage Digest","isPartOf":{"@id":"https:\/\/www.emballagedigest.fr\/#website"},"primaryImageOfPage":{"@id":"https:\/\/www.emballagedigest.fr\/sudpack-expose-ses-solutions-durables-au-cfia\/#primaryimage"},"image":{"@id":"https:\/\/www.emballagedigest.fr\/sudpack-expose-ses-solutions-durables-au-cfia\/#primaryimage"},"thumbnailUrl":"https:\/\/www.emballagedigest.fr\/wp-content\/uploads\/2024\/03\/SUDPACK.jpg","datePublished":"2024-03-12T08:00:33+00:00","dateModified":"2024-03-12T23:50:32+00:00","breadcrumb":{"@id":"https:\/\/www.emballagedigest.fr\/sudpack-expose-ses-solutions-durables-au-cfia\/#breadcrumb"},"inLanguage":"en-GB","potentialAction":[{"@type":"ReadAction","target":["https:\/\/www.emballagedigest.fr\/sudpack-expose-ses-solutions-durables-au-cfia\/"]}]},{"@type":"ImageObject","inLanguage":"en-GB","@id":"https:\/\/www.emballagedigest.fr\/sudpack-expose-ses-solutions-durables-au-cfia\/#primaryimage","url":"https:\/\/www.emballagedigest.fr\/wp-content\/uploads\/2024\/03\/SUDPACK.jpg","contentUrl":"https:\/\/www.emballagedigest.fr\/wp-content\/uploads\/2024\/03\/SUDPACK.jpg","width":800,"height":600},{"@type":"BreadcrumbList","@id":"https:\/\/www.emballagedigest.fr\/sudpack-expose-ses-solutions-durables-au-cfia\/#breadcrumb","itemListElement":[{"@type":"ListItem","position":1,"name":"Accueil","item":"https:\/\/www.emballagedigest.fr\/"},{"@type":"ListItem","position":2,"name":"S\u00fcdpack expose ses solutions durables au CFIA"}]},{"@type":"WebSite","@id":"https:\/\/www.emballagedigest.fr\/#website","url":"https:\/\/www.emballagedigest.fr\/","name":"Emballage Digest","description":"Revue professionnelle sur les emballages","publisher":{"@id":"https:\/\/www.emballagedigest.fr\/#organization"},"potentialAction":[{"@type":"SearchAction","target":{"@type":"EntryPoint","urlTemplate":"https:\/\/www.emballagedigest.fr\/?s={search_term_string}"},"query-input":{"@type":"PropertyValueSpecification","valueRequired":true,"valueName":"search_term_string"}}],"inLanguage":"en-GB"},{"@type":"Organization","@id":"https:\/\/www.emballagedigest.fr\/#organization","name":"Emballage Digest","url":"https:\/\/www.emballagedigest.fr\/","logo":{"@type":"ImageObject","inLanguage":"en-GB","@id":"https:\/\/www.emballagedigest.fr\/#\/schema\/logo\/image\/","url":"https:\/\/www.emballagedigest.fr\/wp-content\/uploads\/2022\/07\/logo-ed.png","contentUrl":"https:\/\/www.emballagedigest.fr\/wp-content\/uploads\/2022\/07\/logo-ed.png","width":379,"height":75,"caption":"Emballage Digest"},"image":{"@id":"https:\/\/www.emballagedigest.fr\/#\/schema\/logo\/image\/"}},{"@type":"Person","@id":"https:\/\/www.emballagedigest.fr\/#\/schema\/person\/76abe9f2b2ee4d3d520594c7a35da59f","name":"Karine Duval","image":{"@type":"ImageObject","inLanguage":"en-GB","@id":"https:\/\/www.emballagedigest.fr\/#\/schema\/person\/image\/","url":"https:\/\/secure.gravatar.com\/avatar\/f552799261cdd2e076e6677d780ef07bdb13aa4c196ab75b39abcbcdcae2d4e5?s=96&d=mm&r=g","contentUrl":"https:\/\/secure.gravatar.com\/avatar\/f552799261cdd2e076e6677d780ef07bdb13aa4c196ab75b39abcbcdcae2d4e5?s=96&d=mm&r=g","caption":"Karine Duval"},"url":"https:\/\/www.emballagedigest.fr\/en\/author\/admin_karduv\/"}]}},"_links":{"self":[{"href":"https:\/\/www.emballagedigest.fr\/en\/wp-json\/wp\/v2\/posts\/40250","targetHints":{"allow":["GET"]}}],"collection":[{"href":"https:\/\/www.emballagedigest.fr\/en\/wp-json\/wp\/v2\/posts"}],"about":[{"href":"https:\/\/www.emballagedigest.fr\/en\/wp-json\/wp\/v2\/types\/post"}],"author":[{"embeddable":true,"href":"https:\/\/www.emballagedigest.fr\/en\/wp-json\/wp\/v2\/users\/2"}],"replies":[{"embeddable":true,"href":"https:\/\/www.emballagedigest.fr\/en\/wp-json\/wp\/v2\/comments?post=40250"}],"version-history":[{"count":1,"href":"https:\/\/www.emballagedigest.fr\/en\/wp-json\/wp\/v2\/posts\/40250\/revisions"}],"predecessor-version":[{"id":40252,"href":"https:\/\/www.emballagedigest.fr\/en\/wp-json\/wp\/v2\/posts\/40250\/revisions\/40252"}],"wp:featuredmedia":[{"embeddable":true,"href":"https:\/\/www.emballagedigest.fr\/en\/wp-json\/wp\/v2\/media\/40251"}],"wp:attachment":[{"href":"https:\/\/www.emballagedigest.fr\/en\/wp-json\/wp\/v2\/media?parent=40250"}],"wp:term":[{"taxonomy":"category","embeddable":true,"href":"https:\/\/www.emballagedigest.fr\/en\/wp-json\/wp\/v2\/categories?post=40250"},{"taxonomy":"post_tag","embeddable":true,"href":"https:\/\/www.emballagedigest.fr\/en\/wp-json\/wp\/v2\/tags?post=40250"}],"curies":[{"name":"wp","href":"https:\/\/api.w.org\/{rel}","templated":true}]}}