{"id":40291,"date":"2024-03-18T00:28:25","date_gmt":"2024-03-17T23:28:25","guid":{"rendered":"https:\/\/www.emballagedigest.fr\/?p=40291"},"modified":"2024-03-19T00:31:29","modified_gmt":"2024-03-18T23:31:29","slug":"comexi-devoile-sa-nouvelle-imprimante-flexo-a-la-drupa","status":"publish","type":"post","link":"https:\/\/www.emballagedigest.fr\/en\/comexi-devoile-sa-nouvelle-imprimante-flexo-a-la-drupa\/","title":{"rendered":"Comexi d\u00e9voile sa nouvelle imprimante flexo \u00e0 la Drupa"},"content":{"rendered":"<p><strong>Comexi poursuit le d\u00e9veloppement de son portefeuille d\u2019imprimantes flexographiques et pr\u00e9sentera en avant-premi\u00e8re le mod\u00e8le F1 Evolution aux visiteurs du salon Drupa qui se tiendra au 28 mai au 7 juin 2024 \u00e0 D\u00fcsseldorf (Allemagne).<\/strong><\/p>\n\n\n\n<p>Apr\u00e8s le lancement des imprimantes F2 Evolution et F2 Origin, Comexi exposera sur la Drupa la nouvelle F1 Evolution. Elle se distingue par une vitesse d&rsquo;impression de 600 m\/min pour une largueur allant jusqu&rsquo;\u00e0 1690 mm avec des d\u00e9veloppements pouvant atteindre 1260 mm. Sa robustesse et sa capacit\u00e9 de s\u00e9chage en font la presse flexo id\u00e9ale pour augmenter la productivit\u00e9 dans les travaux les plus difficiles.<\/p>\n\n\n\n<p>La nouvelle F1 Evolution peut \u00eatre \u00e9quip\u00e9e d&rsquo;un bras robotis\u00e9 pour les changements de manchons et d&rsquo;anilox, ainsi que d&rsquo;autres automatismes de la gamme GeniusTech d\u00e9velopp\u00e9e par Comexi, tels que Genius Print pour une configuration initiale par simple pression&nbsp;; Genius Dry pour un s\u00e9chage adaptable et \u00e9conome en \u00e9nergie ou encore Genius Flow pour un s\u00e9chage automatique et efficace. Autre point fort&nbsp;: son design ergonomique qui facilite l&rsquo;entretien et le nettoyage.<\/p>\n\n\n\n<p>Cette solution flexo est particuli\u00e8rement recommand\u00e9e pour les travaux de moyenne et longue dur\u00e9e dans les secteurs de l\u2019emballage alimentaire imprim\u00e9 sur des solutions mono-mat\u00e9riaux ou encore les produits d\u2019hygi\u00e8ne. \u00ab&nbsp;La nouvelle F1 Evolution sera \u00e9galement disponible fin 2024 dans notre centre technologique de G\u00e9rone pour effectuer des tests avec nos clients et partager les possibilit\u00e9s uniques qu\u2019offrent la nouvelle imprimante aux industriels&nbsp;\u00bb, annonce Carles Rodr\u00edguez, directeur de l&rsquo;impression chez Comexi.<\/p>","protected":false},"excerpt":{"rendered":"<p>Comexi poursuit le d\u00e9veloppement de son portefeuille d\u2019imprimantes flexographiques et pr\u00e9sentera en avant-premi\u00e8re le mod\u00e8le F1 Evolution aux visiteurs du salon Drupa qui se tiendra au 28 mai au 7 juin 2024 \u00e0 D\u00fcsseldorf (Allemagne). Apr\u00e8s le lancement des imprimantes F2 Evolution et F2 Origin, Comexi exposera sur la Drupa la nouvelle F1 Evolution. Elle [&hellip;]<\/p>","protected":false},"author":2,"featured_media":40292,"comment_status":"closed","ping_status":"closed","sticky":false,"template":"","format":"standard","meta":{"_acf_changed":false,"inline_featured_image":false,"iawp_total_views":1,"footnotes":""},"categories":[28,9],"tags":[],"class_list":["post-40291","post","type-post","status-publish","format-standard","has-post-thumbnail","hentry","category-article-entier","category-materiel"],"acf":[],"yoast_head":"<!-- This site is optimized with the Yoast SEO plugin v24.4 - https:\/\/yoast.com\/wordpress\/plugins\/seo\/ -->\n<title>Comexi d\u00e9voile sa nouvelle imprimante flexo \u00e0 la Drupa - Emballage Digest<\/title>\n<meta name=\"robots\" content=\"index, follow, max-snippet:-1, max-image-preview:large, max-video-preview:-1\" \/>\n<link rel=\"canonical\" href=\"https:\/\/www.emballagedigest.fr\/en\/comexi-devoile-sa-nouvelle-imprimante-flexo-a-la-drupa\/\" \/>\n<meta property=\"og:locale\" content=\"en_GB\" \/>\n<meta property=\"og:type\" content=\"article\" \/>\n<meta property=\"og:title\" content=\"Comexi d\u00e9voile sa nouvelle imprimante flexo \u00e0 la Drupa - Emballage Digest\" \/>\n<meta property=\"og:description\" content=\"Comexi poursuit le d\u00e9veloppement de son portefeuille d\u2019imprimantes flexographiques et pr\u00e9sentera en avant-premi\u00e8re le mod\u00e8le F1 Evolution aux visiteurs du salon Drupa qui se tiendra au 28 mai au 7 juin 2024 \u00e0 D\u00fcsseldorf (Allemagne). Apr\u00e8s le lancement des imprimantes F2 Evolution et F2 Origin, Comexi exposera sur la Drupa la nouvelle F1 Evolution. Elle [&hellip;]\" \/>\n<meta property=\"og:url\" content=\"https:\/\/www.emballagedigest.fr\/en\/comexi-devoile-sa-nouvelle-imprimante-flexo-a-la-drupa\/\" \/>\n<meta property=\"og:site_name\" content=\"Emballage Digest\" \/>\n<meta property=\"article:published_time\" content=\"2024-03-17T23:28:25+00:00\" \/>\n<meta property=\"article:modified_time\" content=\"2024-03-18T23:31:29+00:00\" \/>\n<meta property=\"og:image\" content=\"https:\/\/www.emballagedigest.fr\/wp-content\/uploads\/2024\/03\/Comexi.jpg\" \/>\n\t<meta property=\"og:image:width\" content=\"800\" \/>\n\t<meta property=\"og:image:height\" content=\"600\" \/>\n\t<meta property=\"og:image:type\" content=\"image\/jpeg\" \/>\n<meta name=\"author\" content=\"Karine Duval\" \/>\n<meta name=\"twitter:card\" content=\"summary_large_image\" \/>\n<meta name=\"twitter:label1\" content=\"Written by\" \/>\n\t<meta name=\"twitter:data1\" content=\"Karine Duval\" \/>\n\t<meta name=\"twitter:label2\" content=\"Estimated reading time\" \/>\n\t<meta name=\"twitter:data2\" content=\"2 minutes\" \/>\n<script type=\"application\/ld+json\" class=\"yoast-schema-graph\">{\"@context\":\"https:\/\/schema.org\",\"@graph\":[{\"@type\":\"Article\",\"@id\":\"https:\/\/www.emballagedigest.fr\/comexi-devoile-sa-nouvelle-imprimante-flexo-a-la-drupa\/#article\",\"isPartOf\":{\"@id\":\"https:\/\/www.emballagedigest.fr\/comexi-devoile-sa-nouvelle-imprimante-flexo-a-la-drupa\/\"},\"author\":{\"name\":\"Karine Duval\",\"@id\":\"https:\/\/www.emballagedigest.fr\/#\/schema\/person\/76abe9f2b2ee4d3d520594c7a35da59f\"},\"headline\":\"Comexi d\u00e9voile sa nouvelle imprimante flexo \u00e0 la Drupa\",\"datePublished\":\"2024-03-17T23:28:25+00:00\",\"dateModified\":\"2024-03-18T23:31:29+00:00\",\"mainEntityOfPage\":{\"@id\":\"https:\/\/www.emballagedigest.fr\/comexi-devoile-sa-nouvelle-imprimante-flexo-a-la-drupa\/\"},\"wordCount\":281,\"publisher\":{\"@id\":\"https:\/\/www.emballagedigest.fr\/#organization\"},\"image\":{\"@id\":\"https:\/\/www.emballagedigest.fr\/comexi-devoile-sa-nouvelle-imprimante-flexo-a-la-drupa\/#primaryimage\"},\"thumbnailUrl\":\"https:\/\/www.emballagedigest.fr\/wp-content\/uploads\/2024\/03\/Comexi.jpg\",\"articleSection\":[\"Article entier\",\"Mat\u00e9riel\"],\"inLanguage\":\"en-GB\"},{\"@type\":\"WebPage\",\"@id\":\"https:\/\/www.emballagedigest.fr\/comexi-devoile-sa-nouvelle-imprimante-flexo-a-la-drupa\/\",\"url\":\"https:\/\/www.emballagedigest.fr\/comexi-devoile-sa-nouvelle-imprimante-flexo-a-la-drupa\/\",\"name\":\"Comexi d\u00e9voile sa nouvelle imprimante flexo \u00e0 la Drupa - Emballage Digest\",\"isPartOf\":{\"@id\":\"https:\/\/www.emballagedigest.fr\/#website\"},\"primaryImageOfPage\":{\"@id\":\"https:\/\/www.emballagedigest.fr\/comexi-devoile-sa-nouvelle-imprimante-flexo-a-la-drupa\/#primaryimage\"},\"image\":{\"@id\":\"https:\/\/www.emballagedigest.fr\/comexi-devoile-sa-nouvelle-imprimante-flexo-a-la-drupa\/#primaryimage\"},\"thumbnailUrl\":\"https:\/\/www.emballagedigest.fr\/wp-content\/uploads\/2024\/03\/Comexi.jpg\",\"datePublished\":\"2024-03-17T23:28:25+00:00\",\"dateModified\":\"2024-03-18T23:31:29+00:00\",\"breadcrumb\":{\"@id\":\"https:\/\/www.emballagedigest.fr\/comexi-devoile-sa-nouvelle-imprimante-flexo-a-la-drupa\/#breadcrumb\"},\"inLanguage\":\"en-GB\",\"potentialAction\":[{\"@type\":\"ReadAction\",\"target\":[\"https:\/\/www.emballagedigest.fr\/comexi-devoile-sa-nouvelle-imprimante-flexo-a-la-drupa\/\"]}]},{\"@type\":\"ImageObject\",\"inLanguage\":\"en-GB\",\"@id\":\"https:\/\/www.emballagedigest.fr\/comexi-devoile-sa-nouvelle-imprimante-flexo-a-la-drupa\/#primaryimage\",\"url\":\"https:\/\/www.emballagedigest.fr\/wp-content\/uploads\/2024\/03\/Comexi.jpg\",\"contentUrl\":\"https:\/\/www.emballagedigest.fr\/wp-content\/uploads\/2024\/03\/Comexi.jpg\",\"width\":800,\"height\":600},{\"@type\":\"BreadcrumbList\",\"@id\":\"https:\/\/www.emballagedigest.fr\/comexi-devoile-sa-nouvelle-imprimante-flexo-a-la-drupa\/#breadcrumb\",\"itemListElement\":[{\"@type\":\"ListItem\",\"position\":1,\"name\":\"Accueil\",\"item\":\"https:\/\/www.emballagedigest.fr\/\"},{\"@type\":\"ListItem\",\"position\":2,\"name\":\"Comexi d\u00e9voile sa nouvelle imprimante flexo \u00e0 la Drupa\"}]},{\"@type\":\"WebSite\",\"@id\":\"https:\/\/www.emballagedigest.fr\/#website\",\"url\":\"https:\/\/www.emballagedigest.fr\/\",\"name\":\"Emballage Digest\",\"description\":\"Revue professionnelle sur les emballages\",\"publisher\":{\"@id\":\"https:\/\/www.emballagedigest.fr\/#organization\"},\"potentialAction\":[{\"@type\":\"SearchAction\",\"target\":{\"@type\":\"EntryPoint\",\"urlTemplate\":\"https:\/\/www.emballagedigest.fr\/?s={search_term_string}\"},\"query-input\":{\"@type\":\"PropertyValueSpecification\",\"valueRequired\":true,\"valueName\":\"search_term_string\"}}],\"inLanguage\":\"en-GB\"},{\"@type\":\"Organization\",\"@id\":\"https:\/\/www.emballagedigest.fr\/#organization\",\"name\":\"Emballage Digest\",\"url\":\"https:\/\/www.emballagedigest.fr\/\",\"logo\":{\"@type\":\"ImageObject\",\"inLanguage\":\"en-GB\",\"@id\":\"https:\/\/www.emballagedigest.fr\/#\/schema\/logo\/image\/\",\"url\":\"https:\/\/www.emballagedigest.fr\/wp-content\/uploads\/2022\/07\/logo-ed.png\",\"contentUrl\":\"https:\/\/www.emballagedigest.fr\/wp-content\/uploads\/2022\/07\/logo-ed.png\",\"width\":379,\"height\":75,\"caption\":\"Emballage Digest\"},\"image\":{\"@id\":\"https:\/\/www.emballagedigest.fr\/#\/schema\/logo\/image\/\"}},{\"@type\":\"Person\",\"@id\":\"https:\/\/www.emballagedigest.fr\/#\/schema\/person\/76abe9f2b2ee4d3d520594c7a35da59f\",\"name\":\"Karine Duval\",\"image\":{\"@type\":\"ImageObject\",\"inLanguage\":\"en-GB\",\"@id\":\"https:\/\/www.emballagedigest.fr\/#\/schema\/person\/image\/\",\"url\":\"https:\/\/secure.gravatar.com\/avatar\/f552799261cdd2e076e6677d780ef07bdb13aa4c196ab75b39abcbcdcae2d4e5?s=96&d=mm&r=g\",\"contentUrl\":\"https:\/\/secure.gravatar.com\/avatar\/f552799261cdd2e076e6677d780ef07bdb13aa4c196ab75b39abcbcdcae2d4e5?s=96&d=mm&r=g\",\"caption\":\"Karine Duval\"},\"url\":\"https:\/\/www.emballagedigest.fr\/en\/author\/admin_karduv\/\"}]}<\/script>\n<!-- \/ Yoast SEO plugin. -->","yoast_head_json":{"title":"Comexi d\u00e9voile sa nouvelle imprimante flexo \u00e0 la Drupa - Emballage Digest","robots":{"index":"index","follow":"follow","max-snippet":"max-snippet:-1","max-image-preview":"max-image-preview:large","max-video-preview":"max-video-preview:-1"},"canonical":"https:\/\/www.emballagedigest.fr\/en\/comexi-devoile-sa-nouvelle-imprimante-flexo-a-la-drupa\/","og_locale":"en_GB","og_type":"article","og_title":"Comexi d\u00e9voile sa nouvelle imprimante flexo \u00e0 la Drupa - Emballage Digest","og_description":"Comexi poursuit le d\u00e9veloppement de son portefeuille d\u2019imprimantes flexographiques et pr\u00e9sentera en avant-premi\u00e8re le mod\u00e8le F1 Evolution aux visiteurs du salon Drupa qui se tiendra au 28 mai au 7 juin 2024 \u00e0 D\u00fcsseldorf (Allemagne). Apr\u00e8s le lancement des imprimantes F2 Evolution et F2 Origin, Comexi exposera sur la Drupa la nouvelle F1 Evolution. Elle [&hellip;]","og_url":"https:\/\/www.emballagedigest.fr\/en\/comexi-devoile-sa-nouvelle-imprimante-flexo-a-la-drupa\/","og_site_name":"Emballage Digest","article_published_time":"2024-03-17T23:28:25+00:00","article_modified_time":"2024-03-18T23:31:29+00:00","og_image":[{"width":800,"height":600,"url":"https:\/\/www.emballagedigest.fr\/wp-content\/uploads\/2024\/03\/Comexi.jpg","type":"image\/jpeg"}],"author":"Karine Duval","twitter_card":"summary_large_image","twitter_misc":{"Written by":"Karine Duval","Estimated reading time":"2 minutes"},"schema":{"@context":"https:\/\/schema.org","@graph":[{"@type":"Article","@id":"https:\/\/www.emballagedigest.fr\/comexi-devoile-sa-nouvelle-imprimante-flexo-a-la-drupa\/#article","isPartOf":{"@id":"https:\/\/www.emballagedigest.fr\/comexi-devoile-sa-nouvelle-imprimante-flexo-a-la-drupa\/"},"author":{"name":"Karine Duval","@id":"https:\/\/www.emballagedigest.fr\/#\/schema\/person\/76abe9f2b2ee4d3d520594c7a35da59f"},"headline":"Comexi d\u00e9voile sa nouvelle imprimante flexo \u00e0 la Drupa","datePublished":"2024-03-17T23:28:25+00:00","dateModified":"2024-03-18T23:31:29+00:00","mainEntityOfPage":{"@id":"https:\/\/www.emballagedigest.fr\/comexi-devoile-sa-nouvelle-imprimante-flexo-a-la-drupa\/"},"wordCount":281,"publisher":{"@id":"https:\/\/www.emballagedigest.fr\/#organization"},"image":{"@id":"https:\/\/www.emballagedigest.fr\/comexi-devoile-sa-nouvelle-imprimante-flexo-a-la-drupa\/#primaryimage"},"thumbnailUrl":"https:\/\/www.emballagedigest.fr\/wp-content\/uploads\/2024\/03\/Comexi.jpg","articleSection":["Article entier","Mat\u00e9riel"],"inLanguage":"en-GB"},{"@type":"WebPage","@id":"https:\/\/www.emballagedigest.fr\/comexi-devoile-sa-nouvelle-imprimante-flexo-a-la-drupa\/","url":"https:\/\/www.emballagedigest.fr\/comexi-devoile-sa-nouvelle-imprimante-flexo-a-la-drupa\/","name":"Comexi d\u00e9voile sa nouvelle imprimante flexo \u00e0 la Drupa - Emballage Digest","isPartOf":{"@id":"https:\/\/www.emballagedigest.fr\/#website"},"primaryImageOfPage":{"@id":"https:\/\/www.emballagedigest.fr\/comexi-devoile-sa-nouvelle-imprimante-flexo-a-la-drupa\/#primaryimage"},"image":{"@id":"https:\/\/www.emballagedigest.fr\/comexi-devoile-sa-nouvelle-imprimante-flexo-a-la-drupa\/#primaryimage"},"thumbnailUrl":"https:\/\/www.emballagedigest.fr\/wp-content\/uploads\/2024\/03\/Comexi.jpg","datePublished":"2024-03-17T23:28:25+00:00","dateModified":"2024-03-18T23:31:29+00:00","breadcrumb":{"@id":"https:\/\/www.emballagedigest.fr\/comexi-devoile-sa-nouvelle-imprimante-flexo-a-la-drupa\/#breadcrumb"},"inLanguage":"en-GB","potentialAction":[{"@type":"ReadAction","target":["https:\/\/www.emballagedigest.fr\/comexi-devoile-sa-nouvelle-imprimante-flexo-a-la-drupa\/"]}]},{"@type":"ImageObject","inLanguage":"en-GB","@id":"https:\/\/www.emballagedigest.fr\/comexi-devoile-sa-nouvelle-imprimante-flexo-a-la-drupa\/#primaryimage","url":"https:\/\/www.emballagedigest.fr\/wp-content\/uploads\/2024\/03\/Comexi.jpg","contentUrl":"https:\/\/www.emballagedigest.fr\/wp-content\/uploads\/2024\/03\/Comexi.jpg","width":800,"height":600},{"@type":"BreadcrumbList","@id":"https:\/\/www.emballagedigest.fr\/comexi-devoile-sa-nouvelle-imprimante-flexo-a-la-drupa\/#breadcrumb","itemListElement":[{"@type":"ListItem","position":1,"name":"Accueil","item":"https:\/\/www.emballagedigest.fr\/"},{"@type":"ListItem","position":2,"name":"Comexi d\u00e9voile sa nouvelle imprimante flexo \u00e0 la Drupa"}]},{"@type":"WebSite","@id":"https:\/\/www.emballagedigest.fr\/#website","url":"https:\/\/www.emballagedigest.fr\/","name":"Emballage Digest","description":"Revue professionnelle sur les emballages","publisher":{"@id":"https:\/\/www.emballagedigest.fr\/#organization"},"potentialAction":[{"@type":"SearchAction","target":{"@type":"EntryPoint","urlTemplate":"https:\/\/www.emballagedigest.fr\/?s={search_term_string}"},"query-input":{"@type":"PropertyValueSpecification","valueRequired":true,"valueName":"search_term_string"}}],"inLanguage":"en-GB"},{"@type":"Organization","@id":"https:\/\/www.emballagedigest.fr\/#organization","name":"Emballage Digest","url":"https:\/\/www.emballagedigest.fr\/","logo":{"@type":"ImageObject","inLanguage":"en-GB","@id":"https:\/\/www.emballagedigest.fr\/#\/schema\/logo\/image\/","url":"https:\/\/www.emballagedigest.fr\/wp-content\/uploads\/2022\/07\/logo-ed.png","contentUrl":"https:\/\/www.emballagedigest.fr\/wp-content\/uploads\/2022\/07\/logo-ed.png","width":379,"height":75,"caption":"Emballage Digest"},"image":{"@id":"https:\/\/www.emballagedigest.fr\/#\/schema\/logo\/image\/"}},{"@type":"Person","@id":"https:\/\/www.emballagedigest.fr\/#\/schema\/person\/76abe9f2b2ee4d3d520594c7a35da59f","name":"Karine Duval","image":{"@type":"ImageObject","inLanguage":"en-GB","@id":"https:\/\/www.emballagedigest.fr\/#\/schema\/person\/image\/","url":"https:\/\/secure.gravatar.com\/avatar\/f552799261cdd2e076e6677d780ef07bdb13aa4c196ab75b39abcbcdcae2d4e5?s=96&d=mm&r=g","contentUrl":"https:\/\/secure.gravatar.com\/avatar\/f552799261cdd2e076e6677d780ef07bdb13aa4c196ab75b39abcbcdcae2d4e5?s=96&d=mm&r=g","caption":"Karine Duval"},"url":"https:\/\/www.emballagedigest.fr\/en\/author\/admin_karduv\/"}]}},"_links":{"self":[{"href":"https:\/\/www.emballagedigest.fr\/en\/wp-json\/wp\/v2\/posts\/40291","targetHints":{"allow":["GET"]}}],"collection":[{"href":"https:\/\/www.emballagedigest.fr\/en\/wp-json\/wp\/v2\/posts"}],"about":[{"href":"https:\/\/www.emballagedigest.fr\/en\/wp-json\/wp\/v2\/types\/post"}],"author":[{"embeddable":true,"href":"https:\/\/www.emballagedigest.fr\/en\/wp-json\/wp\/v2\/users\/2"}],"replies":[{"embeddable":true,"href":"https:\/\/www.emballagedigest.fr\/en\/wp-json\/wp\/v2\/comments?post=40291"}],"version-history":[{"count":1,"href":"https:\/\/www.emballagedigest.fr\/en\/wp-json\/wp\/v2\/posts\/40291\/revisions"}],"predecessor-version":[{"id":40293,"href":"https:\/\/www.emballagedigest.fr\/en\/wp-json\/wp\/v2\/posts\/40291\/revisions\/40293"}],"wp:featuredmedia":[{"embeddable":true,"href":"https:\/\/www.emballagedigest.fr\/en\/wp-json\/wp\/v2\/media\/40292"}],"wp:attachment":[{"href":"https:\/\/www.emballagedigest.fr\/en\/wp-json\/wp\/v2\/media?parent=40291"}],"wp:term":[{"taxonomy":"category","embeddable":true,"href":"https:\/\/www.emballagedigest.fr\/en\/wp-json\/wp\/v2\/categories?post=40291"},{"taxonomy":"post_tag","embeddable":true,"href":"https:\/\/www.emballagedigest.fr\/en\/wp-json\/wp\/v2\/tags?post=40291"}],"curies":[{"name":"wp","href":"https:\/\/api.w.org\/{rel}","templated":true}]}}