{"id":40294,"date":"2024-03-18T00:29:52","date_gmt":"2024-03-17T23:29:52","guid":{"rendered":"https:\/\/www.emballagedigest.fr\/?p=40294"},"modified":"2024-03-18T00:29:54","modified_gmt":"2024-03-17T23:29:54","slug":"le-groupe-pochet-se-rapproche-de-koa-glass","status":"publish","type":"post","link":"https:\/\/www.emballagedigest.fr\/en\/le-groupe-pochet-se-rapproche-de-koa-glass\/","title":{"rendered":"Le Groupe Pochet se rapproche de Koa Glass"},"content":{"rendered":"<p><strong>Le Groupe Pochet et Koa Glass annoncent la signature d&rsquo;un partenariat strat\u00e9gique afin de partager leurs expertises verri\u00e8res et mutualiser leurs capacit\u00e9s de d\u00e9veloppement et de production pour r\u00e9pondre aux enjeux du march\u00e9 de la beaut\u00e9.<\/strong><\/p>\n\n\n\n<p>Les deux entreprises familiales du monde verrier ont d\u00e9cid\u00e9 de renforcer leurs liens en signant un partenariat strat\u00e9gique de long terme afin de favoriser le partage des savoir-faire et expertises historiques sur le verre chaud et les techniques de d\u00e9coration et par la m\u00eame occasion, mutualiser les capacit\u00e9s de d\u00e9veloppement et de production pour r\u00e9pondre aux besoins du march\u00e9 sur les diff\u00e9rentes zones g\u00e9ographiques.<\/p>\n\n\n\n<figure class=\"wp-block-image size-full is-resized\"><img loading=\"lazy\" decoding=\"async\" src=\"https:\/\/www.emballagedigest.fr\/wp-content\/uploads\/2024\/03\/KOA2.jpg\" alt=\"\" class=\"wp-image-40296\" width=\"833\" height=\"463\" srcset=\"https:\/\/www.emballagedigest.fr\/wp-content\/uploads\/2024\/03\/KOA2.jpg 800w, https:\/\/www.emballagedigest.fr\/wp-content\/uploads\/2024\/03\/KOA2-300x167.jpg 300w, https:\/\/www.emballagedigest.fr\/wp-content\/uploads\/2024\/03\/KOA2-768x427.jpg 768w, https:\/\/www.emballagedigest.fr\/wp-content\/uploads\/2024\/03\/KOA2-18x10.jpg 18w\" sizes=\"auto, (max-width: 833px) 100vw, 833px\" \/><\/figure>\n\n\n\n<p>\u00ab Ce partenariat entre le Groupe Pochet et Koa Glass d\u00e9montre notre volont\u00e9 commune de collaborer pour servir nos clients, maisons de luxe du parfum et de la beaut\u00e9. Ce partenariat qui s&rsquo;inscrit pleinement dans notre plan strat\u00e9gique doit nous permettre d&rsquo;atteindre notre ambition d&rsquo;\u00eatre durablement le partenaire incontournable de l&rsquo;industrie de la beaut\u00e9 \u00bb, explique Ir\u00e8ne Gosset, pr\u00e9sidente du Groupe Pochet. Et Hironari ldei, pdg de Koa Glass, de compl\u00e9ter : \u00ab gr\u00e2ce \u00e0 ce partenariat entre nos deux maisons familiales, nous sommes ravis de d\u00e9velopper un mod\u00e8le de co-innovation, fond\u00e9 sur le partage des savoirs, afin de proposer \u00e0 nos clients des produits toujours plus innovants \u00bb.<\/p>\n\n\n\n<p>Avec ce partenariat, les deux industriels souhaitent enrichir leurs offres communes et proposer aux marques de beaut\u00e9 des innovations et cr\u00e9ations verri\u00e8res alliant esth\u00e9tisme, haute-technicit\u00e9 et durabilit\u00e9. Se d\u00e9finissant comme un maitre verrier, Koa Glass est reconnu sur le march\u00e9 nippon pour son expertise du d\u00e9cor et de fabrication de moules. \u00ab La n\u00e9cessit\u00e9 de partager des informations et de mutualiser nos expertises sont devenues essentielles pour progresser sur nos savoir-faire verriers. Les experts du Groupe Pochet et de Koa Glass travaillent d\u00e9j\u00e0 ensemble pour favoriser ces \u00e9changes avec des r\u00e9sultats d\u00e9j\u00e0 tangibles \u00bb, pr\u00e9cise Benoit Marszalek, directeur des op\u00e9rations de Pochet du Courval.<\/p>","protected":false},"excerpt":{"rendered":"<p>Le Groupe Pochet et Koa Glass annoncent la signature d&rsquo;un partenariat strat\u00e9gique afin de partager leurs expertises verri\u00e8res et mutualiser leurs capacit\u00e9s de d\u00e9veloppement et de production pour r\u00e9pondre aux enjeux du march\u00e9 de la beaut\u00e9. Les deux entreprises familiales du monde verrier ont d\u00e9cid\u00e9 de renforcer leurs liens en signant un partenariat strat\u00e9gique de [&hellip;]<\/p>","protected":false},"author":2,"featured_media":40295,"comment_status":"closed","ping_status":"closed","sticky":false,"template":"","format":"standard","meta":{"_acf_changed":false,"inline_featured_image":false,"iawp_total_views":2,"footnotes":""},"categories":[28,81,6],"tags":[],"class_list":["post-40294","post","type-post","status-publish","format-standard","has-post-thumbnail","hentry","category-article-entier","category-packaging","category-parfumerie-cosmetique"],"acf":[],"yoast_head":"<!-- This site is optimized with the Yoast SEO plugin v24.4 - https:\/\/yoast.com\/wordpress\/plugins\/seo\/ -->\n<title>Le Groupe Pochet se rapproche de Koa Glass - Emballage Digest<\/title>\n<meta name=\"robots\" content=\"index, follow, max-snippet:-1, max-image-preview:large, max-video-preview:-1\" \/>\n<link rel=\"canonical\" href=\"https:\/\/www.emballagedigest.fr\/en\/le-groupe-pochet-se-rapproche-de-koa-glass\/\" \/>\n<meta property=\"og:locale\" content=\"en_GB\" \/>\n<meta property=\"og:type\" content=\"article\" \/>\n<meta property=\"og:title\" content=\"Le Groupe Pochet se rapproche de Koa Glass - Emballage Digest\" \/>\n<meta property=\"og:description\" content=\"Le Groupe Pochet et Koa Glass annoncent la signature d&rsquo;un partenariat strat\u00e9gique afin de partager leurs expertises verri\u00e8res et mutualiser leurs capacit\u00e9s de d\u00e9veloppement et de production pour r\u00e9pondre aux enjeux du march\u00e9 de la beaut\u00e9. Les deux entreprises familiales du monde verrier ont d\u00e9cid\u00e9 de renforcer leurs liens en signant un partenariat strat\u00e9gique de [&hellip;]\" \/>\n<meta property=\"og:url\" content=\"https:\/\/www.emballagedigest.fr\/en\/le-groupe-pochet-se-rapproche-de-koa-glass\/\" \/>\n<meta property=\"og:site_name\" content=\"Emballage Digest\" \/>\n<meta property=\"article:published_time\" content=\"2024-03-17T23:29:52+00:00\" \/>\n<meta property=\"article:modified_time\" content=\"2024-03-17T23:29:54+00:00\" \/>\n<meta property=\"og:image\" content=\"https:\/\/www.emballagedigest.fr\/wp-content\/uploads\/2024\/03\/KOA1.jpg\" \/>\n\t<meta property=\"og:image:width\" content=\"800\" \/>\n\t<meta property=\"og:image:height\" content=\"527\" \/>\n\t<meta property=\"og:image:type\" content=\"image\/jpeg\" \/>\n<meta name=\"author\" content=\"Karine Duval\" \/>\n<meta name=\"twitter:card\" content=\"summary_large_image\" \/>\n<meta name=\"twitter:label1\" content=\"Written by\" \/>\n\t<meta name=\"twitter:data1\" content=\"Karine Duval\" \/>\n\t<meta name=\"twitter:label2\" content=\"Estimated reading time\" \/>\n\t<meta name=\"twitter:data2\" content=\"2 minutes\" \/>\n<script type=\"application\/ld+json\" class=\"yoast-schema-graph\">{\"@context\":\"https:\/\/schema.org\",\"@graph\":[{\"@type\":\"Article\",\"@id\":\"https:\/\/www.emballagedigest.fr\/le-groupe-pochet-se-rapproche-de-koa-glass\/#article\",\"isPartOf\":{\"@id\":\"https:\/\/www.emballagedigest.fr\/le-groupe-pochet-se-rapproche-de-koa-glass\/\"},\"author\":{\"name\":\"Karine Duval\",\"@id\":\"https:\/\/www.emballagedigest.fr\/#\/schema\/person\/76abe9f2b2ee4d3d520594c7a35da59f\"},\"headline\":\"Le Groupe Pochet se rapproche de Koa Glass\",\"datePublished\":\"2024-03-17T23:29:52+00:00\",\"dateModified\":\"2024-03-17T23:29:54+00:00\",\"mainEntityOfPage\":{\"@id\":\"https:\/\/www.emballagedigest.fr\/le-groupe-pochet-se-rapproche-de-koa-glass\/\"},\"wordCount\":350,\"publisher\":{\"@id\":\"https:\/\/www.emballagedigest.fr\/#organization\"},\"image\":{\"@id\":\"https:\/\/www.emballagedigest.fr\/le-groupe-pochet-se-rapproche-de-koa-glass\/#primaryimage\"},\"thumbnailUrl\":\"https:\/\/www.emballagedigest.fr\/wp-content\/uploads\/2024\/03\/KOA1.jpg\",\"articleSection\":[\"Article entier\",\"Packaging\",\"Parfumerie &amp; Cosm\u00e9tique\"],\"inLanguage\":\"en-GB\"},{\"@type\":\"WebPage\",\"@id\":\"https:\/\/www.emballagedigest.fr\/le-groupe-pochet-se-rapproche-de-koa-glass\/\",\"url\":\"https:\/\/www.emballagedigest.fr\/le-groupe-pochet-se-rapproche-de-koa-glass\/\",\"name\":\"Le Groupe Pochet se rapproche de Koa Glass - Emballage Digest\",\"isPartOf\":{\"@id\":\"https:\/\/www.emballagedigest.fr\/#website\"},\"primaryImageOfPage\":{\"@id\":\"https:\/\/www.emballagedigest.fr\/le-groupe-pochet-se-rapproche-de-koa-glass\/#primaryimage\"},\"image\":{\"@id\":\"https:\/\/www.emballagedigest.fr\/le-groupe-pochet-se-rapproche-de-koa-glass\/#primaryimage\"},\"thumbnailUrl\":\"https:\/\/www.emballagedigest.fr\/wp-content\/uploads\/2024\/03\/KOA1.jpg\",\"datePublished\":\"2024-03-17T23:29:52+00:00\",\"dateModified\":\"2024-03-17T23:29:54+00:00\",\"breadcrumb\":{\"@id\":\"https:\/\/www.emballagedigest.fr\/le-groupe-pochet-se-rapproche-de-koa-glass\/#breadcrumb\"},\"inLanguage\":\"en-GB\",\"potentialAction\":[{\"@type\":\"ReadAction\",\"target\":[\"https:\/\/www.emballagedigest.fr\/le-groupe-pochet-se-rapproche-de-koa-glass\/\"]}]},{\"@type\":\"ImageObject\",\"inLanguage\":\"en-GB\",\"@id\":\"https:\/\/www.emballagedigest.fr\/le-groupe-pochet-se-rapproche-de-koa-glass\/#primaryimage\",\"url\":\"https:\/\/www.emballagedigest.fr\/wp-content\/uploads\/2024\/03\/KOA1.jpg\",\"contentUrl\":\"https:\/\/www.emballagedigest.fr\/wp-content\/uploads\/2024\/03\/KOA1.jpg\",\"width\":800,\"height\":527},{\"@type\":\"BreadcrumbList\",\"@id\":\"https:\/\/www.emballagedigest.fr\/le-groupe-pochet-se-rapproche-de-koa-glass\/#breadcrumb\",\"itemListElement\":[{\"@type\":\"ListItem\",\"position\":1,\"name\":\"Accueil\",\"item\":\"https:\/\/www.emballagedigest.fr\/\"},{\"@type\":\"ListItem\",\"position\":2,\"name\":\"Le Groupe Pochet se rapproche de Koa Glass\"}]},{\"@type\":\"WebSite\",\"@id\":\"https:\/\/www.emballagedigest.fr\/#website\",\"url\":\"https:\/\/www.emballagedigest.fr\/\",\"name\":\"Emballage Digest\",\"description\":\"Revue professionnelle sur les emballages\",\"publisher\":{\"@id\":\"https:\/\/www.emballagedigest.fr\/#organization\"},\"potentialAction\":[{\"@type\":\"SearchAction\",\"target\":{\"@type\":\"EntryPoint\",\"urlTemplate\":\"https:\/\/www.emballagedigest.fr\/?s={search_term_string}\"},\"query-input\":{\"@type\":\"PropertyValueSpecification\",\"valueRequired\":true,\"valueName\":\"search_term_string\"}}],\"inLanguage\":\"en-GB\"},{\"@type\":\"Organization\",\"@id\":\"https:\/\/www.emballagedigest.fr\/#organization\",\"name\":\"Emballage Digest\",\"url\":\"https:\/\/www.emballagedigest.fr\/\",\"logo\":{\"@type\":\"ImageObject\",\"inLanguage\":\"en-GB\",\"@id\":\"https:\/\/www.emballagedigest.fr\/#\/schema\/logo\/image\/\",\"url\":\"https:\/\/www.emballagedigest.fr\/wp-content\/uploads\/2022\/07\/logo-ed.png\",\"contentUrl\":\"https:\/\/www.emballagedigest.fr\/wp-content\/uploads\/2022\/07\/logo-ed.png\",\"width\":379,\"height\":75,\"caption\":\"Emballage Digest\"},\"image\":{\"@id\":\"https:\/\/www.emballagedigest.fr\/#\/schema\/logo\/image\/\"}},{\"@type\":\"Person\",\"@id\":\"https:\/\/www.emballagedigest.fr\/#\/schema\/person\/76abe9f2b2ee4d3d520594c7a35da59f\",\"name\":\"Karine Duval\",\"image\":{\"@type\":\"ImageObject\",\"inLanguage\":\"en-GB\",\"@id\":\"https:\/\/www.emballagedigest.fr\/#\/schema\/person\/image\/\",\"url\":\"https:\/\/secure.gravatar.com\/avatar\/f552799261cdd2e076e6677d780ef07bdb13aa4c196ab75b39abcbcdcae2d4e5?s=96&d=mm&r=g\",\"contentUrl\":\"https:\/\/secure.gravatar.com\/avatar\/f552799261cdd2e076e6677d780ef07bdb13aa4c196ab75b39abcbcdcae2d4e5?s=96&d=mm&r=g\",\"caption\":\"Karine Duval\"},\"url\":\"https:\/\/www.emballagedigest.fr\/en\/author\/admin_karduv\/\"}]}<\/script>\n<!-- \/ Yoast SEO plugin. -->","yoast_head_json":{"title":"Le Groupe Pochet se rapproche de Koa Glass - Emballage Digest","robots":{"index":"index","follow":"follow","max-snippet":"max-snippet:-1","max-image-preview":"max-image-preview:large","max-video-preview":"max-video-preview:-1"},"canonical":"https:\/\/www.emballagedigest.fr\/en\/le-groupe-pochet-se-rapproche-de-koa-glass\/","og_locale":"en_GB","og_type":"article","og_title":"Le Groupe Pochet se rapproche de Koa Glass - Emballage Digest","og_description":"Le Groupe Pochet et Koa Glass annoncent la signature d&rsquo;un partenariat strat\u00e9gique afin de partager leurs expertises verri\u00e8res et mutualiser leurs capacit\u00e9s de d\u00e9veloppement et de production pour r\u00e9pondre aux enjeux du march\u00e9 de la beaut\u00e9. Les deux entreprises familiales du monde verrier ont d\u00e9cid\u00e9 de renforcer leurs liens en signant un partenariat strat\u00e9gique de [&hellip;]","og_url":"https:\/\/www.emballagedigest.fr\/en\/le-groupe-pochet-se-rapproche-de-koa-glass\/","og_site_name":"Emballage Digest","article_published_time":"2024-03-17T23:29:52+00:00","article_modified_time":"2024-03-17T23:29:54+00:00","og_image":[{"width":800,"height":527,"url":"https:\/\/www.emballagedigest.fr\/wp-content\/uploads\/2024\/03\/KOA1.jpg","type":"image\/jpeg"}],"author":"Karine Duval","twitter_card":"summary_large_image","twitter_misc":{"Written by":"Karine Duval","Estimated reading time":"2 minutes"},"schema":{"@context":"https:\/\/schema.org","@graph":[{"@type":"Article","@id":"https:\/\/www.emballagedigest.fr\/le-groupe-pochet-se-rapproche-de-koa-glass\/#article","isPartOf":{"@id":"https:\/\/www.emballagedigest.fr\/le-groupe-pochet-se-rapproche-de-koa-glass\/"},"author":{"name":"Karine Duval","@id":"https:\/\/www.emballagedigest.fr\/#\/schema\/person\/76abe9f2b2ee4d3d520594c7a35da59f"},"headline":"Le Groupe Pochet se rapproche de Koa Glass","datePublished":"2024-03-17T23:29:52+00:00","dateModified":"2024-03-17T23:29:54+00:00","mainEntityOfPage":{"@id":"https:\/\/www.emballagedigest.fr\/le-groupe-pochet-se-rapproche-de-koa-glass\/"},"wordCount":350,"publisher":{"@id":"https:\/\/www.emballagedigest.fr\/#organization"},"image":{"@id":"https:\/\/www.emballagedigest.fr\/le-groupe-pochet-se-rapproche-de-koa-glass\/#primaryimage"},"thumbnailUrl":"https:\/\/www.emballagedigest.fr\/wp-content\/uploads\/2024\/03\/KOA1.jpg","articleSection":["Article entier","Packaging","Parfumerie &amp; Cosm\u00e9tique"],"inLanguage":"en-GB"},{"@type":"WebPage","@id":"https:\/\/www.emballagedigest.fr\/le-groupe-pochet-se-rapproche-de-koa-glass\/","url":"https:\/\/www.emballagedigest.fr\/le-groupe-pochet-se-rapproche-de-koa-glass\/","name":"Le Groupe Pochet se rapproche de Koa Glass - Emballage Digest","isPartOf":{"@id":"https:\/\/www.emballagedigest.fr\/#website"},"primaryImageOfPage":{"@id":"https:\/\/www.emballagedigest.fr\/le-groupe-pochet-se-rapproche-de-koa-glass\/#primaryimage"},"image":{"@id":"https:\/\/www.emballagedigest.fr\/le-groupe-pochet-se-rapproche-de-koa-glass\/#primaryimage"},"thumbnailUrl":"https:\/\/www.emballagedigest.fr\/wp-content\/uploads\/2024\/03\/KOA1.jpg","datePublished":"2024-03-17T23:29:52+00:00","dateModified":"2024-03-17T23:29:54+00:00","breadcrumb":{"@id":"https:\/\/www.emballagedigest.fr\/le-groupe-pochet-se-rapproche-de-koa-glass\/#breadcrumb"},"inLanguage":"en-GB","potentialAction":[{"@type":"ReadAction","target":["https:\/\/www.emballagedigest.fr\/le-groupe-pochet-se-rapproche-de-koa-glass\/"]}]},{"@type":"ImageObject","inLanguage":"en-GB","@id":"https:\/\/www.emballagedigest.fr\/le-groupe-pochet-se-rapproche-de-koa-glass\/#primaryimage","url":"https:\/\/www.emballagedigest.fr\/wp-content\/uploads\/2024\/03\/KOA1.jpg","contentUrl":"https:\/\/www.emballagedigest.fr\/wp-content\/uploads\/2024\/03\/KOA1.jpg","width":800,"height":527},{"@type":"BreadcrumbList","@id":"https:\/\/www.emballagedigest.fr\/le-groupe-pochet-se-rapproche-de-koa-glass\/#breadcrumb","itemListElement":[{"@type":"ListItem","position":1,"name":"Accueil","item":"https:\/\/www.emballagedigest.fr\/"},{"@type":"ListItem","position":2,"name":"Le Groupe Pochet se rapproche de Koa Glass"}]},{"@type":"WebSite","@id":"https:\/\/www.emballagedigest.fr\/#website","url":"https:\/\/www.emballagedigest.fr\/","name":"Emballage Digest","description":"Revue professionnelle sur les emballages","publisher":{"@id":"https:\/\/www.emballagedigest.fr\/#organization"},"potentialAction":[{"@type":"SearchAction","target":{"@type":"EntryPoint","urlTemplate":"https:\/\/www.emballagedigest.fr\/?s={search_term_string}"},"query-input":{"@type":"PropertyValueSpecification","valueRequired":true,"valueName":"search_term_string"}}],"inLanguage":"en-GB"},{"@type":"Organization","@id":"https:\/\/www.emballagedigest.fr\/#organization","name":"Emballage Digest","url":"https:\/\/www.emballagedigest.fr\/","logo":{"@type":"ImageObject","inLanguage":"en-GB","@id":"https:\/\/www.emballagedigest.fr\/#\/schema\/logo\/image\/","url":"https:\/\/www.emballagedigest.fr\/wp-content\/uploads\/2022\/07\/logo-ed.png","contentUrl":"https:\/\/www.emballagedigest.fr\/wp-content\/uploads\/2022\/07\/logo-ed.png","width":379,"height":75,"caption":"Emballage Digest"},"image":{"@id":"https:\/\/www.emballagedigest.fr\/#\/schema\/logo\/image\/"}},{"@type":"Person","@id":"https:\/\/www.emballagedigest.fr\/#\/schema\/person\/76abe9f2b2ee4d3d520594c7a35da59f","name":"Karine Duval","image":{"@type":"ImageObject","inLanguage":"en-GB","@id":"https:\/\/www.emballagedigest.fr\/#\/schema\/person\/image\/","url":"https:\/\/secure.gravatar.com\/avatar\/f552799261cdd2e076e6677d780ef07bdb13aa4c196ab75b39abcbcdcae2d4e5?s=96&d=mm&r=g","contentUrl":"https:\/\/secure.gravatar.com\/avatar\/f552799261cdd2e076e6677d780ef07bdb13aa4c196ab75b39abcbcdcae2d4e5?s=96&d=mm&r=g","caption":"Karine Duval"},"url":"https:\/\/www.emballagedigest.fr\/en\/author\/admin_karduv\/"}]}},"_links":{"self":[{"href":"https:\/\/www.emballagedigest.fr\/en\/wp-json\/wp\/v2\/posts\/40294","targetHints":{"allow":["GET"]}}],"collection":[{"href":"https:\/\/www.emballagedigest.fr\/en\/wp-json\/wp\/v2\/posts"}],"about":[{"href":"https:\/\/www.emballagedigest.fr\/en\/wp-json\/wp\/v2\/types\/post"}],"author":[{"embeddable":true,"href":"https:\/\/www.emballagedigest.fr\/en\/wp-json\/wp\/v2\/users\/2"}],"replies":[{"embeddable":true,"href":"https:\/\/www.emballagedigest.fr\/en\/wp-json\/wp\/v2\/comments?post=40294"}],"version-history":[{"count":2,"href":"https:\/\/www.emballagedigest.fr\/en\/wp-json\/wp\/v2\/posts\/40294\/revisions"}],"predecessor-version":[{"id":40298,"href":"https:\/\/www.emballagedigest.fr\/en\/wp-json\/wp\/v2\/posts\/40294\/revisions\/40298"}],"wp:featuredmedia":[{"embeddable":true,"href":"https:\/\/www.emballagedigest.fr\/en\/wp-json\/wp\/v2\/media\/40295"}],"wp:attachment":[{"href":"https:\/\/www.emballagedigest.fr\/en\/wp-json\/wp\/v2\/media?parent=40294"}],"wp:term":[{"taxonomy":"category","embeddable":true,"href":"https:\/\/www.emballagedigest.fr\/en\/wp-json\/wp\/v2\/categories?post=40294"},{"taxonomy":"post_tag","embeddable":true,"href":"https:\/\/www.emballagedigest.fr\/en\/wp-json\/wp\/v2\/tags?post=40294"}],"curies":[{"name":"wp","href":"https:\/\/api.w.org\/{rel}","templated":true}]}}