{"id":40311,"date":"2024-03-20T09:00:44","date_gmt":"2024-03-20T08:00:44","guid":{"rendered":"https:\/\/www.emballagedigest.fr\/?p=40311"},"modified":"2024-03-21T08:24:49","modified_gmt":"2024-03-21T07:24:49","slug":"ima-annonce-lacquisition-de-omas-tecnosistemi","status":"publish","type":"post","link":"https:\/\/www.emballagedigest.fr\/en\/ima-annonce-lacquisition-de-omas-tecnosistemi\/","title":{"rendered":"IMA annonce l\u2019acquisition de OMAS Tecnosistemi"},"content":{"rendered":"<p><strong>A quelques heures de l\u2019ouverture du salon Cosmoprof Bologne, l\u2019annonce ne passe pas inaper\u00e7ue. Le groupe italien IMA reprend OMAS Tecnosistemi et entend ainsi renforcer sa pr\u00e9sence dans les secteurs de la cosm\u00e9tique et de l\u2019hygi\u00e8ne\/beaut\u00e9.<\/strong><\/p>\n\n\n\n<p>Dans le cadre de cette transaction, IMA reprend la majorit\u00e9 des actions de OMAS Tecnosistemi, soci\u00e9t\u00e9 d\u00e9tenue par Savino Guidici et sp\u00e9cialis\u00e9e en lignes de conditionnement \u00e0 destination des secteurs de la cosm\u00e9tique, du maquillage et de l\u2019hygi\u00e8ne-beaut\u00e9.<\/p>\n\n\n\n<figure class=\"wp-block-image size-full\"><img loading=\"lazy\" decoding=\"async\" width=\"800\" height=\"432\" src=\"https:\/\/www.emballagedigest.fr\/wp-content\/uploads\/2024\/03\/IMA2.jpg\" alt=\"\" class=\"wp-image-40313\" srcset=\"https:\/\/www.emballagedigest.fr\/wp-content\/uploads\/2024\/03\/IMA2.jpg 800w, https:\/\/www.emballagedigest.fr\/wp-content\/uploads\/2024\/03\/IMA2-300x162.jpg 300w, https:\/\/www.emballagedigest.fr\/wp-content\/uploads\/2024\/03\/IMA2-768x415.jpg 768w, https:\/\/www.emballagedigest.fr\/wp-content\/uploads\/2024\/03\/IMA2-18x10.jpg 18w\" sizes=\"auto, (max-width: 800px) 100vw, 800px\" \/><\/figure>\n\n\n\n<p>L&rsquo;histoire d&rsquo;OMAS Tecnosistemi remonte \u00e0 1973, lorsque Luigi Giudici a fond\u00e9 OMG, un atelier m\u00e9canique sp\u00e9cialis\u00e9 dans la production de syst\u00e8mes de dosage \u00e0 fa\u00e7on, destin\u00e9s \u00e0 \u00eatre install\u00e9s sur des machines de remplissage automatique. Gr\u00e2ce \u00e0 l&rsquo;exp\u00e9rience acquise, Savino Giudici a fond\u00e9 en 1987 OMAS Tecnosistemi, qui s&rsquo;est rapidement transform\u00e9 en un fournisseur de solutions personnalis\u00e9es de pointe.<\/p>\n\n\n\n<p>Aujourd&rsquo;hui, l&rsquo;entreprise, situ\u00e9e \u00e0 Cerro Maggiore, Milan, est sp\u00e9cialis\u00e9e dans les solutions pour les lignes de remplissage et de bouchage enti\u00e8rement automatiques pour l&rsquo;industrie des cosm\u00e9tiques, du maquillage, de l\u2019hygi\u00e8ne\/beaut\u00e9 et des produits pharmaceutiques. En int\u00e9grant le groupe IMA, l\u2019offre d\u2019OMAS pourra \u00eatre compl\u00e9t\u00e9e par la partie emballage secondaire, pour proposer des lignes compl\u00e8tes jusqu\u2019\u00e0 la palettisation.<\/p>","protected":false},"excerpt":{"rendered":"<p>A quelques heures de l\u2019ouverture du salon Cosmoprof Bologne, l\u2019annonce ne passe pas inaper\u00e7ue. Le groupe italien IMA reprend OMAS Tecnosistemi et entend ainsi renforcer sa pr\u00e9sence dans les secteurs de la cosm\u00e9tique et de l\u2019hygi\u00e8ne\/beaut\u00e9. Dans le cadre de cette transaction, IMA reprend la majorit\u00e9 des actions de OMAS Tecnosistemi, soci\u00e9t\u00e9 d\u00e9tenue par Savino [&hellip;]<\/p>","protected":false},"author":2,"featured_media":40312,"comment_status":"closed","ping_status":"closed","sticky":false,"template":"","format":"standard","meta":{"_acf_changed":false,"inline_featured_image":false,"iawp_total_views":0,"footnotes":""},"categories":[28,35,6],"tags":[],"class_list":["post-40311","post","type-post","status-publish","format-standard","has-post-thumbnail","hentry","category-article-entier","category-machines-fr","category-parfumerie-cosmetique"],"acf":[],"yoast_head":"<!-- This site is optimized with the Yoast SEO plugin v24.4 - https:\/\/yoast.com\/wordpress\/plugins\/seo\/ -->\n<title>IMA annonce l\u2019acquisition de OMAS Tecnosistemi - Emballage Digest<\/title>\n<meta name=\"robots\" content=\"index, follow, max-snippet:-1, max-image-preview:large, max-video-preview:-1\" \/>\n<link rel=\"canonical\" href=\"https:\/\/www.emballagedigest.fr\/en\/ima-annonce-lacquisition-de-omas-tecnosistemi\/\" \/>\n<meta property=\"og:locale\" content=\"en_GB\" \/>\n<meta property=\"og:type\" content=\"article\" \/>\n<meta property=\"og:title\" content=\"IMA annonce l\u2019acquisition de OMAS Tecnosistemi - Emballage Digest\" \/>\n<meta property=\"og:description\" content=\"A quelques heures de l\u2019ouverture du salon Cosmoprof Bologne, l\u2019annonce ne passe pas inaper\u00e7ue. Le groupe italien IMA reprend OMAS Tecnosistemi et entend ainsi renforcer sa pr\u00e9sence dans les secteurs de la cosm\u00e9tique et de l\u2019hygi\u00e8ne\/beaut\u00e9. Dans le cadre de cette transaction, IMA reprend la majorit\u00e9 des actions de OMAS Tecnosistemi, soci\u00e9t\u00e9 d\u00e9tenue par Savino [&hellip;]\" \/>\n<meta property=\"og:url\" content=\"https:\/\/www.emballagedigest.fr\/en\/ima-annonce-lacquisition-de-omas-tecnosistemi\/\" \/>\n<meta property=\"og:site_name\" content=\"Emballage Digest\" \/>\n<meta property=\"article:published_time\" content=\"2024-03-20T08:00:44+00:00\" \/>\n<meta property=\"article:modified_time\" content=\"2024-03-21T07:24:49+00:00\" \/>\n<meta property=\"og:image\" content=\"https:\/\/www.emballagedigest.fr\/wp-content\/uploads\/2024\/03\/IMA1.jpg\" \/>\n\t<meta property=\"og:image:width\" content=\"800\" \/>\n\t<meta property=\"og:image:height\" content=\"531\" \/>\n\t<meta property=\"og:image:type\" content=\"image\/jpeg\" \/>\n<meta name=\"author\" content=\"Karine Duval\" \/>\n<meta name=\"twitter:card\" content=\"summary_large_image\" \/>\n<meta name=\"twitter:label1\" content=\"Written by\" \/>\n\t<meta name=\"twitter:data1\" content=\"Karine Duval\" \/>\n\t<meta name=\"twitter:label2\" content=\"Estimated reading time\" \/>\n\t<meta name=\"twitter:data2\" content=\"2 minutes\" \/>\n<script type=\"application\/ld+json\" class=\"yoast-schema-graph\">{\"@context\":\"https:\/\/schema.org\",\"@graph\":[{\"@type\":\"Article\",\"@id\":\"https:\/\/www.emballagedigest.fr\/ima-annonce-lacquisition-de-omas-tecnosistemi\/#article\",\"isPartOf\":{\"@id\":\"https:\/\/www.emballagedigest.fr\/ima-annonce-lacquisition-de-omas-tecnosistemi\/\"},\"author\":{\"name\":\"Karine Duval\",\"@id\":\"https:\/\/www.emballagedigest.fr\/#\/schema\/person\/76abe9f2b2ee4d3d520594c7a35da59f\"},\"headline\":\"IMA annonce l\u2019acquisition de OMAS Tecnosistemi\",\"datePublished\":\"2024-03-20T08:00:44+00:00\",\"dateModified\":\"2024-03-21T07:24:49+00:00\",\"mainEntityOfPage\":{\"@id\":\"https:\/\/www.emballagedigest.fr\/ima-annonce-lacquisition-de-omas-tecnosistemi\/\"},\"wordCount\":234,\"publisher\":{\"@id\":\"https:\/\/www.emballagedigest.fr\/#organization\"},\"image\":{\"@id\":\"https:\/\/www.emballagedigest.fr\/ima-annonce-lacquisition-de-omas-tecnosistemi\/#primaryimage\"},\"thumbnailUrl\":\"https:\/\/www.emballagedigest.fr\/wp-content\/uploads\/2024\/03\/IMA1.jpg\",\"articleSection\":[\"Article entier\",\"Machines\",\"Parfumerie &amp; Cosm\u00e9tique\"],\"inLanguage\":\"en-GB\"},{\"@type\":\"WebPage\",\"@id\":\"https:\/\/www.emballagedigest.fr\/ima-annonce-lacquisition-de-omas-tecnosistemi\/\",\"url\":\"https:\/\/www.emballagedigest.fr\/ima-annonce-lacquisition-de-omas-tecnosistemi\/\",\"name\":\"IMA annonce l\u2019acquisition de OMAS Tecnosistemi - Emballage Digest\",\"isPartOf\":{\"@id\":\"https:\/\/www.emballagedigest.fr\/#website\"},\"primaryImageOfPage\":{\"@id\":\"https:\/\/www.emballagedigest.fr\/ima-annonce-lacquisition-de-omas-tecnosistemi\/#primaryimage\"},\"image\":{\"@id\":\"https:\/\/www.emballagedigest.fr\/ima-annonce-lacquisition-de-omas-tecnosistemi\/#primaryimage\"},\"thumbnailUrl\":\"https:\/\/www.emballagedigest.fr\/wp-content\/uploads\/2024\/03\/IMA1.jpg\",\"datePublished\":\"2024-03-20T08:00:44+00:00\",\"dateModified\":\"2024-03-21T07:24:49+00:00\",\"breadcrumb\":{\"@id\":\"https:\/\/www.emballagedigest.fr\/ima-annonce-lacquisition-de-omas-tecnosistemi\/#breadcrumb\"},\"inLanguage\":\"en-GB\",\"potentialAction\":[{\"@type\":\"ReadAction\",\"target\":[\"https:\/\/www.emballagedigest.fr\/ima-annonce-lacquisition-de-omas-tecnosistemi\/\"]}]},{\"@type\":\"ImageObject\",\"inLanguage\":\"en-GB\",\"@id\":\"https:\/\/www.emballagedigest.fr\/ima-annonce-lacquisition-de-omas-tecnosistemi\/#primaryimage\",\"url\":\"https:\/\/www.emballagedigest.fr\/wp-content\/uploads\/2024\/03\/IMA1.jpg\",\"contentUrl\":\"https:\/\/www.emballagedigest.fr\/wp-content\/uploads\/2024\/03\/IMA1.jpg\",\"width\":800,\"height\":531},{\"@type\":\"BreadcrumbList\",\"@id\":\"https:\/\/www.emballagedigest.fr\/ima-annonce-lacquisition-de-omas-tecnosistemi\/#breadcrumb\",\"itemListElement\":[{\"@type\":\"ListItem\",\"position\":1,\"name\":\"Accueil\",\"item\":\"https:\/\/www.emballagedigest.fr\/\"},{\"@type\":\"ListItem\",\"position\":2,\"name\":\"IMA annonce l\u2019acquisition de OMAS Tecnosistemi\"}]},{\"@type\":\"WebSite\",\"@id\":\"https:\/\/www.emballagedigest.fr\/#website\",\"url\":\"https:\/\/www.emballagedigest.fr\/\",\"name\":\"Emballage Digest\",\"description\":\"Revue professionnelle sur les emballages\",\"publisher\":{\"@id\":\"https:\/\/www.emballagedigest.fr\/#organization\"},\"potentialAction\":[{\"@type\":\"SearchAction\",\"target\":{\"@type\":\"EntryPoint\",\"urlTemplate\":\"https:\/\/www.emballagedigest.fr\/?s={search_term_string}\"},\"query-input\":{\"@type\":\"PropertyValueSpecification\",\"valueRequired\":true,\"valueName\":\"search_term_string\"}}],\"inLanguage\":\"en-GB\"},{\"@type\":\"Organization\",\"@id\":\"https:\/\/www.emballagedigest.fr\/#organization\",\"name\":\"Emballage Digest\",\"url\":\"https:\/\/www.emballagedigest.fr\/\",\"logo\":{\"@type\":\"ImageObject\",\"inLanguage\":\"en-GB\",\"@id\":\"https:\/\/www.emballagedigest.fr\/#\/schema\/logo\/image\/\",\"url\":\"https:\/\/www.emballagedigest.fr\/wp-content\/uploads\/2022\/07\/logo-ed.png\",\"contentUrl\":\"https:\/\/www.emballagedigest.fr\/wp-content\/uploads\/2022\/07\/logo-ed.png\",\"width\":379,\"height\":75,\"caption\":\"Emballage Digest\"},\"image\":{\"@id\":\"https:\/\/www.emballagedigest.fr\/#\/schema\/logo\/image\/\"}},{\"@type\":\"Person\",\"@id\":\"https:\/\/www.emballagedigest.fr\/#\/schema\/person\/76abe9f2b2ee4d3d520594c7a35da59f\",\"name\":\"Karine Duval\",\"image\":{\"@type\":\"ImageObject\",\"inLanguage\":\"en-GB\",\"@id\":\"https:\/\/www.emballagedigest.fr\/#\/schema\/person\/image\/\",\"url\":\"https:\/\/secure.gravatar.com\/avatar\/f552799261cdd2e076e6677d780ef07bdb13aa4c196ab75b39abcbcdcae2d4e5?s=96&d=mm&r=g\",\"contentUrl\":\"https:\/\/secure.gravatar.com\/avatar\/f552799261cdd2e076e6677d780ef07bdb13aa4c196ab75b39abcbcdcae2d4e5?s=96&d=mm&r=g\",\"caption\":\"Karine Duval\"},\"url\":\"https:\/\/www.emballagedigest.fr\/en\/author\/admin_karduv\/\"}]}<\/script>\n<!-- \/ Yoast SEO plugin. -->","yoast_head_json":{"title":"IMA annonce l\u2019acquisition de OMAS Tecnosistemi - Emballage Digest","robots":{"index":"index","follow":"follow","max-snippet":"max-snippet:-1","max-image-preview":"max-image-preview:large","max-video-preview":"max-video-preview:-1"},"canonical":"https:\/\/www.emballagedigest.fr\/en\/ima-annonce-lacquisition-de-omas-tecnosistemi\/","og_locale":"en_GB","og_type":"article","og_title":"IMA annonce l\u2019acquisition de OMAS Tecnosistemi - Emballage Digest","og_description":"A quelques heures de l\u2019ouverture du salon Cosmoprof Bologne, l\u2019annonce ne passe pas inaper\u00e7ue. Le groupe italien IMA reprend OMAS Tecnosistemi et entend ainsi renforcer sa pr\u00e9sence dans les secteurs de la cosm\u00e9tique et de l\u2019hygi\u00e8ne\/beaut\u00e9. Dans le cadre de cette transaction, IMA reprend la majorit\u00e9 des actions de OMAS Tecnosistemi, soci\u00e9t\u00e9 d\u00e9tenue par Savino [&hellip;]","og_url":"https:\/\/www.emballagedigest.fr\/en\/ima-annonce-lacquisition-de-omas-tecnosistemi\/","og_site_name":"Emballage Digest","article_published_time":"2024-03-20T08:00:44+00:00","article_modified_time":"2024-03-21T07:24:49+00:00","og_image":[{"width":800,"height":531,"url":"https:\/\/www.emballagedigest.fr\/wp-content\/uploads\/2024\/03\/IMA1.jpg","type":"image\/jpeg"}],"author":"Karine Duval","twitter_card":"summary_large_image","twitter_misc":{"Written by":"Karine Duval","Estimated reading time":"2 minutes"},"schema":{"@context":"https:\/\/schema.org","@graph":[{"@type":"Article","@id":"https:\/\/www.emballagedigest.fr\/ima-annonce-lacquisition-de-omas-tecnosistemi\/#article","isPartOf":{"@id":"https:\/\/www.emballagedigest.fr\/ima-annonce-lacquisition-de-omas-tecnosistemi\/"},"author":{"name":"Karine Duval","@id":"https:\/\/www.emballagedigest.fr\/#\/schema\/person\/76abe9f2b2ee4d3d520594c7a35da59f"},"headline":"IMA annonce l\u2019acquisition de OMAS Tecnosistemi","datePublished":"2024-03-20T08:00:44+00:00","dateModified":"2024-03-21T07:24:49+00:00","mainEntityOfPage":{"@id":"https:\/\/www.emballagedigest.fr\/ima-annonce-lacquisition-de-omas-tecnosistemi\/"},"wordCount":234,"publisher":{"@id":"https:\/\/www.emballagedigest.fr\/#organization"},"image":{"@id":"https:\/\/www.emballagedigest.fr\/ima-annonce-lacquisition-de-omas-tecnosistemi\/#primaryimage"},"thumbnailUrl":"https:\/\/www.emballagedigest.fr\/wp-content\/uploads\/2024\/03\/IMA1.jpg","articleSection":["Article entier","Machines","Parfumerie &amp; Cosm\u00e9tique"],"inLanguage":"en-GB"},{"@type":"WebPage","@id":"https:\/\/www.emballagedigest.fr\/ima-annonce-lacquisition-de-omas-tecnosistemi\/","url":"https:\/\/www.emballagedigest.fr\/ima-annonce-lacquisition-de-omas-tecnosistemi\/","name":"IMA annonce l\u2019acquisition de OMAS Tecnosistemi - Emballage Digest","isPartOf":{"@id":"https:\/\/www.emballagedigest.fr\/#website"},"primaryImageOfPage":{"@id":"https:\/\/www.emballagedigest.fr\/ima-annonce-lacquisition-de-omas-tecnosistemi\/#primaryimage"},"image":{"@id":"https:\/\/www.emballagedigest.fr\/ima-annonce-lacquisition-de-omas-tecnosistemi\/#primaryimage"},"thumbnailUrl":"https:\/\/www.emballagedigest.fr\/wp-content\/uploads\/2024\/03\/IMA1.jpg","datePublished":"2024-03-20T08:00:44+00:00","dateModified":"2024-03-21T07:24:49+00:00","breadcrumb":{"@id":"https:\/\/www.emballagedigest.fr\/ima-annonce-lacquisition-de-omas-tecnosistemi\/#breadcrumb"},"inLanguage":"en-GB","potentialAction":[{"@type":"ReadAction","target":["https:\/\/www.emballagedigest.fr\/ima-annonce-lacquisition-de-omas-tecnosistemi\/"]}]},{"@type":"ImageObject","inLanguage":"en-GB","@id":"https:\/\/www.emballagedigest.fr\/ima-annonce-lacquisition-de-omas-tecnosistemi\/#primaryimage","url":"https:\/\/www.emballagedigest.fr\/wp-content\/uploads\/2024\/03\/IMA1.jpg","contentUrl":"https:\/\/www.emballagedigest.fr\/wp-content\/uploads\/2024\/03\/IMA1.jpg","width":800,"height":531},{"@type":"BreadcrumbList","@id":"https:\/\/www.emballagedigest.fr\/ima-annonce-lacquisition-de-omas-tecnosistemi\/#breadcrumb","itemListElement":[{"@type":"ListItem","position":1,"name":"Accueil","item":"https:\/\/www.emballagedigest.fr\/"},{"@type":"ListItem","position":2,"name":"IMA annonce l\u2019acquisition de OMAS Tecnosistemi"}]},{"@type":"WebSite","@id":"https:\/\/www.emballagedigest.fr\/#website","url":"https:\/\/www.emballagedigest.fr\/","name":"Emballage Digest","description":"Revue professionnelle sur les emballages","publisher":{"@id":"https:\/\/www.emballagedigest.fr\/#organization"},"potentialAction":[{"@type":"SearchAction","target":{"@type":"EntryPoint","urlTemplate":"https:\/\/www.emballagedigest.fr\/?s={search_term_string}"},"query-input":{"@type":"PropertyValueSpecification","valueRequired":true,"valueName":"search_term_string"}}],"inLanguage":"en-GB"},{"@type":"Organization","@id":"https:\/\/www.emballagedigest.fr\/#organization","name":"Emballage Digest","url":"https:\/\/www.emballagedigest.fr\/","logo":{"@type":"ImageObject","inLanguage":"en-GB","@id":"https:\/\/www.emballagedigest.fr\/#\/schema\/logo\/image\/","url":"https:\/\/www.emballagedigest.fr\/wp-content\/uploads\/2022\/07\/logo-ed.png","contentUrl":"https:\/\/www.emballagedigest.fr\/wp-content\/uploads\/2022\/07\/logo-ed.png","width":379,"height":75,"caption":"Emballage Digest"},"image":{"@id":"https:\/\/www.emballagedigest.fr\/#\/schema\/logo\/image\/"}},{"@type":"Person","@id":"https:\/\/www.emballagedigest.fr\/#\/schema\/person\/76abe9f2b2ee4d3d520594c7a35da59f","name":"Karine Duval","image":{"@type":"ImageObject","inLanguage":"en-GB","@id":"https:\/\/www.emballagedigest.fr\/#\/schema\/person\/image\/","url":"https:\/\/secure.gravatar.com\/avatar\/f552799261cdd2e076e6677d780ef07bdb13aa4c196ab75b39abcbcdcae2d4e5?s=96&d=mm&r=g","contentUrl":"https:\/\/secure.gravatar.com\/avatar\/f552799261cdd2e076e6677d780ef07bdb13aa4c196ab75b39abcbcdcae2d4e5?s=96&d=mm&r=g","caption":"Karine Duval"},"url":"https:\/\/www.emballagedigest.fr\/en\/author\/admin_karduv\/"}]}},"_links":{"self":[{"href":"https:\/\/www.emballagedigest.fr\/en\/wp-json\/wp\/v2\/posts\/40311","targetHints":{"allow":["GET"]}}],"collection":[{"href":"https:\/\/www.emballagedigest.fr\/en\/wp-json\/wp\/v2\/posts"}],"about":[{"href":"https:\/\/www.emballagedigest.fr\/en\/wp-json\/wp\/v2\/types\/post"}],"author":[{"embeddable":true,"href":"https:\/\/www.emballagedigest.fr\/en\/wp-json\/wp\/v2\/users\/2"}],"replies":[{"embeddable":true,"href":"https:\/\/www.emballagedigest.fr\/en\/wp-json\/wp\/v2\/comments?post=40311"}],"version-history":[{"count":1,"href":"https:\/\/www.emballagedigest.fr\/en\/wp-json\/wp\/v2\/posts\/40311\/revisions"}],"predecessor-version":[{"id":40314,"href":"https:\/\/www.emballagedigest.fr\/en\/wp-json\/wp\/v2\/posts\/40311\/revisions\/40314"}],"wp:featuredmedia":[{"embeddable":true,"href":"https:\/\/www.emballagedigest.fr\/en\/wp-json\/wp\/v2\/media\/40312"}],"wp:attachment":[{"href":"https:\/\/www.emballagedigest.fr\/en\/wp-json\/wp\/v2\/media?parent=40311"}],"wp:term":[{"taxonomy":"category","embeddable":true,"href":"https:\/\/www.emballagedigest.fr\/en\/wp-json\/wp\/v2\/categories?post=40311"},{"taxonomy":"post_tag","embeddable":true,"href":"https:\/\/www.emballagedigest.fr\/en\/wp-json\/wp\/v2\/tags?post=40311"}],"curies":[{"name":"wp","href":"https:\/\/api.w.org\/{rel}","templated":true}]}}