{"id":40362,"date":"2024-03-26T00:05:50","date_gmt":"2024-03-25T23:05:50","guid":{"rendered":"https:\/\/www.emballagedigest.fr\/?p=40362"},"modified":"2024-03-26T00:05:51","modified_gmt":"2024-03-25T23:05:51","slug":"ds-smith-sinquiete-dune-baisse-du-taux-de-recyclage-du-papier-carton-en-france-et-en-europe","status":"publish","type":"post","link":"https:\/\/www.emballagedigest.fr\/en\/ds-smith-sinquiete-dune-baisse-du-taux-de-recyclage-du-papier-carton-en-france-et-en-europe\/","title":{"rendered":"DS Smith s\u2019inqui\u00e8te d\u2019une baisse du taux de recyclage du papier \/ carton en France et en Europe"},"content":{"rendered":"<p><strong>En France, 10,6 millions de tonnes d&#8217;emballages en papier et en carton, d&rsquo;une valeur de 2 milliards d&rsquo;euros pourraient finir dans des d\u00e9charges ou \u00eatre incin\u00e9r\u00e9es d&rsquo;ici \u00e0 2030. Selon la derni\u00e8re \u00e9tude de DS Smith, le taux de recyclage du papier \/ carton en France pourrait diminuer annuellement de 2% pour atteindre 67% en 2030. Le cartonnier appelle le gouvernement et l&rsquo;industrie \u00e0 adopter de nouvelles mesures pour \u00e9viter une baisse des taux de recyclage en France.<\/strong><\/p>\n\n\n\n<p>La nouvelle \u00e9tude \u00ab\u00a0Potentiel Cach\u00e9 : am\u00e9liorer le recyclage de nos papiers*\u00a0\u00bb de DS Smith r\u00e9v\u00e8le que 33% des emballages en papier et en carton risquent de finir dans des d\u00e9charges ou d\u2019\u00eatre incin\u00e9r\u00e9s d&rsquo;ici 2030 si la baisse des taux de recyclage n&rsquo;est pas invers\u00e9e. Cette perte d&#8217;emballages recyclables \u00e9quivaut en France \u00e0 10,6 millions de tonnes d&rsquo;une valeur de 2 milliards d&rsquo;euros. DS Smith estime que la demande des consommateurs g\u00e9n\u00e9rera plus de 5 millions de tonnes d&#8217;emballages en papier et en carton \u00e0 recycler chaque ann\u00e9e d&rsquo;ici \u00e0 la fin de la d\u00e9cennie.<\/p>\n\n\n\n<p>Le rapport r\u00e9v\u00e8le \u00e9galement que le geste de tri n\u2019est pas syst\u00e9matique chez les jeunes qui recyclent en moyenne moins que leurs a\u00een\u00e9s. Moins de deux Fran\u00e7ais sur cinq (40%) \u00e2g\u00e9s de 18 \u00e0 24 ans recyclent la quasi-totalit\u00e9 de leur papier et de leur carton, contre pr\u00e8s de sept Fran\u00e7ais sur dix (72%) \u00e2g\u00e9s de plus de 65 ans. En effet, seule la moiti\u00e9 des jeunes (54%) pense que ce qu&rsquo;ils mettent dans leur poubelle est recycl\u00e9 correctement par les autorit\u00e9s, contre pr\u00e8s de deux tiers (63%) des plus de 65 ans. En 2020, 82% du papier et du carton ont \u00e9t\u00e9 recycl\u00e9s en France, ce qui correspond \u00e0 la moyenne europ\u00e9enne de 82%. DS Smith pr\u00e9voit que ce taux chutera \u00e0 67% d&rsquo;ici 2030 si aucune mesure n\u2019est prise par les pouvoirs publics.<\/p>\n\n\n\n<p>Pour inverser le d\u00e9clin des taux de recyclage, DS Smith sugg\u00e8re quatre axes d\u2019am\u00e9lioration :<\/p>\n\n\n\n<p>\u2022 Mettre en place la s\u00e9paration \u00e0 la source pour le papier et le carton, qui seraient s\u00e9par\u00e9s des autres mat\u00e9riaux par les consommateurs \u00e0 leur domicile et dans les poubelles publiques pour augmenter la qualit\u00e9 de la mati\u00e8re \u00e0 recycler.<br>\u2022 Introduire un syst\u00e8me de tri et de collecte uniforme dans toute la France, afin que les m\u00eames mat\u00e9riaux puissent \u00eatre recycl\u00e9s dans toutes les communes.<br>\u2022 L\u00e9gif\u00e9rer pour mettre en place un \u00e9tiquetage coh\u00e9rent et mieux informer les consommateurs sur le recyclage.<br>\u2022 Appliquer une l\u00e9gislation p\u00e9renne et coh\u00e9rente en mati\u00e8re de recyclage.<\/p>\n\n\n\n<p>\u00ab&nbsp;La France ne doit pas rester sur ses acquis et ne doit pas cesser d\u2019investir dans ce mod\u00e8le vertueux dans un contexte fragilis\u00e9 par une mesure gouvernementale** qui impose \u00e0 notre industrie &#8211; sans justification objective &#8211; le subventionnement des entreprises du r\u00e9emploi au d\u00e9triment du recyclage&nbsp;\u00bb, explique Thibault Laumonier, pdg de DS Smith Packaging France.<\/p>\n\n\n\n<p><em>*L&rsquo;\u00e9tude a \u00e9t\u00e9 command\u00e9e par DS Smith et r\u00e9alis\u00e9e par White Space Strategy sur la base d&rsquo;entretiens avec 50 experts (d\u00e9cideurs politiques, ONG, entreprises de gestion des d\u00e9chets, autorit\u00e9s locales et autres parties prenantes) et d&rsquo;une enqu\u00eate de consommation aupr\u00e8s de 1 000 adultes dans toute la France men\u00e9e en juin 2023.<br>**Arr\u00eat\u00e9 portant cahier des charges des \u00e9co-organismes et des syst\u00e8mes individuels de la fili\u00e8re \u00e0 responsabilit\u00e9 \u00e9largie (REP) des producteurs des emballages m\u00e9nagers, des imprim\u00e9s papiers et des papiers \u00e0 usage technique, pris par le Gouvernement en date du 10 d\u00e9cembre 2023 avec effet au 1<sup>er<\/sup> janvier 2024.<\/em><\/p>","protected":false},"excerpt":{"rendered":"<p>En France, 10,6 millions de tonnes d&#8217;emballages en papier et en carton, d&rsquo;une valeur de 2 milliards d&rsquo;euros pourraient finir dans des d\u00e9charges ou \u00eatre incin\u00e9r\u00e9es d&rsquo;ici \u00e0 2030. Selon la derni\u00e8re \u00e9tude de DS Smith, le taux de recyclage du papier \/ carton en France pourrait diminuer annuellement de 2% pour atteindre 67% en [&hellip;]<\/p>","protected":false},"author":2,"featured_media":40363,"comment_status":"closed","ping_status":"closed","sticky":false,"template":"","format":"standard","meta":{"_acf_changed":false,"inline_featured_image":false,"iawp_total_views":0,"footnotes":""},"categories":[28,10],"tags":[],"class_list":["post-40362","post","type-post","status-publish","format-standard","has-post-thumbnail","hentry","category-article-entier","category-materiaux"],"acf":[],"yoast_head":"<!-- This site is optimized with the Yoast SEO plugin v24.4 - https:\/\/yoast.com\/wordpress\/plugins\/seo\/ -->\n<title>DS Smith s\u2019inqui\u00e8te d\u2019une baisse du taux de recyclage du papier \/ carton en France et en Europe - Emballage Digest<\/title>\n<meta name=\"robots\" content=\"index, follow, max-snippet:-1, max-image-preview:large, max-video-preview:-1\" \/>\n<link rel=\"canonical\" href=\"https:\/\/www.emballagedigest.fr\/en\/ds-smith-sinquiete-dune-baisse-du-taux-de-recyclage-du-papier-carton-en-france-et-en-europe\/\" \/>\n<meta property=\"og:locale\" content=\"en_GB\" \/>\n<meta property=\"og:type\" content=\"article\" \/>\n<meta property=\"og:title\" content=\"DS Smith s\u2019inqui\u00e8te d\u2019une baisse du taux de recyclage du papier \/ carton en France et en Europe - Emballage Digest\" \/>\n<meta property=\"og:description\" content=\"En France, 10,6 millions de tonnes d&#8217;emballages en papier et en carton, d&rsquo;une valeur de 2 milliards d&rsquo;euros pourraient finir dans des d\u00e9charges ou \u00eatre incin\u00e9r\u00e9es d&rsquo;ici \u00e0 2030. Selon la derni\u00e8re \u00e9tude de DS Smith, le taux de recyclage du papier \/ carton en France pourrait diminuer annuellement de 2% pour atteindre 67% en [&hellip;]\" \/>\n<meta property=\"og:url\" content=\"https:\/\/www.emballagedigest.fr\/en\/ds-smith-sinquiete-dune-baisse-du-taux-de-recyclage-du-papier-carton-en-france-et-en-europe\/\" \/>\n<meta property=\"og:site_name\" content=\"Emballage Digest\" \/>\n<meta property=\"article:published_time\" content=\"2024-03-25T23:05:50+00:00\" \/>\n<meta property=\"article:modified_time\" content=\"2024-03-25T23:05:51+00:00\" \/>\n<meta property=\"og:image\" content=\"https:\/\/www.emballagedigest.fr\/wp-content\/uploads\/2024\/03\/DS-Smith.jpg\" \/>\n\t<meta property=\"og:image:width\" content=\"800\" \/>\n\t<meta property=\"og:image:height\" content=\"533\" \/>\n\t<meta property=\"og:image:type\" content=\"image\/jpeg\" \/>\n<meta name=\"author\" content=\"Karine Duval\" \/>\n<meta name=\"twitter:card\" content=\"summary_large_image\" \/>\n<meta name=\"twitter:label1\" content=\"Written by\" \/>\n\t<meta name=\"twitter:data1\" content=\"Karine Duval\" \/>\n\t<meta name=\"twitter:label2\" content=\"Estimated reading time\" \/>\n\t<meta name=\"twitter:data2\" content=\"3 minutes\" \/>\n<script type=\"application\/ld+json\" class=\"yoast-schema-graph\">{\"@context\":\"https:\/\/schema.org\",\"@graph\":[{\"@type\":\"Article\",\"@id\":\"https:\/\/www.emballagedigest.fr\/ds-smith-sinquiete-dune-baisse-du-taux-de-recyclage-du-papier-carton-en-france-et-en-europe\/#article\",\"isPartOf\":{\"@id\":\"https:\/\/www.emballagedigest.fr\/ds-smith-sinquiete-dune-baisse-du-taux-de-recyclage-du-papier-carton-en-france-et-en-europe\/\"},\"author\":{\"name\":\"Karine Duval\",\"@id\":\"https:\/\/www.emballagedigest.fr\/#\/schema\/person\/76abe9f2b2ee4d3d520594c7a35da59f\"},\"headline\":\"DS Smith s\u2019inqui\u00e8te d\u2019une baisse du taux de recyclage du papier \/ carton en France et en Europe\",\"datePublished\":\"2024-03-25T23:05:50+00:00\",\"dateModified\":\"2024-03-25T23:05:51+00:00\",\"mainEntityOfPage\":{\"@id\":\"https:\/\/www.emballagedigest.fr\/ds-smith-sinquiete-dune-baisse-du-taux-de-recyclage-du-papier-carton-en-france-et-en-europe\/\"},\"wordCount\":634,\"publisher\":{\"@id\":\"https:\/\/www.emballagedigest.fr\/#organization\"},\"image\":{\"@id\":\"https:\/\/www.emballagedigest.fr\/ds-smith-sinquiete-dune-baisse-du-taux-de-recyclage-du-papier-carton-en-france-et-en-europe\/#primaryimage\"},\"thumbnailUrl\":\"https:\/\/www.emballagedigest.fr\/wp-content\/uploads\/2024\/03\/DS-Smith.jpg\",\"articleSection\":[\"Article entier\",\"Mat\u00e9riaux\"],\"inLanguage\":\"en-GB\"},{\"@type\":\"WebPage\",\"@id\":\"https:\/\/www.emballagedigest.fr\/ds-smith-sinquiete-dune-baisse-du-taux-de-recyclage-du-papier-carton-en-france-et-en-europe\/\",\"url\":\"https:\/\/www.emballagedigest.fr\/ds-smith-sinquiete-dune-baisse-du-taux-de-recyclage-du-papier-carton-en-france-et-en-europe\/\",\"name\":\"DS Smith s\u2019inqui\u00e8te d\u2019une baisse du taux de recyclage du papier \/ carton en France et en Europe - Emballage Digest\",\"isPartOf\":{\"@id\":\"https:\/\/www.emballagedigest.fr\/#website\"},\"primaryImageOfPage\":{\"@id\":\"https:\/\/www.emballagedigest.fr\/ds-smith-sinquiete-dune-baisse-du-taux-de-recyclage-du-papier-carton-en-france-et-en-europe\/#primaryimage\"},\"image\":{\"@id\":\"https:\/\/www.emballagedigest.fr\/ds-smith-sinquiete-dune-baisse-du-taux-de-recyclage-du-papier-carton-en-france-et-en-europe\/#primaryimage\"},\"thumbnailUrl\":\"https:\/\/www.emballagedigest.fr\/wp-content\/uploads\/2024\/03\/DS-Smith.jpg\",\"datePublished\":\"2024-03-25T23:05:50+00:00\",\"dateModified\":\"2024-03-25T23:05:51+00:00\",\"breadcrumb\":{\"@id\":\"https:\/\/www.emballagedigest.fr\/ds-smith-sinquiete-dune-baisse-du-taux-de-recyclage-du-papier-carton-en-france-et-en-europe\/#breadcrumb\"},\"inLanguage\":\"en-GB\",\"potentialAction\":[{\"@type\":\"ReadAction\",\"target\":[\"https:\/\/www.emballagedigest.fr\/ds-smith-sinquiete-dune-baisse-du-taux-de-recyclage-du-papier-carton-en-france-et-en-europe\/\"]}]},{\"@type\":\"ImageObject\",\"inLanguage\":\"en-GB\",\"@id\":\"https:\/\/www.emballagedigest.fr\/ds-smith-sinquiete-dune-baisse-du-taux-de-recyclage-du-papier-carton-en-france-et-en-europe\/#primaryimage\",\"url\":\"https:\/\/www.emballagedigest.fr\/wp-content\/uploads\/2024\/03\/DS-Smith.jpg\",\"contentUrl\":\"https:\/\/www.emballagedigest.fr\/wp-content\/uploads\/2024\/03\/DS-Smith.jpg\",\"width\":800,\"height\":533},{\"@type\":\"BreadcrumbList\",\"@id\":\"https:\/\/www.emballagedigest.fr\/ds-smith-sinquiete-dune-baisse-du-taux-de-recyclage-du-papier-carton-en-france-et-en-europe\/#breadcrumb\",\"itemListElement\":[{\"@type\":\"ListItem\",\"position\":1,\"name\":\"Accueil\",\"item\":\"https:\/\/www.emballagedigest.fr\/\"},{\"@type\":\"ListItem\",\"position\":2,\"name\":\"DS Smith s\u2019inqui\u00e8te d\u2019une baisse du taux de recyclage du papier \/ carton en France et en Europe\"}]},{\"@type\":\"WebSite\",\"@id\":\"https:\/\/www.emballagedigest.fr\/#website\",\"url\":\"https:\/\/www.emballagedigest.fr\/\",\"name\":\"Emballage Digest\",\"description\":\"Revue professionnelle sur les emballages\",\"publisher\":{\"@id\":\"https:\/\/www.emballagedigest.fr\/#organization\"},\"potentialAction\":[{\"@type\":\"SearchAction\",\"target\":{\"@type\":\"EntryPoint\",\"urlTemplate\":\"https:\/\/www.emballagedigest.fr\/?s={search_term_string}\"},\"query-input\":{\"@type\":\"PropertyValueSpecification\",\"valueRequired\":true,\"valueName\":\"search_term_string\"}}],\"inLanguage\":\"en-GB\"},{\"@type\":\"Organization\",\"@id\":\"https:\/\/www.emballagedigest.fr\/#organization\",\"name\":\"Emballage Digest\",\"url\":\"https:\/\/www.emballagedigest.fr\/\",\"logo\":{\"@type\":\"ImageObject\",\"inLanguage\":\"en-GB\",\"@id\":\"https:\/\/www.emballagedigest.fr\/#\/schema\/logo\/image\/\",\"url\":\"https:\/\/www.emballagedigest.fr\/wp-content\/uploads\/2022\/07\/logo-ed.png\",\"contentUrl\":\"https:\/\/www.emballagedigest.fr\/wp-content\/uploads\/2022\/07\/logo-ed.png\",\"width\":379,\"height\":75,\"caption\":\"Emballage Digest\"},\"image\":{\"@id\":\"https:\/\/www.emballagedigest.fr\/#\/schema\/logo\/image\/\"}},{\"@type\":\"Person\",\"@id\":\"https:\/\/www.emballagedigest.fr\/#\/schema\/person\/76abe9f2b2ee4d3d520594c7a35da59f\",\"name\":\"Karine Duval\",\"image\":{\"@type\":\"ImageObject\",\"inLanguage\":\"en-GB\",\"@id\":\"https:\/\/www.emballagedigest.fr\/#\/schema\/person\/image\/\",\"url\":\"https:\/\/secure.gravatar.com\/avatar\/f552799261cdd2e076e6677d780ef07bdb13aa4c196ab75b39abcbcdcae2d4e5?s=96&d=mm&r=g\",\"contentUrl\":\"https:\/\/secure.gravatar.com\/avatar\/f552799261cdd2e076e6677d780ef07bdb13aa4c196ab75b39abcbcdcae2d4e5?s=96&d=mm&r=g\",\"caption\":\"Karine Duval\"},\"url\":\"https:\/\/www.emballagedigest.fr\/en\/author\/admin_karduv\/\"}]}<\/script>\n<!-- \/ Yoast SEO plugin. -->","yoast_head_json":{"title":"DS Smith s\u2019inqui\u00e8te d\u2019une baisse du taux de recyclage du papier \/ carton en France et en Europe - Emballage Digest","robots":{"index":"index","follow":"follow","max-snippet":"max-snippet:-1","max-image-preview":"max-image-preview:large","max-video-preview":"max-video-preview:-1"},"canonical":"https:\/\/www.emballagedigest.fr\/en\/ds-smith-sinquiete-dune-baisse-du-taux-de-recyclage-du-papier-carton-en-france-et-en-europe\/","og_locale":"en_GB","og_type":"article","og_title":"DS Smith s\u2019inqui\u00e8te d\u2019une baisse du taux de recyclage du papier \/ carton en France et en Europe - Emballage Digest","og_description":"En France, 10,6 millions de tonnes d&#8217;emballages en papier et en carton, d&rsquo;une valeur de 2 milliards d&rsquo;euros pourraient finir dans des d\u00e9charges ou \u00eatre incin\u00e9r\u00e9es d&rsquo;ici \u00e0 2030. Selon la derni\u00e8re \u00e9tude de DS Smith, le taux de recyclage du papier \/ carton en France pourrait diminuer annuellement de 2% pour atteindre 67% en [&hellip;]","og_url":"https:\/\/www.emballagedigest.fr\/en\/ds-smith-sinquiete-dune-baisse-du-taux-de-recyclage-du-papier-carton-en-france-et-en-europe\/","og_site_name":"Emballage Digest","article_published_time":"2024-03-25T23:05:50+00:00","article_modified_time":"2024-03-25T23:05:51+00:00","og_image":[{"width":800,"height":533,"url":"https:\/\/www.emballagedigest.fr\/wp-content\/uploads\/2024\/03\/DS-Smith.jpg","type":"image\/jpeg"}],"author":"Karine Duval","twitter_card":"summary_large_image","twitter_misc":{"Written by":"Karine Duval","Estimated reading time":"3 minutes"},"schema":{"@context":"https:\/\/schema.org","@graph":[{"@type":"Article","@id":"https:\/\/www.emballagedigest.fr\/ds-smith-sinquiete-dune-baisse-du-taux-de-recyclage-du-papier-carton-en-france-et-en-europe\/#article","isPartOf":{"@id":"https:\/\/www.emballagedigest.fr\/ds-smith-sinquiete-dune-baisse-du-taux-de-recyclage-du-papier-carton-en-france-et-en-europe\/"},"author":{"name":"Karine Duval","@id":"https:\/\/www.emballagedigest.fr\/#\/schema\/person\/76abe9f2b2ee4d3d520594c7a35da59f"},"headline":"DS Smith s\u2019inqui\u00e8te d\u2019une baisse du taux de recyclage du papier \/ carton en France et en Europe","datePublished":"2024-03-25T23:05:50+00:00","dateModified":"2024-03-25T23:05:51+00:00","mainEntityOfPage":{"@id":"https:\/\/www.emballagedigest.fr\/ds-smith-sinquiete-dune-baisse-du-taux-de-recyclage-du-papier-carton-en-france-et-en-europe\/"},"wordCount":634,"publisher":{"@id":"https:\/\/www.emballagedigest.fr\/#organization"},"image":{"@id":"https:\/\/www.emballagedigest.fr\/ds-smith-sinquiete-dune-baisse-du-taux-de-recyclage-du-papier-carton-en-france-et-en-europe\/#primaryimage"},"thumbnailUrl":"https:\/\/www.emballagedigest.fr\/wp-content\/uploads\/2024\/03\/DS-Smith.jpg","articleSection":["Article entier","Mat\u00e9riaux"],"inLanguage":"en-GB"},{"@type":"WebPage","@id":"https:\/\/www.emballagedigest.fr\/ds-smith-sinquiete-dune-baisse-du-taux-de-recyclage-du-papier-carton-en-france-et-en-europe\/","url":"https:\/\/www.emballagedigest.fr\/ds-smith-sinquiete-dune-baisse-du-taux-de-recyclage-du-papier-carton-en-france-et-en-europe\/","name":"DS Smith s\u2019inqui\u00e8te d\u2019une baisse du taux de recyclage du papier \/ carton en France et en Europe - Emballage Digest","isPartOf":{"@id":"https:\/\/www.emballagedigest.fr\/#website"},"primaryImageOfPage":{"@id":"https:\/\/www.emballagedigest.fr\/ds-smith-sinquiete-dune-baisse-du-taux-de-recyclage-du-papier-carton-en-france-et-en-europe\/#primaryimage"},"image":{"@id":"https:\/\/www.emballagedigest.fr\/ds-smith-sinquiete-dune-baisse-du-taux-de-recyclage-du-papier-carton-en-france-et-en-europe\/#primaryimage"},"thumbnailUrl":"https:\/\/www.emballagedigest.fr\/wp-content\/uploads\/2024\/03\/DS-Smith.jpg","datePublished":"2024-03-25T23:05:50+00:00","dateModified":"2024-03-25T23:05:51+00:00","breadcrumb":{"@id":"https:\/\/www.emballagedigest.fr\/ds-smith-sinquiete-dune-baisse-du-taux-de-recyclage-du-papier-carton-en-france-et-en-europe\/#breadcrumb"},"inLanguage":"en-GB","potentialAction":[{"@type":"ReadAction","target":["https:\/\/www.emballagedigest.fr\/ds-smith-sinquiete-dune-baisse-du-taux-de-recyclage-du-papier-carton-en-france-et-en-europe\/"]}]},{"@type":"ImageObject","inLanguage":"en-GB","@id":"https:\/\/www.emballagedigest.fr\/ds-smith-sinquiete-dune-baisse-du-taux-de-recyclage-du-papier-carton-en-france-et-en-europe\/#primaryimage","url":"https:\/\/www.emballagedigest.fr\/wp-content\/uploads\/2024\/03\/DS-Smith.jpg","contentUrl":"https:\/\/www.emballagedigest.fr\/wp-content\/uploads\/2024\/03\/DS-Smith.jpg","width":800,"height":533},{"@type":"BreadcrumbList","@id":"https:\/\/www.emballagedigest.fr\/ds-smith-sinquiete-dune-baisse-du-taux-de-recyclage-du-papier-carton-en-france-et-en-europe\/#breadcrumb","itemListElement":[{"@type":"ListItem","position":1,"name":"Accueil","item":"https:\/\/www.emballagedigest.fr\/"},{"@type":"ListItem","position":2,"name":"DS Smith s\u2019inqui\u00e8te d\u2019une baisse du taux de recyclage du papier \/ carton en France et en Europe"}]},{"@type":"WebSite","@id":"https:\/\/www.emballagedigest.fr\/#website","url":"https:\/\/www.emballagedigest.fr\/","name":"Emballage Digest","description":"Revue professionnelle sur les emballages","publisher":{"@id":"https:\/\/www.emballagedigest.fr\/#organization"},"potentialAction":[{"@type":"SearchAction","target":{"@type":"EntryPoint","urlTemplate":"https:\/\/www.emballagedigest.fr\/?s={search_term_string}"},"query-input":{"@type":"PropertyValueSpecification","valueRequired":true,"valueName":"search_term_string"}}],"inLanguage":"en-GB"},{"@type":"Organization","@id":"https:\/\/www.emballagedigest.fr\/#organization","name":"Emballage Digest","url":"https:\/\/www.emballagedigest.fr\/","logo":{"@type":"ImageObject","inLanguage":"en-GB","@id":"https:\/\/www.emballagedigest.fr\/#\/schema\/logo\/image\/","url":"https:\/\/www.emballagedigest.fr\/wp-content\/uploads\/2022\/07\/logo-ed.png","contentUrl":"https:\/\/www.emballagedigest.fr\/wp-content\/uploads\/2022\/07\/logo-ed.png","width":379,"height":75,"caption":"Emballage Digest"},"image":{"@id":"https:\/\/www.emballagedigest.fr\/#\/schema\/logo\/image\/"}},{"@type":"Person","@id":"https:\/\/www.emballagedigest.fr\/#\/schema\/person\/76abe9f2b2ee4d3d520594c7a35da59f","name":"Karine Duval","image":{"@type":"ImageObject","inLanguage":"en-GB","@id":"https:\/\/www.emballagedigest.fr\/#\/schema\/person\/image\/","url":"https:\/\/secure.gravatar.com\/avatar\/f552799261cdd2e076e6677d780ef07bdb13aa4c196ab75b39abcbcdcae2d4e5?s=96&d=mm&r=g","contentUrl":"https:\/\/secure.gravatar.com\/avatar\/f552799261cdd2e076e6677d780ef07bdb13aa4c196ab75b39abcbcdcae2d4e5?s=96&d=mm&r=g","caption":"Karine Duval"},"url":"https:\/\/www.emballagedigest.fr\/en\/author\/admin_karduv\/"}]}},"_links":{"self":[{"href":"https:\/\/www.emballagedigest.fr\/en\/wp-json\/wp\/v2\/posts\/40362","targetHints":{"allow":["GET"]}}],"collection":[{"href":"https:\/\/www.emballagedigest.fr\/en\/wp-json\/wp\/v2\/posts"}],"about":[{"href":"https:\/\/www.emballagedigest.fr\/en\/wp-json\/wp\/v2\/types\/post"}],"author":[{"embeddable":true,"href":"https:\/\/www.emballagedigest.fr\/en\/wp-json\/wp\/v2\/users\/2"}],"replies":[{"embeddable":true,"href":"https:\/\/www.emballagedigest.fr\/en\/wp-json\/wp\/v2\/comments?post=40362"}],"version-history":[{"count":2,"href":"https:\/\/www.emballagedigest.fr\/en\/wp-json\/wp\/v2\/posts\/40362\/revisions"}],"predecessor-version":[{"id":40365,"href":"https:\/\/www.emballagedigest.fr\/en\/wp-json\/wp\/v2\/posts\/40362\/revisions\/40365"}],"wp:featuredmedia":[{"embeddable":true,"href":"https:\/\/www.emballagedigest.fr\/en\/wp-json\/wp\/v2\/media\/40363"}],"wp:attachment":[{"href":"https:\/\/www.emballagedigest.fr\/en\/wp-json\/wp\/v2\/media?parent=40362"}],"wp:term":[{"taxonomy":"category","embeddable":true,"href":"https:\/\/www.emballagedigest.fr\/en\/wp-json\/wp\/v2\/categories?post=40362"},{"taxonomy":"post_tag","embeddable":true,"href":"https:\/\/www.emballagedigest.fr\/en\/wp-json\/wp\/v2\/tags?post=40362"}],"curies":[{"name":"wp","href":"https:\/\/api.w.org\/{rel}","templated":true}]}}