{"id":40560,"date":"2024-04-09T09:46:20","date_gmt":"2024-04-09T07:46:20","guid":{"rendered":"https:\/\/www.emballagedigest.fr\/?p=40560"},"modified":"2024-04-10T01:11:33","modified_gmt":"2024-04-09T23:11:33","slug":"mondi-et-international-paper-au-premier-rang-pour-la-reprise-de-ds-smith","status":"publish","type":"post","link":"https:\/\/www.emballagedigest.fr\/en\/mondi-et-international-paper-au-premier-rang-pour-la-reprise-de-ds-smith\/","title":{"rendered":"Mondi et International Paper au premier rang pour la reprise de DS Smith"},"content":{"rendered":"<p><strong>D\u00e9but mars, Mondi pr\u00e9cisait son offre de rachat par fusion d\u2019actions du cartonnier DS Smith d\u2019une valeur de 5,1 milliards de livres. Depuis les ench\u00e8res vont bon train. Il y a quelques semaines, International Paper s\u2019est plac\u00e9 avec une valorisation plus int\u00e9ressante \u00e0 5,72 milliards de livres. Si ce dernier confirme que les n\u00e9gociations progressent positivement, DS Smith annonce avoir demand\u00e9 une prolongation de l\u2019offre de Mondi.<\/strong><strong><\/strong><\/p>\n\n\n\n<p>Le suspense est \u00e0 son comble. La semaine derni\u00e8re, DS Smith voyait sa demande de prolongation de l\u2019offre de Mondi au 23 avril \u2013 date butoir d\u2019\u00e9mission d\u2019une offre ferme par International Paper \u2013 accept\u00e9e par le Panel britannique sur les offres publiques d&rsquo;achat et les fusions.<\/p>\n\n\n\n<p>En parall\u00e8le, International Paper confirmait que les pourparlers avec DS Smith \u00e9taient en bonne voie. S\u2019il ne s\u2019agit que d\u2019une annonce et non d\u2019une offre ferme comme le rappelle International Paper, le rapprochement devrait donner naissance un autre g\u00e9ant du carton \u2013 apr\u00e8s Smurfit-Westrock en 2023 \u2013 pesant 29 milliards de dollars et capable de g\u00e9n\u00e9rer au moins&nbsp;514 millions de dollars&nbsp;(407 millions de livres sterling) de tr\u00e9sorerie avant imp\u00f4ts (sur une base annuelle d&rsquo;ici la fin de la quatri\u00e8me ann\u00e9e suivant la r\u00e9alisation de la fusion), selon les estimations d\u2019International Paper.<\/p>\n\n\n\n<p>Consid\u00e9r\u00e9e \u00ab&nbsp;comme un catalyseur pour stimuler la croissance de ses activit\u00e9s emballages (\u2026)&nbsp;\u00bb par Andy Silvernail, pdg d\u00e9sign\u00e9 d&rsquo;International Paper pour succ\u00e9der \u00e0 Mark Sutton, la fusion pr\u00e9senterait des synergies multiples&nbsp;: co\u00fbts, op\u00e9rationnel en combinant les usines et les process, optimisation de l\u2019approvisionnement et du fret, partage d\u2019expertise technique, r\u00e9duction des frais g\u00e9n\u00e9raux pour les activit\u00e9s en doublon, etc. Objectif&nbsp;: accro\u00eetre les marges d&rsquo;International Paper dont 84% de son business est d\u00e9di\u00e9 aux emballages pour un revenu de 1,5 Mrds de dollars et avoir un effet imm\u00e9diatement sur le b\u00e9n\u00e9fice par action (BPA). Le retour sur capital investi (ROIC) du regroupement devrait d\u00e9passer le co\u00fbt moyen pond\u00e9r\u00e9 du capital (WACC) d&rsquo;International Paper d&rsquo;ici la fin de la troisi\u00e8me ann\u00e9e suivant la r\u00e9alisation, projette International Paper.<\/p>\n\n\n\n<p>En pratique, International Paper envisage que les sites de fabrication nord-am\u00e9ricains de DS Smith et les sites de fabrication europ\u00e9ens d&rsquo;International Paper poursuivent leurs activit\u00e9s respectives. Bien qu&rsquo;il soit pr\u00e9vu que le groupe combin\u00e9 ait son si\u00e8ge social domicili\u00e9 \u00e0&nbsp;Memphis, Tennessee (Etats-Unis) \u2013 \u00e0 l\u2019actuel si\u00e8ge d&rsquo;International Paper \u2013 le potentiel repreneur propose d&rsquo;\u00e9tablir un si\u00e8ge europ\u00e9en \u00e0&nbsp;Londres (Royaume-Uni), sur le si\u00e8ge social existant de DS Smith. Enfin, toutes les nouvelles actions d&rsquo;International Paper \u00e9mises en faveur des actionnaires de DS Smith seront cot\u00e9es \u00e0 la Bourse de New York, et en second lieu \u00e0 la Bourse de Londres.<\/p>","protected":false},"excerpt":{"rendered":"<p>D\u00e9but mars, Mondi pr\u00e9cisait son offre de rachat par fusion d\u2019actions du cartonnier DS Smith d\u2019une valeur de 5,1 milliards de livres. Depuis les ench\u00e8res vont bon train. Il y a quelques semaines, International Paper s\u2019est plac\u00e9 avec une valorisation plus int\u00e9ressante \u00e0 5,72 milliards de livres. Si ce dernier confirme que les n\u00e9gociations progressent [&hellip;]<\/p>","protected":false},"author":2,"featured_media":40561,"comment_status":"closed","ping_status":"closed","sticky":false,"template":"","format":"standard","meta":{"_acf_changed":false,"inline_featured_image":false,"iawp_total_views":6,"footnotes":""},"categories":[28,10],"tags":[],"class_list":["post-40560","post","type-post","status-publish","format-standard","has-post-thumbnail","hentry","category-article-entier","category-materiaux"],"acf":[],"yoast_head":"<!-- This site is optimized with the Yoast SEO plugin v24.4 - https:\/\/yoast.com\/wordpress\/plugins\/seo\/ -->\n<title>Mondi et International Paper au premier rang pour la reprise de DS Smith - Emballage Digest<\/title>\n<meta name=\"robots\" content=\"index, follow, max-snippet:-1, max-image-preview:large, max-video-preview:-1\" \/>\n<link rel=\"canonical\" href=\"https:\/\/www.emballagedigest.fr\/en\/mondi-et-international-paper-au-premier-rang-pour-la-reprise-de-ds-smith\/\" \/>\n<meta property=\"og:locale\" content=\"en_GB\" \/>\n<meta property=\"og:type\" content=\"article\" \/>\n<meta property=\"og:title\" content=\"Mondi et International Paper au premier rang pour la reprise de DS Smith - Emballage Digest\" \/>\n<meta property=\"og:description\" content=\"D\u00e9but mars, Mondi pr\u00e9cisait son offre de rachat par fusion d\u2019actions du cartonnier DS Smith d\u2019une valeur de 5,1 milliards de livres. Depuis les ench\u00e8res vont bon train. Il y a quelques semaines, International Paper s\u2019est plac\u00e9 avec une valorisation plus int\u00e9ressante \u00e0 5,72 milliards de livres. Si ce dernier confirme que les n\u00e9gociations progressent [&hellip;]\" \/>\n<meta property=\"og:url\" content=\"https:\/\/www.emballagedigest.fr\/en\/mondi-et-international-paper-au-premier-rang-pour-la-reprise-de-ds-smith\/\" \/>\n<meta property=\"og:site_name\" content=\"Emballage Digest\" \/>\n<meta property=\"article:published_time\" content=\"2024-04-09T07:46:20+00:00\" \/>\n<meta property=\"article:modified_time\" content=\"2024-04-09T23:11:33+00:00\" \/>\n<meta property=\"og:image\" content=\"https:\/\/www.emballagedigest.fr\/wp-content\/uploads\/2024\/04\/DS-Smith.jpg\" \/>\n\t<meta property=\"og:image:width\" content=\"800\" \/>\n\t<meta property=\"og:image:height\" content=\"534\" \/>\n\t<meta property=\"og:image:type\" content=\"image\/jpeg\" \/>\n<meta name=\"author\" content=\"Karine Duval\" \/>\n<meta name=\"twitter:card\" content=\"summary_large_image\" \/>\n<meta name=\"twitter:label1\" content=\"Written by\" \/>\n\t<meta name=\"twitter:data1\" content=\"Karine Duval\" \/>\n\t<meta name=\"twitter:label2\" content=\"Estimated reading time\" \/>\n\t<meta name=\"twitter:data2\" content=\"3 minutes\" \/>\n<script type=\"application\/ld+json\" class=\"yoast-schema-graph\">{\"@context\":\"https:\/\/schema.org\",\"@graph\":[{\"@type\":\"Article\",\"@id\":\"https:\/\/www.emballagedigest.fr\/mondi-et-international-paper-au-premier-rang-pour-la-reprise-de-ds-smith\/#article\",\"isPartOf\":{\"@id\":\"https:\/\/www.emballagedigest.fr\/mondi-et-international-paper-au-premier-rang-pour-la-reprise-de-ds-smith\/\"},\"author\":{\"name\":\"Karine Duval\",\"@id\":\"https:\/\/www.emballagedigest.fr\/#\/schema\/person\/76abe9f2b2ee4d3d520594c7a35da59f\"},\"headline\":\"Mondi et International Paper au premier rang pour la reprise de DS Smith\",\"datePublished\":\"2024-04-09T07:46:20+00:00\",\"dateModified\":\"2024-04-09T23:11:33+00:00\",\"mainEntityOfPage\":{\"@id\":\"https:\/\/www.emballagedigest.fr\/mondi-et-international-paper-au-premier-rang-pour-la-reprise-de-ds-smith\/\"},\"wordCount\":506,\"publisher\":{\"@id\":\"https:\/\/www.emballagedigest.fr\/#organization\"},\"image\":{\"@id\":\"https:\/\/www.emballagedigest.fr\/mondi-et-international-paper-au-premier-rang-pour-la-reprise-de-ds-smith\/#primaryimage\"},\"thumbnailUrl\":\"https:\/\/www.emballagedigest.fr\/wp-content\/uploads\/2024\/04\/DS-Smith.jpg\",\"articleSection\":[\"Article entier\",\"Mat\u00e9riaux\"],\"inLanguage\":\"en-GB\"},{\"@type\":\"WebPage\",\"@id\":\"https:\/\/www.emballagedigest.fr\/mondi-et-international-paper-au-premier-rang-pour-la-reprise-de-ds-smith\/\",\"url\":\"https:\/\/www.emballagedigest.fr\/mondi-et-international-paper-au-premier-rang-pour-la-reprise-de-ds-smith\/\",\"name\":\"Mondi et International Paper au premier rang pour la reprise de DS Smith - Emballage Digest\",\"isPartOf\":{\"@id\":\"https:\/\/www.emballagedigest.fr\/#website\"},\"primaryImageOfPage\":{\"@id\":\"https:\/\/www.emballagedigest.fr\/mondi-et-international-paper-au-premier-rang-pour-la-reprise-de-ds-smith\/#primaryimage\"},\"image\":{\"@id\":\"https:\/\/www.emballagedigest.fr\/mondi-et-international-paper-au-premier-rang-pour-la-reprise-de-ds-smith\/#primaryimage\"},\"thumbnailUrl\":\"https:\/\/www.emballagedigest.fr\/wp-content\/uploads\/2024\/04\/DS-Smith.jpg\",\"datePublished\":\"2024-04-09T07:46:20+00:00\",\"dateModified\":\"2024-04-09T23:11:33+00:00\",\"breadcrumb\":{\"@id\":\"https:\/\/www.emballagedigest.fr\/mondi-et-international-paper-au-premier-rang-pour-la-reprise-de-ds-smith\/#breadcrumb\"},\"inLanguage\":\"en-GB\",\"potentialAction\":[{\"@type\":\"ReadAction\",\"target\":[\"https:\/\/www.emballagedigest.fr\/mondi-et-international-paper-au-premier-rang-pour-la-reprise-de-ds-smith\/\"]}]},{\"@type\":\"ImageObject\",\"inLanguage\":\"en-GB\",\"@id\":\"https:\/\/www.emballagedigest.fr\/mondi-et-international-paper-au-premier-rang-pour-la-reprise-de-ds-smith\/#primaryimage\",\"url\":\"https:\/\/www.emballagedigest.fr\/wp-content\/uploads\/2024\/04\/DS-Smith.jpg\",\"contentUrl\":\"https:\/\/www.emballagedigest.fr\/wp-content\/uploads\/2024\/04\/DS-Smith.jpg\",\"width\":800,\"height\":534},{\"@type\":\"BreadcrumbList\",\"@id\":\"https:\/\/www.emballagedigest.fr\/mondi-et-international-paper-au-premier-rang-pour-la-reprise-de-ds-smith\/#breadcrumb\",\"itemListElement\":[{\"@type\":\"ListItem\",\"position\":1,\"name\":\"Accueil\",\"item\":\"https:\/\/www.emballagedigest.fr\/\"},{\"@type\":\"ListItem\",\"position\":2,\"name\":\"Mondi et International Paper au premier rang pour la reprise de DS Smith\"}]},{\"@type\":\"WebSite\",\"@id\":\"https:\/\/www.emballagedigest.fr\/#website\",\"url\":\"https:\/\/www.emballagedigest.fr\/\",\"name\":\"Emballage Digest\",\"description\":\"Revue professionnelle sur les emballages\",\"publisher\":{\"@id\":\"https:\/\/www.emballagedigest.fr\/#organization\"},\"potentialAction\":[{\"@type\":\"SearchAction\",\"target\":{\"@type\":\"EntryPoint\",\"urlTemplate\":\"https:\/\/www.emballagedigest.fr\/?s={search_term_string}\"},\"query-input\":{\"@type\":\"PropertyValueSpecification\",\"valueRequired\":true,\"valueName\":\"search_term_string\"}}],\"inLanguage\":\"en-GB\"},{\"@type\":\"Organization\",\"@id\":\"https:\/\/www.emballagedigest.fr\/#organization\",\"name\":\"Emballage Digest\",\"url\":\"https:\/\/www.emballagedigest.fr\/\",\"logo\":{\"@type\":\"ImageObject\",\"inLanguage\":\"en-GB\",\"@id\":\"https:\/\/www.emballagedigest.fr\/#\/schema\/logo\/image\/\",\"url\":\"https:\/\/www.emballagedigest.fr\/wp-content\/uploads\/2022\/07\/logo-ed.png\",\"contentUrl\":\"https:\/\/www.emballagedigest.fr\/wp-content\/uploads\/2022\/07\/logo-ed.png\",\"width\":379,\"height\":75,\"caption\":\"Emballage Digest\"},\"image\":{\"@id\":\"https:\/\/www.emballagedigest.fr\/#\/schema\/logo\/image\/\"}},{\"@type\":\"Person\",\"@id\":\"https:\/\/www.emballagedigest.fr\/#\/schema\/person\/76abe9f2b2ee4d3d520594c7a35da59f\",\"name\":\"Karine Duval\",\"image\":{\"@type\":\"ImageObject\",\"inLanguage\":\"en-GB\",\"@id\":\"https:\/\/www.emballagedigest.fr\/#\/schema\/person\/image\/\",\"url\":\"https:\/\/secure.gravatar.com\/avatar\/f552799261cdd2e076e6677d780ef07bdb13aa4c196ab75b39abcbcdcae2d4e5?s=96&d=mm&r=g\",\"contentUrl\":\"https:\/\/secure.gravatar.com\/avatar\/f552799261cdd2e076e6677d780ef07bdb13aa4c196ab75b39abcbcdcae2d4e5?s=96&d=mm&r=g\",\"caption\":\"Karine Duval\"},\"url\":\"https:\/\/www.emballagedigest.fr\/en\/author\/admin_karduv\/\"}]}<\/script>\n<!-- \/ Yoast SEO plugin. -->","yoast_head_json":{"title":"Mondi et International Paper au premier rang pour la reprise de DS Smith - Emballage Digest","robots":{"index":"index","follow":"follow","max-snippet":"max-snippet:-1","max-image-preview":"max-image-preview:large","max-video-preview":"max-video-preview:-1"},"canonical":"https:\/\/www.emballagedigest.fr\/en\/mondi-et-international-paper-au-premier-rang-pour-la-reprise-de-ds-smith\/","og_locale":"en_GB","og_type":"article","og_title":"Mondi et International Paper au premier rang pour la reprise de DS Smith - Emballage Digest","og_description":"D\u00e9but mars, Mondi pr\u00e9cisait son offre de rachat par fusion d\u2019actions du cartonnier DS Smith d\u2019une valeur de 5,1 milliards de livres. Depuis les ench\u00e8res vont bon train. Il y a quelques semaines, International Paper s\u2019est plac\u00e9 avec une valorisation plus int\u00e9ressante \u00e0 5,72 milliards de livres. Si ce dernier confirme que les n\u00e9gociations progressent [&hellip;]","og_url":"https:\/\/www.emballagedigest.fr\/en\/mondi-et-international-paper-au-premier-rang-pour-la-reprise-de-ds-smith\/","og_site_name":"Emballage Digest","article_published_time":"2024-04-09T07:46:20+00:00","article_modified_time":"2024-04-09T23:11:33+00:00","og_image":[{"width":800,"height":534,"url":"https:\/\/www.emballagedigest.fr\/wp-content\/uploads\/2024\/04\/DS-Smith.jpg","type":"image\/jpeg"}],"author":"Karine Duval","twitter_card":"summary_large_image","twitter_misc":{"Written by":"Karine Duval","Estimated reading time":"3 minutes"},"schema":{"@context":"https:\/\/schema.org","@graph":[{"@type":"Article","@id":"https:\/\/www.emballagedigest.fr\/mondi-et-international-paper-au-premier-rang-pour-la-reprise-de-ds-smith\/#article","isPartOf":{"@id":"https:\/\/www.emballagedigest.fr\/mondi-et-international-paper-au-premier-rang-pour-la-reprise-de-ds-smith\/"},"author":{"name":"Karine Duval","@id":"https:\/\/www.emballagedigest.fr\/#\/schema\/person\/76abe9f2b2ee4d3d520594c7a35da59f"},"headline":"Mondi et International Paper au premier rang pour la reprise de DS Smith","datePublished":"2024-04-09T07:46:20+00:00","dateModified":"2024-04-09T23:11:33+00:00","mainEntityOfPage":{"@id":"https:\/\/www.emballagedigest.fr\/mondi-et-international-paper-au-premier-rang-pour-la-reprise-de-ds-smith\/"},"wordCount":506,"publisher":{"@id":"https:\/\/www.emballagedigest.fr\/#organization"},"image":{"@id":"https:\/\/www.emballagedigest.fr\/mondi-et-international-paper-au-premier-rang-pour-la-reprise-de-ds-smith\/#primaryimage"},"thumbnailUrl":"https:\/\/www.emballagedigest.fr\/wp-content\/uploads\/2024\/04\/DS-Smith.jpg","articleSection":["Article entier","Mat\u00e9riaux"],"inLanguage":"en-GB"},{"@type":"WebPage","@id":"https:\/\/www.emballagedigest.fr\/mondi-et-international-paper-au-premier-rang-pour-la-reprise-de-ds-smith\/","url":"https:\/\/www.emballagedigest.fr\/mondi-et-international-paper-au-premier-rang-pour-la-reprise-de-ds-smith\/","name":"Mondi et International Paper au premier rang pour la reprise de DS Smith - Emballage Digest","isPartOf":{"@id":"https:\/\/www.emballagedigest.fr\/#website"},"primaryImageOfPage":{"@id":"https:\/\/www.emballagedigest.fr\/mondi-et-international-paper-au-premier-rang-pour-la-reprise-de-ds-smith\/#primaryimage"},"image":{"@id":"https:\/\/www.emballagedigest.fr\/mondi-et-international-paper-au-premier-rang-pour-la-reprise-de-ds-smith\/#primaryimage"},"thumbnailUrl":"https:\/\/www.emballagedigest.fr\/wp-content\/uploads\/2024\/04\/DS-Smith.jpg","datePublished":"2024-04-09T07:46:20+00:00","dateModified":"2024-04-09T23:11:33+00:00","breadcrumb":{"@id":"https:\/\/www.emballagedigest.fr\/mondi-et-international-paper-au-premier-rang-pour-la-reprise-de-ds-smith\/#breadcrumb"},"inLanguage":"en-GB","potentialAction":[{"@type":"ReadAction","target":["https:\/\/www.emballagedigest.fr\/mondi-et-international-paper-au-premier-rang-pour-la-reprise-de-ds-smith\/"]}]},{"@type":"ImageObject","inLanguage":"en-GB","@id":"https:\/\/www.emballagedigest.fr\/mondi-et-international-paper-au-premier-rang-pour-la-reprise-de-ds-smith\/#primaryimage","url":"https:\/\/www.emballagedigest.fr\/wp-content\/uploads\/2024\/04\/DS-Smith.jpg","contentUrl":"https:\/\/www.emballagedigest.fr\/wp-content\/uploads\/2024\/04\/DS-Smith.jpg","width":800,"height":534},{"@type":"BreadcrumbList","@id":"https:\/\/www.emballagedigest.fr\/mondi-et-international-paper-au-premier-rang-pour-la-reprise-de-ds-smith\/#breadcrumb","itemListElement":[{"@type":"ListItem","position":1,"name":"Accueil","item":"https:\/\/www.emballagedigest.fr\/"},{"@type":"ListItem","position":2,"name":"Mondi et International Paper au premier rang pour la reprise de DS Smith"}]},{"@type":"WebSite","@id":"https:\/\/www.emballagedigest.fr\/#website","url":"https:\/\/www.emballagedigest.fr\/","name":"Emballage Digest","description":"Revue professionnelle sur les emballages","publisher":{"@id":"https:\/\/www.emballagedigest.fr\/#organization"},"potentialAction":[{"@type":"SearchAction","target":{"@type":"EntryPoint","urlTemplate":"https:\/\/www.emballagedigest.fr\/?s={search_term_string}"},"query-input":{"@type":"PropertyValueSpecification","valueRequired":true,"valueName":"search_term_string"}}],"inLanguage":"en-GB"},{"@type":"Organization","@id":"https:\/\/www.emballagedigest.fr\/#organization","name":"Emballage Digest","url":"https:\/\/www.emballagedigest.fr\/","logo":{"@type":"ImageObject","inLanguage":"en-GB","@id":"https:\/\/www.emballagedigest.fr\/#\/schema\/logo\/image\/","url":"https:\/\/www.emballagedigest.fr\/wp-content\/uploads\/2022\/07\/logo-ed.png","contentUrl":"https:\/\/www.emballagedigest.fr\/wp-content\/uploads\/2022\/07\/logo-ed.png","width":379,"height":75,"caption":"Emballage Digest"},"image":{"@id":"https:\/\/www.emballagedigest.fr\/#\/schema\/logo\/image\/"}},{"@type":"Person","@id":"https:\/\/www.emballagedigest.fr\/#\/schema\/person\/76abe9f2b2ee4d3d520594c7a35da59f","name":"Karine Duval","image":{"@type":"ImageObject","inLanguage":"en-GB","@id":"https:\/\/www.emballagedigest.fr\/#\/schema\/person\/image\/","url":"https:\/\/secure.gravatar.com\/avatar\/f552799261cdd2e076e6677d780ef07bdb13aa4c196ab75b39abcbcdcae2d4e5?s=96&d=mm&r=g","contentUrl":"https:\/\/secure.gravatar.com\/avatar\/f552799261cdd2e076e6677d780ef07bdb13aa4c196ab75b39abcbcdcae2d4e5?s=96&d=mm&r=g","caption":"Karine Duval"},"url":"https:\/\/www.emballagedigest.fr\/en\/author\/admin_karduv\/"}]}},"_links":{"self":[{"href":"https:\/\/www.emballagedigest.fr\/en\/wp-json\/wp\/v2\/posts\/40560","targetHints":{"allow":["GET"]}}],"collection":[{"href":"https:\/\/www.emballagedigest.fr\/en\/wp-json\/wp\/v2\/posts"}],"about":[{"href":"https:\/\/www.emballagedigest.fr\/en\/wp-json\/wp\/v2\/types\/post"}],"author":[{"embeddable":true,"href":"https:\/\/www.emballagedigest.fr\/en\/wp-json\/wp\/v2\/users\/2"}],"replies":[{"embeddable":true,"href":"https:\/\/www.emballagedigest.fr\/en\/wp-json\/wp\/v2\/comments?post=40560"}],"version-history":[{"count":1,"href":"https:\/\/www.emballagedigest.fr\/en\/wp-json\/wp\/v2\/posts\/40560\/revisions"}],"predecessor-version":[{"id":40562,"href":"https:\/\/www.emballagedigest.fr\/en\/wp-json\/wp\/v2\/posts\/40560\/revisions\/40562"}],"wp:featuredmedia":[{"embeddable":true,"href":"https:\/\/www.emballagedigest.fr\/en\/wp-json\/wp\/v2\/media\/40561"}],"wp:attachment":[{"href":"https:\/\/www.emballagedigest.fr\/en\/wp-json\/wp\/v2\/media?parent=40560"}],"wp:term":[{"taxonomy":"category","embeddable":true,"href":"https:\/\/www.emballagedigest.fr\/en\/wp-json\/wp\/v2\/categories?post=40560"},{"taxonomy":"post_tag","embeddable":true,"href":"https:\/\/www.emballagedigest.fr\/en\/wp-json\/wp\/v2\/tags?post=40560"}],"curies":[{"name":"wp","href":"https:\/\/api.w.org\/{rel}","templated":true}]}}