{"id":40568,"date":"2024-04-10T01:12:53","date_gmt":"2024-04-09T23:12:53","guid":{"rendered":"https:\/\/www.emballagedigest.fr\/?p=40568"},"modified":"2024-04-11T09:07:54","modified_gmt":"2024-04-11T07:07:54","slug":"koenig-bauer-durst-nomme-son-nouveau-directeur-des-ventes","status":"publish","type":"post","link":"https:\/\/www.emballagedigest.fr\/en\/koenig-bauer-durst-nomme-son-nouveau-directeur-des-ventes\/","title":{"rendered":"Koenig &#038; Bauer Durst nomme son nouveau directeur des ventes"},"content":{"rendered":"<p><strong>Benjamin B\u00f6sch prend ses nouvelles fonctions de directeur des ventes chez Koenig &amp; Bauer Durst, un poste fraichement cr\u00e9\u00e9 pour stimuler la croissance du groupe sur les march\u00e9s dynamiques du carton pliant et du carton ondul\u00e9 et les accompagner vers leur transition num\u00e9rique.<\/strong><\/p>\n\n\n\n<p>Benjamin B\u00f6sch travaillera en \u00e9troite collaboration avec les d\u00e9partements des ventes au sein des organisations Durst &amp; Koenig &amp; Bauer. Il aura pour mission la gestion des clients et des \u00e9quipes de vente existantes et de d\u00e9velopper de nouvelles strat\u00e9gies de vente afin de renforcer la pr\u00e9sence de Koenig &amp; Bauer Durst sur les march\u00e9s du carton ondul\u00e9 et du carton pliant.<\/p>\n\n\n\n<p>Form\u00e9 \u00e0 l\u2019Universit\u00e9 des m\u00e9dias de Stuttgart, Benjamin B\u00f6sch a d\u00e9but\u00e9 sa carri\u00e8re professionnelle dans la gestion de projet avant de passer \u00e0 des postes commerciaux il y a 14 ans. Avec plus de 25 ans d\u2019exp\u00e9rience dans le secteur de l\u2019impression et de l\u2019emballage, Benjamin rejoint Koenig &amp; Bauer Durst apr\u00e8s avoir occup\u00e9 le poste de directeur r\u00e9gional pour la r\u00e9gion DACH chez Landa.<\/p>\n\n\n\n<p>\u00ab L\u2019exp\u00e9rience consid\u00e9rable de Benjamin sur les march\u00e9s du carton pliant et du carton ondul\u00e9 apportera un autre niveau d\u2019expertise alors que nous continuons \u00e0 \u00e9tendre nos activit\u00e9s dans le domaine de l\u2019impression num\u00e9rique sur nos principaux march\u00e9s, le carton ondul\u00e9 et le carton pliant, qui sont m\u00fbrs pour la transformation num\u00e9rique. Cette nomination est un d\u00e9veloppement strat\u00e9gique important alors que nous continuons \u00e0 tirer parti des capacit\u00e9s et du savoir-faire de nos soci\u00e9t\u00e9s m\u00e8res pour offrir un portefeuille unique de machines d\u2019impression num\u00e9rique qui utilisent des encres \u00e0 base d\u2019eau, sans danger pour les aliments et conformes \u00e0 toutes les exigences r\u00e9glementaires&nbsp;\u00bb, commente Daniel Velema, directeur g\u00e9n\u00e9ral de Koenig &amp; Bauer Durst.<\/p>\n\n\n\n<p>La gamme Koenig &amp; Bauer Durst comprend les syst\u00e8mes CorruJET et Delta SPC 130 pour les march\u00e9s du carton ondul\u00e9, ainsi que la presse VariJET 106 d\u00e9velopp\u00e9e conjointement pour les march\u00e9s des bo\u00eetes pliantes.<\/p>","protected":false},"excerpt":{"rendered":"<p>Benjamin B\u00f6sch prend ses nouvelles fonctions de directeur des ventes chez Koenig &amp; Bauer Durst, un poste fraichement cr\u00e9\u00e9 pour stimuler la croissance du groupe sur les march\u00e9s dynamiques du carton pliant et du carton ondul\u00e9 et les accompagner vers leur transition num\u00e9rique. Benjamin B\u00f6sch travaillera en \u00e9troite collaboration avec les d\u00e9partements des ventes au [&hellip;]<\/p>","protected":false},"author":2,"featured_media":40569,"comment_status":"closed","ping_status":"closed","sticky":false,"template":"","format":"standard","meta":{"_acf_changed":false,"inline_featured_image":false,"iawp_total_views":0,"footnotes":""},"categories":[28,9,76],"tags":[],"class_list":["post-40568","post","type-post","status-publish","format-standard","has-post-thumbnail","hentry","category-article-entier","category-materiel","category-nomination"],"acf":[],"yoast_head":"<!-- This site is optimized with the Yoast SEO plugin v24.4 - https:\/\/yoast.com\/wordpress\/plugins\/seo\/ -->\n<title>Koenig &amp; Bauer Durst nomme son nouveau directeur des ventes - Emballage Digest<\/title>\n<meta name=\"robots\" content=\"index, follow, max-snippet:-1, max-image-preview:large, max-video-preview:-1\" \/>\n<link rel=\"canonical\" href=\"https:\/\/www.emballagedigest.fr\/en\/koenig-bauer-durst-nomme-son-nouveau-directeur-des-ventes\/\" \/>\n<meta property=\"og:locale\" content=\"en_GB\" \/>\n<meta property=\"og:type\" content=\"article\" \/>\n<meta property=\"og:title\" content=\"Koenig &amp; Bauer Durst nomme son nouveau directeur des ventes - Emballage Digest\" \/>\n<meta property=\"og:description\" content=\"Benjamin B\u00f6sch prend ses nouvelles fonctions de directeur des ventes chez Koenig &amp; Bauer Durst, un poste fraichement cr\u00e9\u00e9 pour stimuler la croissance du groupe sur les march\u00e9s dynamiques du carton pliant et du carton ondul\u00e9 et les accompagner vers leur transition num\u00e9rique. Benjamin B\u00f6sch travaillera en \u00e9troite collaboration avec les d\u00e9partements des ventes au [&hellip;]\" \/>\n<meta property=\"og:url\" content=\"https:\/\/www.emballagedigest.fr\/en\/koenig-bauer-durst-nomme-son-nouveau-directeur-des-ventes\/\" \/>\n<meta property=\"og:site_name\" content=\"Emballage Digest\" \/>\n<meta property=\"article:published_time\" content=\"2024-04-09T23:12:53+00:00\" \/>\n<meta property=\"article:modified_time\" content=\"2024-04-11T07:07:54+00:00\" \/>\n<meta property=\"og:image\" content=\"https:\/\/www.emballagedigest.fr\/wp-content\/uploads\/2024\/04\/Koenig.jpg\" \/>\n\t<meta property=\"og:image:width\" content=\"800\" \/>\n\t<meta property=\"og:image:height\" content=\"545\" \/>\n\t<meta property=\"og:image:type\" content=\"image\/jpeg\" \/>\n<meta name=\"author\" content=\"Karine Duval\" \/>\n<meta name=\"twitter:card\" content=\"summary_large_image\" \/>\n<meta name=\"twitter:label1\" content=\"Written by\" \/>\n\t<meta name=\"twitter:data1\" content=\"Karine Duval\" \/>\n\t<meta name=\"twitter:label2\" content=\"Estimated reading time\" \/>\n\t<meta name=\"twitter:data2\" content=\"2 minutes\" \/>\n<script type=\"application\/ld+json\" class=\"yoast-schema-graph\">{\"@context\":\"https:\/\/schema.org\",\"@graph\":[{\"@type\":\"Article\",\"@id\":\"https:\/\/www.emballagedigest.fr\/koenig-bauer-durst-nomme-son-nouveau-directeur-des-ventes\/#article\",\"isPartOf\":{\"@id\":\"https:\/\/www.emballagedigest.fr\/koenig-bauer-durst-nomme-son-nouveau-directeur-des-ventes\/\"},\"author\":{\"name\":\"Karine Duval\",\"@id\":\"https:\/\/www.emballagedigest.fr\/#\/schema\/person\/76abe9f2b2ee4d3d520594c7a35da59f\"},\"headline\":\"Koenig &#038; Bauer Durst nomme son nouveau directeur des ventes\",\"datePublished\":\"2024-04-09T23:12:53+00:00\",\"dateModified\":\"2024-04-11T07:07:54+00:00\",\"mainEntityOfPage\":{\"@id\":\"https:\/\/www.emballagedigest.fr\/koenig-bauer-durst-nomme-son-nouveau-directeur-des-ventes\/\"},\"wordCount\":366,\"publisher\":{\"@id\":\"https:\/\/www.emballagedigest.fr\/#organization\"},\"image\":{\"@id\":\"https:\/\/www.emballagedigest.fr\/koenig-bauer-durst-nomme-son-nouveau-directeur-des-ventes\/#primaryimage\"},\"thumbnailUrl\":\"https:\/\/www.emballagedigest.fr\/wp-content\/uploads\/2024\/04\/Koenig.jpg\",\"articleSection\":[\"Article entier\",\"Mat\u00e9riel\",\"Nomination\"],\"inLanguage\":\"en-GB\"},{\"@type\":\"WebPage\",\"@id\":\"https:\/\/www.emballagedigest.fr\/koenig-bauer-durst-nomme-son-nouveau-directeur-des-ventes\/\",\"url\":\"https:\/\/www.emballagedigest.fr\/koenig-bauer-durst-nomme-son-nouveau-directeur-des-ventes\/\",\"name\":\"Koenig & Bauer Durst nomme son nouveau directeur des ventes - Emballage Digest\",\"isPartOf\":{\"@id\":\"https:\/\/www.emballagedigest.fr\/#website\"},\"primaryImageOfPage\":{\"@id\":\"https:\/\/www.emballagedigest.fr\/koenig-bauer-durst-nomme-son-nouveau-directeur-des-ventes\/#primaryimage\"},\"image\":{\"@id\":\"https:\/\/www.emballagedigest.fr\/koenig-bauer-durst-nomme-son-nouveau-directeur-des-ventes\/#primaryimage\"},\"thumbnailUrl\":\"https:\/\/www.emballagedigest.fr\/wp-content\/uploads\/2024\/04\/Koenig.jpg\",\"datePublished\":\"2024-04-09T23:12:53+00:00\",\"dateModified\":\"2024-04-11T07:07:54+00:00\",\"breadcrumb\":{\"@id\":\"https:\/\/www.emballagedigest.fr\/koenig-bauer-durst-nomme-son-nouveau-directeur-des-ventes\/#breadcrumb\"},\"inLanguage\":\"en-GB\",\"potentialAction\":[{\"@type\":\"ReadAction\",\"target\":[\"https:\/\/www.emballagedigest.fr\/koenig-bauer-durst-nomme-son-nouveau-directeur-des-ventes\/\"]}]},{\"@type\":\"ImageObject\",\"inLanguage\":\"en-GB\",\"@id\":\"https:\/\/www.emballagedigest.fr\/koenig-bauer-durst-nomme-son-nouveau-directeur-des-ventes\/#primaryimage\",\"url\":\"https:\/\/www.emballagedigest.fr\/wp-content\/uploads\/2024\/04\/Koenig.jpg\",\"contentUrl\":\"https:\/\/www.emballagedigest.fr\/wp-content\/uploads\/2024\/04\/Koenig.jpg\",\"width\":800,\"height\":545},{\"@type\":\"BreadcrumbList\",\"@id\":\"https:\/\/www.emballagedigest.fr\/koenig-bauer-durst-nomme-son-nouveau-directeur-des-ventes\/#breadcrumb\",\"itemListElement\":[{\"@type\":\"ListItem\",\"position\":1,\"name\":\"Accueil\",\"item\":\"https:\/\/www.emballagedigest.fr\/\"},{\"@type\":\"ListItem\",\"position\":2,\"name\":\"Koenig &#038; Bauer Durst nomme son nouveau directeur des ventes\"}]},{\"@type\":\"WebSite\",\"@id\":\"https:\/\/www.emballagedigest.fr\/#website\",\"url\":\"https:\/\/www.emballagedigest.fr\/\",\"name\":\"Emballage Digest\",\"description\":\"Revue professionnelle sur les emballages\",\"publisher\":{\"@id\":\"https:\/\/www.emballagedigest.fr\/#organization\"},\"potentialAction\":[{\"@type\":\"SearchAction\",\"target\":{\"@type\":\"EntryPoint\",\"urlTemplate\":\"https:\/\/www.emballagedigest.fr\/?s={search_term_string}\"},\"query-input\":{\"@type\":\"PropertyValueSpecification\",\"valueRequired\":true,\"valueName\":\"search_term_string\"}}],\"inLanguage\":\"en-GB\"},{\"@type\":\"Organization\",\"@id\":\"https:\/\/www.emballagedigest.fr\/#organization\",\"name\":\"Emballage Digest\",\"url\":\"https:\/\/www.emballagedigest.fr\/\",\"logo\":{\"@type\":\"ImageObject\",\"inLanguage\":\"en-GB\",\"@id\":\"https:\/\/www.emballagedigest.fr\/#\/schema\/logo\/image\/\",\"url\":\"https:\/\/www.emballagedigest.fr\/wp-content\/uploads\/2022\/07\/logo-ed.png\",\"contentUrl\":\"https:\/\/www.emballagedigest.fr\/wp-content\/uploads\/2022\/07\/logo-ed.png\",\"width\":379,\"height\":75,\"caption\":\"Emballage Digest\"},\"image\":{\"@id\":\"https:\/\/www.emballagedigest.fr\/#\/schema\/logo\/image\/\"}},{\"@type\":\"Person\",\"@id\":\"https:\/\/www.emballagedigest.fr\/#\/schema\/person\/76abe9f2b2ee4d3d520594c7a35da59f\",\"name\":\"Karine Duval\",\"image\":{\"@type\":\"ImageObject\",\"inLanguage\":\"en-GB\",\"@id\":\"https:\/\/www.emballagedigest.fr\/#\/schema\/person\/image\/\",\"url\":\"https:\/\/secure.gravatar.com\/avatar\/f552799261cdd2e076e6677d780ef07bdb13aa4c196ab75b39abcbcdcae2d4e5?s=96&d=mm&r=g\",\"contentUrl\":\"https:\/\/secure.gravatar.com\/avatar\/f552799261cdd2e076e6677d780ef07bdb13aa4c196ab75b39abcbcdcae2d4e5?s=96&d=mm&r=g\",\"caption\":\"Karine Duval\"},\"url\":\"https:\/\/www.emballagedigest.fr\/en\/author\/admin_karduv\/\"}]}<\/script>\n<!-- \/ Yoast SEO plugin. -->","yoast_head_json":{"title":"Koenig & Bauer Durst nomme son nouveau directeur des ventes - Emballage Digest","robots":{"index":"index","follow":"follow","max-snippet":"max-snippet:-1","max-image-preview":"max-image-preview:large","max-video-preview":"max-video-preview:-1"},"canonical":"https:\/\/www.emballagedigest.fr\/en\/koenig-bauer-durst-nomme-son-nouveau-directeur-des-ventes\/","og_locale":"en_GB","og_type":"article","og_title":"Koenig & Bauer Durst nomme son nouveau directeur des ventes - Emballage Digest","og_description":"Benjamin B\u00f6sch prend ses nouvelles fonctions de directeur des ventes chez Koenig &amp; Bauer Durst, un poste fraichement cr\u00e9\u00e9 pour stimuler la croissance du groupe sur les march\u00e9s dynamiques du carton pliant et du carton ondul\u00e9 et les accompagner vers leur transition num\u00e9rique. Benjamin B\u00f6sch travaillera en \u00e9troite collaboration avec les d\u00e9partements des ventes au [&hellip;]","og_url":"https:\/\/www.emballagedigest.fr\/en\/koenig-bauer-durst-nomme-son-nouveau-directeur-des-ventes\/","og_site_name":"Emballage Digest","article_published_time":"2024-04-09T23:12:53+00:00","article_modified_time":"2024-04-11T07:07:54+00:00","og_image":[{"width":800,"height":545,"url":"https:\/\/www.emballagedigest.fr\/wp-content\/uploads\/2024\/04\/Koenig.jpg","type":"image\/jpeg"}],"author":"Karine Duval","twitter_card":"summary_large_image","twitter_misc":{"Written by":"Karine Duval","Estimated reading time":"2 minutes"},"schema":{"@context":"https:\/\/schema.org","@graph":[{"@type":"Article","@id":"https:\/\/www.emballagedigest.fr\/koenig-bauer-durst-nomme-son-nouveau-directeur-des-ventes\/#article","isPartOf":{"@id":"https:\/\/www.emballagedigest.fr\/koenig-bauer-durst-nomme-son-nouveau-directeur-des-ventes\/"},"author":{"name":"Karine Duval","@id":"https:\/\/www.emballagedigest.fr\/#\/schema\/person\/76abe9f2b2ee4d3d520594c7a35da59f"},"headline":"Koenig &#038; Bauer Durst nomme son nouveau directeur des ventes","datePublished":"2024-04-09T23:12:53+00:00","dateModified":"2024-04-11T07:07:54+00:00","mainEntityOfPage":{"@id":"https:\/\/www.emballagedigest.fr\/koenig-bauer-durst-nomme-son-nouveau-directeur-des-ventes\/"},"wordCount":366,"publisher":{"@id":"https:\/\/www.emballagedigest.fr\/#organization"},"image":{"@id":"https:\/\/www.emballagedigest.fr\/koenig-bauer-durst-nomme-son-nouveau-directeur-des-ventes\/#primaryimage"},"thumbnailUrl":"https:\/\/www.emballagedigest.fr\/wp-content\/uploads\/2024\/04\/Koenig.jpg","articleSection":["Article entier","Mat\u00e9riel","Nomination"],"inLanguage":"en-GB"},{"@type":"WebPage","@id":"https:\/\/www.emballagedigest.fr\/koenig-bauer-durst-nomme-son-nouveau-directeur-des-ventes\/","url":"https:\/\/www.emballagedigest.fr\/koenig-bauer-durst-nomme-son-nouveau-directeur-des-ventes\/","name":"Koenig & Bauer Durst nomme son nouveau directeur des ventes - Emballage Digest","isPartOf":{"@id":"https:\/\/www.emballagedigest.fr\/#website"},"primaryImageOfPage":{"@id":"https:\/\/www.emballagedigest.fr\/koenig-bauer-durst-nomme-son-nouveau-directeur-des-ventes\/#primaryimage"},"image":{"@id":"https:\/\/www.emballagedigest.fr\/koenig-bauer-durst-nomme-son-nouveau-directeur-des-ventes\/#primaryimage"},"thumbnailUrl":"https:\/\/www.emballagedigest.fr\/wp-content\/uploads\/2024\/04\/Koenig.jpg","datePublished":"2024-04-09T23:12:53+00:00","dateModified":"2024-04-11T07:07:54+00:00","breadcrumb":{"@id":"https:\/\/www.emballagedigest.fr\/koenig-bauer-durst-nomme-son-nouveau-directeur-des-ventes\/#breadcrumb"},"inLanguage":"en-GB","potentialAction":[{"@type":"ReadAction","target":["https:\/\/www.emballagedigest.fr\/koenig-bauer-durst-nomme-son-nouveau-directeur-des-ventes\/"]}]},{"@type":"ImageObject","inLanguage":"en-GB","@id":"https:\/\/www.emballagedigest.fr\/koenig-bauer-durst-nomme-son-nouveau-directeur-des-ventes\/#primaryimage","url":"https:\/\/www.emballagedigest.fr\/wp-content\/uploads\/2024\/04\/Koenig.jpg","contentUrl":"https:\/\/www.emballagedigest.fr\/wp-content\/uploads\/2024\/04\/Koenig.jpg","width":800,"height":545},{"@type":"BreadcrumbList","@id":"https:\/\/www.emballagedigest.fr\/koenig-bauer-durst-nomme-son-nouveau-directeur-des-ventes\/#breadcrumb","itemListElement":[{"@type":"ListItem","position":1,"name":"Accueil","item":"https:\/\/www.emballagedigest.fr\/"},{"@type":"ListItem","position":2,"name":"Koenig &#038; Bauer Durst nomme son nouveau directeur des ventes"}]},{"@type":"WebSite","@id":"https:\/\/www.emballagedigest.fr\/#website","url":"https:\/\/www.emballagedigest.fr\/","name":"Emballage Digest","description":"Revue professionnelle sur les emballages","publisher":{"@id":"https:\/\/www.emballagedigest.fr\/#organization"},"potentialAction":[{"@type":"SearchAction","target":{"@type":"EntryPoint","urlTemplate":"https:\/\/www.emballagedigest.fr\/?s={search_term_string}"},"query-input":{"@type":"PropertyValueSpecification","valueRequired":true,"valueName":"search_term_string"}}],"inLanguage":"en-GB"},{"@type":"Organization","@id":"https:\/\/www.emballagedigest.fr\/#organization","name":"Emballage Digest","url":"https:\/\/www.emballagedigest.fr\/","logo":{"@type":"ImageObject","inLanguage":"en-GB","@id":"https:\/\/www.emballagedigest.fr\/#\/schema\/logo\/image\/","url":"https:\/\/www.emballagedigest.fr\/wp-content\/uploads\/2022\/07\/logo-ed.png","contentUrl":"https:\/\/www.emballagedigest.fr\/wp-content\/uploads\/2022\/07\/logo-ed.png","width":379,"height":75,"caption":"Emballage Digest"},"image":{"@id":"https:\/\/www.emballagedigest.fr\/#\/schema\/logo\/image\/"}},{"@type":"Person","@id":"https:\/\/www.emballagedigest.fr\/#\/schema\/person\/76abe9f2b2ee4d3d520594c7a35da59f","name":"Karine Duval","image":{"@type":"ImageObject","inLanguage":"en-GB","@id":"https:\/\/www.emballagedigest.fr\/#\/schema\/person\/image\/","url":"https:\/\/secure.gravatar.com\/avatar\/f552799261cdd2e076e6677d780ef07bdb13aa4c196ab75b39abcbcdcae2d4e5?s=96&d=mm&r=g","contentUrl":"https:\/\/secure.gravatar.com\/avatar\/f552799261cdd2e076e6677d780ef07bdb13aa4c196ab75b39abcbcdcae2d4e5?s=96&d=mm&r=g","caption":"Karine Duval"},"url":"https:\/\/www.emballagedigest.fr\/en\/author\/admin_karduv\/"}]}},"_links":{"self":[{"href":"https:\/\/www.emballagedigest.fr\/en\/wp-json\/wp\/v2\/posts\/40568","targetHints":{"allow":["GET"]}}],"collection":[{"href":"https:\/\/www.emballagedigest.fr\/en\/wp-json\/wp\/v2\/posts"}],"about":[{"href":"https:\/\/www.emballagedigest.fr\/en\/wp-json\/wp\/v2\/types\/post"}],"author":[{"embeddable":true,"href":"https:\/\/www.emballagedigest.fr\/en\/wp-json\/wp\/v2\/users\/2"}],"replies":[{"embeddable":true,"href":"https:\/\/www.emballagedigest.fr\/en\/wp-json\/wp\/v2\/comments?post=40568"}],"version-history":[{"count":2,"href":"https:\/\/www.emballagedigest.fr\/en\/wp-json\/wp\/v2\/posts\/40568\/revisions"}],"predecessor-version":[{"id":40575,"href":"https:\/\/www.emballagedigest.fr\/en\/wp-json\/wp\/v2\/posts\/40568\/revisions\/40575"}],"wp:featuredmedia":[{"embeddable":true,"href":"https:\/\/www.emballagedigest.fr\/en\/wp-json\/wp\/v2\/media\/40569"}],"wp:attachment":[{"href":"https:\/\/www.emballagedigest.fr\/en\/wp-json\/wp\/v2\/media?parent=40568"}],"wp:term":[{"taxonomy":"category","embeddable":true,"href":"https:\/\/www.emballagedigest.fr\/en\/wp-json\/wp\/v2\/categories?post=40568"},{"taxonomy":"post_tag","embeddable":true,"href":"https:\/\/www.emballagedigest.fr\/en\/wp-json\/wp\/v2\/tags?post=40568"}],"curies":[{"name":"wp","href":"https:\/\/api.w.org\/{rel}","templated":true}]}}