{"id":40626,"date":"2024-04-16T11:16:13","date_gmt":"2024-04-16T09:16:13","guid":{"rendered":"https:\/\/www.emballagedigest.fr\/?p=40626"},"modified":"2024-04-16T11:16:15","modified_gmt":"2024-04-16T09:16:15","slug":"les-voyants-sont-au-vert-pour-sick","status":"publish","type":"post","link":"https:\/\/www.emballagedigest.fr\/en\/les-voyants-sont-au-vert-pour-sick\/","title":{"rendered":"Les voyants sont au vert pour Sick"},"content":{"rendered":"<p><strong>Le fabricant de capteurs Sick bas\u00e9 \u00e0 Waldkirch en Allemagne enregistre une nouvelle croissance de son chiffre d\u2019affaires en 2023 et de son r\u00e9sultat d\u2019exploitation avant charges financi\u00e8res, exceptionnelles et imp\u00f4ts dans une ann\u00e9e fiscale difficile. C\u00f4t\u00e9 technologie, priorit\u00e9 est donn\u00e9e aux solutions de d\u00e9tection \u00e0 base de logiciel avec IA pour la num\u00e9risation industrielle.<\/strong><br>&nbsp;<br>Le chiffre d\u2019affaires a progress\u00e9 de 5,4% pour atteindre 2.307 millions d\u2019euros. En faisant abstraction des effets de change, le chiffre d\u2019affaires a m\u00eame augment\u00e9 de 8,8% par rapport \u00e0 l\u2019ann\u00e9e pr\u00e9c\u00e9dente. Le r\u00e9sultat d\u2019exploitation avant charges financi\u00e8res, exceptionnelles et imp\u00f4ts (EBIT) a lui aussi augment\u00e9 de 15,1% par rapport \u00e0 l\u2019ann\u00e9e pr\u00e9c\u00e9dente pour atteindre 189 millions d\u2019euros.<\/p>\n\n\n\n<p>\u00ab En dehors du chiffre d\u2019affaires et du b\u00e9n\u00e9fice, notre rentabilit\u00e9 a elle aussi augment\u00e9. La marge du r\u00e9sultat d\u2019exploitation avant charges financi\u00e8res, exceptionnelles et imp\u00f4ts a grimp\u00e9 \u00e0 8,2 % par rapport \u00e0 7,5 % en 2022. Cela caract\u00e9rise l\u2019\u00e9quilibre performant entre l\u2019assurance d\u2019un rendement \u00e0 court terme et technologique \u00e0 long terme chez Sick \u00bb, explique Jan-H. Eberhardt, directeur financier de Sick.<\/p>\n\n\n\n<p><br>Dans l\u2019ann\u00e9e fiscale 2023, Sick a enregistr\u00e9 des augmentations du chiffre d\u2019affaires dans ces trois secteurs, l\u2019automatisation industrielle ayant connu la plus forte croissance avec 6,9% pour atteindre 1,185 million d\u2019euros. L\u2019analyse industrielle a progress\u00e9 de 5,8% pour atteindre un chiffre d\u2019affaires de 348 millions d\u2019euros. L\u2019automatisation logistique a fait preuve d\u2019une croissance solide de 2,8% pour atteindre 747 millions d\u2019euros apr\u00e8s les ann\u00e9es record de la pand\u00e9mie de Covid-19 et de fortes augmentations dans le commerce en ligne.<\/p>\n\n\n\n<p>Au cours de l\u2019ann\u00e9e fiscale pass\u00e9e, l\u2019entreprise a investi plus de 11,7% de son chiffre d\u2019affaires en R&amp;D. Durant l\u2019exercice financier, l\u2019entreprise a d\u00e9pos\u00e9 70 brevets rien que pour des solutions logicielles et d\u2019automatisation bas\u00e9es sur l\u2019IA et a perfectionn\u00e9 l\u2019intelligence de ses capteurs. Au total, 12 185 personnes travaillent pour Sick dans le monde.<\/p>","protected":false},"excerpt":{"rendered":"<p>Le fabricant de capteurs Sick bas\u00e9 \u00e0 Waldkirch en Allemagne enregistre une nouvelle croissance de son chiffre d\u2019affaires en 2023 et de son r\u00e9sultat d\u2019exploitation avant charges financi\u00e8res, exceptionnelles et imp\u00f4ts dans une ann\u00e9e fiscale difficile. C\u00f4t\u00e9 technologie, priorit\u00e9 est donn\u00e9e aux solutions de d\u00e9tection \u00e0 base de logiciel avec IA pour la num\u00e9risation industrielle.&nbsp;Le [&hellip;]<\/p>","protected":false},"author":2,"featured_media":40627,"comment_status":"closed","ping_status":"closed","sticky":false,"template":"","format":"standard","meta":{"_acf_changed":false,"inline_featured_image":false,"iawp_total_views":0,"footnotes":""},"categories":[28,9],"tags":[],"class_list":["post-40626","post","type-post","status-publish","format-standard","has-post-thumbnail","hentry","category-article-entier","category-materiel"],"acf":[],"yoast_head":"<!-- This site is optimized with the Yoast SEO plugin v24.4 - https:\/\/yoast.com\/wordpress\/plugins\/seo\/ -->\n<title>Les voyants sont au vert pour Sick - Emballage Digest<\/title>\n<meta name=\"robots\" content=\"index, follow, max-snippet:-1, max-image-preview:large, max-video-preview:-1\" \/>\n<link rel=\"canonical\" href=\"https:\/\/www.emballagedigest.fr\/en\/les-voyants-sont-au-vert-pour-sick\/\" \/>\n<meta property=\"og:locale\" content=\"en_GB\" \/>\n<meta property=\"og:type\" content=\"article\" \/>\n<meta property=\"og:title\" content=\"Les voyants sont au vert pour Sick - Emballage Digest\" \/>\n<meta property=\"og:description\" content=\"Le fabricant de capteurs Sick bas\u00e9 \u00e0 Waldkirch en Allemagne enregistre une nouvelle croissance de son chiffre d\u2019affaires en 2023 et de son r\u00e9sultat d\u2019exploitation avant charges financi\u00e8res, exceptionnelles et imp\u00f4ts dans une ann\u00e9e fiscale difficile. C\u00f4t\u00e9 technologie, priorit\u00e9 est donn\u00e9e aux solutions de d\u00e9tection \u00e0 base de logiciel avec IA pour la num\u00e9risation industrielle.&nbsp;Le [&hellip;]\" \/>\n<meta property=\"og:url\" content=\"https:\/\/www.emballagedigest.fr\/en\/les-voyants-sont-au-vert-pour-sick\/\" \/>\n<meta property=\"og:site_name\" content=\"Emballage Digest\" \/>\n<meta property=\"article:published_time\" content=\"2024-04-16T09:16:13+00:00\" \/>\n<meta property=\"article:modified_time\" content=\"2024-04-16T09:16:15+00:00\" \/>\n<meta property=\"og:image\" content=\"https:\/\/www.emballagedigest.fr\/wp-content\/uploads\/2024\/04\/SICK.jpg\" \/>\n\t<meta property=\"og:image:width\" content=\"800\" \/>\n\t<meta property=\"og:image:height\" content=\"528\" \/>\n\t<meta property=\"og:image:type\" content=\"image\/jpeg\" \/>\n<meta name=\"author\" content=\"Karine Duval\" \/>\n<meta name=\"twitter:card\" content=\"summary_large_image\" \/>\n<meta name=\"twitter:label1\" content=\"Written by\" \/>\n\t<meta name=\"twitter:data1\" content=\"Karine Duval\" \/>\n\t<meta name=\"twitter:label2\" content=\"Estimated reading time\" \/>\n\t<meta name=\"twitter:data2\" content=\"2 minutes\" \/>\n<script type=\"application\/ld+json\" class=\"yoast-schema-graph\">{\"@context\":\"https:\/\/schema.org\",\"@graph\":[{\"@type\":\"Article\",\"@id\":\"https:\/\/www.emballagedigest.fr\/les-voyants-sont-au-vert-pour-sick\/#article\",\"isPartOf\":{\"@id\":\"https:\/\/www.emballagedigest.fr\/les-voyants-sont-au-vert-pour-sick\/\"},\"author\":{\"name\":\"Karine Duval\",\"@id\":\"https:\/\/www.emballagedigest.fr\/#\/schema\/person\/76abe9f2b2ee4d3d520594c7a35da59f\"},\"headline\":\"Les voyants sont au vert pour Sick\",\"datePublished\":\"2024-04-16T09:16:13+00:00\",\"dateModified\":\"2024-04-16T09:16:15+00:00\",\"mainEntityOfPage\":{\"@id\":\"https:\/\/www.emballagedigest.fr\/les-voyants-sont-au-vert-pour-sick\/\"},\"wordCount\":353,\"publisher\":{\"@id\":\"https:\/\/www.emballagedigest.fr\/#organization\"},\"image\":{\"@id\":\"https:\/\/www.emballagedigest.fr\/les-voyants-sont-au-vert-pour-sick\/#primaryimage\"},\"thumbnailUrl\":\"https:\/\/www.emballagedigest.fr\/wp-content\/uploads\/2024\/04\/SICK.jpg\",\"articleSection\":[\"Article entier\",\"Mat\u00e9riel\"],\"inLanguage\":\"en-GB\"},{\"@type\":\"WebPage\",\"@id\":\"https:\/\/www.emballagedigest.fr\/les-voyants-sont-au-vert-pour-sick\/\",\"url\":\"https:\/\/www.emballagedigest.fr\/les-voyants-sont-au-vert-pour-sick\/\",\"name\":\"Les voyants sont au vert pour Sick - Emballage Digest\",\"isPartOf\":{\"@id\":\"https:\/\/www.emballagedigest.fr\/#website\"},\"primaryImageOfPage\":{\"@id\":\"https:\/\/www.emballagedigest.fr\/les-voyants-sont-au-vert-pour-sick\/#primaryimage\"},\"image\":{\"@id\":\"https:\/\/www.emballagedigest.fr\/les-voyants-sont-au-vert-pour-sick\/#primaryimage\"},\"thumbnailUrl\":\"https:\/\/www.emballagedigest.fr\/wp-content\/uploads\/2024\/04\/SICK.jpg\",\"datePublished\":\"2024-04-16T09:16:13+00:00\",\"dateModified\":\"2024-04-16T09:16:15+00:00\",\"breadcrumb\":{\"@id\":\"https:\/\/www.emballagedigest.fr\/les-voyants-sont-au-vert-pour-sick\/#breadcrumb\"},\"inLanguage\":\"en-GB\",\"potentialAction\":[{\"@type\":\"ReadAction\",\"target\":[\"https:\/\/www.emballagedigest.fr\/les-voyants-sont-au-vert-pour-sick\/\"]}]},{\"@type\":\"ImageObject\",\"inLanguage\":\"en-GB\",\"@id\":\"https:\/\/www.emballagedigest.fr\/les-voyants-sont-au-vert-pour-sick\/#primaryimage\",\"url\":\"https:\/\/www.emballagedigest.fr\/wp-content\/uploads\/2024\/04\/SICK.jpg\",\"contentUrl\":\"https:\/\/www.emballagedigest.fr\/wp-content\/uploads\/2024\/04\/SICK.jpg\",\"width\":800,\"height\":528},{\"@type\":\"BreadcrumbList\",\"@id\":\"https:\/\/www.emballagedigest.fr\/les-voyants-sont-au-vert-pour-sick\/#breadcrumb\",\"itemListElement\":[{\"@type\":\"ListItem\",\"position\":1,\"name\":\"Accueil\",\"item\":\"https:\/\/www.emballagedigest.fr\/\"},{\"@type\":\"ListItem\",\"position\":2,\"name\":\"Les voyants sont au vert pour Sick\"}]},{\"@type\":\"WebSite\",\"@id\":\"https:\/\/www.emballagedigest.fr\/#website\",\"url\":\"https:\/\/www.emballagedigest.fr\/\",\"name\":\"Emballage Digest\",\"description\":\"Revue professionnelle sur les emballages\",\"publisher\":{\"@id\":\"https:\/\/www.emballagedigest.fr\/#organization\"},\"potentialAction\":[{\"@type\":\"SearchAction\",\"target\":{\"@type\":\"EntryPoint\",\"urlTemplate\":\"https:\/\/www.emballagedigest.fr\/?s={search_term_string}\"},\"query-input\":{\"@type\":\"PropertyValueSpecification\",\"valueRequired\":true,\"valueName\":\"search_term_string\"}}],\"inLanguage\":\"en-GB\"},{\"@type\":\"Organization\",\"@id\":\"https:\/\/www.emballagedigest.fr\/#organization\",\"name\":\"Emballage Digest\",\"url\":\"https:\/\/www.emballagedigest.fr\/\",\"logo\":{\"@type\":\"ImageObject\",\"inLanguage\":\"en-GB\",\"@id\":\"https:\/\/www.emballagedigest.fr\/#\/schema\/logo\/image\/\",\"url\":\"https:\/\/www.emballagedigest.fr\/wp-content\/uploads\/2022\/07\/logo-ed.png\",\"contentUrl\":\"https:\/\/www.emballagedigest.fr\/wp-content\/uploads\/2022\/07\/logo-ed.png\",\"width\":379,\"height\":75,\"caption\":\"Emballage Digest\"},\"image\":{\"@id\":\"https:\/\/www.emballagedigest.fr\/#\/schema\/logo\/image\/\"}},{\"@type\":\"Person\",\"@id\":\"https:\/\/www.emballagedigest.fr\/#\/schema\/person\/76abe9f2b2ee4d3d520594c7a35da59f\",\"name\":\"Karine Duval\",\"image\":{\"@type\":\"ImageObject\",\"inLanguage\":\"en-GB\",\"@id\":\"https:\/\/www.emballagedigest.fr\/#\/schema\/person\/image\/\",\"url\":\"https:\/\/secure.gravatar.com\/avatar\/f552799261cdd2e076e6677d780ef07bdb13aa4c196ab75b39abcbcdcae2d4e5?s=96&d=mm&r=g\",\"contentUrl\":\"https:\/\/secure.gravatar.com\/avatar\/f552799261cdd2e076e6677d780ef07bdb13aa4c196ab75b39abcbcdcae2d4e5?s=96&d=mm&r=g\",\"caption\":\"Karine Duval\"},\"url\":\"https:\/\/www.emballagedigest.fr\/en\/author\/admin_karduv\/\"}]}<\/script>\n<!-- \/ Yoast SEO plugin. -->","yoast_head_json":{"title":"Les voyants sont au vert pour Sick - Emballage Digest","robots":{"index":"index","follow":"follow","max-snippet":"max-snippet:-1","max-image-preview":"max-image-preview:large","max-video-preview":"max-video-preview:-1"},"canonical":"https:\/\/www.emballagedigest.fr\/en\/les-voyants-sont-au-vert-pour-sick\/","og_locale":"en_GB","og_type":"article","og_title":"Les voyants sont au vert pour Sick - Emballage Digest","og_description":"Le fabricant de capteurs Sick bas\u00e9 \u00e0 Waldkirch en Allemagne enregistre une nouvelle croissance de son chiffre d\u2019affaires en 2023 et de son r\u00e9sultat d\u2019exploitation avant charges financi\u00e8res, exceptionnelles et imp\u00f4ts dans une ann\u00e9e fiscale difficile. C\u00f4t\u00e9 technologie, priorit\u00e9 est donn\u00e9e aux solutions de d\u00e9tection \u00e0 base de logiciel avec IA pour la num\u00e9risation industrielle.&nbsp;Le [&hellip;]","og_url":"https:\/\/www.emballagedigest.fr\/en\/les-voyants-sont-au-vert-pour-sick\/","og_site_name":"Emballage Digest","article_published_time":"2024-04-16T09:16:13+00:00","article_modified_time":"2024-04-16T09:16:15+00:00","og_image":[{"width":800,"height":528,"url":"https:\/\/www.emballagedigest.fr\/wp-content\/uploads\/2024\/04\/SICK.jpg","type":"image\/jpeg"}],"author":"Karine Duval","twitter_card":"summary_large_image","twitter_misc":{"Written by":"Karine Duval","Estimated reading time":"2 minutes"},"schema":{"@context":"https:\/\/schema.org","@graph":[{"@type":"Article","@id":"https:\/\/www.emballagedigest.fr\/les-voyants-sont-au-vert-pour-sick\/#article","isPartOf":{"@id":"https:\/\/www.emballagedigest.fr\/les-voyants-sont-au-vert-pour-sick\/"},"author":{"name":"Karine Duval","@id":"https:\/\/www.emballagedigest.fr\/#\/schema\/person\/76abe9f2b2ee4d3d520594c7a35da59f"},"headline":"Les voyants sont au vert pour Sick","datePublished":"2024-04-16T09:16:13+00:00","dateModified":"2024-04-16T09:16:15+00:00","mainEntityOfPage":{"@id":"https:\/\/www.emballagedigest.fr\/les-voyants-sont-au-vert-pour-sick\/"},"wordCount":353,"publisher":{"@id":"https:\/\/www.emballagedigest.fr\/#organization"},"image":{"@id":"https:\/\/www.emballagedigest.fr\/les-voyants-sont-au-vert-pour-sick\/#primaryimage"},"thumbnailUrl":"https:\/\/www.emballagedigest.fr\/wp-content\/uploads\/2024\/04\/SICK.jpg","articleSection":["Article entier","Mat\u00e9riel"],"inLanguage":"en-GB"},{"@type":"WebPage","@id":"https:\/\/www.emballagedigest.fr\/les-voyants-sont-au-vert-pour-sick\/","url":"https:\/\/www.emballagedigest.fr\/les-voyants-sont-au-vert-pour-sick\/","name":"Les voyants sont au vert pour Sick - Emballage Digest","isPartOf":{"@id":"https:\/\/www.emballagedigest.fr\/#website"},"primaryImageOfPage":{"@id":"https:\/\/www.emballagedigest.fr\/les-voyants-sont-au-vert-pour-sick\/#primaryimage"},"image":{"@id":"https:\/\/www.emballagedigest.fr\/les-voyants-sont-au-vert-pour-sick\/#primaryimage"},"thumbnailUrl":"https:\/\/www.emballagedigest.fr\/wp-content\/uploads\/2024\/04\/SICK.jpg","datePublished":"2024-04-16T09:16:13+00:00","dateModified":"2024-04-16T09:16:15+00:00","breadcrumb":{"@id":"https:\/\/www.emballagedigest.fr\/les-voyants-sont-au-vert-pour-sick\/#breadcrumb"},"inLanguage":"en-GB","potentialAction":[{"@type":"ReadAction","target":["https:\/\/www.emballagedigest.fr\/les-voyants-sont-au-vert-pour-sick\/"]}]},{"@type":"ImageObject","inLanguage":"en-GB","@id":"https:\/\/www.emballagedigest.fr\/les-voyants-sont-au-vert-pour-sick\/#primaryimage","url":"https:\/\/www.emballagedigest.fr\/wp-content\/uploads\/2024\/04\/SICK.jpg","contentUrl":"https:\/\/www.emballagedigest.fr\/wp-content\/uploads\/2024\/04\/SICK.jpg","width":800,"height":528},{"@type":"BreadcrumbList","@id":"https:\/\/www.emballagedigest.fr\/les-voyants-sont-au-vert-pour-sick\/#breadcrumb","itemListElement":[{"@type":"ListItem","position":1,"name":"Accueil","item":"https:\/\/www.emballagedigest.fr\/"},{"@type":"ListItem","position":2,"name":"Les voyants sont au vert pour Sick"}]},{"@type":"WebSite","@id":"https:\/\/www.emballagedigest.fr\/#website","url":"https:\/\/www.emballagedigest.fr\/","name":"Emballage Digest","description":"Revue professionnelle sur les emballages","publisher":{"@id":"https:\/\/www.emballagedigest.fr\/#organization"},"potentialAction":[{"@type":"SearchAction","target":{"@type":"EntryPoint","urlTemplate":"https:\/\/www.emballagedigest.fr\/?s={search_term_string}"},"query-input":{"@type":"PropertyValueSpecification","valueRequired":true,"valueName":"search_term_string"}}],"inLanguage":"en-GB"},{"@type":"Organization","@id":"https:\/\/www.emballagedigest.fr\/#organization","name":"Emballage Digest","url":"https:\/\/www.emballagedigest.fr\/","logo":{"@type":"ImageObject","inLanguage":"en-GB","@id":"https:\/\/www.emballagedigest.fr\/#\/schema\/logo\/image\/","url":"https:\/\/www.emballagedigest.fr\/wp-content\/uploads\/2022\/07\/logo-ed.png","contentUrl":"https:\/\/www.emballagedigest.fr\/wp-content\/uploads\/2022\/07\/logo-ed.png","width":379,"height":75,"caption":"Emballage Digest"},"image":{"@id":"https:\/\/www.emballagedigest.fr\/#\/schema\/logo\/image\/"}},{"@type":"Person","@id":"https:\/\/www.emballagedigest.fr\/#\/schema\/person\/76abe9f2b2ee4d3d520594c7a35da59f","name":"Karine Duval","image":{"@type":"ImageObject","inLanguage":"en-GB","@id":"https:\/\/www.emballagedigest.fr\/#\/schema\/person\/image\/","url":"https:\/\/secure.gravatar.com\/avatar\/f552799261cdd2e076e6677d780ef07bdb13aa4c196ab75b39abcbcdcae2d4e5?s=96&d=mm&r=g","contentUrl":"https:\/\/secure.gravatar.com\/avatar\/f552799261cdd2e076e6677d780ef07bdb13aa4c196ab75b39abcbcdcae2d4e5?s=96&d=mm&r=g","caption":"Karine Duval"},"url":"https:\/\/www.emballagedigest.fr\/en\/author\/admin_karduv\/"}]}},"_links":{"self":[{"href":"https:\/\/www.emballagedigest.fr\/en\/wp-json\/wp\/v2\/posts\/40626","targetHints":{"allow":["GET"]}}],"collection":[{"href":"https:\/\/www.emballagedigest.fr\/en\/wp-json\/wp\/v2\/posts"}],"about":[{"href":"https:\/\/www.emballagedigest.fr\/en\/wp-json\/wp\/v2\/types\/post"}],"author":[{"embeddable":true,"href":"https:\/\/www.emballagedigest.fr\/en\/wp-json\/wp\/v2\/users\/2"}],"replies":[{"embeddable":true,"href":"https:\/\/www.emballagedigest.fr\/en\/wp-json\/wp\/v2\/comments?post=40626"}],"version-history":[{"count":2,"href":"https:\/\/www.emballagedigest.fr\/en\/wp-json\/wp\/v2\/posts\/40626\/revisions"}],"predecessor-version":[{"id":40629,"href":"https:\/\/www.emballagedigest.fr\/en\/wp-json\/wp\/v2\/posts\/40626\/revisions\/40629"}],"wp:featuredmedia":[{"embeddable":true,"href":"https:\/\/www.emballagedigest.fr\/en\/wp-json\/wp\/v2\/media\/40627"}],"wp:attachment":[{"href":"https:\/\/www.emballagedigest.fr\/en\/wp-json\/wp\/v2\/media?parent=40626"}],"wp:term":[{"taxonomy":"category","embeddable":true,"href":"https:\/\/www.emballagedigest.fr\/en\/wp-json\/wp\/v2\/categories?post=40626"},{"taxonomy":"post_tag","embeddable":true,"href":"https:\/\/www.emballagedigest.fr\/en\/wp-json\/wp\/v2\/tags?post=40626"}],"curies":[{"name":"wp","href":"https:\/\/api.w.org\/{rel}","templated":true}]}}