{"id":40764,"date":"2024-04-30T09:26:00","date_gmt":"2024-04-30T07:26:00","guid":{"rendered":"https:\/\/www.emballagedigest.fr\/?p=40764"},"modified":"2024-05-03T09:28:57","modified_gmt":"2024-05-03T07:28:57","slug":"nouvelle-banderoleuse-pour-produits-de-boulangerie","status":"publish","type":"post","link":"https:\/\/www.emballagedigest.fr\/en\/nouvelle-banderoleuse-pour-produits-de-boulangerie\/","title":{"rendered":"Nouvelle banderoleuse pour produits de boulangerie"},"content":{"rendered":"<p><strong>Sur le dernier salon Pack Expo East de Philadelphie (Etats-Unis), BW Flexible Systems a pr\u00e9sent\u00e9 la Hayssen R300, nouvelle r\u00e9f\u00e9rence \u00e0 sa gamme d\u2019emballeuses, d\u00e9di\u00e9e aux produits de boulangerie (biscuits individuels, p\u00e2tisseries, viennoiseries et confiserie).<\/strong> <\/p>\n\n\n\n<p>R\u00e9put\u00e9e pour sa qualit\u00e9 et sa robustesse, la banderoleuse \u00e0 alimentation manuelle Hayssen offre une exp\u00e9rience simple et conviviale aux op\u00e9rateurs, tout en offrant des changements faciles et des r\u00e9glages automatis\u00e9s pour maximiser le temps de fonctionnement. \u00abLa Hayssen R300 a \u00e9t\u00e9 con\u00e7ue en pensant aux nouveaux propri\u00e9taires et op\u00e9rateurs de machines\u00bb, explique Brantley Turner, responsable de la ligne de produits de BW Flexible Systems. \u00abElle offre une exp\u00e9rience plus conviviale que les autres emballeuses \u00e0 alimentation manuelle gr\u00e2ce \u00e0 des caract\u00e9ristiques qui rendent cette machine facile \u00e0 prendre en main, \u00e0 r\u00e9gler et \u00e0 utiliser par n\u2019importe quel op\u00e9rateur\u00bb. Sa nouvelle conception vise \u00e0 accro\u00eetre la facilit\u00e9 d\u2019utilisation, \u00e0 minimiser les risques d\u2019erreur de r\u00e9glage et \u00e0 am\u00e9liorer l\u2019ergonomie pour les op\u00e9rateurs. En plus de son IHM conviviale, la Hayssen R300 a une hauteur de rouleau tr\u00e8s basse, ce qui augmente la productivit\u00e9. Contrairement \u00e0 la plupart des autres banderoleuses, la Hayssen R300 est dot\u00e9e de protections transparentes et d\u2019une conception ouverte afin d\u2019offrir une meilleure visibilit\u00e9 sur l\u2019unit\u00e9 de soudure longue pour un d\u00e9pannage s\u00fbr et rapide. C\u00f4t\u00e9 maintenance, la pr\u00e9sence d\u2019un panneau de commande suppl\u00e9mentaire au point d\u2019utilisation de l\u2019op\u00e9rateur et de grands voyants LED indique l\u2019\u00e9tat de la machine \u00e0 distance. Outre sa facilit\u00e9 d\u2019utilisation, la machine pr\u00e9sente \u00e9galement des caract\u00e9ristiques de conception hygi\u00e9nique qui la rendent facile \u00e0 nettoyer.<\/p>","protected":false},"excerpt":{"rendered":"<p>Sur le dernier salon Pack Expo East de Philadelphie (Etats-Unis), BW Flexible Systems a pr\u00e9sent\u00e9 la Hayssen R300, nouvelle r\u00e9f\u00e9rence \u00e0 sa gamme d\u2019emballeuses, d\u00e9di\u00e9e aux produits de boulangerie (biscuits individuels, p\u00e2tisseries, viennoiseries et confiserie). R\u00e9put\u00e9e pour sa qualit\u00e9 et sa robustesse, la banderoleuse \u00e0 alimentation manuelle Hayssen offre une exp\u00e9rience simple et conviviale aux [&hellip;]<\/p>","protected":false},"author":2,"featured_media":40765,"comment_status":"closed","ping_status":"closed","sticky":false,"template":"","format":"standard","meta":{"_acf_changed":false,"inline_featured_image":false,"iawp_total_views":0,"footnotes":""},"categories":[5,28,26,35,65],"tags":[],"class_list":["post-40764","post","type-post","status-publish","format-standard","has-post-thumbnail","hentry","category-alimentaire","category-article-entier","category-laterale","category-machines-fr","category-vu-dans-le-mag"],"acf":[],"yoast_head":"<!-- This site is optimized with the Yoast SEO plugin v24.4 - https:\/\/yoast.com\/wordpress\/plugins\/seo\/ -->\n<title>Nouvelle banderoleuse pour produits de boulangerie - Emballage Digest<\/title>\n<meta name=\"robots\" content=\"index, follow, max-snippet:-1, max-image-preview:large, max-video-preview:-1\" \/>\n<link rel=\"canonical\" href=\"https:\/\/www.emballagedigest.fr\/en\/nouvelle-banderoleuse-pour-produits-de-boulangerie\/\" \/>\n<meta property=\"og:locale\" content=\"en_GB\" \/>\n<meta property=\"og:type\" content=\"article\" \/>\n<meta property=\"og:title\" content=\"Nouvelle banderoleuse pour produits de boulangerie - Emballage Digest\" \/>\n<meta property=\"og:description\" content=\"Sur le dernier salon Pack Expo East de Philadelphie (Etats-Unis), BW Flexible Systems a pr\u00e9sent\u00e9 la Hayssen R300, nouvelle r\u00e9f\u00e9rence \u00e0 sa gamme d\u2019emballeuses, d\u00e9di\u00e9e aux produits de boulangerie (biscuits individuels, p\u00e2tisseries, viennoiseries et confiserie). R\u00e9put\u00e9e pour sa qualit\u00e9 et sa robustesse, la banderoleuse \u00e0 alimentation manuelle Hayssen offre une exp\u00e9rience simple et conviviale aux [&hellip;]\" \/>\n<meta property=\"og:url\" content=\"https:\/\/www.emballagedigest.fr\/en\/nouvelle-banderoleuse-pour-produits-de-boulangerie\/\" \/>\n<meta property=\"og:site_name\" content=\"Emballage Digest\" \/>\n<meta property=\"article:published_time\" content=\"2024-04-30T07:26:00+00:00\" \/>\n<meta property=\"article:modified_time\" content=\"2024-05-03T07:28:57+00:00\" \/>\n<meta property=\"og:image\" content=\"https:\/\/www.emballagedigest.fr\/wp-content\/uploads\/2024\/05\/BW-V.jpg\" \/>\n\t<meta property=\"og:image:width\" content=\"800\" \/>\n\t<meta property=\"og:image:height\" content=\"600\" \/>\n\t<meta property=\"og:image:type\" content=\"image\/jpeg\" \/>\n<meta name=\"author\" content=\"Karine Duval\" \/>\n<meta name=\"twitter:card\" content=\"summary_large_image\" \/>\n<meta name=\"twitter:label1\" content=\"Written by\" \/>\n\t<meta name=\"twitter:data1\" content=\"Karine Duval\" \/>\n\t<meta name=\"twitter:label2\" content=\"Estimated reading time\" \/>\n\t<meta name=\"twitter:data2\" content=\"2 minutes\" \/>\n<script type=\"application\/ld+json\" class=\"yoast-schema-graph\">{\"@context\":\"https:\/\/schema.org\",\"@graph\":[{\"@type\":\"Article\",\"@id\":\"https:\/\/www.emballagedigest.fr\/nouvelle-banderoleuse-pour-produits-de-boulangerie\/#article\",\"isPartOf\":{\"@id\":\"https:\/\/www.emballagedigest.fr\/nouvelle-banderoleuse-pour-produits-de-boulangerie\/\"},\"author\":{\"name\":\"Karine Duval\",\"@id\":\"https:\/\/www.emballagedigest.fr\/#\/schema\/person\/76abe9f2b2ee4d3d520594c7a35da59f\"},\"headline\":\"Nouvelle banderoleuse pour produits de boulangerie\",\"datePublished\":\"2024-04-30T07:26:00+00:00\",\"dateModified\":\"2024-05-03T07:28:57+00:00\",\"mainEntityOfPage\":{\"@id\":\"https:\/\/www.emballagedigest.fr\/nouvelle-banderoleuse-pour-produits-de-boulangerie\/\"},\"wordCount\":300,\"publisher\":{\"@id\":\"https:\/\/www.emballagedigest.fr\/#organization\"},\"image\":{\"@id\":\"https:\/\/www.emballagedigest.fr\/nouvelle-banderoleuse-pour-produits-de-boulangerie\/#primaryimage\"},\"thumbnailUrl\":\"https:\/\/www.emballagedigest.fr\/wp-content\/uploads\/2024\/05\/BW-V.jpg\",\"articleSection\":[\"Alimentaire\",\"Article entier\",\"Barre lat\u00e9rale\",\"Machines\",\"Vu dans le mag\"],\"inLanguage\":\"en-GB\"},{\"@type\":\"WebPage\",\"@id\":\"https:\/\/www.emballagedigest.fr\/nouvelle-banderoleuse-pour-produits-de-boulangerie\/\",\"url\":\"https:\/\/www.emballagedigest.fr\/nouvelle-banderoleuse-pour-produits-de-boulangerie\/\",\"name\":\"Nouvelle banderoleuse pour produits de boulangerie - Emballage Digest\",\"isPartOf\":{\"@id\":\"https:\/\/www.emballagedigest.fr\/#website\"},\"primaryImageOfPage\":{\"@id\":\"https:\/\/www.emballagedigest.fr\/nouvelle-banderoleuse-pour-produits-de-boulangerie\/#primaryimage\"},\"image\":{\"@id\":\"https:\/\/www.emballagedigest.fr\/nouvelle-banderoleuse-pour-produits-de-boulangerie\/#primaryimage\"},\"thumbnailUrl\":\"https:\/\/www.emballagedigest.fr\/wp-content\/uploads\/2024\/05\/BW-V.jpg\",\"datePublished\":\"2024-04-30T07:26:00+00:00\",\"dateModified\":\"2024-05-03T07:28:57+00:00\",\"breadcrumb\":{\"@id\":\"https:\/\/www.emballagedigest.fr\/nouvelle-banderoleuse-pour-produits-de-boulangerie\/#breadcrumb\"},\"inLanguage\":\"en-GB\",\"potentialAction\":[{\"@type\":\"ReadAction\",\"target\":[\"https:\/\/www.emballagedigest.fr\/nouvelle-banderoleuse-pour-produits-de-boulangerie\/\"]}]},{\"@type\":\"ImageObject\",\"inLanguage\":\"en-GB\",\"@id\":\"https:\/\/www.emballagedigest.fr\/nouvelle-banderoleuse-pour-produits-de-boulangerie\/#primaryimage\",\"url\":\"https:\/\/www.emballagedigest.fr\/wp-content\/uploads\/2024\/05\/BW-V.jpg\",\"contentUrl\":\"https:\/\/www.emballagedigest.fr\/wp-content\/uploads\/2024\/05\/BW-V.jpg\",\"width\":800,\"height\":600},{\"@type\":\"BreadcrumbList\",\"@id\":\"https:\/\/www.emballagedigest.fr\/nouvelle-banderoleuse-pour-produits-de-boulangerie\/#breadcrumb\",\"itemListElement\":[{\"@type\":\"ListItem\",\"position\":1,\"name\":\"Accueil\",\"item\":\"https:\/\/www.emballagedigest.fr\/\"},{\"@type\":\"ListItem\",\"position\":2,\"name\":\"Nouvelle banderoleuse pour produits de boulangerie\"}]},{\"@type\":\"WebSite\",\"@id\":\"https:\/\/www.emballagedigest.fr\/#website\",\"url\":\"https:\/\/www.emballagedigest.fr\/\",\"name\":\"Emballage Digest\",\"description\":\"Revue professionnelle sur les emballages\",\"publisher\":{\"@id\":\"https:\/\/www.emballagedigest.fr\/#organization\"},\"potentialAction\":[{\"@type\":\"SearchAction\",\"target\":{\"@type\":\"EntryPoint\",\"urlTemplate\":\"https:\/\/www.emballagedigest.fr\/?s={search_term_string}\"},\"query-input\":{\"@type\":\"PropertyValueSpecification\",\"valueRequired\":true,\"valueName\":\"search_term_string\"}}],\"inLanguage\":\"en-GB\"},{\"@type\":\"Organization\",\"@id\":\"https:\/\/www.emballagedigest.fr\/#organization\",\"name\":\"Emballage Digest\",\"url\":\"https:\/\/www.emballagedigest.fr\/\",\"logo\":{\"@type\":\"ImageObject\",\"inLanguage\":\"en-GB\",\"@id\":\"https:\/\/www.emballagedigest.fr\/#\/schema\/logo\/image\/\",\"url\":\"https:\/\/www.emballagedigest.fr\/wp-content\/uploads\/2022\/07\/logo-ed.png\",\"contentUrl\":\"https:\/\/www.emballagedigest.fr\/wp-content\/uploads\/2022\/07\/logo-ed.png\",\"width\":379,\"height\":75,\"caption\":\"Emballage Digest\"},\"image\":{\"@id\":\"https:\/\/www.emballagedigest.fr\/#\/schema\/logo\/image\/\"}},{\"@type\":\"Person\",\"@id\":\"https:\/\/www.emballagedigest.fr\/#\/schema\/person\/76abe9f2b2ee4d3d520594c7a35da59f\",\"name\":\"Karine Duval\",\"image\":{\"@type\":\"ImageObject\",\"inLanguage\":\"en-GB\",\"@id\":\"https:\/\/www.emballagedigest.fr\/#\/schema\/person\/image\/\",\"url\":\"https:\/\/secure.gravatar.com\/avatar\/f552799261cdd2e076e6677d780ef07bdb13aa4c196ab75b39abcbcdcae2d4e5?s=96&d=mm&r=g\",\"contentUrl\":\"https:\/\/secure.gravatar.com\/avatar\/f552799261cdd2e076e6677d780ef07bdb13aa4c196ab75b39abcbcdcae2d4e5?s=96&d=mm&r=g\",\"caption\":\"Karine Duval\"},\"url\":\"https:\/\/www.emballagedigest.fr\/en\/author\/admin_karduv\/\"}]}<\/script>\n<!-- \/ Yoast SEO plugin. -->","yoast_head_json":{"title":"Nouvelle banderoleuse pour produits de boulangerie - Emballage Digest","robots":{"index":"index","follow":"follow","max-snippet":"max-snippet:-1","max-image-preview":"max-image-preview:large","max-video-preview":"max-video-preview:-1"},"canonical":"https:\/\/www.emballagedigest.fr\/en\/nouvelle-banderoleuse-pour-produits-de-boulangerie\/","og_locale":"en_GB","og_type":"article","og_title":"Nouvelle banderoleuse pour produits de boulangerie - Emballage Digest","og_description":"Sur le dernier salon Pack Expo East de Philadelphie (Etats-Unis), BW Flexible Systems a pr\u00e9sent\u00e9 la Hayssen R300, nouvelle r\u00e9f\u00e9rence \u00e0 sa gamme d\u2019emballeuses, d\u00e9di\u00e9e aux produits de boulangerie (biscuits individuels, p\u00e2tisseries, viennoiseries et confiserie). R\u00e9put\u00e9e pour sa qualit\u00e9 et sa robustesse, la banderoleuse \u00e0 alimentation manuelle Hayssen offre une exp\u00e9rience simple et conviviale aux [&hellip;]","og_url":"https:\/\/www.emballagedigest.fr\/en\/nouvelle-banderoleuse-pour-produits-de-boulangerie\/","og_site_name":"Emballage Digest","article_published_time":"2024-04-30T07:26:00+00:00","article_modified_time":"2024-05-03T07:28:57+00:00","og_image":[{"width":800,"height":600,"url":"https:\/\/www.emballagedigest.fr\/wp-content\/uploads\/2024\/05\/BW-V.jpg","type":"image\/jpeg"}],"author":"Karine Duval","twitter_card":"summary_large_image","twitter_misc":{"Written by":"Karine Duval","Estimated reading time":"2 minutes"},"schema":{"@context":"https:\/\/schema.org","@graph":[{"@type":"Article","@id":"https:\/\/www.emballagedigest.fr\/nouvelle-banderoleuse-pour-produits-de-boulangerie\/#article","isPartOf":{"@id":"https:\/\/www.emballagedigest.fr\/nouvelle-banderoleuse-pour-produits-de-boulangerie\/"},"author":{"name":"Karine Duval","@id":"https:\/\/www.emballagedigest.fr\/#\/schema\/person\/76abe9f2b2ee4d3d520594c7a35da59f"},"headline":"Nouvelle banderoleuse pour produits de boulangerie","datePublished":"2024-04-30T07:26:00+00:00","dateModified":"2024-05-03T07:28:57+00:00","mainEntityOfPage":{"@id":"https:\/\/www.emballagedigest.fr\/nouvelle-banderoleuse-pour-produits-de-boulangerie\/"},"wordCount":300,"publisher":{"@id":"https:\/\/www.emballagedigest.fr\/#organization"},"image":{"@id":"https:\/\/www.emballagedigest.fr\/nouvelle-banderoleuse-pour-produits-de-boulangerie\/#primaryimage"},"thumbnailUrl":"https:\/\/www.emballagedigest.fr\/wp-content\/uploads\/2024\/05\/BW-V.jpg","articleSection":["Alimentaire","Article entier","Barre lat\u00e9rale","Machines","Vu dans le mag"],"inLanguage":"en-GB"},{"@type":"WebPage","@id":"https:\/\/www.emballagedigest.fr\/nouvelle-banderoleuse-pour-produits-de-boulangerie\/","url":"https:\/\/www.emballagedigest.fr\/nouvelle-banderoleuse-pour-produits-de-boulangerie\/","name":"Nouvelle banderoleuse pour produits de boulangerie - Emballage Digest","isPartOf":{"@id":"https:\/\/www.emballagedigest.fr\/#website"},"primaryImageOfPage":{"@id":"https:\/\/www.emballagedigest.fr\/nouvelle-banderoleuse-pour-produits-de-boulangerie\/#primaryimage"},"image":{"@id":"https:\/\/www.emballagedigest.fr\/nouvelle-banderoleuse-pour-produits-de-boulangerie\/#primaryimage"},"thumbnailUrl":"https:\/\/www.emballagedigest.fr\/wp-content\/uploads\/2024\/05\/BW-V.jpg","datePublished":"2024-04-30T07:26:00+00:00","dateModified":"2024-05-03T07:28:57+00:00","breadcrumb":{"@id":"https:\/\/www.emballagedigest.fr\/nouvelle-banderoleuse-pour-produits-de-boulangerie\/#breadcrumb"},"inLanguage":"en-GB","potentialAction":[{"@type":"ReadAction","target":["https:\/\/www.emballagedigest.fr\/nouvelle-banderoleuse-pour-produits-de-boulangerie\/"]}]},{"@type":"ImageObject","inLanguage":"en-GB","@id":"https:\/\/www.emballagedigest.fr\/nouvelle-banderoleuse-pour-produits-de-boulangerie\/#primaryimage","url":"https:\/\/www.emballagedigest.fr\/wp-content\/uploads\/2024\/05\/BW-V.jpg","contentUrl":"https:\/\/www.emballagedigest.fr\/wp-content\/uploads\/2024\/05\/BW-V.jpg","width":800,"height":600},{"@type":"BreadcrumbList","@id":"https:\/\/www.emballagedigest.fr\/nouvelle-banderoleuse-pour-produits-de-boulangerie\/#breadcrumb","itemListElement":[{"@type":"ListItem","position":1,"name":"Accueil","item":"https:\/\/www.emballagedigest.fr\/"},{"@type":"ListItem","position":2,"name":"Nouvelle banderoleuse pour produits de boulangerie"}]},{"@type":"WebSite","@id":"https:\/\/www.emballagedigest.fr\/#website","url":"https:\/\/www.emballagedigest.fr\/","name":"Emballage Digest","description":"Revue professionnelle sur les emballages","publisher":{"@id":"https:\/\/www.emballagedigest.fr\/#organization"},"potentialAction":[{"@type":"SearchAction","target":{"@type":"EntryPoint","urlTemplate":"https:\/\/www.emballagedigest.fr\/?s={search_term_string}"},"query-input":{"@type":"PropertyValueSpecification","valueRequired":true,"valueName":"search_term_string"}}],"inLanguage":"en-GB"},{"@type":"Organization","@id":"https:\/\/www.emballagedigest.fr\/#organization","name":"Emballage Digest","url":"https:\/\/www.emballagedigest.fr\/","logo":{"@type":"ImageObject","inLanguage":"en-GB","@id":"https:\/\/www.emballagedigest.fr\/#\/schema\/logo\/image\/","url":"https:\/\/www.emballagedigest.fr\/wp-content\/uploads\/2022\/07\/logo-ed.png","contentUrl":"https:\/\/www.emballagedigest.fr\/wp-content\/uploads\/2022\/07\/logo-ed.png","width":379,"height":75,"caption":"Emballage Digest"},"image":{"@id":"https:\/\/www.emballagedigest.fr\/#\/schema\/logo\/image\/"}},{"@type":"Person","@id":"https:\/\/www.emballagedigest.fr\/#\/schema\/person\/76abe9f2b2ee4d3d520594c7a35da59f","name":"Karine Duval","image":{"@type":"ImageObject","inLanguage":"en-GB","@id":"https:\/\/www.emballagedigest.fr\/#\/schema\/person\/image\/","url":"https:\/\/secure.gravatar.com\/avatar\/f552799261cdd2e076e6677d780ef07bdb13aa4c196ab75b39abcbcdcae2d4e5?s=96&d=mm&r=g","contentUrl":"https:\/\/secure.gravatar.com\/avatar\/f552799261cdd2e076e6677d780ef07bdb13aa4c196ab75b39abcbcdcae2d4e5?s=96&d=mm&r=g","caption":"Karine Duval"},"url":"https:\/\/www.emballagedigest.fr\/en\/author\/admin_karduv\/"}]}},"_links":{"self":[{"href":"https:\/\/www.emballagedigest.fr\/en\/wp-json\/wp\/v2\/posts\/40764","targetHints":{"allow":["GET"]}}],"collection":[{"href":"https:\/\/www.emballagedigest.fr\/en\/wp-json\/wp\/v2\/posts"}],"about":[{"href":"https:\/\/www.emballagedigest.fr\/en\/wp-json\/wp\/v2\/types\/post"}],"author":[{"embeddable":true,"href":"https:\/\/www.emballagedigest.fr\/en\/wp-json\/wp\/v2\/users\/2"}],"replies":[{"embeddable":true,"href":"https:\/\/www.emballagedigest.fr\/en\/wp-json\/wp\/v2\/comments?post=40764"}],"version-history":[{"count":1,"href":"https:\/\/www.emballagedigest.fr\/en\/wp-json\/wp\/v2\/posts\/40764\/revisions"}],"predecessor-version":[{"id":40766,"href":"https:\/\/www.emballagedigest.fr\/en\/wp-json\/wp\/v2\/posts\/40764\/revisions\/40766"}],"wp:featuredmedia":[{"embeddable":true,"href":"https:\/\/www.emballagedigest.fr\/en\/wp-json\/wp\/v2\/media\/40765"}],"wp:attachment":[{"href":"https:\/\/www.emballagedigest.fr\/en\/wp-json\/wp\/v2\/media?parent=40764"}],"wp:term":[{"taxonomy":"category","embeddable":true,"href":"https:\/\/www.emballagedigest.fr\/en\/wp-json\/wp\/v2\/categories?post=40764"},{"taxonomy":"post_tag","embeddable":true,"href":"https:\/\/www.emballagedigest.fr\/en\/wp-json\/wp\/v2\/tags?post=40764"}],"curies":[{"name":"wp","href":"https:\/\/api.w.org\/{rel}","templated":true}]}}