{"id":40767,"date":"2024-04-30T09:29:00","date_gmt":"2024-04-30T07:29:00","guid":{"rendered":"https:\/\/www.emballagedigest.fr\/?p=40767"},"modified":"2024-05-03T09:31:20","modified_gmt":"2024-05-03T07:31:20","slug":"la-filiere-papier-carton-espere-un-rebond-en-2024","status":"publish","type":"post","link":"https:\/\/www.emballagedigest.fr\/en\/la-filiere-papier-carton-espere-un-rebond-en-2024\/","title":{"rendered":"La fili\u00e8re papier\/carton esp\u00e8re un rebond en 2024"},"content":{"rendered":"<p><strong>Copacel, le syndicat professionnel repr\u00e9sentant les entreprises qui produisent du papier carton en France, a pr\u00e9sent\u00e9 d\u00e9but avril le bilan \u00e9conomique de l\u2019ann\u00e9e 2023 et dress\u00e9 les perspectives pour 2024.<\/strong><\/p>\n\n\n\n<p>En 2022, en d\u00e9pit de la hausse sans pr\u00e9c\u00e9dent des co\u00fbts des mati\u00e8res premi\u00e8res et de l\u2019\u00e9nergie, et de leur r\u00e9percussion dans les prix de vente des papiers et cartons, l\u2019activit\u00e9 papeti\u00e8re avait \u00e9t\u00e9 soutenue. Le ralentissement des commandes, constat\u00e9 d\u00e8s la fin de 2022, s\u2019est en effet amplifi\u00e9 en 2023. Le recul tr\u00e8s sensible de la consommation apparente des papiers et cartons en France (-15%) a induit une baisse de la production (-13,5%) ainsi qu\u2019une contraction du chiffre d\u2019affaires des entreprises (-26 %). Cette baisse tr\u00e8s marqu\u00e9e est voisine de celle observ\u00e9e en Europe (-12,8% en tonnage). Maintien de pressions inflationnistes sur la consommation des m\u00e9nages (emballages, abonnements \u2026), faible croissance du PIB (0,9% en France en 2023), ralentissement de l\u2019activit\u00e9 des entreprises qui ont puis\u00e9 dans leurs stocks constitu\u00e9s en 2022 ont eu raison des volumes de commandes. Enfin, l\u2019outil industriel a poursuivi son \u00e9volution, ceci afin d\u2019accro\u00eetre la capacit\u00e9 de production des papiers et cartons d\u2019emballage et r\u00e9duire celle des papiers graphiques. Le solde entre les nouvelles capacit\u00e9s et les fermetures est toutefois n\u00e9gatif, ce qui constitue une explication suppl\u00e9mentaire \u00e0 la baisse de la production papeti\u00e8re en 2023.<br>C\u00f4t\u00e9 \u00e9nergie, si les prix moyens du gaz et de l\u2019\u00e9lectricit\u00e9 sont revenus \u00e0 la baisse de l\u2019ordre de 60% par rapport aux niveaux de 2022, les prix de l\u2019\u00e9nergie demeurent sup\u00e9rieurs \u00e0 leurs niveaux historiques, et ce alors-m\u00eame que la demande des industries (tous secteurs confondus) est basse. La substitution du gaz russe par du GNL a fait entrer l\u2019Europe dans une \u00e8re d\u2019\u00e9nergie ch\u00e8re. \u00abCette situation est d\u2019autant plus inqui\u00e9tante que le fonctionnement du march\u00e9 europ\u00e9en de l\u2019\u00e9lectricit\u00e9 r\u00e9percute le prix du gaz (m\u00eame lorsque les moyens de production n\u2019utilisent que peu cette source d\u2019\u00e9nergie)\u00bb, analyse Copacel.<br>M\u00eame si la croissance du PIB demeurera t\u00e9nue en 2024, en France et chez ses principaux partenaires, diff\u00e9rents facteurs incitent \u00e0 un optimisme prudent, projette le syndicat. Sur le plan macro-\u00e9conomique, le reflux de l\u2019inflation et la baisse des taux d\u2019int\u00e9r\u00eats devraient dynamiser la consommation des m\u00e9nages et les investissements des entreprises. La r\u00e9sorption des stocks des secteurs clients devrait par ailleurs permettre que la hausse de la demande finale se traduise en commandes adress\u00e9es aux entreprises papeti\u00e8res. Enfin, le papier\/carton reste appr\u00e9ci\u00e9 par les consommateurs pour sa recyclabilit\u00e9 et particuli\u00e8rement d\u00e9velopp\u00e9 en e-commerce.<\/p>","protected":false},"excerpt":{"rendered":"<p>Copacel, le syndicat professionnel repr\u00e9sentant les entreprises qui produisent du papier carton en France, a pr\u00e9sent\u00e9 d\u00e9but avril le bilan \u00e9conomique de l\u2019ann\u00e9e 2023 et dress\u00e9 les perspectives pour 2024. En 2022, en d\u00e9pit de la hausse sans pr\u00e9c\u00e9dent des co\u00fbts des mati\u00e8res premi\u00e8res et de l\u2019\u00e9nergie, et de leur r\u00e9percussion dans les prix de [&hellip;]<\/p>","protected":false},"author":2,"featured_media":40768,"comment_status":"closed","ping_status":"closed","sticky":false,"template":"","format":"standard","meta":{"_acf_changed":false,"inline_featured_image":false,"iawp_total_views":1,"footnotes":""},"categories":[28,26,8,35,10,65],"tags":[],"class_list":["post-40767","post","type-post","status-publish","format-standard","has-post-thumbnail","hentry","category-article-entier","category-laterale","category-industrie","category-machines-fr","category-materiaux","category-vu-dans-le-mag"],"acf":[],"yoast_head":"<!-- This site is optimized with the Yoast SEO plugin v24.4 - https:\/\/yoast.com\/wordpress\/plugins\/seo\/ -->\n<title>La fili\u00e8re papier\/carton esp\u00e8re un rebond en 2024 - Emballage Digest<\/title>\n<meta name=\"robots\" content=\"index, follow, max-snippet:-1, max-image-preview:large, max-video-preview:-1\" \/>\n<link rel=\"canonical\" href=\"https:\/\/www.emballagedigest.fr\/en\/la-filiere-papier-carton-espere-un-rebond-en-2024\/\" \/>\n<meta property=\"og:locale\" content=\"en_GB\" \/>\n<meta property=\"og:type\" content=\"article\" \/>\n<meta property=\"og:title\" content=\"La fili\u00e8re papier\/carton esp\u00e8re un rebond en 2024 - Emballage Digest\" \/>\n<meta property=\"og:description\" content=\"Copacel, le syndicat professionnel repr\u00e9sentant les entreprises qui produisent du papier carton en France, a pr\u00e9sent\u00e9 d\u00e9but avril le bilan \u00e9conomique de l\u2019ann\u00e9e 2023 et dress\u00e9 les perspectives pour 2024. En 2022, en d\u00e9pit de la hausse sans pr\u00e9c\u00e9dent des co\u00fbts des mati\u00e8res premi\u00e8res et de l\u2019\u00e9nergie, et de leur r\u00e9percussion dans les prix de [&hellip;]\" \/>\n<meta property=\"og:url\" content=\"https:\/\/www.emballagedigest.fr\/en\/la-filiere-papier-carton-espere-un-rebond-en-2024\/\" \/>\n<meta property=\"og:site_name\" content=\"Emballage Digest\" \/>\n<meta property=\"article:published_time\" content=\"2024-04-30T07:29:00+00:00\" \/>\n<meta property=\"article:modified_time\" content=\"2024-05-03T07:31:20+00:00\" \/>\n<meta property=\"og:image\" content=\"https:\/\/www.emballagedigest.fr\/wp-content\/uploads\/2024\/05\/papier-carton-copacel.jpg\" \/>\n\t<meta property=\"og:image:width\" content=\"800\" \/>\n\t<meta property=\"og:image:height\" content=\"533\" \/>\n\t<meta property=\"og:image:type\" content=\"image\/jpeg\" \/>\n<meta name=\"author\" content=\"Karine Duval\" \/>\n<meta name=\"twitter:card\" content=\"summary_large_image\" \/>\n<meta name=\"twitter:label1\" content=\"Written by\" \/>\n\t<meta name=\"twitter:data1\" content=\"Karine Duval\" \/>\n\t<meta name=\"twitter:label2\" content=\"Estimated reading time\" \/>\n\t<meta name=\"twitter:data2\" content=\"3 minutes\" \/>\n<script type=\"application\/ld+json\" class=\"yoast-schema-graph\">{\"@context\":\"https:\/\/schema.org\",\"@graph\":[{\"@type\":\"Article\",\"@id\":\"https:\/\/www.emballagedigest.fr\/la-filiere-papier-carton-espere-un-rebond-en-2024\/#article\",\"isPartOf\":{\"@id\":\"https:\/\/www.emballagedigest.fr\/la-filiere-papier-carton-espere-un-rebond-en-2024\/\"},\"author\":{\"name\":\"Karine Duval\",\"@id\":\"https:\/\/www.emballagedigest.fr\/#\/schema\/person\/76abe9f2b2ee4d3d520594c7a35da59f\"},\"headline\":\"La fili\u00e8re papier\/carton esp\u00e8re un rebond en 2024\",\"datePublished\":\"2024-04-30T07:29:00+00:00\",\"dateModified\":\"2024-05-03T07:31:20+00:00\",\"mainEntityOfPage\":{\"@id\":\"https:\/\/www.emballagedigest.fr\/la-filiere-papier-carton-espere-un-rebond-en-2024\/\"},\"wordCount\":475,\"publisher\":{\"@id\":\"https:\/\/www.emballagedigest.fr\/#organization\"},\"image\":{\"@id\":\"https:\/\/www.emballagedigest.fr\/la-filiere-papier-carton-espere-un-rebond-en-2024\/#primaryimage\"},\"thumbnailUrl\":\"https:\/\/www.emballagedigest.fr\/wp-content\/uploads\/2024\/05\/papier-carton-copacel.jpg\",\"articleSection\":[\"Article entier\",\"Barre lat\u00e9rale\",\"Industrie\",\"Machines\",\"Mat\u00e9riaux\",\"Vu dans le mag\"],\"inLanguage\":\"en-GB\"},{\"@type\":\"WebPage\",\"@id\":\"https:\/\/www.emballagedigest.fr\/la-filiere-papier-carton-espere-un-rebond-en-2024\/\",\"url\":\"https:\/\/www.emballagedigest.fr\/la-filiere-papier-carton-espere-un-rebond-en-2024\/\",\"name\":\"La fili\u00e8re papier\/carton esp\u00e8re un rebond en 2024 - Emballage Digest\",\"isPartOf\":{\"@id\":\"https:\/\/www.emballagedigest.fr\/#website\"},\"primaryImageOfPage\":{\"@id\":\"https:\/\/www.emballagedigest.fr\/la-filiere-papier-carton-espere-un-rebond-en-2024\/#primaryimage\"},\"image\":{\"@id\":\"https:\/\/www.emballagedigest.fr\/la-filiere-papier-carton-espere-un-rebond-en-2024\/#primaryimage\"},\"thumbnailUrl\":\"https:\/\/www.emballagedigest.fr\/wp-content\/uploads\/2024\/05\/papier-carton-copacel.jpg\",\"datePublished\":\"2024-04-30T07:29:00+00:00\",\"dateModified\":\"2024-05-03T07:31:20+00:00\",\"breadcrumb\":{\"@id\":\"https:\/\/www.emballagedigest.fr\/la-filiere-papier-carton-espere-un-rebond-en-2024\/#breadcrumb\"},\"inLanguage\":\"en-GB\",\"potentialAction\":[{\"@type\":\"ReadAction\",\"target\":[\"https:\/\/www.emballagedigest.fr\/la-filiere-papier-carton-espere-un-rebond-en-2024\/\"]}]},{\"@type\":\"ImageObject\",\"inLanguage\":\"en-GB\",\"@id\":\"https:\/\/www.emballagedigest.fr\/la-filiere-papier-carton-espere-un-rebond-en-2024\/#primaryimage\",\"url\":\"https:\/\/www.emballagedigest.fr\/wp-content\/uploads\/2024\/05\/papier-carton-copacel.jpg\",\"contentUrl\":\"https:\/\/www.emballagedigest.fr\/wp-content\/uploads\/2024\/05\/papier-carton-copacel.jpg\",\"width\":800,\"height\":533},{\"@type\":\"BreadcrumbList\",\"@id\":\"https:\/\/www.emballagedigest.fr\/la-filiere-papier-carton-espere-un-rebond-en-2024\/#breadcrumb\",\"itemListElement\":[{\"@type\":\"ListItem\",\"position\":1,\"name\":\"Accueil\",\"item\":\"https:\/\/www.emballagedigest.fr\/\"},{\"@type\":\"ListItem\",\"position\":2,\"name\":\"La fili\u00e8re papier\/carton esp\u00e8re un rebond en 2024\"}]},{\"@type\":\"WebSite\",\"@id\":\"https:\/\/www.emballagedigest.fr\/#website\",\"url\":\"https:\/\/www.emballagedigest.fr\/\",\"name\":\"Emballage Digest\",\"description\":\"Revue professionnelle sur les emballages\",\"publisher\":{\"@id\":\"https:\/\/www.emballagedigest.fr\/#organization\"},\"potentialAction\":[{\"@type\":\"SearchAction\",\"target\":{\"@type\":\"EntryPoint\",\"urlTemplate\":\"https:\/\/www.emballagedigest.fr\/?s={search_term_string}\"},\"query-input\":{\"@type\":\"PropertyValueSpecification\",\"valueRequired\":true,\"valueName\":\"search_term_string\"}}],\"inLanguage\":\"en-GB\"},{\"@type\":\"Organization\",\"@id\":\"https:\/\/www.emballagedigest.fr\/#organization\",\"name\":\"Emballage Digest\",\"url\":\"https:\/\/www.emballagedigest.fr\/\",\"logo\":{\"@type\":\"ImageObject\",\"inLanguage\":\"en-GB\",\"@id\":\"https:\/\/www.emballagedigest.fr\/#\/schema\/logo\/image\/\",\"url\":\"https:\/\/www.emballagedigest.fr\/wp-content\/uploads\/2022\/07\/logo-ed.png\",\"contentUrl\":\"https:\/\/www.emballagedigest.fr\/wp-content\/uploads\/2022\/07\/logo-ed.png\",\"width\":379,\"height\":75,\"caption\":\"Emballage Digest\"},\"image\":{\"@id\":\"https:\/\/www.emballagedigest.fr\/#\/schema\/logo\/image\/\"}},{\"@type\":\"Person\",\"@id\":\"https:\/\/www.emballagedigest.fr\/#\/schema\/person\/76abe9f2b2ee4d3d520594c7a35da59f\",\"name\":\"Karine Duval\",\"image\":{\"@type\":\"ImageObject\",\"inLanguage\":\"en-GB\",\"@id\":\"https:\/\/www.emballagedigest.fr\/#\/schema\/person\/image\/\",\"url\":\"https:\/\/secure.gravatar.com\/avatar\/f552799261cdd2e076e6677d780ef07bdb13aa4c196ab75b39abcbcdcae2d4e5?s=96&d=mm&r=g\",\"contentUrl\":\"https:\/\/secure.gravatar.com\/avatar\/f552799261cdd2e076e6677d780ef07bdb13aa4c196ab75b39abcbcdcae2d4e5?s=96&d=mm&r=g\",\"caption\":\"Karine Duval\"},\"url\":\"https:\/\/www.emballagedigest.fr\/en\/author\/admin_karduv\/\"}]}<\/script>\n<!-- \/ Yoast SEO plugin. -->","yoast_head_json":{"title":"La fili\u00e8re papier\/carton esp\u00e8re un rebond en 2024 - Emballage Digest","robots":{"index":"index","follow":"follow","max-snippet":"max-snippet:-1","max-image-preview":"max-image-preview:large","max-video-preview":"max-video-preview:-1"},"canonical":"https:\/\/www.emballagedigest.fr\/en\/la-filiere-papier-carton-espere-un-rebond-en-2024\/","og_locale":"en_GB","og_type":"article","og_title":"La fili\u00e8re papier\/carton esp\u00e8re un rebond en 2024 - Emballage Digest","og_description":"Copacel, le syndicat professionnel repr\u00e9sentant les entreprises qui produisent du papier carton en France, a pr\u00e9sent\u00e9 d\u00e9but avril le bilan \u00e9conomique de l\u2019ann\u00e9e 2023 et dress\u00e9 les perspectives pour 2024. En 2022, en d\u00e9pit de la hausse sans pr\u00e9c\u00e9dent des co\u00fbts des mati\u00e8res premi\u00e8res et de l\u2019\u00e9nergie, et de leur r\u00e9percussion dans les prix de [&hellip;]","og_url":"https:\/\/www.emballagedigest.fr\/en\/la-filiere-papier-carton-espere-un-rebond-en-2024\/","og_site_name":"Emballage Digest","article_published_time":"2024-04-30T07:29:00+00:00","article_modified_time":"2024-05-03T07:31:20+00:00","og_image":[{"width":800,"height":533,"url":"https:\/\/www.emballagedigest.fr\/wp-content\/uploads\/2024\/05\/papier-carton-copacel.jpg","type":"image\/jpeg"}],"author":"Karine Duval","twitter_card":"summary_large_image","twitter_misc":{"Written by":"Karine Duval","Estimated reading time":"3 minutes"},"schema":{"@context":"https:\/\/schema.org","@graph":[{"@type":"Article","@id":"https:\/\/www.emballagedigest.fr\/la-filiere-papier-carton-espere-un-rebond-en-2024\/#article","isPartOf":{"@id":"https:\/\/www.emballagedigest.fr\/la-filiere-papier-carton-espere-un-rebond-en-2024\/"},"author":{"name":"Karine Duval","@id":"https:\/\/www.emballagedigest.fr\/#\/schema\/person\/76abe9f2b2ee4d3d520594c7a35da59f"},"headline":"La fili\u00e8re papier\/carton esp\u00e8re un rebond en 2024","datePublished":"2024-04-30T07:29:00+00:00","dateModified":"2024-05-03T07:31:20+00:00","mainEntityOfPage":{"@id":"https:\/\/www.emballagedigest.fr\/la-filiere-papier-carton-espere-un-rebond-en-2024\/"},"wordCount":475,"publisher":{"@id":"https:\/\/www.emballagedigest.fr\/#organization"},"image":{"@id":"https:\/\/www.emballagedigest.fr\/la-filiere-papier-carton-espere-un-rebond-en-2024\/#primaryimage"},"thumbnailUrl":"https:\/\/www.emballagedigest.fr\/wp-content\/uploads\/2024\/05\/papier-carton-copacel.jpg","articleSection":["Article entier","Barre lat\u00e9rale","Industrie","Machines","Mat\u00e9riaux","Vu dans le mag"],"inLanguage":"en-GB"},{"@type":"WebPage","@id":"https:\/\/www.emballagedigest.fr\/la-filiere-papier-carton-espere-un-rebond-en-2024\/","url":"https:\/\/www.emballagedigest.fr\/la-filiere-papier-carton-espere-un-rebond-en-2024\/","name":"La fili\u00e8re papier\/carton esp\u00e8re un rebond en 2024 - Emballage Digest","isPartOf":{"@id":"https:\/\/www.emballagedigest.fr\/#website"},"primaryImageOfPage":{"@id":"https:\/\/www.emballagedigest.fr\/la-filiere-papier-carton-espere-un-rebond-en-2024\/#primaryimage"},"image":{"@id":"https:\/\/www.emballagedigest.fr\/la-filiere-papier-carton-espere-un-rebond-en-2024\/#primaryimage"},"thumbnailUrl":"https:\/\/www.emballagedigest.fr\/wp-content\/uploads\/2024\/05\/papier-carton-copacel.jpg","datePublished":"2024-04-30T07:29:00+00:00","dateModified":"2024-05-03T07:31:20+00:00","breadcrumb":{"@id":"https:\/\/www.emballagedigest.fr\/la-filiere-papier-carton-espere-un-rebond-en-2024\/#breadcrumb"},"inLanguage":"en-GB","potentialAction":[{"@type":"ReadAction","target":["https:\/\/www.emballagedigest.fr\/la-filiere-papier-carton-espere-un-rebond-en-2024\/"]}]},{"@type":"ImageObject","inLanguage":"en-GB","@id":"https:\/\/www.emballagedigest.fr\/la-filiere-papier-carton-espere-un-rebond-en-2024\/#primaryimage","url":"https:\/\/www.emballagedigest.fr\/wp-content\/uploads\/2024\/05\/papier-carton-copacel.jpg","contentUrl":"https:\/\/www.emballagedigest.fr\/wp-content\/uploads\/2024\/05\/papier-carton-copacel.jpg","width":800,"height":533},{"@type":"BreadcrumbList","@id":"https:\/\/www.emballagedigest.fr\/la-filiere-papier-carton-espere-un-rebond-en-2024\/#breadcrumb","itemListElement":[{"@type":"ListItem","position":1,"name":"Accueil","item":"https:\/\/www.emballagedigest.fr\/"},{"@type":"ListItem","position":2,"name":"La fili\u00e8re papier\/carton esp\u00e8re un rebond en 2024"}]},{"@type":"WebSite","@id":"https:\/\/www.emballagedigest.fr\/#website","url":"https:\/\/www.emballagedigest.fr\/","name":"Emballage Digest","description":"Revue professionnelle sur les emballages","publisher":{"@id":"https:\/\/www.emballagedigest.fr\/#organization"},"potentialAction":[{"@type":"SearchAction","target":{"@type":"EntryPoint","urlTemplate":"https:\/\/www.emballagedigest.fr\/?s={search_term_string}"},"query-input":{"@type":"PropertyValueSpecification","valueRequired":true,"valueName":"search_term_string"}}],"inLanguage":"en-GB"},{"@type":"Organization","@id":"https:\/\/www.emballagedigest.fr\/#organization","name":"Emballage Digest","url":"https:\/\/www.emballagedigest.fr\/","logo":{"@type":"ImageObject","inLanguage":"en-GB","@id":"https:\/\/www.emballagedigest.fr\/#\/schema\/logo\/image\/","url":"https:\/\/www.emballagedigest.fr\/wp-content\/uploads\/2022\/07\/logo-ed.png","contentUrl":"https:\/\/www.emballagedigest.fr\/wp-content\/uploads\/2022\/07\/logo-ed.png","width":379,"height":75,"caption":"Emballage Digest"},"image":{"@id":"https:\/\/www.emballagedigest.fr\/#\/schema\/logo\/image\/"}},{"@type":"Person","@id":"https:\/\/www.emballagedigest.fr\/#\/schema\/person\/76abe9f2b2ee4d3d520594c7a35da59f","name":"Karine Duval","image":{"@type":"ImageObject","inLanguage":"en-GB","@id":"https:\/\/www.emballagedigest.fr\/#\/schema\/person\/image\/","url":"https:\/\/secure.gravatar.com\/avatar\/f552799261cdd2e076e6677d780ef07bdb13aa4c196ab75b39abcbcdcae2d4e5?s=96&d=mm&r=g","contentUrl":"https:\/\/secure.gravatar.com\/avatar\/f552799261cdd2e076e6677d780ef07bdb13aa4c196ab75b39abcbcdcae2d4e5?s=96&d=mm&r=g","caption":"Karine Duval"},"url":"https:\/\/www.emballagedigest.fr\/en\/author\/admin_karduv\/"}]}},"_links":{"self":[{"href":"https:\/\/www.emballagedigest.fr\/en\/wp-json\/wp\/v2\/posts\/40767","targetHints":{"allow":["GET"]}}],"collection":[{"href":"https:\/\/www.emballagedigest.fr\/en\/wp-json\/wp\/v2\/posts"}],"about":[{"href":"https:\/\/www.emballagedigest.fr\/en\/wp-json\/wp\/v2\/types\/post"}],"author":[{"embeddable":true,"href":"https:\/\/www.emballagedigest.fr\/en\/wp-json\/wp\/v2\/users\/2"}],"replies":[{"embeddable":true,"href":"https:\/\/www.emballagedigest.fr\/en\/wp-json\/wp\/v2\/comments?post=40767"}],"version-history":[{"count":1,"href":"https:\/\/www.emballagedigest.fr\/en\/wp-json\/wp\/v2\/posts\/40767\/revisions"}],"predecessor-version":[{"id":40769,"href":"https:\/\/www.emballagedigest.fr\/en\/wp-json\/wp\/v2\/posts\/40767\/revisions\/40769"}],"wp:featuredmedia":[{"embeddable":true,"href":"https:\/\/www.emballagedigest.fr\/en\/wp-json\/wp\/v2\/media\/40768"}],"wp:attachment":[{"href":"https:\/\/www.emballagedigest.fr\/en\/wp-json\/wp\/v2\/media?parent=40767"}],"wp:term":[{"taxonomy":"category","embeddable":true,"href":"https:\/\/www.emballagedigest.fr\/en\/wp-json\/wp\/v2\/categories?post=40767"},{"taxonomy":"post_tag","embeddable":true,"href":"https:\/\/www.emballagedigest.fr\/en\/wp-json\/wp\/v2\/tags?post=40767"}],"curies":[{"name":"wp","href":"https:\/\/api.w.org\/{rel}","templated":true}]}}