{"id":40833,"date":"2024-05-06T09:15:18","date_gmt":"2024-05-06T07:15:18","guid":{"rendered":"https:\/\/www.emballagedigest.fr\/?p=40833"},"modified":"2024-05-07T00:44:45","modified_gmt":"2024-05-06T22:44:45","slug":"xeikon-devoile-une-nouvelle-presse-pour-le-segment-des-etiquettes-premium","status":"publish","type":"post","link":"https:\/\/www.emballagedigest.fr\/en\/xeikon-devoile-une-nouvelle-presse-pour-le-segment-des-etiquettes-premium\/","title":{"rendered":"Xeikon d\u00e9voile une nouvelle presse pour le segment des \u00e9tiquettes premium"},"content":{"rendered":"<p><strong>Xeikon d\u00e9voilera sur le prochain salon drupa \u00e0 Dusseldorf du 28 mai au 7 juin 2024 la Xeikon PX3300HD, une nouvelle presse num\u00e9rique de 1200 ppp. D\u00e9velopp\u00e9e pour les \u00e9tiquettes de haute qualit\u00e9, la machine \u00e0 cinq couleurs offre une largeur d\u2019impression de 330 mm et des vitesses allant jusqu\u2019\u00e0 70 m\/min, m\u00eame en cas d\u2019impression avec un blanc \u00e0 haute opacit\u00e9.<\/strong><\/p>\n\n\n\n<p>\u00ab Alors que la technologie jet d\u2019encre continue de m\u00fbrir, il est clair qu\u2019il est n\u00e9cessaire de mettre \u00e0 jour le portefeuille Panther de Xeikon avec une option de r\u00e9solution plus \u00e9lev\u00e9e pour r\u00e9pondre aux demandes sp\u00e9cifiques des clients. C\u2019est pourquoi nous introduisons aujourd\u2019hui un moteur de 1200 dpi pour compl\u00e9ter la gamme de produits existante de 600 dpi \u00bb, d\u00e9clare Jeroen Van Bauwel, directeur design produits. \u00ab Le nouveau PX3300HD Xeikon \u00e9tendra les capacit\u00e9s des imprimeurs en leur donnant les outils n\u00e9cessaires pour atteindre une excellente qualit\u00e9 \u00e0 des niveaux de productivit\u00e9 encore plus \u00e9lev\u00e9s d\u2019une mani\u00e8re respectueuse du co\u00fbt total de possession (TCO) \u00bb.<\/p>\n\n\n\n<p>Machine \u00e0 faible encombrement, Xeikon PX3300HD est d\u00e9di\u00e9 \u00e0 la production d\u2019\u00e9tiquettes couleur \u00e0 haute durabilit\u00e9 pour divers march\u00e9s, couvrant jusqu\u2019\u00e0 88% des couleurs Pantone en Delta E 2 (jusqu\u2019\u00e0 94% en Delta E 3). Pour r\u00e9pondre aux exigences sp\u00e9cifiques du moteur \u00e0 haute r\u00e9solution, Xeikon a d\u00e9velopp\u00e9 de nouvelles encres PX-Cure LED HD. Les nouvelles encres correspondent aux avantages en mati\u00e8re de durabilit\u00e9 de la s\u00e9rie PantherCure UV LED r\u00e9cemment introduite pour les presses jet d\u2019encre Xeikon 600 dpi, notamment des \u00e9conomies significatives de consommation d\u2019\u00e9nergie, un pr\u00e9chauffage instantan\u00e9 pour un fonctionnement plus agile et une dur\u00e9e de vie de la lampe 10 fois plus longue par rapport aux lampes \u00e0 arc UV traditionnelles, ce qui r\u00e9duit les d\u00e9chets.<\/p>\n\n\n\n<p>Combinant qualit\u00e9 d\u2019image et haute r\u00e9solution \u00e0 une productivit\u00e9 \u00e9lev\u00e9e, la nouvelle presse tire parti des t\u00eates d\u2019impression jet d\u2019encre industrielles de la s\u00e9rie W de Xerox avec des formes d\u2019onde d\u00e9di\u00e9es et un logiciel de tramage d\u00e9velopp\u00e9 par Xeikon. De plus, PX3300HD est enti\u00e8rement pr\u00e9par\u00e9e pour l\u2019impression hybride afin d\u2019augmenter la productivit\u00e9, avec la possibilit\u00e9 d\u2019ajouter les LCU (unit\u00e9s de conversion d\u2019\u00e9tiquettes) modulaires en ligne de Xeikon et un grand d\u00e9rouleur pour des cycles de production plus longs et ininterrompus.<\/p>\n\n\n\n<p>Le flux d\u2019impression pr\u00e9sent\u00e9 par Xeikon PX3300HD est pilot\u00e9 par le Xeikon X-800 DFE (Digital Front End), qui permet d\u2019acc\u00e9l\u00e9rer le traitement des travaux et de les livrer juste \u00e0 temps. La gestion des couleurs fait partie int\u00e9grante du logiciel : chaque X-800 est livr\u00e9 avec une licence Pantone afin que les clients puissent facilement convertir toutes les derni\u00e8res couleurs Pantone pour leur presse et leurs supports. De plus, la configuration de base de la presse offre une assistance op\u00e9rationnelle efficace avec une cam\u00e9ra en ligne pour l\u2019inspection de la qualit\u00e9 incluse par d\u00e9faut. En ajustant l\u2019enregistrement, l\u2019assemblage et la compensation des buses manquantes, le tout mesur\u00e9 et corrig\u00e9 de mani\u00e8re enti\u00e8rement automatis\u00e9e, cette fonction permet \u00e9galement d\u2019att\u00e9nuer les probl\u00e8mes persistants li\u00e9s \u00e0 la recherche de personnel qualifi\u00e9 pour faire fonctionner la presse, tout en prolongeant la dur\u00e9e de vie des t\u00eates d\u2019impression et en garantissant une qualit\u00e9 \u00e9lev\u00e9e et constante.<\/p>","protected":false},"excerpt":{"rendered":"<p>Xeikon d\u00e9voilera sur le prochain salon drupa \u00e0 Dusseldorf du 28 mai au 7 juin 2024 la Xeikon PX3300HD, une nouvelle presse num\u00e9rique de 1200 ppp. D\u00e9velopp\u00e9e pour les \u00e9tiquettes de haute qualit\u00e9, la machine \u00e0 cinq couleurs offre une largeur d\u2019impression de 330 mm et des vitesses allant jusqu\u2019\u00e0 70 m\/min, m\u00eame en cas [&hellip;]<\/p>","protected":false},"author":2,"featured_media":40834,"comment_status":"closed","ping_status":"closed","sticky":false,"template":"","format":"standard","meta":{"_acf_changed":false,"inline_featured_image":false,"iawp_total_views":0,"footnotes":""},"categories":[28,9],"tags":[],"class_list":["post-40833","post","type-post","status-publish","format-standard","has-post-thumbnail","hentry","category-article-entier","category-materiel"],"acf":[],"yoast_head":"<!-- This site is optimized with the Yoast SEO plugin v24.4 - https:\/\/yoast.com\/wordpress\/plugins\/seo\/ -->\n<title>Xeikon d\u00e9voile une nouvelle presse pour le segment des \u00e9tiquettes premium - Emballage Digest<\/title>\n<meta name=\"robots\" content=\"index, follow, max-snippet:-1, max-image-preview:large, max-video-preview:-1\" \/>\n<link rel=\"canonical\" href=\"https:\/\/www.emballagedigest.fr\/en\/xeikon-devoile-une-nouvelle-presse-pour-le-segment-des-etiquettes-premium\/\" \/>\n<meta property=\"og:locale\" content=\"en_GB\" \/>\n<meta property=\"og:type\" content=\"article\" \/>\n<meta property=\"og:title\" content=\"Xeikon d\u00e9voile une nouvelle presse pour le segment des \u00e9tiquettes premium - Emballage Digest\" \/>\n<meta property=\"og:description\" content=\"Xeikon d\u00e9voilera sur le prochain salon drupa \u00e0 Dusseldorf du 28 mai au 7 juin 2024 la Xeikon PX3300HD, une nouvelle presse num\u00e9rique de 1200 ppp. D\u00e9velopp\u00e9e pour les \u00e9tiquettes de haute qualit\u00e9, la machine \u00e0 cinq couleurs offre une largeur d\u2019impression de 330 mm et des vitesses allant jusqu\u2019\u00e0 70 m\/min, m\u00eame en cas [&hellip;]\" \/>\n<meta property=\"og:url\" content=\"https:\/\/www.emballagedigest.fr\/en\/xeikon-devoile-une-nouvelle-presse-pour-le-segment-des-etiquettes-premium\/\" \/>\n<meta property=\"og:site_name\" content=\"Emballage Digest\" \/>\n<meta property=\"article:published_time\" content=\"2024-05-06T07:15:18+00:00\" \/>\n<meta property=\"article:modified_time\" content=\"2024-05-06T22:44:45+00:00\" \/>\n<meta property=\"og:image\" content=\"https:\/\/www.emballagedigest.fr\/wp-content\/uploads\/2024\/05\/Xeikon.jpg\" \/>\n\t<meta property=\"og:image:width\" content=\"800\" \/>\n\t<meta property=\"og:image:height\" content=\"517\" \/>\n\t<meta property=\"og:image:type\" content=\"image\/jpeg\" \/>\n<meta name=\"author\" content=\"Karine Duval\" \/>\n<meta name=\"twitter:card\" content=\"summary_large_image\" \/>\n<meta name=\"twitter:label1\" content=\"Written by\" \/>\n\t<meta name=\"twitter:data1\" content=\"Karine Duval\" \/>\n\t<meta name=\"twitter:label2\" content=\"Estimated reading time\" \/>\n\t<meta name=\"twitter:data2\" content=\"3 minutes\" \/>\n<script type=\"application\/ld+json\" class=\"yoast-schema-graph\">{\"@context\":\"https:\/\/schema.org\",\"@graph\":[{\"@type\":\"Article\",\"@id\":\"https:\/\/www.emballagedigest.fr\/xeikon-devoile-une-nouvelle-presse-pour-le-segment-des-etiquettes-premium\/#article\",\"isPartOf\":{\"@id\":\"https:\/\/www.emballagedigest.fr\/xeikon-devoile-une-nouvelle-presse-pour-le-segment-des-etiquettes-premium\/\"},\"author\":{\"name\":\"Karine Duval\",\"@id\":\"https:\/\/www.emballagedigest.fr\/#\/schema\/person\/76abe9f2b2ee4d3d520594c7a35da59f\"},\"headline\":\"Xeikon d\u00e9voile une nouvelle presse pour le segment des \u00e9tiquettes premium\",\"datePublished\":\"2024-05-06T07:15:18+00:00\",\"dateModified\":\"2024-05-06T22:44:45+00:00\",\"mainEntityOfPage\":{\"@id\":\"https:\/\/www.emballagedigest.fr\/xeikon-devoile-une-nouvelle-presse-pour-le-segment-des-etiquettes-premium\/\"},\"wordCount\":591,\"publisher\":{\"@id\":\"https:\/\/www.emballagedigest.fr\/#organization\"},\"image\":{\"@id\":\"https:\/\/www.emballagedigest.fr\/xeikon-devoile-une-nouvelle-presse-pour-le-segment-des-etiquettes-premium\/#primaryimage\"},\"thumbnailUrl\":\"https:\/\/www.emballagedigest.fr\/wp-content\/uploads\/2024\/05\/Xeikon.jpg\",\"articleSection\":[\"Article entier\",\"Mat\u00e9riel\"],\"inLanguage\":\"en-GB\"},{\"@type\":\"WebPage\",\"@id\":\"https:\/\/www.emballagedigest.fr\/xeikon-devoile-une-nouvelle-presse-pour-le-segment-des-etiquettes-premium\/\",\"url\":\"https:\/\/www.emballagedigest.fr\/xeikon-devoile-une-nouvelle-presse-pour-le-segment-des-etiquettes-premium\/\",\"name\":\"Xeikon d\u00e9voile une nouvelle presse pour le segment des \u00e9tiquettes premium - Emballage Digest\",\"isPartOf\":{\"@id\":\"https:\/\/www.emballagedigest.fr\/#website\"},\"primaryImageOfPage\":{\"@id\":\"https:\/\/www.emballagedigest.fr\/xeikon-devoile-une-nouvelle-presse-pour-le-segment-des-etiquettes-premium\/#primaryimage\"},\"image\":{\"@id\":\"https:\/\/www.emballagedigest.fr\/xeikon-devoile-une-nouvelle-presse-pour-le-segment-des-etiquettes-premium\/#primaryimage\"},\"thumbnailUrl\":\"https:\/\/www.emballagedigest.fr\/wp-content\/uploads\/2024\/05\/Xeikon.jpg\",\"datePublished\":\"2024-05-06T07:15:18+00:00\",\"dateModified\":\"2024-05-06T22:44:45+00:00\",\"breadcrumb\":{\"@id\":\"https:\/\/www.emballagedigest.fr\/xeikon-devoile-une-nouvelle-presse-pour-le-segment-des-etiquettes-premium\/#breadcrumb\"},\"inLanguage\":\"en-GB\",\"potentialAction\":[{\"@type\":\"ReadAction\",\"target\":[\"https:\/\/www.emballagedigest.fr\/xeikon-devoile-une-nouvelle-presse-pour-le-segment-des-etiquettes-premium\/\"]}]},{\"@type\":\"ImageObject\",\"inLanguage\":\"en-GB\",\"@id\":\"https:\/\/www.emballagedigest.fr\/xeikon-devoile-une-nouvelle-presse-pour-le-segment-des-etiquettes-premium\/#primaryimage\",\"url\":\"https:\/\/www.emballagedigest.fr\/wp-content\/uploads\/2024\/05\/Xeikon.jpg\",\"contentUrl\":\"https:\/\/www.emballagedigest.fr\/wp-content\/uploads\/2024\/05\/Xeikon.jpg\",\"width\":800,\"height\":517},{\"@type\":\"BreadcrumbList\",\"@id\":\"https:\/\/www.emballagedigest.fr\/xeikon-devoile-une-nouvelle-presse-pour-le-segment-des-etiquettes-premium\/#breadcrumb\",\"itemListElement\":[{\"@type\":\"ListItem\",\"position\":1,\"name\":\"Accueil\",\"item\":\"https:\/\/www.emballagedigest.fr\/\"},{\"@type\":\"ListItem\",\"position\":2,\"name\":\"Xeikon d\u00e9voile une nouvelle presse pour le segment des \u00e9tiquettes premium\"}]},{\"@type\":\"WebSite\",\"@id\":\"https:\/\/www.emballagedigest.fr\/#website\",\"url\":\"https:\/\/www.emballagedigest.fr\/\",\"name\":\"Emballage Digest\",\"description\":\"Revue professionnelle sur les emballages\",\"publisher\":{\"@id\":\"https:\/\/www.emballagedigest.fr\/#organization\"},\"potentialAction\":[{\"@type\":\"SearchAction\",\"target\":{\"@type\":\"EntryPoint\",\"urlTemplate\":\"https:\/\/www.emballagedigest.fr\/?s={search_term_string}\"},\"query-input\":{\"@type\":\"PropertyValueSpecification\",\"valueRequired\":true,\"valueName\":\"search_term_string\"}}],\"inLanguage\":\"en-GB\"},{\"@type\":\"Organization\",\"@id\":\"https:\/\/www.emballagedigest.fr\/#organization\",\"name\":\"Emballage Digest\",\"url\":\"https:\/\/www.emballagedigest.fr\/\",\"logo\":{\"@type\":\"ImageObject\",\"inLanguage\":\"en-GB\",\"@id\":\"https:\/\/www.emballagedigest.fr\/#\/schema\/logo\/image\/\",\"url\":\"https:\/\/www.emballagedigest.fr\/wp-content\/uploads\/2022\/07\/logo-ed.png\",\"contentUrl\":\"https:\/\/www.emballagedigest.fr\/wp-content\/uploads\/2022\/07\/logo-ed.png\",\"width\":379,\"height\":75,\"caption\":\"Emballage Digest\"},\"image\":{\"@id\":\"https:\/\/www.emballagedigest.fr\/#\/schema\/logo\/image\/\"}},{\"@type\":\"Person\",\"@id\":\"https:\/\/www.emballagedigest.fr\/#\/schema\/person\/76abe9f2b2ee4d3d520594c7a35da59f\",\"name\":\"Karine Duval\",\"image\":{\"@type\":\"ImageObject\",\"inLanguage\":\"en-GB\",\"@id\":\"https:\/\/www.emballagedigest.fr\/#\/schema\/person\/image\/\",\"url\":\"https:\/\/secure.gravatar.com\/avatar\/f552799261cdd2e076e6677d780ef07bdb13aa4c196ab75b39abcbcdcae2d4e5?s=96&d=mm&r=g\",\"contentUrl\":\"https:\/\/secure.gravatar.com\/avatar\/f552799261cdd2e076e6677d780ef07bdb13aa4c196ab75b39abcbcdcae2d4e5?s=96&d=mm&r=g\",\"caption\":\"Karine Duval\"},\"url\":\"https:\/\/www.emballagedigest.fr\/en\/author\/admin_karduv\/\"}]}<\/script>\n<!-- \/ Yoast SEO plugin. -->","yoast_head_json":{"title":"Xeikon d\u00e9voile une nouvelle presse pour le segment des \u00e9tiquettes premium - Emballage Digest","robots":{"index":"index","follow":"follow","max-snippet":"max-snippet:-1","max-image-preview":"max-image-preview:large","max-video-preview":"max-video-preview:-1"},"canonical":"https:\/\/www.emballagedigest.fr\/en\/xeikon-devoile-une-nouvelle-presse-pour-le-segment-des-etiquettes-premium\/","og_locale":"en_GB","og_type":"article","og_title":"Xeikon d\u00e9voile une nouvelle presse pour le segment des \u00e9tiquettes premium - Emballage Digest","og_description":"Xeikon d\u00e9voilera sur le prochain salon drupa \u00e0 Dusseldorf du 28 mai au 7 juin 2024 la Xeikon PX3300HD, une nouvelle presse num\u00e9rique de 1200 ppp. D\u00e9velopp\u00e9e pour les \u00e9tiquettes de haute qualit\u00e9, la machine \u00e0 cinq couleurs offre une largeur d\u2019impression de 330 mm et des vitesses allant jusqu\u2019\u00e0 70 m\/min, m\u00eame en cas [&hellip;]","og_url":"https:\/\/www.emballagedigest.fr\/en\/xeikon-devoile-une-nouvelle-presse-pour-le-segment-des-etiquettes-premium\/","og_site_name":"Emballage Digest","article_published_time":"2024-05-06T07:15:18+00:00","article_modified_time":"2024-05-06T22:44:45+00:00","og_image":[{"width":800,"height":517,"url":"https:\/\/www.emballagedigest.fr\/wp-content\/uploads\/2024\/05\/Xeikon.jpg","type":"image\/jpeg"}],"author":"Karine Duval","twitter_card":"summary_large_image","twitter_misc":{"Written by":"Karine Duval","Estimated reading time":"3 minutes"},"schema":{"@context":"https:\/\/schema.org","@graph":[{"@type":"Article","@id":"https:\/\/www.emballagedigest.fr\/xeikon-devoile-une-nouvelle-presse-pour-le-segment-des-etiquettes-premium\/#article","isPartOf":{"@id":"https:\/\/www.emballagedigest.fr\/xeikon-devoile-une-nouvelle-presse-pour-le-segment-des-etiquettes-premium\/"},"author":{"name":"Karine Duval","@id":"https:\/\/www.emballagedigest.fr\/#\/schema\/person\/76abe9f2b2ee4d3d520594c7a35da59f"},"headline":"Xeikon d\u00e9voile une nouvelle presse pour le segment des \u00e9tiquettes premium","datePublished":"2024-05-06T07:15:18+00:00","dateModified":"2024-05-06T22:44:45+00:00","mainEntityOfPage":{"@id":"https:\/\/www.emballagedigest.fr\/xeikon-devoile-une-nouvelle-presse-pour-le-segment-des-etiquettes-premium\/"},"wordCount":591,"publisher":{"@id":"https:\/\/www.emballagedigest.fr\/#organization"},"image":{"@id":"https:\/\/www.emballagedigest.fr\/xeikon-devoile-une-nouvelle-presse-pour-le-segment-des-etiquettes-premium\/#primaryimage"},"thumbnailUrl":"https:\/\/www.emballagedigest.fr\/wp-content\/uploads\/2024\/05\/Xeikon.jpg","articleSection":["Article entier","Mat\u00e9riel"],"inLanguage":"en-GB"},{"@type":"WebPage","@id":"https:\/\/www.emballagedigest.fr\/xeikon-devoile-une-nouvelle-presse-pour-le-segment-des-etiquettes-premium\/","url":"https:\/\/www.emballagedigest.fr\/xeikon-devoile-une-nouvelle-presse-pour-le-segment-des-etiquettes-premium\/","name":"Xeikon d\u00e9voile une nouvelle presse pour le segment des \u00e9tiquettes premium - Emballage Digest","isPartOf":{"@id":"https:\/\/www.emballagedigest.fr\/#website"},"primaryImageOfPage":{"@id":"https:\/\/www.emballagedigest.fr\/xeikon-devoile-une-nouvelle-presse-pour-le-segment-des-etiquettes-premium\/#primaryimage"},"image":{"@id":"https:\/\/www.emballagedigest.fr\/xeikon-devoile-une-nouvelle-presse-pour-le-segment-des-etiquettes-premium\/#primaryimage"},"thumbnailUrl":"https:\/\/www.emballagedigest.fr\/wp-content\/uploads\/2024\/05\/Xeikon.jpg","datePublished":"2024-05-06T07:15:18+00:00","dateModified":"2024-05-06T22:44:45+00:00","breadcrumb":{"@id":"https:\/\/www.emballagedigest.fr\/xeikon-devoile-une-nouvelle-presse-pour-le-segment-des-etiquettes-premium\/#breadcrumb"},"inLanguage":"en-GB","potentialAction":[{"@type":"ReadAction","target":["https:\/\/www.emballagedigest.fr\/xeikon-devoile-une-nouvelle-presse-pour-le-segment-des-etiquettes-premium\/"]}]},{"@type":"ImageObject","inLanguage":"en-GB","@id":"https:\/\/www.emballagedigest.fr\/xeikon-devoile-une-nouvelle-presse-pour-le-segment-des-etiquettes-premium\/#primaryimage","url":"https:\/\/www.emballagedigest.fr\/wp-content\/uploads\/2024\/05\/Xeikon.jpg","contentUrl":"https:\/\/www.emballagedigest.fr\/wp-content\/uploads\/2024\/05\/Xeikon.jpg","width":800,"height":517},{"@type":"BreadcrumbList","@id":"https:\/\/www.emballagedigest.fr\/xeikon-devoile-une-nouvelle-presse-pour-le-segment-des-etiquettes-premium\/#breadcrumb","itemListElement":[{"@type":"ListItem","position":1,"name":"Accueil","item":"https:\/\/www.emballagedigest.fr\/"},{"@type":"ListItem","position":2,"name":"Xeikon d\u00e9voile une nouvelle presse pour le segment des \u00e9tiquettes premium"}]},{"@type":"WebSite","@id":"https:\/\/www.emballagedigest.fr\/#website","url":"https:\/\/www.emballagedigest.fr\/","name":"Emballage Digest","description":"Revue professionnelle sur les emballages","publisher":{"@id":"https:\/\/www.emballagedigest.fr\/#organization"},"potentialAction":[{"@type":"SearchAction","target":{"@type":"EntryPoint","urlTemplate":"https:\/\/www.emballagedigest.fr\/?s={search_term_string}"},"query-input":{"@type":"PropertyValueSpecification","valueRequired":true,"valueName":"search_term_string"}}],"inLanguage":"en-GB"},{"@type":"Organization","@id":"https:\/\/www.emballagedigest.fr\/#organization","name":"Emballage Digest","url":"https:\/\/www.emballagedigest.fr\/","logo":{"@type":"ImageObject","inLanguage":"en-GB","@id":"https:\/\/www.emballagedigest.fr\/#\/schema\/logo\/image\/","url":"https:\/\/www.emballagedigest.fr\/wp-content\/uploads\/2022\/07\/logo-ed.png","contentUrl":"https:\/\/www.emballagedigest.fr\/wp-content\/uploads\/2022\/07\/logo-ed.png","width":379,"height":75,"caption":"Emballage Digest"},"image":{"@id":"https:\/\/www.emballagedigest.fr\/#\/schema\/logo\/image\/"}},{"@type":"Person","@id":"https:\/\/www.emballagedigest.fr\/#\/schema\/person\/76abe9f2b2ee4d3d520594c7a35da59f","name":"Karine Duval","image":{"@type":"ImageObject","inLanguage":"en-GB","@id":"https:\/\/www.emballagedigest.fr\/#\/schema\/person\/image\/","url":"https:\/\/secure.gravatar.com\/avatar\/f552799261cdd2e076e6677d780ef07bdb13aa4c196ab75b39abcbcdcae2d4e5?s=96&d=mm&r=g","contentUrl":"https:\/\/secure.gravatar.com\/avatar\/f552799261cdd2e076e6677d780ef07bdb13aa4c196ab75b39abcbcdcae2d4e5?s=96&d=mm&r=g","caption":"Karine Duval"},"url":"https:\/\/www.emballagedigest.fr\/en\/author\/admin_karduv\/"}]}},"_links":{"self":[{"href":"https:\/\/www.emballagedigest.fr\/en\/wp-json\/wp\/v2\/posts\/40833","targetHints":{"allow":["GET"]}}],"collection":[{"href":"https:\/\/www.emballagedigest.fr\/en\/wp-json\/wp\/v2\/posts"}],"about":[{"href":"https:\/\/www.emballagedigest.fr\/en\/wp-json\/wp\/v2\/types\/post"}],"author":[{"embeddable":true,"href":"https:\/\/www.emballagedigest.fr\/en\/wp-json\/wp\/v2\/users\/2"}],"replies":[{"embeddable":true,"href":"https:\/\/www.emballagedigest.fr\/en\/wp-json\/wp\/v2\/comments?post=40833"}],"version-history":[{"count":1,"href":"https:\/\/www.emballagedigest.fr\/en\/wp-json\/wp\/v2\/posts\/40833\/revisions"}],"predecessor-version":[{"id":40835,"href":"https:\/\/www.emballagedigest.fr\/en\/wp-json\/wp\/v2\/posts\/40833\/revisions\/40835"}],"wp:featuredmedia":[{"embeddable":true,"href":"https:\/\/www.emballagedigest.fr\/en\/wp-json\/wp\/v2\/media\/40834"}],"wp:attachment":[{"href":"https:\/\/www.emballagedigest.fr\/en\/wp-json\/wp\/v2\/media?parent=40833"}],"wp:term":[{"taxonomy":"category","embeddable":true,"href":"https:\/\/www.emballagedigest.fr\/en\/wp-json\/wp\/v2\/categories?post=40833"},{"taxonomy":"post_tag","embeddable":true,"href":"https:\/\/www.emballagedigest.fr\/en\/wp-json\/wp\/v2\/tags?post=40833"}],"curies":[{"name":"wp","href":"https:\/\/api.w.org\/{rel}","templated":true}]}}