{"id":40847,"date":"2024-05-07T00:46:27","date_gmt":"2024-05-06T22:46:27","guid":{"rendered":"https:\/\/www.emballagedigest.fr\/?p=40847"},"modified":"2024-05-10T00:32:48","modified_gmt":"2024-05-09T22:32:48","slug":"le-groupe-guillin-prend-une-participation-dans-wobz","status":"publish","type":"post","link":"https:\/\/www.emballagedigest.fr\/en\/le-groupe-guillin-prend-une-participation-dans-wobz\/","title":{"rendered":"Le Groupe Guillin prend une participation dans Wobz"},"content":{"rendered":"<p><strong>Le fabricant europ\u00e9en des solutions d\u2019emballages alimentaires, le Groupe Guillin annonce avoir pris ce jour une participation de 49% dans Wobz Industries et Wobz Distribution. L\u2019entreprise est sp\u00e9cialis\u00e9e dans l\u2019ultra-personnalisation de contenants adapt\u00e9s \u00e0 tous les \u00e9v\u00e9nements familiaux ou collectifs, notamment avec<\/strong> <strong>une large gamme de gobelets r\u00e9employables couvrant \u00e9galement la demande croissante des festivals et autres manifestations sportives et culturelles.<\/strong><\/p>\n\n\n\n<p>Surfant sur des tendances fortes et porteuses comme la consommation nomade, la digitalisation et la conscience environnementale, Wobz a d\u00e9velopp\u00e9 un outil unique et innovant de personnalisation en ligne, connect\u00e9 \u00e0 un outil industriel num\u00e9rique propri\u00e9taire de premier ordre. En 2023, la soci\u00e9t\u00e9 a r\u00e9alis\u00e9 un chiffre d\u2019affaires de 10 M\u20ac, en tr\u00e8s forte croissance, \u00e0 travers plusieurs sites internet, et emploie 60 salari\u00e9s.<\/p>\n\n\n\n<figure class=\"wp-block-image size-full is-resized\"><img loading=\"lazy\" decoding=\"async\" src=\"https:\/\/www.emballagedigest.fr\/wp-content\/uploads\/2024\/05\/Guillin2.jpg\" alt=\"\" class=\"wp-image-40849\" width=\"830\" height=\"340\" srcset=\"https:\/\/www.emballagedigest.fr\/wp-content\/uploads\/2024\/05\/Guillin2.jpg 800w, https:\/\/www.emballagedigest.fr\/wp-content\/uploads\/2024\/05\/Guillin2-300x123.jpg 300w, https:\/\/www.emballagedigest.fr\/wp-content\/uploads\/2024\/05\/Guillin2-768x315.jpg 768w, https:\/\/www.emballagedigest.fr\/wp-content\/uploads\/2024\/05\/Guillin2-18x7.jpg 18w\" sizes=\"auto, (max-width: 830px) 100vw, 830px\" \/><\/figure>\n\n\n\n<p>\u00ab Nous sommes tr\u00e8s heureux de devenir partenaire de cette belle aventure entrepreneuriale \u00bb, d\u00e9clare Sophie Guillin, directrice g\u00e9n\u00e9rale du Groupe Guillin. \u00ab L\u2019\u00e9nergie et la cr\u00e9ativit\u00e9 qui se d\u00e9gagent des \u00e9quipes de Wobz Distribution et de Wobz Industries sont autant d\u2019atouts qui vont nous permettre d\u2019acc\u00e9l\u00e9rer la digitalisation et la personnalisation de notre offre, tout en d\u00e9veloppant nos solutions r\u00e9employables. Nous aurons \u00e0 c\u0153ur de mettre notre savoir-faire et notre exp\u00e9rience au service de ces deux jeunes start-ups connect\u00e9es \u00bb.<\/p>\n\n\n\n<p>Pour les clients du Groupe Guillin, cette prise de participation est, une fois de plus, l\u2019opportunit\u00e9 d\u2019avoir acc\u00e8s \u00e0 une gamme encore plus \u00e9tendue de solutions d\u2019emballages alimentaires multi-mat\u00e9riaux r\u00e9pondant ainsi \u00e0 l\u2019ensemble de leurs besoins. \u00ab Toutes les \u00e9quipes de Wobz Distribution et de Wobz Industries s\u2019associent \u00e0 ce projet tr\u00e8s motivant qui marque le d\u00e9but d\u2019une nouvelle aventure pour nos structures. Nous allons nous adosser \u00e0 un groupe solide, leader europ\u00e9en, qui va nous permettre de franchir un cap et acc\u00e9l\u00e9rer notre d\u00e9veloppement notamment sur le segment des gobelets personnalisables et r\u00e9employables. C\u2019est un challenge passionnant que nous sommes heureux de relever \u00bb, ajoute Damien Fauve, actionnaire et pr\u00e9sident des deux soci\u00e9t\u00e9s.<\/p>\n\n\n\n<p>Groupe familial fran\u00e7ais cr\u00e9\u00e9 en 1972, le Groupe Guillin est pr\u00e9sent commercialement dans plus de 70 pays avec plus de 25 000 r\u00e9f\u00e9rences de produits disponibles sur stock. Cot\u00e9e sur Euronext Growth, l\u2019entreprise a r\u00e9alis\u00e9 un chiffre d\u2019affaires net consolid\u00e9 de 884,6 M\u20ac en 2023 \u00bb.\u00a0<\/p>","protected":false},"excerpt":{"rendered":"<p>Le fabricant europ\u00e9en des solutions d\u2019emballages alimentaires, le Groupe Guillin annonce avoir pris ce jour une participation de 49% dans Wobz Industries et Wobz Distribution. L\u2019entreprise est sp\u00e9cialis\u00e9e dans l\u2019ultra-personnalisation de contenants adapt\u00e9s \u00e0 tous les \u00e9v\u00e9nements familiaux ou collectifs, notamment avec une large gamme de gobelets r\u00e9employables couvrant \u00e9galement la demande croissante des festivals [&hellip;]<\/p>","protected":false},"author":2,"featured_media":40848,"comment_status":"closed","ping_status":"closed","sticky":false,"template":"","format":"standard","meta":{"_acf_changed":false,"inline_featured_image":false,"iawp_total_views":1,"footnotes":""},"categories":[5,28,81],"tags":[],"class_list":["post-40847","post","type-post","status-publish","format-standard","has-post-thumbnail","hentry","category-alimentaire","category-article-entier","category-packaging"],"acf":[],"yoast_head":"<!-- This site is optimized with the Yoast SEO plugin v24.4 - https:\/\/yoast.com\/wordpress\/plugins\/seo\/ -->\n<title>Le Groupe Guillin prend une participation dans Wobz - Emballage Digest<\/title>\n<meta name=\"robots\" content=\"index, follow, max-snippet:-1, max-image-preview:large, max-video-preview:-1\" \/>\n<link rel=\"canonical\" href=\"https:\/\/www.emballagedigest.fr\/en\/le-groupe-guillin-prend-une-participation-dans-wobz\/\" \/>\n<meta property=\"og:locale\" content=\"en_GB\" \/>\n<meta property=\"og:type\" content=\"article\" \/>\n<meta property=\"og:title\" content=\"Le Groupe Guillin prend une participation dans Wobz - Emballage Digest\" \/>\n<meta property=\"og:description\" content=\"Le fabricant europ\u00e9en des solutions d\u2019emballages alimentaires, le Groupe Guillin annonce avoir pris ce jour une participation de 49% dans Wobz Industries et Wobz Distribution. L\u2019entreprise est sp\u00e9cialis\u00e9e dans l\u2019ultra-personnalisation de contenants adapt\u00e9s \u00e0 tous les \u00e9v\u00e9nements familiaux ou collectifs, notamment avec une large gamme de gobelets r\u00e9employables couvrant \u00e9galement la demande croissante des festivals [&hellip;]\" \/>\n<meta property=\"og:url\" content=\"https:\/\/www.emballagedigest.fr\/en\/le-groupe-guillin-prend-une-participation-dans-wobz\/\" \/>\n<meta property=\"og:site_name\" content=\"Emballage Digest\" \/>\n<meta property=\"article:published_time\" content=\"2024-05-06T22:46:27+00:00\" \/>\n<meta property=\"article:modified_time\" content=\"2024-05-09T22:32:48+00:00\" \/>\n<meta property=\"og:image\" content=\"https:\/\/www.emballagedigest.fr\/wp-content\/uploads\/2024\/05\/Guillin1.jpg\" \/>\n\t<meta property=\"og:image:width\" content=\"800\" \/>\n\t<meta property=\"og:image:height\" content=\"582\" \/>\n\t<meta property=\"og:image:type\" content=\"image\/jpeg\" \/>\n<meta name=\"author\" content=\"Karine Duval\" \/>\n<meta name=\"twitter:card\" content=\"summary_large_image\" \/>\n<meta name=\"twitter:label1\" content=\"Written by\" \/>\n\t<meta name=\"twitter:data1\" content=\"Karine Duval\" \/>\n\t<meta name=\"twitter:label2\" content=\"Estimated reading time\" \/>\n\t<meta name=\"twitter:data2\" content=\"3 minutes\" \/>\n<script type=\"application\/ld+json\" class=\"yoast-schema-graph\">{\"@context\":\"https:\/\/schema.org\",\"@graph\":[{\"@type\":\"Article\",\"@id\":\"https:\/\/www.emballagedigest.fr\/le-groupe-guillin-prend-une-participation-dans-wobz\/#article\",\"isPartOf\":{\"@id\":\"https:\/\/www.emballagedigest.fr\/le-groupe-guillin-prend-une-participation-dans-wobz\/\"},\"author\":{\"name\":\"Karine Duval\",\"@id\":\"https:\/\/www.emballagedigest.fr\/#\/schema\/person\/76abe9f2b2ee4d3d520594c7a35da59f\"},\"headline\":\"Le Groupe Guillin prend une participation dans Wobz\",\"datePublished\":\"2024-05-06T22:46:27+00:00\",\"dateModified\":\"2024-05-09T22:32:48+00:00\",\"mainEntityOfPage\":{\"@id\":\"https:\/\/www.emballagedigest.fr\/le-groupe-guillin-prend-une-participation-dans-wobz\/\"},\"wordCount\":410,\"publisher\":{\"@id\":\"https:\/\/www.emballagedigest.fr\/#organization\"},\"image\":{\"@id\":\"https:\/\/www.emballagedigest.fr\/le-groupe-guillin-prend-une-participation-dans-wobz\/#primaryimage\"},\"thumbnailUrl\":\"https:\/\/www.emballagedigest.fr\/wp-content\/uploads\/2024\/05\/Guillin1.jpg\",\"articleSection\":[\"Alimentaire\",\"Article entier\",\"Packaging\"],\"inLanguage\":\"en-GB\"},{\"@type\":\"WebPage\",\"@id\":\"https:\/\/www.emballagedigest.fr\/le-groupe-guillin-prend-une-participation-dans-wobz\/\",\"url\":\"https:\/\/www.emballagedigest.fr\/le-groupe-guillin-prend-une-participation-dans-wobz\/\",\"name\":\"Le Groupe Guillin prend une participation dans Wobz - Emballage Digest\",\"isPartOf\":{\"@id\":\"https:\/\/www.emballagedigest.fr\/#website\"},\"primaryImageOfPage\":{\"@id\":\"https:\/\/www.emballagedigest.fr\/le-groupe-guillin-prend-une-participation-dans-wobz\/#primaryimage\"},\"image\":{\"@id\":\"https:\/\/www.emballagedigest.fr\/le-groupe-guillin-prend-une-participation-dans-wobz\/#primaryimage\"},\"thumbnailUrl\":\"https:\/\/www.emballagedigest.fr\/wp-content\/uploads\/2024\/05\/Guillin1.jpg\",\"datePublished\":\"2024-05-06T22:46:27+00:00\",\"dateModified\":\"2024-05-09T22:32:48+00:00\",\"breadcrumb\":{\"@id\":\"https:\/\/www.emballagedigest.fr\/le-groupe-guillin-prend-une-participation-dans-wobz\/#breadcrumb\"},\"inLanguage\":\"en-GB\",\"potentialAction\":[{\"@type\":\"ReadAction\",\"target\":[\"https:\/\/www.emballagedigest.fr\/le-groupe-guillin-prend-une-participation-dans-wobz\/\"]}]},{\"@type\":\"ImageObject\",\"inLanguage\":\"en-GB\",\"@id\":\"https:\/\/www.emballagedigest.fr\/le-groupe-guillin-prend-une-participation-dans-wobz\/#primaryimage\",\"url\":\"https:\/\/www.emballagedigest.fr\/wp-content\/uploads\/2024\/05\/Guillin1.jpg\",\"contentUrl\":\"https:\/\/www.emballagedigest.fr\/wp-content\/uploads\/2024\/05\/Guillin1.jpg\",\"width\":800,\"height\":582},{\"@type\":\"BreadcrumbList\",\"@id\":\"https:\/\/www.emballagedigest.fr\/le-groupe-guillin-prend-une-participation-dans-wobz\/#breadcrumb\",\"itemListElement\":[{\"@type\":\"ListItem\",\"position\":1,\"name\":\"Accueil\",\"item\":\"https:\/\/www.emballagedigest.fr\/\"},{\"@type\":\"ListItem\",\"position\":2,\"name\":\"Le Groupe Guillin prend une participation dans Wobz\"}]},{\"@type\":\"WebSite\",\"@id\":\"https:\/\/www.emballagedigest.fr\/#website\",\"url\":\"https:\/\/www.emballagedigest.fr\/\",\"name\":\"Emballage Digest\",\"description\":\"Revue professionnelle sur les emballages\",\"publisher\":{\"@id\":\"https:\/\/www.emballagedigest.fr\/#organization\"},\"potentialAction\":[{\"@type\":\"SearchAction\",\"target\":{\"@type\":\"EntryPoint\",\"urlTemplate\":\"https:\/\/www.emballagedigest.fr\/?s={search_term_string}\"},\"query-input\":{\"@type\":\"PropertyValueSpecification\",\"valueRequired\":true,\"valueName\":\"search_term_string\"}}],\"inLanguage\":\"en-GB\"},{\"@type\":\"Organization\",\"@id\":\"https:\/\/www.emballagedigest.fr\/#organization\",\"name\":\"Emballage Digest\",\"url\":\"https:\/\/www.emballagedigest.fr\/\",\"logo\":{\"@type\":\"ImageObject\",\"inLanguage\":\"en-GB\",\"@id\":\"https:\/\/www.emballagedigest.fr\/#\/schema\/logo\/image\/\",\"url\":\"https:\/\/www.emballagedigest.fr\/wp-content\/uploads\/2022\/07\/logo-ed.png\",\"contentUrl\":\"https:\/\/www.emballagedigest.fr\/wp-content\/uploads\/2022\/07\/logo-ed.png\",\"width\":379,\"height\":75,\"caption\":\"Emballage Digest\"},\"image\":{\"@id\":\"https:\/\/www.emballagedigest.fr\/#\/schema\/logo\/image\/\"}},{\"@type\":\"Person\",\"@id\":\"https:\/\/www.emballagedigest.fr\/#\/schema\/person\/76abe9f2b2ee4d3d520594c7a35da59f\",\"name\":\"Karine Duval\",\"image\":{\"@type\":\"ImageObject\",\"inLanguage\":\"en-GB\",\"@id\":\"https:\/\/www.emballagedigest.fr\/#\/schema\/person\/image\/\",\"url\":\"https:\/\/secure.gravatar.com\/avatar\/f552799261cdd2e076e6677d780ef07bdb13aa4c196ab75b39abcbcdcae2d4e5?s=96&d=mm&r=g\",\"contentUrl\":\"https:\/\/secure.gravatar.com\/avatar\/f552799261cdd2e076e6677d780ef07bdb13aa4c196ab75b39abcbcdcae2d4e5?s=96&d=mm&r=g\",\"caption\":\"Karine Duval\"},\"url\":\"https:\/\/www.emballagedigest.fr\/en\/author\/admin_karduv\/\"}]}<\/script>\n<!-- \/ Yoast SEO plugin. -->","yoast_head_json":{"title":"Le Groupe Guillin prend une participation dans Wobz - Emballage Digest","robots":{"index":"index","follow":"follow","max-snippet":"max-snippet:-1","max-image-preview":"max-image-preview:large","max-video-preview":"max-video-preview:-1"},"canonical":"https:\/\/www.emballagedigest.fr\/en\/le-groupe-guillin-prend-une-participation-dans-wobz\/","og_locale":"en_GB","og_type":"article","og_title":"Le Groupe Guillin prend une participation dans Wobz - Emballage Digest","og_description":"Le fabricant europ\u00e9en des solutions d\u2019emballages alimentaires, le Groupe Guillin annonce avoir pris ce jour une participation de 49% dans Wobz Industries et Wobz Distribution. L\u2019entreprise est sp\u00e9cialis\u00e9e dans l\u2019ultra-personnalisation de contenants adapt\u00e9s \u00e0 tous les \u00e9v\u00e9nements familiaux ou collectifs, notamment avec une large gamme de gobelets r\u00e9employables couvrant \u00e9galement la demande croissante des festivals [&hellip;]","og_url":"https:\/\/www.emballagedigest.fr\/en\/le-groupe-guillin-prend-une-participation-dans-wobz\/","og_site_name":"Emballage Digest","article_published_time":"2024-05-06T22:46:27+00:00","article_modified_time":"2024-05-09T22:32:48+00:00","og_image":[{"width":800,"height":582,"url":"https:\/\/www.emballagedigest.fr\/wp-content\/uploads\/2024\/05\/Guillin1.jpg","type":"image\/jpeg"}],"author":"Karine Duval","twitter_card":"summary_large_image","twitter_misc":{"Written by":"Karine Duval","Estimated reading time":"3 minutes"},"schema":{"@context":"https:\/\/schema.org","@graph":[{"@type":"Article","@id":"https:\/\/www.emballagedigest.fr\/le-groupe-guillin-prend-une-participation-dans-wobz\/#article","isPartOf":{"@id":"https:\/\/www.emballagedigest.fr\/le-groupe-guillin-prend-une-participation-dans-wobz\/"},"author":{"name":"Karine Duval","@id":"https:\/\/www.emballagedigest.fr\/#\/schema\/person\/76abe9f2b2ee4d3d520594c7a35da59f"},"headline":"Le Groupe Guillin prend une participation dans Wobz","datePublished":"2024-05-06T22:46:27+00:00","dateModified":"2024-05-09T22:32:48+00:00","mainEntityOfPage":{"@id":"https:\/\/www.emballagedigest.fr\/le-groupe-guillin-prend-une-participation-dans-wobz\/"},"wordCount":410,"publisher":{"@id":"https:\/\/www.emballagedigest.fr\/#organization"},"image":{"@id":"https:\/\/www.emballagedigest.fr\/le-groupe-guillin-prend-une-participation-dans-wobz\/#primaryimage"},"thumbnailUrl":"https:\/\/www.emballagedigest.fr\/wp-content\/uploads\/2024\/05\/Guillin1.jpg","articleSection":["Alimentaire","Article entier","Packaging"],"inLanguage":"en-GB"},{"@type":"WebPage","@id":"https:\/\/www.emballagedigest.fr\/le-groupe-guillin-prend-une-participation-dans-wobz\/","url":"https:\/\/www.emballagedigest.fr\/le-groupe-guillin-prend-une-participation-dans-wobz\/","name":"Le Groupe Guillin prend une participation dans Wobz - Emballage Digest","isPartOf":{"@id":"https:\/\/www.emballagedigest.fr\/#website"},"primaryImageOfPage":{"@id":"https:\/\/www.emballagedigest.fr\/le-groupe-guillin-prend-une-participation-dans-wobz\/#primaryimage"},"image":{"@id":"https:\/\/www.emballagedigest.fr\/le-groupe-guillin-prend-une-participation-dans-wobz\/#primaryimage"},"thumbnailUrl":"https:\/\/www.emballagedigest.fr\/wp-content\/uploads\/2024\/05\/Guillin1.jpg","datePublished":"2024-05-06T22:46:27+00:00","dateModified":"2024-05-09T22:32:48+00:00","breadcrumb":{"@id":"https:\/\/www.emballagedigest.fr\/le-groupe-guillin-prend-une-participation-dans-wobz\/#breadcrumb"},"inLanguage":"en-GB","potentialAction":[{"@type":"ReadAction","target":["https:\/\/www.emballagedigest.fr\/le-groupe-guillin-prend-une-participation-dans-wobz\/"]}]},{"@type":"ImageObject","inLanguage":"en-GB","@id":"https:\/\/www.emballagedigest.fr\/le-groupe-guillin-prend-une-participation-dans-wobz\/#primaryimage","url":"https:\/\/www.emballagedigest.fr\/wp-content\/uploads\/2024\/05\/Guillin1.jpg","contentUrl":"https:\/\/www.emballagedigest.fr\/wp-content\/uploads\/2024\/05\/Guillin1.jpg","width":800,"height":582},{"@type":"BreadcrumbList","@id":"https:\/\/www.emballagedigest.fr\/le-groupe-guillin-prend-une-participation-dans-wobz\/#breadcrumb","itemListElement":[{"@type":"ListItem","position":1,"name":"Accueil","item":"https:\/\/www.emballagedigest.fr\/"},{"@type":"ListItem","position":2,"name":"Le Groupe Guillin prend une participation dans Wobz"}]},{"@type":"WebSite","@id":"https:\/\/www.emballagedigest.fr\/#website","url":"https:\/\/www.emballagedigest.fr\/","name":"Emballage Digest","description":"Revue professionnelle sur les emballages","publisher":{"@id":"https:\/\/www.emballagedigest.fr\/#organization"},"potentialAction":[{"@type":"SearchAction","target":{"@type":"EntryPoint","urlTemplate":"https:\/\/www.emballagedigest.fr\/?s={search_term_string}"},"query-input":{"@type":"PropertyValueSpecification","valueRequired":true,"valueName":"search_term_string"}}],"inLanguage":"en-GB"},{"@type":"Organization","@id":"https:\/\/www.emballagedigest.fr\/#organization","name":"Emballage Digest","url":"https:\/\/www.emballagedigest.fr\/","logo":{"@type":"ImageObject","inLanguage":"en-GB","@id":"https:\/\/www.emballagedigest.fr\/#\/schema\/logo\/image\/","url":"https:\/\/www.emballagedigest.fr\/wp-content\/uploads\/2022\/07\/logo-ed.png","contentUrl":"https:\/\/www.emballagedigest.fr\/wp-content\/uploads\/2022\/07\/logo-ed.png","width":379,"height":75,"caption":"Emballage Digest"},"image":{"@id":"https:\/\/www.emballagedigest.fr\/#\/schema\/logo\/image\/"}},{"@type":"Person","@id":"https:\/\/www.emballagedigest.fr\/#\/schema\/person\/76abe9f2b2ee4d3d520594c7a35da59f","name":"Karine Duval","image":{"@type":"ImageObject","inLanguage":"en-GB","@id":"https:\/\/www.emballagedigest.fr\/#\/schema\/person\/image\/","url":"https:\/\/secure.gravatar.com\/avatar\/f552799261cdd2e076e6677d780ef07bdb13aa4c196ab75b39abcbcdcae2d4e5?s=96&d=mm&r=g","contentUrl":"https:\/\/secure.gravatar.com\/avatar\/f552799261cdd2e076e6677d780ef07bdb13aa4c196ab75b39abcbcdcae2d4e5?s=96&d=mm&r=g","caption":"Karine Duval"},"url":"https:\/\/www.emballagedigest.fr\/en\/author\/admin_karduv\/"}]}},"_links":{"self":[{"href":"https:\/\/www.emballagedigest.fr\/en\/wp-json\/wp\/v2\/posts\/40847","targetHints":{"allow":["GET"]}}],"collection":[{"href":"https:\/\/www.emballagedigest.fr\/en\/wp-json\/wp\/v2\/posts"}],"about":[{"href":"https:\/\/www.emballagedigest.fr\/en\/wp-json\/wp\/v2\/types\/post"}],"author":[{"embeddable":true,"href":"https:\/\/www.emballagedigest.fr\/en\/wp-json\/wp\/v2\/users\/2"}],"replies":[{"embeddable":true,"href":"https:\/\/www.emballagedigest.fr\/en\/wp-json\/wp\/v2\/comments?post=40847"}],"version-history":[{"count":1,"href":"https:\/\/www.emballagedigest.fr\/en\/wp-json\/wp\/v2\/posts\/40847\/revisions"}],"predecessor-version":[{"id":40850,"href":"https:\/\/www.emballagedigest.fr\/en\/wp-json\/wp\/v2\/posts\/40847\/revisions\/40850"}],"wp:featuredmedia":[{"embeddable":true,"href":"https:\/\/www.emballagedigest.fr\/en\/wp-json\/wp\/v2\/media\/40848"}],"wp:attachment":[{"href":"https:\/\/www.emballagedigest.fr\/en\/wp-json\/wp\/v2\/media?parent=40847"}],"wp:term":[{"taxonomy":"category","embeddable":true,"href":"https:\/\/www.emballagedigest.fr\/en\/wp-json\/wp\/v2\/categories?post=40847"},{"taxonomy":"post_tag","embeddable":true,"href":"https:\/\/www.emballagedigest.fr\/en\/wp-json\/wp\/v2\/tags?post=40847"}],"curies":[{"name":"wp","href":"https:\/\/api.w.org\/{rel}","templated":true}]}}