{"id":41138,"date":"2024-05-31T10:44:00","date_gmt":"2024-05-31T08:44:00","guid":{"rendered":"https:\/\/www.emballagedigest.fr\/?p=41138"},"modified":"2024-06-05T10:46:54","modified_gmt":"2024-06-05T08:46:54","slug":"des-thermoformeuses-a-la-portee-des-pme","status":"publish","type":"post","link":"https:\/\/www.emballagedigest.fr\/en\/des-thermoformeuses-a-la-portee-des-pme\/","title":{"rendered":"Des thermoformeuses \u00e0 la port\u00e9e des PME"},"content":{"rendered":"<p><strong>Moins co\u00fbteuses, focalis\u00e9es sur les t\u00e2ches essentielles et faciles \u00e0 prendre en main, m\u00eame par du personnel inexp\u00e9riment\u00e9, les thermoformeuses destin\u00e9es aux PME constituent une cat\u00e9gorie bien \u00e0 part pour les constructeurs.<\/strong><\/p>\n\n\n\n<p>\u00ab\u00a0L\u2019introduction des thermoformeuses S\u00e9rie PROsur le march\u00e9 fran\u00e7ais vise \u00e0 renforcer notre position sur le segment des machines \u00e9conomiques et compactes que recherchent la plupart des PME de l\u2019agroalimentaire\u00bb, explique Thomas Fran\u00e7ois, responsable commercial de Sealpac pour les r\u00e9gions Nord et Est. De fait, dans le thermoformage, ce fournisseur \u00e9tait jusque-l\u00e0 connu pour sa S\u00e9rie RE, constitu\u00e9e d\u2019\u00e9quipements plut\u00f4t destin\u00e9s aux grandes s\u00e9ries. \u00abDu point de vue de la capacit\u00e9 de production, la S\u00e9rie PRO s\u2019arr\u00eate avec la PRO14 l\u00e0 o\u00f9 la S\u00e9rie RE commence avec RE15\u00bb, indique le responsable commercial.<br>Mais au-del\u00e0 de l\u2019\u00e9largissement de l\u2019offre, cette S\u00e9rie PRO marque aussi chez Sealpac un tournant en ce qui concerne les m\u00e9thodes de fabrication : \u00abalors que la S\u00e9rie RE met en \u0153uvre des ch\u00e2ssis pli\u00e9s, des entretoises soud\u00e9es, etc., autrement dit des proc\u00e9d\u00e9s qui contribuent \u00e0 la robustesse des mat\u00e9riels mais en augmentent le prix de revient, la S\u00e9rie PRO mise sur la d\u00e9coupe laser et une construction modulaire \u00e0 m\u00eame d\u2019abaisser les co\u00fbts de production\u00bb. Et si l\u2019on ajoute \u00e0 cela quelques optimisations et compromis techniques, on arriverait dans certaines configurations \u00e0 un \u00e9cart tarifaire de 30 \u00e0 40% entre la gamme RE et la S\u00e9rie PRO, estime Thomas Fran\u00e7ois.<\/p>\n\n\n\n<p><strong>Trois machines compl\u00e9mentaires<\/strong><br>\u00ab\u00a0Le second int\u00e9r\u00eat de cette nouvelle famille pour les PME, poursuit-il, c\u2019est le\u00a0gain de place obtenu au niveau des zones de chargement gr\u00e2ce \u00e0 l\u2019adoption d\u2019un syst\u00e8me de cloisonnement autour des mont\u00e9es de postes et \u00e0 la suppression concomitante des capots de protection amont et aval\u00bb. La longueur d\u2019une S\u00e9rie PRO d\u00e9marre ainsi \u00e0 3 m et peut aller jusqu\u2019\u00e0 4 m pour la PRO10, 5 m pour la PRO12 et 6 m pour la PRO14. En dehors de la longueur et de la cadence (jusqu\u2019\u00e0 8 cycles\/minute pour les PRO10 et PRO12, 10 cycles\/minute pour la PRO14), les diff\u00e9rences entre les trois mod\u00e8les portent sur la laize (jusqu\u2019\u00e0 460 mm dans tous les cas mais avec davantage de latitude pour les PRO12 et PRO14), sur les pas d\u2019avance (pr\u00e9d\u00e9finis pour la PRO10, d\u00e9finissables par tranches de 10 mm pour la PRO12 et la PRO14), la profondeur maximale de formage (105 mm pour les PRO10 et PRO12, 140 mm pour la PRO14), et sur la compatibilit\u00e9 avec les diff\u00e9rents mat\u00e9riaux et techniques d\u2019emballage. Concr\u00e8tement, la PRO10 sera limit\u00e9e aux films souples et au sous-vide tandis que la PR012 autorise la mise sous atmosph\u00e8re modifi\u00e9e et que la PRO14 peut en outre traiter les films rigides et r\u00e9aliser des emballages r\u00e9tractables de type ShrinkStyle\u00ae.<\/p>\n\n\n\n<p><strong>Le skin et rien que le skin\u00a0!<\/strong><br>Reste \u00e0 savoir si la polyvalence technique des mod\u00e8les les plus sophistiqu\u00e9s correspond \u00e0 un v\u00e9ritable besoin de la part des industriels. Il y a quelques ann\u00e9es, c\u2019est ce que d\u00e9clarait Ulma Packaging en pr\u00e9sentant la thermoformeuse TFS 200 MSV (pour MAP\/Skin\/Vacuum). Or, c\u2019est un constat sensiblement diff\u00e9rent que dresse aujourd\u2019hui Yves Belzanne, directeur du d\u00e9veloppement commercial thermo\/operculage pour la France\u00a0: \u00abl\u2019exp\u00e9rience montre que les clients qui ont acquis cette machine l\u2019utilisent en r\u00e9alit\u00e9 pour faire soit du MAP et de la mise sous vide, soit uniquement du skin\u00bb. L\u2019autre constat d\u2019Ulma, c\u2019est que le choix a priori surprenant des entreprises qui n\u2019ach\u00e8tent la TFS 200 MSV que pour le skin s\u2019explique en grande partie par l\u2019attractivit\u00e9 de son tarif. \u00abD\u2019o\u00f9 l\u2019id\u00e9e de proposer une d\u00e9clinaison encore moins co\u00fbteuse de ce mod\u00e8le en lui \u00f4tant le MAP et la mise sous vide, ce que nous avons fait avec la TFS 200 Sdont les caract\u00e9ristiques g\u00e9n\u00e9rales sont identiques \u00e0 celles de la MSV \u2013 notamment une cadence max. de 7,5 cycles\/minute en skin \u2013 pour un prix catalogue inf\u00e9rieur d\u2019environ 15%\u00bb, indique le porte-parole d\u2019Ulma Packaging.<\/p>\n\n\n\n<p><strong>Une thermoformeuse qui ne forme pas<\/strong><br>Pour les poissons, charcuteries et autres viandes fra\u00eeches sous emballage skin, Ulma Packaging a par ailleurs lanc\u00e9 la TFS 216 : une machine assez particuli\u00e8re dans le sens o\u00f9 si elle est bel et bien construite sur la base d\u2019une thermoformeuse, elle n\u2019op\u00e8re aucun formage du support. L\u2019id\u00e9e est en l\u2019occurrence de travailler \u00e0 partir d\u2019un carton (avec liner) livr\u00e9 en rouleau et qui reste plat jusqu\u2019\u00e0 sa d\u00e9coupe, apr\u00e8s nappage du film, mise sous vide et soudure. \u00abLa protrusion des produits sur ces cartons plats peut atteindre 90 mm et il est possible de traiter jusqu\u2019\u00e0 six plateaux \u00e0 la fois \u00e0 une cadence comprise entre 7 et 10 cycles\/min\u00bb, d\u00e9taille le directeur du d\u00e9veloppement commercial. Pr\u00e9cisons que la TFS 216 s\u2019av\u00e8re d\u2019autant plus \u00e9conomique \u00e0 l\u2019usage qu\u2019elle est \u00e9quip\u00e9e d\u2019un syst\u00e8me de transport du film inf\u00e9rieur sans cha\u00eene qui rend le carton utilisable sur toute sa largeur, sans aucun d\u00e9chet.<\/p>\n\n\n\n<p>Dans ce m\u00eame objectif de limiter les chutes de film, Yves Belzanne mentionne \u00e9galement la nouvelle technique brevet\u00e9e Width-Flex qui permet de faire varier la laize d\u2019une machine en fonction des imp\u00e9ratifs de production&nbsp;: \u00abtout se fait en mode 100% automatique gr\u00e2ce \u00e0 des moteurs brushless. S\u2019agissant de la thermoformeuse TFS 700, la plus grosse de notre gamme et pour l\u2019instant la seule \u00e0 b\u00e9n\u00e9ficier de cette option, le r\u00e9glage va de 320 \u00e0 700 mm\u00bb.<\/p>\n\n\n\n<p><strong>Le confort des r\u00e9glages 100% automatiques<\/strong><br>Pour \u00c9ric Le Normand, responsable technique chez Guelt, la simplification des changements de formats fait aujourd\u2019hui partie des services les plus utiles qu\u2019un constructeur de machines puisse rendre \u00e0 ses clients, surtout dans le cas des PME : \u00abdans l\u2019agroalimentaire, ces entreprises ont encore plus de mal \u00e0 recruter que les autres, donc elles embauchent souvent des personnes sans exp\u00e9rience qui appr\u00e9cieront tout particuli\u00e8rement les r\u00e9glages 100% automatiques\u00bb. Lanc\u00e9e en 2019 mais plusieurs fois am\u00e9lior\u00e9e depuis, la THR3 Premiumest l\u2019exemple type de ces \u00e9quipements faciles \u00e0 piloter. \u00abLes changements de formats automatiques concernent \u00e0 la fois le formage, la soudure et la d\u00e9coupe, ces deux derni\u00e8res \u00e9tapes \u00e9tant op\u00e9r\u00e9es sur le m\u00eame poste\u00bb, souligne le responsable technique. Une conception originale qui a d\u2019ailleurs \u00e9t\u00e9 l\u2019occasion d\u2019un d\u00e9p\u00f4t de brevet portant sur une \u00e9tape de soudure sp\u00e9cifique\u00a0: \u00absur cette machine, la d\u00e9coupe a pour effet de supprimer la liaison qui existe entre les deux films et permet normalement l\u2019entra\u00eenement du film sup\u00e9rieur. Si bien qu\u2019il nous a fallu r\u00e9tablir une liaison sur les bords du film gr\u00e2ce \u00e0 un petit poste de soudure situ\u00e9 avant le poste principal et dont la description constitue l\u2019un des points cl\u00e9s du brevet\u00bb.<\/p>\n\n\n\n<p><strong>Intelligence assist\u00e9e<\/strong><br>En pratique, lorsque le changement de format n\u2019impose pas le remplacement du film, Guelt garantit une ex\u00e9cution en moins de 30 secondes. \u00abIl suffit d\u2019appuyer sur un bouton et le reste s\u2019effectue tout seul\u00a0\u00bb, commente \u00c9ric Le Normand, ajoutant que gr\u00e2ce \u00e0 certaines astuces d\u2019implantation, le fait de disposer \u00e0 demeure d\u2019un choix de quatre outillages sup\u00e9rieurs n\u2019a pas d\u2019impact significatif sur l\u2019encombrement de la machine (L x l x h\u00a0: 3153 x 1140 x 1727 mm).<br>Caract\u00e9ris\u00e9e par une cadence de 6 \u00e0 15 cycles\/minute et une profondeur de thermoformage de 70 mm en cinq paliers, la derni\u00e8re version de la THR3 Premiumse veut capable de r\u00e9pondre \u00e0 la plupart des cas d\u2019utilisation (film rigide, film souple, carton\u2026) avec en prime un certain quotient d\u2019intelligence assist\u00e9e : \u00abelle peut reconna\u00eetre les films et mat\u00e9riaux qu\u2019elle va souder et propose alors les r\u00e9glages ad\u00e9quats \u00e0 l\u2019op\u00e9rateur en fonction de l\u2019historique\u00bb.<\/p>","protected":false},"excerpt":{"rendered":"<p>Moins co\u00fbteuses, focalis\u00e9es sur les t\u00e2ches essentielles et faciles \u00e0 prendre en main, m\u00eame par du personnel inexp\u00e9riment\u00e9, les thermoformeuses destin\u00e9es aux PME constituent une cat\u00e9gorie bien \u00e0 part pour les constructeurs. \u00ab\u00a0L\u2019introduction des thermoformeuses S\u00e9rie PROsur le march\u00e9 fran\u00e7ais vise \u00e0 renforcer notre position sur le segment des machines \u00e9conomiques et compactes que recherchent [&hellip;]<\/p>","protected":false},"author":2,"featured_media":41139,"comment_status":"closed","ping_status":"closed","sticky":false,"template":"","format":"standard","meta":{"_acf_changed":false,"inline_featured_image":false,"iawp_total_views":0,"footnotes":""},"categories":[5,26,35,65],"tags":[],"class_list":["post-41138","post","type-post","status-publish","format-standard","has-post-thumbnail","hentry","category-alimentaire","category-laterale","category-machines-fr","category-vu-dans-le-mag"],"acf":[],"yoast_head":"<!-- This site is optimized with the Yoast SEO plugin v24.4 - https:\/\/yoast.com\/wordpress\/plugins\/seo\/ -->\n<title>Des thermoformeuses \u00e0 la port\u00e9e des PME - Emballage Digest<\/title>\n<meta name=\"robots\" content=\"index, follow, max-snippet:-1, max-image-preview:large, max-video-preview:-1\" \/>\n<link rel=\"canonical\" href=\"https:\/\/www.emballagedigest.fr\/en\/des-thermoformeuses-a-la-portee-des-pme\/\" \/>\n<meta property=\"og:locale\" content=\"en_GB\" \/>\n<meta property=\"og:type\" content=\"article\" \/>\n<meta property=\"og:title\" content=\"Des thermoformeuses \u00e0 la port\u00e9e des PME - Emballage Digest\" \/>\n<meta property=\"og:description\" content=\"Moins co\u00fbteuses, focalis\u00e9es sur les t\u00e2ches essentielles et faciles \u00e0 prendre en main, m\u00eame par du personnel inexp\u00e9riment\u00e9, les thermoformeuses destin\u00e9es aux PME constituent une cat\u00e9gorie bien \u00e0 part pour les constructeurs. \u00ab\u00a0L\u2019introduction des thermoformeuses S\u00e9rie PROsur le march\u00e9 fran\u00e7ais vise \u00e0 renforcer notre position sur le segment des machines \u00e9conomiques et compactes que recherchent [&hellip;]\" \/>\n<meta property=\"og:url\" content=\"https:\/\/www.emballagedigest.fr\/en\/des-thermoformeuses-a-la-portee-des-pme\/\" \/>\n<meta property=\"og:site_name\" content=\"Emballage Digest\" \/>\n<meta property=\"article:published_time\" content=\"2024-05-31T08:44:00+00:00\" \/>\n<meta property=\"article:modified_time\" content=\"2024-06-05T08:46:54+00:00\" \/>\n<meta property=\"og:image\" content=\"https:\/\/www.emballagedigest.fr\/wp-content\/uploads\/2024\/06\/Sealpac.jpg\" \/>\n\t<meta property=\"og:image:width\" content=\"800\" \/>\n\t<meta property=\"og:image:height\" content=\"544\" \/>\n\t<meta property=\"og:image:type\" content=\"image\/jpeg\" \/>\n<meta name=\"author\" content=\"Karine Duval\" \/>\n<meta name=\"twitter:card\" content=\"summary_large_image\" \/>\n<meta name=\"twitter:label1\" content=\"Written by\" \/>\n\t<meta name=\"twitter:data1\" content=\"Karine Duval\" \/>\n\t<meta name=\"twitter:label2\" content=\"Estimated reading time\" \/>\n\t<meta name=\"twitter:data2\" content=\"7 minutes\" \/>\n<script type=\"application\/ld+json\" class=\"yoast-schema-graph\">{\"@context\":\"https:\/\/schema.org\",\"@graph\":[{\"@type\":\"Article\",\"@id\":\"https:\/\/www.emballagedigest.fr\/des-thermoformeuses-a-la-portee-des-pme\/#article\",\"isPartOf\":{\"@id\":\"https:\/\/www.emballagedigest.fr\/des-thermoformeuses-a-la-portee-des-pme\/\"},\"author\":{\"name\":\"Karine Duval\",\"@id\":\"https:\/\/www.emballagedigest.fr\/#\/schema\/person\/76abe9f2b2ee4d3d520594c7a35da59f\"},\"headline\":\"Des thermoformeuses \u00e0 la port\u00e9e des PME\",\"datePublished\":\"2024-05-31T08:44:00+00:00\",\"dateModified\":\"2024-06-05T08:46:54+00:00\",\"mainEntityOfPage\":{\"@id\":\"https:\/\/www.emballagedigest.fr\/des-thermoformeuses-a-la-portee-des-pme\/\"},\"wordCount\":1373,\"publisher\":{\"@id\":\"https:\/\/www.emballagedigest.fr\/#organization\"},\"image\":{\"@id\":\"https:\/\/www.emballagedigest.fr\/des-thermoformeuses-a-la-portee-des-pme\/#primaryimage\"},\"thumbnailUrl\":\"https:\/\/www.emballagedigest.fr\/wp-content\/uploads\/2024\/06\/Sealpac.jpg\",\"articleSection\":[\"Alimentaire\",\"Barre lat\u00e9rale\",\"Machines\",\"Vu dans le mag\"],\"inLanguage\":\"en-GB\"},{\"@type\":\"WebPage\",\"@id\":\"https:\/\/www.emballagedigest.fr\/des-thermoformeuses-a-la-portee-des-pme\/\",\"url\":\"https:\/\/www.emballagedigest.fr\/des-thermoformeuses-a-la-portee-des-pme\/\",\"name\":\"Des thermoformeuses \u00e0 la port\u00e9e des PME - Emballage Digest\",\"isPartOf\":{\"@id\":\"https:\/\/www.emballagedigest.fr\/#website\"},\"primaryImageOfPage\":{\"@id\":\"https:\/\/www.emballagedigest.fr\/des-thermoformeuses-a-la-portee-des-pme\/#primaryimage\"},\"image\":{\"@id\":\"https:\/\/www.emballagedigest.fr\/des-thermoformeuses-a-la-portee-des-pme\/#primaryimage\"},\"thumbnailUrl\":\"https:\/\/www.emballagedigest.fr\/wp-content\/uploads\/2024\/06\/Sealpac.jpg\",\"datePublished\":\"2024-05-31T08:44:00+00:00\",\"dateModified\":\"2024-06-05T08:46:54+00:00\",\"breadcrumb\":{\"@id\":\"https:\/\/www.emballagedigest.fr\/des-thermoformeuses-a-la-portee-des-pme\/#breadcrumb\"},\"inLanguage\":\"en-GB\",\"potentialAction\":[{\"@type\":\"ReadAction\",\"target\":[\"https:\/\/www.emballagedigest.fr\/des-thermoformeuses-a-la-portee-des-pme\/\"]}]},{\"@type\":\"ImageObject\",\"inLanguage\":\"en-GB\",\"@id\":\"https:\/\/www.emballagedigest.fr\/des-thermoformeuses-a-la-portee-des-pme\/#primaryimage\",\"url\":\"https:\/\/www.emballagedigest.fr\/wp-content\/uploads\/2024\/06\/Sealpac.jpg\",\"contentUrl\":\"https:\/\/www.emballagedigest.fr\/wp-content\/uploads\/2024\/06\/Sealpac.jpg\",\"width\":800,\"height\":544},{\"@type\":\"BreadcrumbList\",\"@id\":\"https:\/\/www.emballagedigest.fr\/des-thermoformeuses-a-la-portee-des-pme\/#breadcrumb\",\"itemListElement\":[{\"@type\":\"ListItem\",\"position\":1,\"name\":\"Accueil\",\"item\":\"https:\/\/www.emballagedigest.fr\/\"},{\"@type\":\"ListItem\",\"position\":2,\"name\":\"Des thermoformeuses \u00e0 la port\u00e9e des PME\"}]},{\"@type\":\"WebSite\",\"@id\":\"https:\/\/www.emballagedigest.fr\/#website\",\"url\":\"https:\/\/www.emballagedigest.fr\/\",\"name\":\"Emballage Digest\",\"description\":\"Revue professionnelle sur les emballages\",\"publisher\":{\"@id\":\"https:\/\/www.emballagedigest.fr\/#organization\"},\"potentialAction\":[{\"@type\":\"SearchAction\",\"target\":{\"@type\":\"EntryPoint\",\"urlTemplate\":\"https:\/\/www.emballagedigest.fr\/?s={search_term_string}\"},\"query-input\":{\"@type\":\"PropertyValueSpecification\",\"valueRequired\":true,\"valueName\":\"search_term_string\"}}],\"inLanguage\":\"en-GB\"},{\"@type\":\"Organization\",\"@id\":\"https:\/\/www.emballagedigest.fr\/#organization\",\"name\":\"Emballage Digest\",\"url\":\"https:\/\/www.emballagedigest.fr\/\",\"logo\":{\"@type\":\"ImageObject\",\"inLanguage\":\"en-GB\",\"@id\":\"https:\/\/www.emballagedigest.fr\/#\/schema\/logo\/image\/\",\"url\":\"https:\/\/www.emballagedigest.fr\/wp-content\/uploads\/2022\/07\/logo-ed.png\",\"contentUrl\":\"https:\/\/www.emballagedigest.fr\/wp-content\/uploads\/2022\/07\/logo-ed.png\",\"width\":379,\"height\":75,\"caption\":\"Emballage Digest\"},\"image\":{\"@id\":\"https:\/\/www.emballagedigest.fr\/#\/schema\/logo\/image\/\"}},{\"@type\":\"Person\",\"@id\":\"https:\/\/www.emballagedigest.fr\/#\/schema\/person\/76abe9f2b2ee4d3d520594c7a35da59f\",\"name\":\"Karine Duval\",\"image\":{\"@type\":\"ImageObject\",\"inLanguage\":\"en-GB\",\"@id\":\"https:\/\/www.emballagedigest.fr\/#\/schema\/person\/image\/\",\"url\":\"https:\/\/secure.gravatar.com\/avatar\/f552799261cdd2e076e6677d780ef07bdb13aa4c196ab75b39abcbcdcae2d4e5?s=96&d=mm&r=g\",\"contentUrl\":\"https:\/\/secure.gravatar.com\/avatar\/f552799261cdd2e076e6677d780ef07bdb13aa4c196ab75b39abcbcdcae2d4e5?s=96&d=mm&r=g\",\"caption\":\"Karine Duval\"},\"url\":\"https:\/\/www.emballagedigest.fr\/en\/author\/admin_karduv\/\"}]}<\/script>\n<!-- \/ Yoast SEO plugin. -->","yoast_head_json":{"title":"Des thermoformeuses \u00e0 la port\u00e9e des PME - Emballage Digest","robots":{"index":"index","follow":"follow","max-snippet":"max-snippet:-1","max-image-preview":"max-image-preview:large","max-video-preview":"max-video-preview:-1"},"canonical":"https:\/\/www.emballagedigest.fr\/en\/des-thermoformeuses-a-la-portee-des-pme\/","og_locale":"en_GB","og_type":"article","og_title":"Des thermoformeuses \u00e0 la port\u00e9e des PME - Emballage Digest","og_description":"Moins co\u00fbteuses, focalis\u00e9es sur les t\u00e2ches essentielles et faciles \u00e0 prendre en main, m\u00eame par du personnel inexp\u00e9riment\u00e9, les thermoformeuses destin\u00e9es aux PME constituent une cat\u00e9gorie bien \u00e0 part pour les constructeurs. \u00ab\u00a0L\u2019introduction des thermoformeuses S\u00e9rie PROsur le march\u00e9 fran\u00e7ais vise \u00e0 renforcer notre position sur le segment des machines \u00e9conomiques et compactes que recherchent [&hellip;]","og_url":"https:\/\/www.emballagedigest.fr\/en\/des-thermoformeuses-a-la-portee-des-pme\/","og_site_name":"Emballage Digest","article_published_time":"2024-05-31T08:44:00+00:00","article_modified_time":"2024-06-05T08:46:54+00:00","og_image":[{"width":800,"height":544,"url":"https:\/\/www.emballagedigest.fr\/wp-content\/uploads\/2024\/06\/Sealpac.jpg","type":"image\/jpeg"}],"author":"Karine Duval","twitter_card":"summary_large_image","twitter_misc":{"Written by":"Karine Duval","Estimated reading time":"7 minutes"},"schema":{"@context":"https:\/\/schema.org","@graph":[{"@type":"Article","@id":"https:\/\/www.emballagedigest.fr\/des-thermoformeuses-a-la-portee-des-pme\/#article","isPartOf":{"@id":"https:\/\/www.emballagedigest.fr\/des-thermoformeuses-a-la-portee-des-pme\/"},"author":{"name":"Karine Duval","@id":"https:\/\/www.emballagedigest.fr\/#\/schema\/person\/76abe9f2b2ee4d3d520594c7a35da59f"},"headline":"Des thermoformeuses \u00e0 la port\u00e9e des PME","datePublished":"2024-05-31T08:44:00+00:00","dateModified":"2024-06-05T08:46:54+00:00","mainEntityOfPage":{"@id":"https:\/\/www.emballagedigest.fr\/des-thermoformeuses-a-la-portee-des-pme\/"},"wordCount":1373,"publisher":{"@id":"https:\/\/www.emballagedigest.fr\/#organization"},"image":{"@id":"https:\/\/www.emballagedigest.fr\/des-thermoformeuses-a-la-portee-des-pme\/#primaryimage"},"thumbnailUrl":"https:\/\/www.emballagedigest.fr\/wp-content\/uploads\/2024\/06\/Sealpac.jpg","articleSection":["Alimentaire","Barre lat\u00e9rale","Machines","Vu dans le mag"],"inLanguage":"en-GB"},{"@type":"WebPage","@id":"https:\/\/www.emballagedigest.fr\/des-thermoformeuses-a-la-portee-des-pme\/","url":"https:\/\/www.emballagedigest.fr\/des-thermoformeuses-a-la-portee-des-pme\/","name":"Des thermoformeuses \u00e0 la port\u00e9e des PME - Emballage Digest","isPartOf":{"@id":"https:\/\/www.emballagedigest.fr\/#website"},"primaryImageOfPage":{"@id":"https:\/\/www.emballagedigest.fr\/des-thermoformeuses-a-la-portee-des-pme\/#primaryimage"},"image":{"@id":"https:\/\/www.emballagedigest.fr\/des-thermoformeuses-a-la-portee-des-pme\/#primaryimage"},"thumbnailUrl":"https:\/\/www.emballagedigest.fr\/wp-content\/uploads\/2024\/06\/Sealpac.jpg","datePublished":"2024-05-31T08:44:00+00:00","dateModified":"2024-06-05T08:46:54+00:00","breadcrumb":{"@id":"https:\/\/www.emballagedigest.fr\/des-thermoformeuses-a-la-portee-des-pme\/#breadcrumb"},"inLanguage":"en-GB","potentialAction":[{"@type":"ReadAction","target":["https:\/\/www.emballagedigest.fr\/des-thermoformeuses-a-la-portee-des-pme\/"]}]},{"@type":"ImageObject","inLanguage":"en-GB","@id":"https:\/\/www.emballagedigest.fr\/des-thermoformeuses-a-la-portee-des-pme\/#primaryimage","url":"https:\/\/www.emballagedigest.fr\/wp-content\/uploads\/2024\/06\/Sealpac.jpg","contentUrl":"https:\/\/www.emballagedigest.fr\/wp-content\/uploads\/2024\/06\/Sealpac.jpg","width":800,"height":544},{"@type":"BreadcrumbList","@id":"https:\/\/www.emballagedigest.fr\/des-thermoformeuses-a-la-portee-des-pme\/#breadcrumb","itemListElement":[{"@type":"ListItem","position":1,"name":"Accueil","item":"https:\/\/www.emballagedigest.fr\/"},{"@type":"ListItem","position":2,"name":"Des thermoformeuses \u00e0 la port\u00e9e des PME"}]},{"@type":"WebSite","@id":"https:\/\/www.emballagedigest.fr\/#website","url":"https:\/\/www.emballagedigest.fr\/","name":"Emballage Digest","description":"Revue professionnelle sur les emballages","publisher":{"@id":"https:\/\/www.emballagedigest.fr\/#organization"},"potentialAction":[{"@type":"SearchAction","target":{"@type":"EntryPoint","urlTemplate":"https:\/\/www.emballagedigest.fr\/?s={search_term_string}"},"query-input":{"@type":"PropertyValueSpecification","valueRequired":true,"valueName":"search_term_string"}}],"inLanguage":"en-GB"},{"@type":"Organization","@id":"https:\/\/www.emballagedigest.fr\/#organization","name":"Emballage Digest","url":"https:\/\/www.emballagedigest.fr\/","logo":{"@type":"ImageObject","inLanguage":"en-GB","@id":"https:\/\/www.emballagedigest.fr\/#\/schema\/logo\/image\/","url":"https:\/\/www.emballagedigest.fr\/wp-content\/uploads\/2022\/07\/logo-ed.png","contentUrl":"https:\/\/www.emballagedigest.fr\/wp-content\/uploads\/2022\/07\/logo-ed.png","width":379,"height":75,"caption":"Emballage Digest"},"image":{"@id":"https:\/\/www.emballagedigest.fr\/#\/schema\/logo\/image\/"}},{"@type":"Person","@id":"https:\/\/www.emballagedigest.fr\/#\/schema\/person\/76abe9f2b2ee4d3d520594c7a35da59f","name":"Karine Duval","image":{"@type":"ImageObject","inLanguage":"en-GB","@id":"https:\/\/www.emballagedigest.fr\/#\/schema\/person\/image\/","url":"https:\/\/secure.gravatar.com\/avatar\/f552799261cdd2e076e6677d780ef07bdb13aa4c196ab75b39abcbcdcae2d4e5?s=96&d=mm&r=g","contentUrl":"https:\/\/secure.gravatar.com\/avatar\/f552799261cdd2e076e6677d780ef07bdb13aa4c196ab75b39abcbcdcae2d4e5?s=96&d=mm&r=g","caption":"Karine Duval"},"url":"https:\/\/www.emballagedigest.fr\/en\/author\/admin_karduv\/"}]}},"_links":{"self":[{"href":"https:\/\/www.emballagedigest.fr\/en\/wp-json\/wp\/v2\/posts\/41138","targetHints":{"allow":["GET"]}}],"collection":[{"href":"https:\/\/www.emballagedigest.fr\/en\/wp-json\/wp\/v2\/posts"}],"about":[{"href":"https:\/\/www.emballagedigest.fr\/en\/wp-json\/wp\/v2\/types\/post"}],"author":[{"embeddable":true,"href":"https:\/\/www.emballagedigest.fr\/en\/wp-json\/wp\/v2\/users\/2"}],"replies":[{"embeddable":true,"href":"https:\/\/www.emballagedigest.fr\/en\/wp-json\/wp\/v2\/comments?post=41138"}],"version-history":[{"count":1,"href":"https:\/\/www.emballagedigest.fr\/en\/wp-json\/wp\/v2\/posts\/41138\/revisions"}],"predecessor-version":[{"id":41140,"href":"https:\/\/www.emballagedigest.fr\/en\/wp-json\/wp\/v2\/posts\/41138\/revisions\/41140"}],"wp:featuredmedia":[{"embeddable":true,"href":"https:\/\/www.emballagedigest.fr\/en\/wp-json\/wp\/v2\/media\/41139"}],"wp:attachment":[{"href":"https:\/\/www.emballagedigest.fr\/en\/wp-json\/wp\/v2\/media?parent=41138"}],"wp:term":[{"taxonomy":"category","embeddable":true,"href":"https:\/\/www.emballagedigest.fr\/en\/wp-json\/wp\/v2\/categories?post=41138"},{"taxonomy":"post_tag","embeddable":true,"href":"https:\/\/www.emballagedigest.fr\/en\/wp-json\/wp\/v2\/tags?post=41138"}],"curies":[{"name":"wp","href":"https:\/\/api.w.org\/{rel}","templated":true}]}}