{"id":41311,"date":"2024-06-19T00:25:40","date_gmt":"2024-06-18T22:25:40","guid":{"rendered":"https:\/\/www.emballagedigest.fr\/?p=41311"},"modified":"2024-06-20T00:06:38","modified_gmt":"2024-06-19T22:06:38","slug":"coveris-annonce-un-partenariat-avec-interzero","status":"publish","type":"post","link":"https:\/\/www.emballagedigest.fr\/en\/coveris-annonce-un-partenariat-avec-interzero\/","title":{"rendered":"Coveris annonce un partenariat avec Interzero"},"content":{"rendered":"<p><strong>Pour alimenter ses unit\u00e9s de recyclage ReCover, le fabricant d\u2019emballages Coveris a d\u00e9cid\u00e9 de s\u2019approvisionner en plastiques collect\u00e9s et tri\u00e9s par Interzero, fournisseur de services environnementaux de premier plan sp\u00e9cialis\u00e9 dans la gestion des d\u00e9chets, les solutions en boucle ferm\u00e9e et les m\u00e9thodes innovantes de recyclage des plastiques. Objectif&nbsp;: d\u00e9velopper une boucle ferm\u00e9e de recyclage des plastiques.<\/strong><\/p>\n\n\n\n<p>Les mat\u00e9riaux collect\u00e9s et tri\u00e9s par Interzero seront d\u00e9sormais trait\u00e9s par les unit\u00e9s ReCover de Coveris, ce qui permettra de produire des r\u00e9sines recycl\u00e9es de haute qualit\u00e9 par recyclage m\u00e9canique d\u2019une qualit\u00e9 in\u00e9gal\u00e9e sur le march\u00e9. Ces r\u00e9sines seront ensuite utilis\u00e9es dans des produits d\u2019emballage haute performance de Coveris, tels que les films de regroupement de produits Duralite&nbsp;R.<\/p>\n\n\n\n<p>\u00ab&nbsp;Nous sommes tr\u00e8s enthousiastes \u00e0 propos de ce partenariat avec Interzero, car il s\u2019aligne parfaitement avec notre vision No&nbsp;Waste. En int\u00e9grant des d\u00e9chets de post-consommation correctement tri\u00e9s \u00e0 nos processus de recyclage, nous faisons un grand pas vers une boucle compl\u00e8tement ferm\u00e9e&nbsp;\u00bb, a expliqu\u00e9 Christian&nbsp;Kolarik, pdg de Coveris.<\/p>\n\n\n\n<p>Objectifs&nbsp;: r\u00e9duire l\u2019empreinte carbone et les d\u00e9chets, la garantie de l\u2019acc\u00e8s aux mati\u00e8res premi\u00e8res et le respect des r\u00e9glementations gouvernementales en termes d\u2019emballages et de d\u00e9chets.<\/p>\n\n\n\n<p>\u00ab&nbsp;Collaborer avec Coveris nous permet de mettre \u00e0 profit notre expertise dans la collecte et le tri des d\u00e9chets, afin de contribuer \u00e0 produire des r\u00e9sines recycl\u00e9es de haute qualit\u00e9. Ensemble, nous pouvons avoir un impact consid\u00e9rable sur la r\u00e9duction des d\u00e9chets. L\u2019\u00e9conomie circulaire est un projet conjoint qui profite \u00e0 tous. Nous fa\u00e7onnons l\u2019\u00e9conomie circulaire de demain, pour un monde sans d\u00e9chets&nbsp;\u00bb, a d\u00e9clar\u00e9 Jan&nbsp;Kroker, pdg d\u2019Interzero.<\/p>","protected":false},"excerpt":{"rendered":"<p>Pour alimenter ses unit\u00e9s de recyclage ReCover, le fabricant d\u2019emballages Coveris a d\u00e9cid\u00e9 de s\u2019approvisionner en plastiques collect\u00e9s et tri\u00e9s par Interzero, fournisseur de services environnementaux de premier plan sp\u00e9cialis\u00e9 dans la gestion des d\u00e9chets, les solutions en boucle ferm\u00e9e et les m\u00e9thodes innovantes de recyclage des plastiques. Objectif&nbsp;: d\u00e9velopper une boucle ferm\u00e9e de recyclage [&hellip;]<\/p>","protected":false},"author":2,"featured_media":41312,"comment_status":"closed","ping_status":"closed","sticky":false,"template":"","format":"standard","meta":{"_acf_changed":false,"inline_featured_image":false,"iawp_total_views":0,"footnotes":""},"categories":[28,10],"tags":[],"class_list":["post-41311","post","type-post","status-publish","format-standard","has-post-thumbnail","hentry","category-article-entier","category-materiaux"],"acf":[],"yoast_head":"<!-- This site is optimized with the Yoast SEO plugin v24.4 - https:\/\/yoast.com\/wordpress\/plugins\/seo\/ -->\n<title>Coveris annonce un partenariat avec Interzero - Emballage Digest<\/title>\n<meta name=\"robots\" content=\"index, follow, max-snippet:-1, max-image-preview:large, max-video-preview:-1\" \/>\n<link rel=\"canonical\" href=\"https:\/\/www.emballagedigest.fr\/en\/coveris-annonce-un-partenariat-avec-interzero\/\" \/>\n<meta property=\"og:locale\" content=\"en_GB\" \/>\n<meta property=\"og:type\" content=\"article\" \/>\n<meta property=\"og:title\" content=\"Coveris annonce un partenariat avec Interzero - Emballage Digest\" \/>\n<meta property=\"og:description\" content=\"Pour alimenter ses unit\u00e9s de recyclage ReCover, le fabricant d\u2019emballages Coveris a d\u00e9cid\u00e9 de s\u2019approvisionner en plastiques collect\u00e9s et tri\u00e9s par Interzero, fournisseur de services environnementaux de premier plan sp\u00e9cialis\u00e9 dans la gestion des d\u00e9chets, les solutions en boucle ferm\u00e9e et les m\u00e9thodes innovantes de recyclage des plastiques. Objectif&nbsp;: d\u00e9velopper une boucle ferm\u00e9e de recyclage [&hellip;]\" \/>\n<meta property=\"og:url\" content=\"https:\/\/www.emballagedigest.fr\/en\/coveris-annonce-un-partenariat-avec-interzero\/\" \/>\n<meta property=\"og:site_name\" content=\"Emballage Digest\" \/>\n<meta property=\"article:published_time\" content=\"2024-06-18T22:25:40+00:00\" \/>\n<meta property=\"article:modified_time\" content=\"2024-06-19T22:06:38+00:00\" \/>\n<meta property=\"og:image\" content=\"https:\/\/www.emballagedigest.fr\/wp-content\/uploads\/2024\/06\/Coveris.jpg\" \/>\n\t<meta property=\"og:image:width\" content=\"800\" \/>\n\t<meta property=\"og:image:height\" content=\"533\" \/>\n\t<meta property=\"og:image:type\" content=\"image\/jpeg\" \/>\n<meta name=\"author\" content=\"Karine Duval\" \/>\n<meta name=\"twitter:card\" content=\"summary_large_image\" \/>\n<meta name=\"twitter:label1\" content=\"Written by\" \/>\n\t<meta name=\"twitter:data1\" content=\"Karine Duval\" \/>\n\t<meta name=\"twitter:label2\" content=\"Estimated reading time\" \/>\n\t<meta name=\"twitter:data2\" content=\"2 minutes\" \/>\n<script type=\"application\/ld+json\" class=\"yoast-schema-graph\">{\"@context\":\"https:\/\/schema.org\",\"@graph\":[{\"@type\":\"Article\",\"@id\":\"https:\/\/www.emballagedigest.fr\/coveris-annonce-un-partenariat-avec-interzero\/#article\",\"isPartOf\":{\"@id\":\"https:\/\/www.emballagedigest.fr\/coveris-annonce-un-partenariat-avec-interzero\/\"},\"author\":{\"name\":\"Karine Duval\",\"@id\":\"https:\/\/www.emballagedigest.fr\/#\/schema\/person\/76abe9f2b2ee4d3d520594c7a35da59f\"},\"headline\":\"Coveris annonce un partenariat avec Interzero\",\"datePublished\":\"2024-06-18T22:25:40+00:00\",\"dateModified\":\"2024-06-19T22:06:38+00:00\",\"mainEntityOfPage\":{\"@id\":\"https:\/\/www.emballagedigest.fr\/coveris-annonce-un-partenariat-avec-interzero\/\"},\"wordCount\":328,\"publisher\":{\"@id\":\"https:\/\/www.emballagedigest.fr\/#organization\"},\"image\":{\"@id\":\"https:\/\/www.emballagedigest.fr\/coveris-annonce-un-partenariat-avec-interzero\/#primaryimage\"},\"thumbnailUrl\":\"https:\/\/www.emballagedigest.fr\/wp-content\/uploads\/2024\/06\/Coveris.jpg\",\"articleSection\":[\"Article entier\",\"Mat\u00e9riaux\"],\"inLanguage\":\"en-GB\"},{\"@type\":\"WebPage\",\"@id\":\"https:\/\/www.emballagedigest.fr\/coveris-annonce-un-partenariat-avec-interzero\/\",\"url\":\"https:\/\/www.emballagedigest.fr\/coveris-annonce-un-partenariat-avec-interzero\/\",\"name\":\"Coveris annonce un partenariat avec Interzero - Emballage Digest\",\"isPartOf\":{\"@id\":\"https:\/\/www.emballagedigest.fr\/#website\"},\"primaryImageOfPage\":{\"@id\":\"https:\/\/www.emballagedigest.fr\/coveris-annonce-un-partenariat-avec-interzero\/#primaryimage\"},\"image\":{\"@id\":\"https:\/\/www.emballagedigest.fr\/coveris-annonce-un-partenariat-avec-interzero\/#primaryimage\"},\"thumbnailUrl\":\"https:\/\/www.emballagedigest.fr\/wp-content\/uploads\/2024\/06\/Coveris.jpg\",\"datePublished\":\"2024-06-18T22:25:40+00:00\",\"dateModified\":\"2024-06-19T22:06:38+00:00\",\"breadcrumb\":{\"@id\":\"https:\/\/www.emballagedigest.fr\/coveris-annonce-un-partenariat-avec-interzero\/#breadcrumb\"},\"inLanguage\":\"en-GB\",\"potentialAction\":[{\"@type\":\"ReadAction\",\"target\":[\"https:\/\/www.emballagedigest.fr\/coveris-annonce-un-partenariat-avec-interzero\/\"]}]},{\"@type\":\"ImageObject\",\"inLanguage\":\"en-GB\",\"@id\":\"https:\/\/www.emballagedigest.fr\/coveris-annonce-un-partenariat-avec-interzero\/#primaryimage\",\"url\":\"https:\/\/www.emballagedigest.fr\/wp-content\/uploads\/2024\/06\/Coveris.jpg\",\"contentUrl\":\"https:\/\/www.emballagedigest.fr\/wp-content\/uploads\/2024\/06\/Coveris.jpg\",\"width\":800,\"height\":533},{\"@type\":\"BreadcrumbList\",\"@id\":\"https:\/\/www.emballagedigest.fr\/coveris-annonce-un-partenariat-avec-interzero\/#breadcrumb\",\"itemListElement\":[{\"@type\":\"ListItem\",\"position\":1,\"name\":\"Accueil\",\"item\":\"https:\/\/www.emballagedigest.fr\/\"},{\"@type\":\"ListItem\",\"position\":2,\"name\":\"Coveris annonce un partenariat avec Interzero\"}]},{\"@type\":\"WebSite\",\"@id\":\"https:\/\/www.emballagedigest.fr\/#website\",\"url\":\"https:\/\/www.emballagedigest.fr\/\",\"name\":\"Emballage Digest\",\"description\":\"Revue professionnelle sur les emballages\",\"publisher\":{\"@id\":\"https:\/\/www.emballagedigest.fr\/#organization\"},\"potentialAction\":[{\"@type\":\"SearchAction\",\"target\":{\"@type\":\"EntryPoint\",\"urlTemplate\":\"https:\/\/www.emballagedigest.fr\/?s={search_term_string}\"},\"query-input\":{\"@type\":\"PropertyValueSpecification\",\"valueRequired\":true,\"valueName\":\"search_term_string\"}}],\"inLanguage\":\"en-GB\"},{\"@type\":\"Organization\",\"@id\":\"https:\/\/www.emballagedigest.fr\/#organization\",\"name\":\"Emballage Digest\",\"url\":\"https:\/\/www.emballagedigest.fr\/\",\"logo\":{\"@type\":\"ImageObject\",\"inLanguage\":\"en-GB\",\"@id\":\"https:\/\/www.emballagedigest.fr\/#\/schema\/logo\/image\/\",\"url\":\"https:\/\/www.emballagedigest.fr\/wp-content\/uploads\/2022\/07\/logo-ed.png\",\"contentUrl\":\"https:\/\/www.emballagedigest.fr\/wp-content\/uploads\/2022\/07\/logo-ed.png\",\"width\":379,\"height\":75,\"caption\":\"Emballage Digest\"},\"image\":{\"@id\":\"https:\/\/www.emballagedigest.fr\/#\/schema\/logo\/image\/\"}},{\"@type\":\"Person\",\"@id\":\"https:\/\/www.emballagedigest.fr\/#\/schema\/person\/76abe9f2b2ee4d3d520594c7a35da59f\",\"name\":\"Karine Duval\",\"image\":{\"@type\":\"ImageObject\",\"inLanguage\":\"en-GB\",\"@id\":\"https:\/\/www.emballagedigest.fr\/#\/schema\/person\/image\/\",\"url\":\"https:\/\/secure.gravatar.com\/avatar\/f552799261cdd2e076e6677d780ef07bdb13aa4c196ab75b39abcbcdcae2d4e5?s=96&d=mm&r=g\",\"contentUrl\":\"https:\/\/secure.gravatar.com\/avatar\/f552799261cdd2e076e6677d780ef07bdb13aa4c196ab75b39abcbcdcae2d4e5?s=96&d=mm&r=g\",\"caption\":\"Karine Duval\"},\"url\":\"https:\/\/www.emballagedigest.fr\/en\/author\/admin_karduv\/\"}]}<\/script>\n<!-- \/ Yoast SEO plugin. -->","yoast_head_json":{"title":"Coveris annonce un partenariat avec Interzero - Emballage Digest","robots":{"index":"index","follow":"follow","max-snippet":"max-snippet:-1","max-image-preview":"max-image-preview:large","max-video-preview":"max-video-preview:-1"},"canonical":"https:\/\/www.emballagedigest.fr\/en\/coveris-annonce-un-partenariat-avec-interzero\/","og_locale":"en_GB","og_type":"article","og_title":"Coveris annonce un partenariat avec Interzero - Emballage Digest","og_description":"Pour alimenter ses unit\u00e9s de recyclage ReCover, le fabricant d\u2019emballages Coveris a d\u00e9cid\u00e9 de s\u2019approvisionner en plastiques collect\u00e9s et tri\u00e9s par Interzero, fournisseur de services environnementaux de premier plan sp\u00e9cialis\u00e9 dans la gestion des d\u00e9chets, les solutions en boucle ferm\u00e9e et les m\u00e9thodes innovantes de recyclage des plastiques. Objectif&nbsp;: d\u00e9velopper une boucle ferm\u00e9e de recyclage [&hellip;]","og_url":"https:\/\/www.emballagedigest.fr\/en\/coveris-annonce-un-partenariat-avec-interzero\/","og_site_name":"Emballage Digest","article_published_time":"2024-06-18T22:25:40+00:00","article_modified_time":"2024-06-19T22:06:38+00:00","og_image":[{"width":800,"height":533,"url":"https:\/\/www.emballagedigest.fr\/wp-content\/uploads\/2024\/06\/Coveris.jpg","type":"image\/jpeg"}],"author":"Karine Duval","twitter_card":"summary_large_image","twitter_misc":{"Written by":"Karine Duval","Estimated reading time":"2 minutes"},"schema":{"@context":"https:\/\/schema.org","@graph":[{"@type":"Article","@id":"https:\/\/www.emballagedigest.fr\/coveris-annonce-un-partenariat-avec-interzero\/#article","isPartOf":{"@id":"https:\/\/www.emballagedigest.fr\/coveris-annonce-un-partenariat-avec-interzero\/"},"author":{"name":"Karine Duval","@id":"https:\/\/www.emballagedigest.fr\/#\/schema\/person\/76abe9f2b2ee4d3d520594c7a35da59f"},"headline":"Coveris annonce un partenariat avec Interzero","datePublished":"2024-06-18T22:25:40+00:00","dateModified":"2024-06-19T22:06:38+00:00","mainEntityOfPage":{"@id":"https:\/\/www.emballagedigest.fr\/coveris-annonce-un-partenariat-avec-interzero\/"},"wordCount":328,"publisher":{"@id":"https:\/\/www.emballagedigest.fr\/#organization"},"image":{"@id":"https:\/\/www.emballagedigest.fr\/coveris-annonce-un-partenariat-avec-interzero\/#primaryimage"},"thumbnailUrl":"https:\/\/www.emballagedigest.fr\/wp-content\/uploads\/2024\/06\/Coveris.jpg","articleSection":["Article entier","Mat\u00e9riaux"],"inLanguage":"en-GB"},{"@type":"WebPage","@id":"https:\/\/www.emballagedigest.fr\/coveris-annonce-un-partenariat-avec-interzero\/","url":"https:\/\/www.emballagedigest.fr\/coveris-annonce-un-partenariat-avec-interzero\/","name":"Coveris annonce un partenariat avec Interzero - Emballage Digest","isPartOf":{"@id":"https:\/\/www.emballagedigest.fr\/#website"},"primaryImageOfPage":{"@id":"https:\/\/www.emballagedigest.fr\/coveris-annonce-un-partenariat-avec-interzero\/#primaryimage"},"image":{"@id":"https:\/\/www.emballagedigest.fr\/coveris-annonce-un-partenariat-avec-interzero\/#primaryimage"},"thumbnailUrl":"https:\/\/www.emballagedigest.fr\/wp-content\/uploads\/2024\/06\/Coveris.jpg","datePublished":"2024-06-18T22:25:40+00:00","dateModified":"2024-06-19T22:06:38+00:00","breadcrumb":{"@id":"https:\/\/www.emballagedigest.fr\/coveris-annonce-un-partenariat-avec-interzero\/#breadcrumb"},"inLanguage":"en-GB","potentialAction":[{"@type":"ReadAction","target":["https:\/\/www.emballagedigest.fr\/coveris-annonce-un-partenariat-avec-interzero\/"]}]},{"@type":"ImageObject","inLanguage":"en-GB","@id":"https:\/\/www.emballagedigest.fr\/coveris-annonce-un-partenariat-avec-interzero\/#primaryimage","url":"https:\/\/www.emballagedigest.fr\/wp-content\/uploads\/2024\/06\/Coveris.jpg","contentUrl":"https:\/\/www.emballagedigest.fr\/wp-content\/uploads\/2024\/06\/Coveris.jpg","width":800,"height":533},{"@type":"BreadcrumbList","@id":"https:\/\/www.emballagedigest.fr\/coveris-annonce-un-partenariat-avec-interzero\/#breadcrumb","itemListElement":[{"@type":"ListItem","position":1,"name":"Accueil","item":"https:\/\/www.emballagedigest.fr\/"},{"@type":"ListItem","position":2,"name":"Coveris annonce un partenariat avec Interzero"}]},{"@type":"WebSite","@id":"https:\/\/www.emballagedigest.fr\/#website","url":"https:\/\/www.emballagedigest.fr\/","name":"Emballage Digest","description":"Revue professionnelle sur les emballages","publisher":{"@id":"https:\/\/www.emballagedigest.fr\/#organization"},"potentialAction":[{"@type":"SearchAction","target":{"@type":"EntryPoint","urlTemplate":"https:\/\/www.emballagedigest.fr\/?s={search_term_string}"},"query-input":{"@type":"PropertyValueSpecification","valueRequired":true,"valueName":"search_term_string"}}],"inLanguage":"en-GB"},{"@type":"Organization","@id":"https:\/\/www.emballagedigest.fr\/#organization","name":"Emballage Digest","url":"https:\/\/www.emballagedigest.fr\/","logo":{"@type":"ImageObject","inLanguage":"en-GB","@id":"https:\/\/www.emballagedigest.fr\/#\/schema\/logo\/image\/","url":"https:\/\/www.emballagedigest.fr\/wp-content\/uploads\/2022\/07\/logo-ed.png","contentUrl":"https:\/\/www.emballagedigest.fr\/wp-content\/uploads\/2022\/07\/logo-ed.png","width":379,"height":75,"caption":"Emballage Digest"},"image":{"@id":"https:\/\/www.emballagedigest.fr\/#\/schema\/logo\/image\/"}},{"@type":"Person","@id":"https:\/\/www.emballagedigest.fr\/#\/schema\/person\/76abe9f2b2ee4d3d520594c7a35da59f","name":"Karine Duval","image":{"@type":"ImageObject","inLanguage":"en-GB","@id":"https:\/\/www.emballagedigest.fr\/#\/schema\/person\/image\/","url":"https:\/\/secure.gravatar.com\/avatar\/f552799261cdd2e076e6677d780ef07bdb13aa4c196ab75b39abcbcdcae2d4e5?s=96&d=mm&r=g","contentUrl":"https:\/\/secure.gravatar.com\/avatar\/f552799261cdd2e076e6677d780ef07bdb13aa4c196ab75b39abcbcdcae2d4e5?s=96&d=mm&r=g","caption":"Karine Duval"},"url":"https:\/\/www.emballagedigest.fr\/en\/author\/admin_karduv\/"}]}},"_links":{"self":[{"href":"https:\/\/www.emballagedigest.fr\/en\/wp-json\/wp\/v2\/posts\/41311","targetHints":{"allow":["GET"]}}],"collection":[{"href":"https:\/\/www.emballagedigest.fr\/en\/wp-json\/wp\/v2\/posts"}],"about":[{"href":"https:\/\/www.emballagedigest.fr\/en\/wp-json\/wp\/v2\/types\/post"}],"author":[{"embeddable":true,"href":"https:\/\/www.emballagedigest.fr\/en\/wp-json\/wp\/v2\/users\/2"}],"replies":[{"embeddable":true,"href":"https:\/\/www.emballagedigest.fr\/en\/wp-json\/wp\/v2\/comments?post=41311"}],"version-history":[{"count":1,"href":"https:\/\/www.emballagedigest.fr\/en\/wp-json\/wp\/v2\/posts\/41311\/revisions"}],"predecessor-version":[{"id":41313,"href":"https:\/\/www.emballagedigest.fr\/en\/wp-json\/wp\/v2\/posts\/41311\/revisions\/41313"}],"wp:featuredmedia":[{"embeddable":true,"href":"https:\/\/www.emballagedigest.fr\/en\/wp-json\/wp\/v2\/media\/41312"}],"wp:attachment":[{"href":"https:\/\/www.emballagedigest.fr\/en\/wp-json\/wp\/v2\/media?parent=41311"}],"wp:term":[{"taxonomy":"category","embeddable":true,"href":"https:\/\/www.emballagedigest.fr\/en\/wp-json\/wp\/v2\/categories?post=41311"},{"taxonomy":"post_tag","embeddable":true,"href":"https:\/\/www.emballagedigest.fr\/en\/wp-json\/wp\/v2\/tags?post=41311"}],"curies":[{"name":"wp","href":"https:\/\/api.w.org\/{rel}","templated":true}]}}