{"id":41348,"date":"2024-06-24T00:13:15","date_gmt":"2024-06-23T22:13:15","guid":{"rendered":"https:\/\/www.emballagedigest.fr\/?p=41348"},"modified":"2024-06-25T08:59:52","modified_gmt":"2024-06-25T06:59:52","slug":"christophe-beneton-nomme-president-du-pole-emballage-de-la-fnb","status":"publish","type":"post","link":"https:\/\/www.emballagedigest.fr\/en\/christophe-beneton-nomme-president-du-pole-emballage-de-la-fnb\/","title":{"rendered":"Christophe B\u00e9n\u00e9ton nomm\u00e9 pr\u00e9sident du P\u00f4le Emballage de la FNB"},"content":{"rendered":"<p><strong>La F\u00e9d\u00e9ration Nationale du Bois annonce la nomination de Christophe B\u00e9n\u00e9ton \u00e0 la pr\u00e9sidence du P\u00f4le Emballage et de la Commission Palettes. Ce p\u00f4le et cette commission r\u00e9unissent l\u2019ensemble des acteurs de l\u2019emballage adh\u00e9rents \u00e0 la FNB, incluant les scieurs, fabricants, reconditionneurs et loueurs de palettes en bois.<\/strong><\/p>\n\n\n\n<p>Christophe B\u00e9n\u00e9ton, pr\u00e9sident du groupe Selva (anciennement Enviris), apporte avec lui une vaste exp\u00e9rience industrielle et sa vision strat\u00e9gique. Sous sa direction, le groupe est devenu un acteur majeur du secteur de l\u2019industrie de l\u2019emballage en bois en proposant une offre compl\u00e8te autour de la palette.<\/p>\n\n\n\n<p>Dot\u00e9 d\u2019un exploitant forestier (Mourlan), d\u2019une scierie (Mourlan), de deux sites de fabrication (Mourlan et STPM), de 13 sites de reconditionnement en France et un en Espagne (INRR et Mayaj), ainsi que d\u2019une usine de production de granul\u00e9s bois (la Manufacture de Granul\u00e9s), Selva Group ma\u00eetrise l\u2019ensemble de la cha\u00eene de valeur du bois de mani\u00e8re totalement int\u00e9gr\u00e9e.<\/p>\n\n\n\n<p>\u00ab Avec l\u2019\u00e9nergie et l\u2019engagement de nos adh\u00e9rents, nous allons travailler pour renforcer la reconnaissance du secteur de la palette et de l\u2019emballage en bois, am\u00e9liorer notre comp\u00e9titivit\u00e9 face \u00e0 la concurrence internationale, promouvoir le r\u00e9emploi et valoriser l\u2019image et la professionnalisation de nos m\u00e9tier \u00bb, a comment\u00e9 Christophe B\u00e9n\u00e9ton.<\/p>\n\n\n\n<p>\u00ab Nous sommes convaincus que Christophe B\u00e9n\u00e9ton, avec son dynamisme et son engagement, saura insuffler une nouvelle \u00e9nergie au P\u00f4le Emballage. Nous remercions Jean-Philippe Gaussorgues pour le travail accompli durant ses sept ann\u00e9es de pr\u00e9sidence \u00bb, a ajout\u00e9<br>Jean-Pascal Archimbaud, pr\u00e9sident de la FNB.<\/p>\n\n\n\n<p>Au-del\u00e0 d\u2019un maillage territorial, la FNB f\u00e9d\u00e8re 80 organisations nationales, r\u00e9gionales ou m\u00e9tiers d\u00e9di\u00e9s au bois fran\u00e7ais et \u00e0 son utilisation. Elle repr\u00e9sente ainsi 1 500 entreprises pour 6,5 milliards d\u2019euros de chiffres d\u2019affaires.<\/p>","protected":false},"excerpt":{"rendered":"<p>La F\u00e9d\u00e9ration Nationale du Bois annonce la nomination de Christophe B\u00e9n\u00e9ton \u00e0 la pr\u00e9sidence du P\u00f4le Emballage et de la Commission Palettes. Ce p\u00f4le et cette commission r\u00e9unissent l\u2019ensemble des acteurs de l\u2019emballage adh\u00e9rents \u00e0 la FNB, incluant les scieurs, fabricants, reconditionneurs et loueurs de palettes en bois. Christophe B\u00e9n\u00e9ton, pr\u00e9sident du groupe Selva (anciennement [&hellip;]<\/p>","protected":false},"author":2,"featured_media":41349,"comment_status":"closed","ping_status":"closed","sticky":false,"template":"","format":"standard","meta":{"_acf_changed":false,"inline_featured_image":false,"iawp_total_views":0,"footnotes":""},"categories":[28,11,8,76],"tags":[],"class_list":["post-41348","post","type-post","status-publish","format-standard","has-post-thumbnail","hentry","category-article-entier","category-emballages","category-industrie","category-nomination"],"acf":[],"yoast_head":"<!-- This site is optimized with the Yoast SEO plugin v24.4 - https:\/\/yoast.com\/wordpress\/plugins\/seo\/ -->\n<title>Christophe B\u00e9n\u00e9ton nomm\u00e9 pr\u00e9sident du P\u00f4le Emballage de la FNB - Emballage Digest<\/title>\n<meta name=\"robots\" content=\"index, follow, max-snippet:-1, max-image-preview:large, max-video-preview:-1\" \/>\n<link rel=\"canonical\" href=\"https:\/\/www.emballagedigest.fr\/en\/christophe-beneton-nomme-president-du-pole-emballage-de-la-fnb\/\" \/>\n<meta property=\"og:locale\" content=\"en_GB\" \/>\n<meta property=\"og:type\" content=\"article\" \/>\n<meta property=\"og:title\" content=\"Christophe B\u00e9n\u00e9ton nomm\u00e9 pr\u00e9sident du P\u00f4le Emballage de la FNB - Emballage Digest\" \/>\n<meta property=\"og:description\" content=\"La F\u00e9d\u00e9ration Nationale du Bois annonce la nomination de Christophe B\u00e9n\u00e9ton \u00e0 la pr\u00e9sidence du P\u00f4le Emballage et de la Commission Palettes. Ce p\u00f4le et cette commission r\u00e9unissent l\u2019ensemble des acteurs de l\u2019emballage adh\u00e9rents \u00e0 la FNB, incluant les scieurs, fabricants, reconditionneurs et loueurs de palettes en bois. Christophe B\u00e9n\u00e9ton, pr\u00e9sident du groupe Selva (anciennement [&hellip;]\" \/>\n<meta property=\"og:url\" content=\"https:\/\/www.emballagedigest.fr\/en\/christophe-beneton-nomme-president-du-pole-emballage-de-la-fnb\/\" \/>\n<meta property=\"og:site_name\" content=\"Emballage Digest\" \/>\n<meta property=\"article:published_time\" content=\"2024-06-23T22:13:15+00:00\" \/>\n<meta property=\"article:modified_time\" content=\"2024-06-25T06:59:52+00:00\" \/>\n<meta property=\"og:image\" content=\"https:\/\/www.emballagedigest.fr\/wp-content\/uploads\/2024\/06\/FNB.jpg\" \/>\n\t<meta property=\"og:image:width\" content=\"800\" \/>\n\t<meta property=\"og:image:height\" content=\"538\" \/>\n\t<meta property=\"og:image:type\" content=\"image\/jpeg\" \/>\n<meta name=\"author\" content=\"Karine Duval\" \/>\n<meta name=\"twitter:card\" content=\"summary_large_image\" \/>\n<meta name=\"twitter:label1\" content=\"Written by\" \/>\n\t<meta name=\"twitter:data1\" content=\"Karine Duval\" \/>\n\t<meta name=\"twitter:label2\" content=\"Estimated reading time\" \/>\n\t<meta name=\"twitter:data2\" content=\"2 minutes\" \/>\n<script type=\"application\/ld+json\" class=\"yoast-schema-graph\">{\"@context\":\"https:\/\/schema.org\",\"@graph\":[{\"@type\":\"Article\",\"@id\":\"https:\/\/www.emballagedigest.fr\/christophe-beneton-nomme-president-du-pole-emballage-de-la-fnb\/#article\",\"isPartOf\":{\"@id\":\"https:\/\/www.emballagedigest.fr\/christophe-beneton-nomme-president-du-pole-emballage-de-la-fnb\/\"},\"author\":{\"name\":\"Karine Duval\",\"@id\":\"https:\/\/www.emballagedigest.fr\/#\/schema\/person\/76abe9f2b2ee4d3d520594c7a35da59f\"},\"headline\":\"Christophe B\u00e9n\u00e9ton nomm\u00e9 pr\u00e9sident du P\u00f4le Emballage de la FNB\",\"datePublished\":\"2024-06-23T22:13:15+00:00\",\"dateModified\":\"2024-06-25T06:59:52+00:00\",\"mainEntityOfPage\":{\"@id\":\"https:\/\/www.emballagedigest.fr\/christophe-beneton-nomme-president-du-pole-emballage-de-la-fnb\/\"},\"wordCount\":339,\"publisher\":{\"@id\":\"https:\/\/www.emballagedigest.fr\/#organization\"},\"image\":{\"@id\":\"https:\/\/www.emballagedigest.fr\/christophe-beneton-nomme-president-du-pole-emballage-de-la-fnb\/#primaryimage\"},\"thumbnailUrl\":\"https:\/\/www.emballagedigest.fr\/wp-content\/uploads\/2024\/06\/FNB.jpg\",\"articleSection\":[\"Article entier\",\"Emballages\",\"Industrie\",\"Nomination\"],\"inLanguage\":\"en-GB\"},{\"@type\":\"WebPage\",\"@id\":\"https:\/\/www.emballagedigest.fr\/christophe-beneton-nomme-president-du-pole-emballage-de-la-fnb\/\",\"url\":\"https:\/\/www.emballagedigest.fr\/christophe-beneton-nomme-president-du-pole-emballage-de-la-fnb\/\",\"name\":\"Christophe B\u00e9n\u00e9ton nomm\u00e9 pr\u00e9sident du P\u00f4le Emballage de la FNB - Emballage Digest\",\"isPartOf\":{\"@id\":\"https:\/\/www.emballagedigest.fr\/#website\"},\"primaryImageOfPage\":{\"@id\":\"https:\/\/www.emballagedigest.fr\/christophe-beneton-nomme-president-du-pole-emballage-de-la-fnb\/#primaryimage\"},\"image\":{\"@id\":\"https:\/\/www.emballagedigest.fr\/christophe-beneton-nomme-president-du-pole-emballage-de-la-fnb\/#primaryimage\"},\"thumbnailUrl\":\"https:\/\/www.emballagedigest.fr\/wp-content\/uploads\/2024\/06\/FNB.jpg\",\"datePublished\":\"2024-06-23T22:13:15+00:00\",\"dateModified\":\"2024-06-25T06:59:52+00:00\",\"breadcrumb\":{\"@id\":\"https:\/\/www.emballagedigest.fr\/christophe-beneton-nomme-president-du-pole-emballage-de-la-fnb\/#breadcrumb\"},\"inLanguage\":\"en-GB\",\"potentialAction\":[{\"@type\":\"ReadAction\",\"target\":[\"https:\/\/www.emballagedigest.fr\/christophe-beneton-nomme-president-du-pole-emballage-de-la-fnb\/\"]}]},{\"@type\":\"ImageObject\",\"inLanguage\":\"en-GB\",\"@id\":\"https:\/\/www.emballagedigest.fr\/christophe-beneton-nomme-president-du-pole-emballage-de-la-fnb\/#primaryimage\",\"url\":\"https:\/\/www.emballagedigest.fr\/wp-content\/uploads\/2024\/06\/FNB.jpg\",\"contentUrl\":\"https:\/\/www.emballagedigest.fr\/wp-content\/uploads\/2024\/06\/FNB.jpg\",\"width\":800,\"height\":538},{\"@type\":\"BreadcrumbList\",\"@id\":\"https:\/\/www.emballagedigest.fr\/christophe-beneton-nomme-president-du-pole-emballage-de-la-fnb\/#breadcrumb\",\"itemListElement\":[{\"@type\":\"ListItem\",\"position\":1,\"name\":\"Accueil\",\"item\":\"https:\/\/www.emballagedigest.fr\/\"},{\"@type\":\"ListItem\",\"position\":2,\"name\":\"Christophe B\u00e9n\u00e9ton nomm\u00e9 pr\u00e9sident du P\u00f4le Emballage de la FNB\"}]},{\"@type\":\"WebSite\",\"@id\":\"https:\/\/www.emballagedigest.fr\/#website\",\"url\":\"https:\/\/www.emballagedigest.fr\/\",\"name\":\"Emballage Digest\",\"description\":\"Revue professionnelle sur les emballages\",\"publisher\":{\"@id\":\"https:\/\/www.emballagedigest.fr\/#organization\"},\"potentialAction\":[{\"@type\":\"SearchAction\",\"target\":{\"@type\":\"EntryPoint\",\"urlTemplate\":\"https:\/\/www.emballagedigest.fr\/?s={search_term_string}\"},\"query-input\":{\"@type\":\"PropertyValueSpecification\",\"valueRequired\":true,\"valueName\":\"search_term_string\"}}],\"inLanguage\":\"en-GB\"},{\"@type\":\"Organization\",\"@id\":\"https:\/\/www.emballagedigest.fr\/#organization\",\"name\":\"Emballage Digest\",\"url\":\"https:\/\/www.emballagedigest.fr\/\",\"logo\":{\"@type\":\"ImageObject\",\"inLanguage\":\"en-GB\",\"@id\":\"https:\/\/www.emballagedigest.fr\/#\/schema\/logo\/image\/\",\"url\":\"https:\/\/www.emballagedigest.fr\/wp-content\/uploads\/2022\/07\/logo-ed.png\",\"contentUrl\":\"https:\/\/www.emballagedigest.fr\/wp-content\/uploads\/2022\/07\/logo-ed.png\",\"width\":379,\"height\":75,\"caption\":\"Emballage Digest\"},\"image\":{\"@id\":\"https:\/\/www.emballagedigest.fr\/#\/schema\/logo\/image\/\"}},{\"@type\":\"Person\",\"@id\":\"https:\/\/www.emballagedigest.fr\/#\/schema\/person\/76abe9f2b2ee4d3d520594c7a35da59f\",\"name\":\"Karine Duval\",\"image\":{\"@type\":\"ImageObject\",\"inLanguage\":\"en-GB\",\"@id\":\"https:\/\/www.emballagedigest.fr\/#\/schema\/person\/image\/\",\"url\":\"https:\/\/secure.gravatar.com\/avatar\/f552799261cdd2e076e6677d780ef07bdb13aa4c196ab75b39abcbcdcae2d4e5?s=96&d=mm&r=g\",\"contentUrl\":\"https:\/\/secure.gravatar.com\/avatar\/f552799261cdd2e076e6677d780ef07bdb13aa4c196ab75b39abcbcdcae2d4e5?s=96&d=mm&r=g\",\"caption\":\"Karine Duval\"},\"url\":\"https:\/\/www.emballagedigest.fr\/en\/author\/admin_karduv\/\"}]}<\/script>\n<!-- \/ Yoast SEO plugin. -->","yoast_head_json":{"title":"Christophe B\u00e9n\u00e9ton nomm\u00e9 pr\u00e9sident du P\u00f4le Emballage de la FNB - Emballage Digest","robots":{"index":"index","follow":"follow","max-snippet":"max-snippet:-1","max-image-preview":"max-image-preview:large","max-video-preview":"max-video-preview:-1"},"canonical":"https:\/\/www.emballagedigest.fr\/en\/christophe-beneton-nomme-president-du-pole-emballage-de-la-fnb\/","og_locale":"en_GB","og_type":"article","og_title":"Christophe B\u00e9n\u00e9ton nomm\u00e9 pr\u00e9sident du P\u00f4le Emballage de la FNB - Emballage Digest","og_description":"La F\u00e9d\u00e9ration Nationale du Bois annonce la nomination de Christophe B\u00e9n\u00e9ton \u00e0 la pr\u00e9sidence du P\u00f4le Emballage et de la Commission Palettes. Ce p\u00f4le et cette commission r\u00e9unissent l\u2019ensemble des acteurs de l\u2019emballage adh\u00e9rents \u00e0 la FNB, incluant les scieurs, fabricants, reconditionneurs et loueurs de palettes en bois. Christophe B\u00e9n\u00e9ton, pr\u00e9sident du groupe Selva (anciennement [&hellip;]","og_url":"https:\/\/www.emballagedigest.fr\/en\/christophe-beneton-nomme-president-du-pole-emballage-de-la-fnb\/","og_site_name":"Emballage Digest","article_published_time":"2024-06-23T22:13:15+00:00","article_modified_time":"2024-06-25T06:59:52+00:00","og_image":[{"width":800,"height":538,"url":"https:\/\/www.emballagedigest.fr\/wp-content\/uploads\/2024\/06\/FNB.jpg","type":"image\/jpeg"}],"author":"Karine Duval","twitter_card":"summary_large_image","twitter_misc":{"Written by":"Karine Duval","Estimated reading time":"2 minutes"},"schema":{"@context":"https:\/\/schema.org","@graph":[{"@type":"Article","@id":"https:\/\/www.emballagedigest.fr\/christophe-beneton-nomme-president-du-pole-emballage-de-la-fnb\/#article","isPartOf":{"@id":"https:\/\/www.emballagedigest.fr\/christophe-beneton-nomme-president-du-pole-emballage-de-la-fnb\/"},"author":{"name":"Karine Duval","@id":"https:\/\/www.emballagedigest.fr\/#\/schema\/person\/76abe9f2b2ee4d3d520594c7a35da59f"},"headline":"Christophe B\u00e9n\u00e9ton nomm\u00e9 pr\u00e9sident du P\u00f4le Emballage de la FNB","datePublished":"2024-06-23T22:13:15+00:00","dateModified":"2024-06-25T06:59:52+00:00","mainEntityOfPage":{"@id":"https:\/\/www.emballagedigest.fr\/christophe-beneton-nomme-president-du-pole-emballage-de-la-fnb\/"},"wordCount":339,"publisher":{"@id":"https:\/\/www.emballagedigest.fr\/#organization"},"image":{"@id":"https:\/\/www.emballagedigest.fr\/christophe-beneton-nomme-president-du-pole-emballage-de-la-fnb\/#primaryimage"},"thumbnailUrl":"https:\/\/www.emballagedigest.fr\/wp-content\/uploads\/2024\/06\/FNB.jpg","articleSection":["Article entier","Emballages","Industrie","Nomination"],"inLanguage":"en-GB"},{"@type":"WebPage","@id":"https:\/\/www.emballagedigest.fr\/christophe-beneton-nomme-president-du-pole-emballage-de-la-fnb\/","url":"https:\/\/www.emballagedigest.fr\/christophe-beneton-nomme-president-du-pole-emballage-de-la-fnb\/","name":"Christophe B\u00e9n\u00e9ton nomm\u00e9 pr\u00e9sident du P\u00f4le Emballage de la FNB - Emballage Digest","isPartOf":{"@id":"https:\/\/www.emballagedigest.fr\/#website"},"primaryImageOfPage":{"@id":"https:\/\/www.emballagedigest.fr\/christophe-beneton-nomme-president-du-pole-emballage-de-la-fnb\/#primaryimage"},"image":{"@id":"https:\/\/www.emballagedigest.fr\/christophe-beneton-nomme-president-du-pole-emballage-de-la-fnb\/#primaryimage"},"thumbnailUrl":"https:\/\/www.emballagedigest.fr\/wp-content\/uploads\/2024\/06\/FNB.jpg","datePublished":"2024-06-23T22:13:15+00:00","dateModified":"2024-06-25T06:59:52+00:00","breadcrumb":{"@id":"https:\/\/www.emballagedigest.fr\/christophe-beneton-nomme-president-du-pole-emballage-de-la-fnb\/#breadcrumb"},"inLanguage":"en-GB","potentialAction":[{"@type":"ReadAction","target":["https:\/\/www.emballagedigest.fr\/christophe-beneton-nomme-president-du-pole-emballage-de-la-fnb\/"]}]},{"@type":"ImageObject","inLanguage":"en-GB","@id":"https:\/\/www.emballagedigest.fr\/christophe-beneton-nomme-president-du-pole-emballage-de-la-fnb\/#primaryimage","url":"https:\/\/www.emballagedigest.fr\/wp-content\/uploads\/2024\/06\/FNB.jpg","contentUrl":"https:\/\/www.emballagedigest.fr\/wp-content\/uploads\/2024\/06\/FNB.jpg","width":800,"height":538},{"@type":"BreadcrumbList","@id":"https:\/\/www.emballagedigest.fr\/christophe-beneton-nomme-president-du-pole-emballage-de-la-fnb\/#breadcrumb","itemListElement":[{"@type":"ListItem","position":1,"name":"Accueil","item":"https:\/\/www.emballagedigest.fr\/"},{"@type":"ListItem","position":2,"name":"Christophe B\u00e9n\u00e9ton nomm\u00e9 pr\u00e9sident du P\u00f4le Emballage de la FNB"}]},{"@type":"WebSite","@id":"https:\/\/www.emballagedigest.fr\/#website","url":"https:\/\/www.emballagedigest.fr\/","name":"Emballage Digest","description":"Revue professionnelle sur les emballages","publisher":{"@id":"https:\/\/www.emballagedigest.fr\/#organization"},"potentialAction":[{"@type":"SearchAction","target":{"@type":"EntryPoint","urlTemplate":"https:\/\/www.emballagedigest.fr\/?s={search_term_string}"},"query-input":{"@type":"PropertyValueSpecification","valueRequired":true,"valueName":"search_term_string"}}],"inLanguage":"en-GB"},{"@type":"Organization","@id":"https:\/\/www.emballagedigest.fr\/#organization","name":"Emballage Digest","url":"https:\/\/www.emballagedigest.fr\/","logo":{"@type":"ImageObject","inLanguage":"en-GB","@id":"https:\/\/www.emballagedigest.fr\/#\/schema\/logo\/image\/","url":"https:\/\/www.emballagedigest.fr\/wp-content\/uploads\/2022\/07\/logo-ed.png","contentUrl":"https:\/\/www.emballagedigest.fr\/wp-content\/uploads\/2022\/07\/logo-ed.png","width":379,"height":75,"caption":"Emballage Digest"},"image":{"@id":"https:\/\/www.emballagedigest.fr\/#\/schema\/logo\/image\/"}},{"@type":"Person","@id":"https:\/\/www.emballagedigest.fr\/#\/schema\/person\/76abe9f2b2ee4d3d520594c7a35da59f","name":"Karine Duval","image":{"@type":"ImageObject","inLanguage":"en-GB","@id":"https:\/\/www.emballagedigest.fr\/#\/schema\/person\/image\/","url":"https:\/\/secure.gravatar.com\/avatar\/f552799261cdd2e076e6677d780ef07bdb13aa4c196ab75b39abcbcdcae2d4e5?s=96&d=mm&r=g","contentUrl":"https:\/\/secure.gravatar.com\/avatar\/f552799261cdd2e076e6677d780ef07bdb13aa4c196ab75b39abcbcdcae2d4e5?s=96&d=mm&r=g","caption":"Karine Duval"},"url":"https:\/\/www.emballagedigest.fr\/en\/author\/admin_karduv\/"}]}},"_links":{"self":[{"href":"https:\/\/www.emballagedigest.fr\/en\/wp-json\/wp\/v2\/posts\/41348","targetHints":{"allow":["GET"]}}],"collection":[{"href":"https:\/\/www.emballagedigest.fr\/en\/wp-json\/wp\/v2\/posts"}],"about":[{"href":"https:\/\/www.emballagedigest.fr\/en\/wp-json\/wp\/v2\/types\/post"}],"author":[{"embeddable":true,"href":"https:\/\/www.emballagedigest.fr\/en\/wp-json\/wp\/v2\/users\/2"}],"replies":[{"embeddable":true,"href":"https:\/\/www.emballagedigest.fr\/en\/wp-json\/wp\/v2\/comments?post=41348"}],"version-history":[{"count":1,"href":"https:\/\/www.emballagedigest.fr\/en\/wp-json\/wp\/v2\/posts\/41348\/revisions"}],"predecessor-version":[{"id":41350,"href":"https:\/\/www.emballagedigest.fr\/en\/wp-json\/wp\/v2\/posts\/41348\/revisions\/41350"}],"wp:featuredmedia":[{"embeddable":true,"href":"https:\/\/www.emballagedigest.fr\/en\/wp-json\/wp\/v2\/media\/41349"}],"wp:attachment":[{"href":"https:\/\/www.emballagedigest.fr\/en\/wp-json\/wp\/v2\/media?parent=41348"}],"wp:term":[{"taxonomy":"category","embeddable":true,"href":"https:\/\/www.emballagedigest.fr\/en\/wp-json\/wp\/v2\/categories?post=41348"},{"taxonomy":"post_tag","embeddable":true,"href":"https:\/\/www.emballagedigest.fr\/en\/wp-json\/wp\/v2\/tags?post=41348"}],"curies":[{"name":"wp","href":"https:\/\/api.w.org\/{rel}","templated":true}]}}