{"id":41529,"date":"2024-06-30T11:55:00","date_gmt":"2024-06-30T09:55:00","guid":{"rendered":"https:\/\/www.emballagedigest.fr\/?p=41529"},"modified":"2024-07-08T12:06:17","modified_gmt":"2024-07-08T10:06:17","slug":"gerhard-schubert-devoile-son-nouveau-hall-dassemblage-lors-de-ses-schubert-days","status":"publish","type":"post","link":"https:\/\/www.emballagedigest.fr\/en\/gerhard-schubert-devoile-son-nouveau-hall-dassemblage-lors-de-ses-schubert-days\/","title":{"rendered":"Gerhard Schubert d\u00e9voile son nouveau hall d\u2019assemblage lors de ses Schubert Days"},"content":{"rendered":"<p><strong>C\u2019est lors de la premi\u00e8re \u00e9dition des Schubert Days \u2013 les 5 et 6 juin derniers \u2013 que le constructeur allemand Gerhard Schubert a d\u00e9voil\u00e9 aux 110 participants des secteurs de l\u2019alimentaire, la confiserie, les boissons et les cosm\u00e9tiques\u00a0venus de 14 pays le nouveau hall d\u2019assemblage \u00e9rig\u00e9 sur son site de Crailsheim. Les syst\u00e8mes d\u2019emballage TLM, vitrine de l\u2019expertise technique du groupe, \u00e9taient expos\u00e9s pour l\u2019occasion dans une mise en sc\u00e8ne unique. L\u2019occasion \u00e9galement pour les industriels pr\u00e9sents d\u2019assister \u00e0 un programme de conf\u00e9rences riche et vari\u00e9.<\/strong><\/p>\n\n\n\n<p>Parmi les orateurs invit\u00e9s \u00e0 ces premiers Schubert Days organis\u00e9s par le groupe Gerhard Schubert, le Dr Volker Busch, auteur de best-sellers, neurologue et psychoth\u00e9rapeute, est revenu sur le mode de fonctionnement du cerveau lors de prises des d\u00e9cision en p\u00e9riode d\u2019incertitude et d\u2019impr\u00e9visibilit\u00e9. Une analyse int\u00e9ressante qui permet de mieux comprendre pourquoi les changements sont parfois difficiles \u00e0 assimiler chez les consommateurs alors m\u00eame que le secteur des emballages est sujet \u00e0 une adaptation perp\u00e9tuelle au gr\u00e9 des tendances du march\u00e9 ou des exigences r\u00e9glementaires, comme l\u2019a rappel\u00e9 Thomas Reiner, directeur g\u00e9n\u00e9ral du groupe Berndt &amp; Partner. Le packaging connect\u00e9 constitue certainement l\u2019une des voies les plus prometteuses selon Stefan Krumme, en charge du d\u00e9veloppement business Transparence chez Amazon Allemagne, pour am\u00e9liorer leur tra\u00e7abilit\u00e9 et leur interaction avec les utilisateurs. Enfin, la pr\u00e9sentation conjointe de Gerhard Bart, directeur g\u00e9n\u00e9ral de Transaction Network, et de Sarah Busch, responsable de la formation des clients chez Schubert, a mis en avant l\u2019int\u00e9r\u00eat des plates-formes num\u00e9riques pour le recrutement et la formation de nouveaux op\u00e9rateurs dans des secteurs industriels, de moins en moins attractifs pour les jeunes talents.<br>Particuli\u00e8rement remarqu\u00e9e, l\u2019intervention de Ralf Schubert, associ\u00e9 g\u00e9rant de Gerhard Schubert, a rendu hommage \u00e0 l\u2019esprit visionnaire en m\u00e9canisation et en automatisation de son p\u00e8re Gerhard Schubert, d\u00e9c\u00e9d\u00e9 il y a un an \u00e0 l\u2019\u00e2ge de 84 ans. C\u2019est ainsi qu\u2019il avait su pr\u00e9dire en 2000, lors du Schubert Future Forum, le chemin qu\u2019allait prendre la machine d\u2019emballage du futur. Non sans rappeler le d\u00e9ploiement r\u00e9cent du Cobot tog.519 ou encore l\u2019utilisation de l\u2019intelligence artificielle. A son tour,<br>Ralf Schubert a partag\u00e9 l\u2019orientation que prendront les prochains d\u00e9veloppements technologiques du groupe. \u00abL\u2019avenir laissera place \u00e0 des lignes d\u2019emballages plus simples, o\u00f9 les produits seront amen\u00e9s \u00e0 se d\u00e9placer d\u2019une station \u2013 remplissage, \u00e9tiquetage, mise sous carton, etc. \u2013 \u00e0 une autre, sans aucun syst\u00e8me de convoyage. Chaque module retrouvera ainsi sa fonction premi\u00e8re, pour un gain d\u2019espace, de temps de maintenance et une meilleure productivit\u00e9. Contrairement \u00e0 la technologie TLM \u2013 qui a fait la renomm\u00e9e de Schubert \u2013 davantage d\u00e9di\u00e9e aux gros volumes, ce nouveau concept r\u00e9pondrait davantage aux besoins de petites s\u00e9ries, avec changement de formats fr\u00e9quents\u00bb.<\/p>\n\n\n\n<p><strong>Un nouvel hall d\u2019assemblage flambant neuf<\/strong><br>Outre les pr\u00e9sentations, les participants ont eu l\u2019occasion de visiter les nouveaux locaux de Schubert, r\u00e9cemment achev\u00e9s, qui se composent d\u2019un hall de production et de bureaux de 8500 m\u00b2 sur une surface totale de 13\u00a0000 m\u00b2 de terrain. Un investissement de 45 millions d\u2019euros qui fait b\u00e9n\u00e9ficier l\u2019entreprise de 30% d\u2019espace suppl\u00e9mentaire pour l\u2019assemblage finalet d\u2019un environnement de travail ultramoderne pour plus de 300 nouvelles recrues. Deux ans de travaux et la d\u00e9viation de la route L2218 reliant Crailsheim \u00e0 Dinkelsb\u00fchl auront \u00e9t\u00e9 n\u00e9cessaires pour faire sortir de terre cette extension. Toute en transparence, des fa\u00e7ades en verre de six m\u00e8tres de haut viennent habiller le nouveau b\u00e2timent, ainsi que l\u2019immeuble administratif de quatre \u00e9tages situ\u00e9 juste \u00e0 c\u00f4t\u00e9. Sous ce nouveau hall, l\u2019ing\u00e9nierie c\u00f4toie les \u00e9quipes d\u2019assemblage des machines : les nouveaux bureaux d\u2019\u00e9tudes disposent d\u2019une vue directe dans le hall \u00e0 travers la paroi vitr\u00e9e.<br>Sur le plan \u00e9nerg\u00e9tique, un syst\u00e8me de chauffage et de climatisation originala \u00e9t\u00e9 pens\u00e9 et d\u00e9ploy\u00e9 pour r\u00e9duire l\u2019empreinte environnementale des locaux. En effet, des bassins de glace ont \u00e9t\u00e9 install\u00e9s sous le hall. Avec un r\u00e9servoir de 1,9 million de litres d\u2019eau \u2013 une quantit\u00e9 correspondant environ \u00e0 une piscine de 24 m\u00e8tres de long, 13 m\u00e8tres de large et 3,5 m\u00e8tres de profondeur \u2013 il s\u2019agit des plus grandes cuves de glace de ce genre au monde. Le principe de fonctionnement est simple\u00a0: une fois la chaleur de l\u2019eau extraite, celle-ci se transforme en glace. Cette \u00e9nergie g\u00e9n\u00e9r\u00e9e est utilis\u00e9e via des pompes \u00e0 chaleur pour le circuit de chauffage des b\u00e2timents \u2013 jusqu\u2019\u00e0 ce que toute l\u2019eau soit gel\u00e9e. A l\u2019inverse, les bassins ont \u00e9galement une fonction de refroidissement via la d\u00e9cong\u00e9lation de la glace l\u2019\u00e9t\u00e9. Leur conception a \u00e9t\u00e9 \u00e9tudi\u00e9e de mani\u00e8re \u00e0 permettre un futur raccordement au syst\u00e8me du hall d\u2019assemblage voisin, encore chauff\u00e9 \u00e0 l\u2019\u00e9nergie fossile. De plus, le syst\u00e8me photovolta\u00efque\u00e9quipant le toit du nouveau hall d\u2019assemblage final et d\u2019un hall voisin produit chaque ann\u00e9e plus d\u2019un m\u00e9gawatt d\u2019\u00e9lectricit\u00e9, ce qui permet \u00e0 Schubert de couvrir un quart de ses besoins.<\/p>\n\n\n\n<p><strong>Les machines TLM \u00e0 l\u2019honneur<\/strong><br>Sous un jeu de sons et lumi\u00e8res sp\u00e9cialement cr\u00e9\u00e9 pour l\u2019occasion, les lignes du constructeur Schubert faisaient leur show sous le toit de ce nouveau hall d\u2019assemblage. A l\u2019instar d\u2019une ligne TLM Multipackerde panachage automatis\u00e9e et totalement int\u00e9gr\u00e9e de pochons de nourriture animale pour chats \u2013 d\u00e9clin\u00e9s ici en quatre recettes \u2013 au sein de boites carton tournant \u00e0 750 coups par minute. Aliment\u00e9e en pochons par des AGV et \u00e9quip\u00e9e d\u2019un scanner de vision pour d\u00e9tecter leur bon positionnement, la machine cr\u00e9\u00e9 des mix de produits de taille diff\u00e9rente en travaillant sur cinq dimensions de carton. Un bras robotis\u00e9 se charge d\u2019empiler les pochons conditionn\u00e9s par couche dans des caisses d\u2019exp\u00e9dition en plastique. \u00abNous travaillons \u00e0 partir de modules standardis\u00e9s, le robot et les convoyeurs sont par contre dimensionn\u00e9s en fonction des besoins du client\u00bb, explique Dominique Spitz, responsable commercial r\u00e9gional chez Schubert. Autre solution mise en avant, une ligne de conditionnement de produits cosm\u00e9tiques combinant remplissage, \u00e9tiquetage et nettoyage en place. Fonctionnant enti\u00e8rement sur la base de servomoteurs et c\u00e2bles \u00e9lectroniques, la machine utilise des circuits de navette ayant chacun un mouvement ind\u00e9pendant. Gr\u00e2ce au cobot tog.519bas\u00e9 sur l\u2019IA de Schubert \u2013 ici aliment\u00e9 par deux entr\u00e9es \u2013 chaque produit sera reconnu et trait\u00e9 apr\u00e8s d\u00e9vracage. En parall\u00e8le, un autre cobot apporte les bouchons via un 2e axe lin\u00e9aire. Quant au dosage volum\u00e9trique, celui-ci repose sur une technologie de vis excentrique. Compacte et b\u00e9n\u00e9ficiant d\u2019un NEP en temps masqu\u00e9, la machine affiche une cadence de 40 \u00e0 60 flacons par minute. En fin de ligne, une formeuse vient emballer les produits cosm\u00e9tiques au sein de cartons. \u00abIl s\u2019agit l\u00e0 encore d\u2019une nouvelle d\u00e9monstration du savoir-faire d\u2019ing\u00e9nierie technique de nos \u00e9quipes. En si peu d\u2019espace, la machine offre un concentr\u00e9 de technologie et de performance \u00e0 nos clients\u00bb, se f\u00e9licite Charles-Antoine Freiher, directeur de la filiale fran\u00e7aise de Schubert.<\/p>\n\n\n\n<p><strong>R\u00e9sultats et projections<\/strong><br>Les voyants sont au vert pour le constructeur allemand. Avec un chiffre d\u2019affaires 2023 de 320 M\u20ac \u2013 en hausse de 9,3% par rapport \u00e0 2022 \u2013 Schubert r\u00e9alise de bonnes performances alors que l\u2019ann\u00e9e pass\u00e9e a encore \u00e9t\u00e9 sujette aux pressions d\u2019approvisionnement de composants \u00e9lectroniques. En moyenne, 135 machines sont ainsi fabriqu\u00e9es et vendues par an dans 45 pays dans le monde (83% du CA \u00e9tant r\u00e9alis\u00e9 \u00e0 l\u2019export). \u00abLes Etats-Unis connaissent l\u2019une des plus fortes croissances. Pour accompagner notre d\u00e9veloppement localement, un nouveau hall d\u2019assemblage est pr\u00e9vu en 2024 sur le site de Charlotte en Caroline du Nord afin d\u2019assurer les FAT sur place de nos clients<br>et gagner ainsi en proximit\u00e9 et r\u00e9activit\u00e9\u00bb, explique Marcel Kiessling, directeur g\u00e9n\u00e9ral de<br>Gerhard Schubert. Toujours \u00e0 l\u2019international, le dirigeant confie aussi vouloir renforcer la pr\u00e9sence du groupe en Tha\u00eflande, march\u00e9 demandeur en lignes de conditionnement pharmaceutique. Fort de ces r\u00e9sultats, Schubert mise sur plusieurs technologies cl\u00e9s pour les mois \u00e0 venir. Comme le syst\u00e8me d\u2019alimentation de magasin TLM Comfort Feeder, \u00e9conome en ressources, associ\u00e9 \u00e0 la formeuse A3 avec d\u00e9coupes de carton int\u00e9gr\u00e9es. Ou encore la technologie Dotlock, qui permet le montage d\u2019emballage carton sans usage de colle chaude. Le constructeur planche par ailleurs sur l\u2019extension de la technologie Schubert Motion d\u2019optimisation des mouvements des robots gr\u00e2ce \u00e0 l\u2019IA (moins de vibrations, meilleur rendement) \u2013 d\u00e9j\u00e0 disponible sur ses robots F2 \u2013 aux mod\u00e8les F4 et d\u00e9voilera, tr\u00e8s certainement sur le prochain salon interpack 2026, la nouvelle g\u00e9n\u00e9ration de machines TLM7 incluant un syst\u00e8me de transport innovant. En parall\u00e8le, avec l\u2019offre de services 4YOUconnect, Schubert souhaite accompagner ses clients tout au long du cycle de vie de la machine, pour en assurer sa long\u00e9vit\u00e9 et am\u00e9liorer les processus de production. Une d\u00e9marche qui s\u2019inscrit dans le plan de d\u00e9carbonation Mission Blue du constructeur afin d\u2019atteindre la neutralit\u00e9 carbone de ses activit\u00e9s d\u2019ici 2050.<\/p>","protected":false},"excerpt":{"rendered":"<p>C\u2019est lors de la premi\u00e8re \u00e9dition des Schubert Days \u2013 les 5 et 6 juin derniers \u2013 que le constructeur allemand Gerhard Schubert a d\u00e9voil\u00e9 aux 110 participants des secteurs de l\u2019alimentaire, la confiserie, les boissons et les cosm\u00e9tiques\u00a0venus de 14 pays le nouveau hall d\u2019assemblage \u00e9rig\u00e9 sur son site de Crailsheim. Les syst\u00e8mes d\u2019emballage [&hellip;]<\/p>","protected":false},"author":2,"featured_media":41530,"comment_status":"closed","ping_status":"closed","sticky":false,"template":"","format":"standard","meta":{"_acf_changed":false,"inline_featured_image":false,"iawp_total_views":2,"footnotes":""},"categories":[26,11,8,35,65],"tags":[],"class_list":["post-41529","post","type-post","status-publish","format-standard","has-post-thumbnail","hentry","category-laterale","category-emballages","category-industrie","category-machines-fr","category-vu-dans-le-mag"],"acf":[],"yoast_head":"<!-- This site is optimized with the Yoast SEO plugin v24.4 - https:\/\/yoast.com\/wordpress\/plugins\/seo\/ -->\n<title>Gerhard Schubert d\u00e9voile son nouveau hall d\u2019assemblage lors de ses Schubert Days - Emballage Digest<\/title>\n<meta name=\"robots\" content=\"index, follow, max-snippet:-1, max-image-preview:large, max-video-preview:-1\" \/>\n<link rel=\"canonical\" href=\"https:\/\/www.emballagedigest.fr\/en\/gerhard-schubert-devoile-son-nouveau-hall-dassemblage-lors-de-ses-schubert-days\/\" \/>\n<meta property=\"og:locale\" content=\"en_GB\" \/>\n<meta property=\"og:type\" content=\"article\" \/>\n<meta property=\"og:title\" content=\"Gerhard Schubert d\u00e9voile son nouveau hall d\u2019assemblage lors de ses Schubert Days - Emballage Digest\" \/>\n<meta property=\"og:description\" content=\"C\u2019est lors de la premi\u00e8re \u00e9dition des Schubert Days \u2013 les 5 et 6 juin derniers \u2013 que le constructeur allemand Gerhard Schubert a d\u00e9voil\u00e9 aux 110 participants des secteurs de l\u2019alimentaire, la confiserie, les boissons et les cosm\u00e9tiques\u00a0venus de 14 pays le nouveau hall d\u2019assemblage \u00e9rig\u00e9 sur son site de Crailsheim. Les syst\u00e8mes d\u2019emballage [&hellip;]\" \/>\n<meta property=\"og:url\" content=\"https:\/\/www.emballagedigest.fr\/en\/gerhard-schubert-devoile-son-nouveau-hall-dassemblage-lors-de-ses-schubert-days\/\" \/>\n<meta property=\"og:site_name\" content=\"Emballage Digest\" \/>\n<meta property=\"article:published_time\" content=\"2024-06-30T09:55:00+00:00\" \/>\n<meta property=\"article:modified_time\" content=\"2024-07-08T10:06:17+00:00\" \/>\n<meta property=\"og:image\" content=\"https:\/\/www.emballagedigest.fr\/wp-content\/uploads\/2024\/07\/Schubert1.jpg\" \/>\n\t<meta property=\"og:image:width\" content=\"800\" \/>\n\t<meta property=\"og:image:height\" content=\"518\" \/>\n\t<meta property=\"og:image:type\" content=\"image\/jpeg\" \/>\n<meta name=\"author\" content=\"Karine Duval\" \/>\n<meta name=\"twitter:card\" content=\"summary_large_image\" \/>\n<meta name=\"twitter:label1\" content=\"Written by\" \/>\n\t<meta name=\"twitter:data1\" content=\"Karine Duval\" \/>\n\t<meta name=\"twitter:label2\" content=\"Estimated reading time\" \/>\n\t<meta name=\"twitter:data2\" content=\"8 minutes\" \/>\n<script type=\"application\/ld+json\" class=\"yoast-schema-graph\">{\"@context\":\"https:\/\/schema.org\",\"@graph\":[{\"@type\":\"Article\",\"@id\":\"https:\/\/www.emballagedigest.fr\/gerhard-schubert-devoile-son-nouveau-hall-dassemblage-lors-de-ses-schubert-days\/#article\",\"isPartOf\":{\"@id\":\"https:\/\/www.emballagedigest.fr\/gerhard-schubert-devoile-son-nouveau-hall-dassemblage-lors-de-ses-schubert-days\/\"},\"author\":{\"name\":\"Karine Duval\",\"@id\":\"https:\/\/www.emballagedigest.fr\/#\/schema\/person\/76abe9f2b2ee4d3d520594c7a35da59f\"},\"headline\":\"Gerhard Schubert d\u00e9voile son nouveau hall d\u2019assemblage lors de ses Schubert Days\",\"datePublished\":\"2024-06-30T09:55:00+00:00\",\"dateModified\":\"2024-07-08T10:06:17+00:00\",\"mainEntityOfPage\":{\"@id\":\"https:\/\/www.emballagedigest.fr\/gerhard-schubert-devoile-son-nouveau-hall-dassemblage-lors-de-ses-schubert-days\/\"},\"wordCount\":1615,\"publisher\":{\"@id\":\"https:\/\/www.emballagedigest.fr\/#organization\"},\"image\":{\"@id\":\"https:\/\/www.emballagedigest.fr\/gerhard-schubert-devoile-son-nouveau-hall-dassemblage-lors-de-ses-schubert-days\/#primaryimage\"},\"thumbnailUrl\":\"https:\/\/www.emballagedigest.fr\/wp-content\/uploads\/2024\/07\/Schubert1.jpg\",\"articleSection\":[\"Barre lat\u00e9rale\",\"Emballages\",\"Industrie\",\"Machines\",\"Vu dans le mag\"],\"inLanguage\":\"en-GB\"},{\"@type\":\"WebPage\",\"@id\":\"https:\/\/www.emballagedigest.fr\/gerhard-schubert-devoile-son-nouveau-hall-dassemblage-lors-de-ses-schubert-days\/\",\"url\":\"https:\/\/www.emballagedigest.fr\/gerhard-schubert-devoile-son-nouveau-hall-dassemblage-lors-de-ses-schubert-days\/\",\"name\":\"Gerhard Schubert d\u00e9voile son nouveau hall d\u2019assemblage lors de ses Schubert Days - Emballage Digest\",\"isPartOf\":{\"@id\":\"https:\/\/www.emballagedigest.fr\/#website\"},\"primaryImageOfPage\":{\"@id\":\"https:\/\/www.emballagedigest.fr\/gerhard-schubert-devoile-son-nouveau-hall-dassemblage-lors-de-ses-schubert-days\/#primaryimage\"},\"image\":{\"@id\":\"https:\/\/www.emballagedigest.fr\/gerhard-schubert-devoile-son-nouveau-hall-dassemblage-lors-de-ses-schubert-days\/#primaryimage\"},\"thumbnailUrl\":\"https:\/\/www.emballagedigest.fr\/wp-content\/uploads\/2024\/07\/Schubert1.jpg\",\"datePublished\":\"2024-06-30T09:55:00+00:00\",\"dateModified\":\"2024-07-08T10:06:17+00:00\",\"breadcrumb\":{\"@id\":\"https:\/\/www.emballagedigest.fr\/gerhard-schubert-devoile-son-nouveau-hall-dassemblage-lors-de-ses-schubert-days\/#breadcrumb\"},\"inLanguage\":\"en-GB\",\"potentialAction\":[{\"@type\":\"ReadAction\",\"target\":[\"https:\/\/www.emballagedigest.fr\/gerhard-schubert-devoile-son-nouveau-hall-dassemblage-lors-de-ses-schubert-days\/\"]}]},{\"@type\":\"ImageObject\",\"inLanguage\":\"en-GB\",\"@id\":\"https:\/\/www.emballagedigest.fr\/gerhard-schubert-devoile-son-nouveau-hall-dassemblage-lors-de-ses-schubert-days\/#primaryimage\",\"url\":\"https:\/\/www.emballagedigest.fr\/wp-content\/uploads\/2024\/07\/Schubert1.jpg\",\"contentUrl\":\"https:\/\/www.emballagedigest.fr\/wp-content\/uploads\/2024\/07\/Schubert1.jpg\",\"width\":800,\"height\":518},{\"@type\":\"BreadcrumbList\",\"@id\":\"https:\/\/www.emballagedigest.fr\/gerhard-schubert-devoile-son-nouveau-hall-dassemblage-lors-de-ses-schubert-days\/#breadcrumb\",\"itemListElement\":[{\"@type\":\"ListItem\",\"position\":1,\"name\":\"Accueil\",\"item\":\"https:\/\/www.emballagedigest.fr\/\"},{\"@type\":\"ListItem\",\"position\":2,\"name\":\"Gerhard Schubert d\u00e9voile son nouveau hall d\u2019assemblage lors de ses Schubert Days\"}]},{\"@type\":\"WebSite\",\"@id\":\"https:\/\/www.emballagedigest.fr\/#website\",\"url\":\"https:\/\/www.emballagedigest.fr\/\",\"name\":\"Emballage Digest\",\"description\":\"Revue professionnelle sur les emballages\",\"publisher\":{\"@id\":\"https:\/\/www.emballagedigest.fr\/#organization\"},\"potentialAction\":[{\"@type\":\"SearchAction\",\"target\":{\"@type\":\"EntryPoint\",\"urlTemplate\":\"https:\/\/www.emballagedigest.fr\/?s={search_term_string}\"},\"query-input\":{\"@type\":\"PropertyValueSpecification\",\"valueRequired\":true,\"valueName\":\"search_term_string\"}}],\"inLanguage\":\"en-GB\"},{\"@type\":\"Organization\",\"@id\":\"https:\/\/www.emballagedigest.fr\/#organization\",\"name\":\"Emballage Digest\",\"url\":\"https:\/\/www.emballagedigest.fr\/\",\"logo\":{\"@type\":\"ImageObject\",\"inLanguage\":\"en-GB\",\"@id\":\"https:\/\/www.emballagedigest.fr\/#\/schema\/logo\/image\/\",\"url\":\"https:\/\/www.emballagedigest.fr\/wp-content\/uploads\/2022\/07\/logo-ed.png\",\"contentUrl\":\"https:\/\/www.emballagedigest.fr\/wp-content\/uploads\/2022\/07\/logo-ed.png\",\"width\":379,\"height\":75,\"caption\":\"Emballage Digest\"},\"image\":{\"@id\":\"https:\/\/www.emballagedigest.fr\/#\/schema\/logo\/image\/\"}},{\"@type\":\"Person\",\"@id\":\"https:\/\/www.emballagedigest.fr\/#\/schema\/person\/76abe9f2b2ee4d3d520594c7a35da59f\",\"name\":\"Karine Duval\",\"image\":{\"@type\":\"ImageObject\",\"inLanguage\":\"en-GB\",\"@id\":\"https:\/\/www.emballagedigest.fr\/#\/schema\/person\/image\/\",\"url\":\"https:\/\/secure.gravatar.com\/avatar\/f552799261cdd2e076e6677d780ef07bdb13aa4c196ab75b39abcbcdcae2d4e5?s=96&d=mm&r=g\",\"contentUrl\":\"https:\/\/secure.gravatar.com\/avatar\/f552799261cdd2e076e6677d780ef07bdb13aa4c196ab75b39abcbcdcae2d4e5?s=96&d=mm&r=g\",\"caption\":\"Karine Duval\"},\"url\":\"https:\/\/www.emballagedigest.fr\/en\/author\/admin_karduv\/\"}]}<\/script>\n<!-- \/ Yoast SEO plugin. -->","yoast_head_json":{"title":"Gerhard Schubert d\u00e9voile son nouveau hall d\u2019assemblage lors de ses Schubert Days - Emballage Digest","robots":{"index":"index","follow":"follow","max-snippet":"max-snippet:-1","max-image-preview":"max-image-preview:large","max-video-preview":"max-video-preview:-1"},"canonical":"https:\/\/www.emballagedigest.fr\/en\/gerhard-schubert-devoile-son-nouveau-hall-dassemblage-lors-de-ses-schubert-days\/","og_locale":"en_GB","og_type":"article","og_title":"Gerhard Schubert d\u00e9voile son nouveau hall d\u2019assemblage lors de ses Schubert Days - Emballage Digest","og_description":"C\u2019est lors de la premi\u00e8re \u00e9dition des Schubert Days \u2013 les 5 et 6 juin derniers \u2013 que le constructeur allemand Gerhard Schubert a d\u00e9voil\u00e9 aux 110 participants des secteurs de l\u2019alimentaire, la confiserie, les boissons et les cosm\u00e9tiques\u00a0venus de 14 pays le nouveau hall d\u2019assemblage \u00e9rig\u00e9 sur son site de Crailsheim. Les syst\u00e8mes d\u2019emballage [&hellip;]","og_url":"https:\/\/www.emballagedigest.fr\/en\/gerhard-schubert-devoile-son-nouveau-hall-dassemblage-lors-de-ses-schubert-days\/","og_site_name":"Emballage Digest","article_published_time":"2024-06-30T09:55:00+00:00","article_modified_time":"2024-07-08T10:06:17+00:00","og_image":[{"width":800,"height":518,"url":"https:\/\/www.emballagedigest.fr\/wp-content\/uploads\/2024\/07\/Schubert1.jpg","type":"image\/jpeg"}],"author":"Karine Duval","twitter_card":"summary_large_image","twitter_misc":{"Written by":"Karine Duval","Estimated reading time":"8 minutes"},"schema":{"@context":"https:\/\/schema.org","@graph":[{"@type":"Article","@id":"https:\/\/www.emballagedigest.fr\/gerhard-schubert-devoile-son-nouveau-hall-dassemblage-lors-de-ses-schubert-days\/#article","isPartOf":{"@id":"https:\/\/www.emballagedigest.fr\/gerhard-schubert-devoile-son-nouveau-hall-dassemblage-lors-de-ses-schubert-days\/"},"author":{"name":"Karine Duval","@id":"https:\/\/www.emballagedigest.fr\/#\/schema\/person\/76abe9f2b2ee4d3d520594c7a35da59f"},"headline":"Gerhard Schubert d\u00e9voile son nouveau hall d\u2019assemblage lors de ses Schubert Days","datePublished":"2024-06-30T09:55:00+00:00","dateModified":"2024-07-08T10:06:17+00:00","mainEntityOfPage":{"@id":"https:\/\/www.emballagedigest.fr\/gerhard-schubert-devoile-son-nouveau-hall-dassemblage-lors-de-ses-schubert-days\/"},"wordCount":1615,"publisher":{"@id":"https:\/\/www.emballagedigest.fr\/#organization"},"image":{"@id":"https:\/\/www.emballagedigest.fr\/gerhard-schubert-devoile-son-nouveau-hall-dassemblage-lors-de-ses-schubert-days\/#primaryimage"},"thumbnailUrl":"https:\/\/www.emballagedigest.fr\/wp-content\/uploads\/2024\/07\/Schubert1.jpg","articleSection":["Barre lat\u00e9rale","Emballages","Industrie","Machines","Vu dans le mag"],"inLanguage":"en-GB"},{"@type":"WebPage","@id":"https:\/\/www.emballagedigest.fr\/gerhard-schubert-devoile-son-nouveau-hall-dassemblage-lors-de-ses-schubert-days\/","url":"https:\/\/www.emballagedigest.fr\/gerhard-schubert-devoile-son-nouveau-hall-dassemblage-lors-de-ses-schubert-days\/","name":"Gerhard Schubert d\u00e9voile son nouveau hall d\u2019assemblage lors de ses Schubert Days - Emballage Digest","isPartOf":{"@id":"https:\/\/www.emballagedigest.fr\/#website"},"primaryImageOfPage":{"@id":"https:\/\/www.emballagedigest.fr\/gerhard-schubert-devoile-son-nouveau-hall-dassemblage-lors-de-ses-schubert-days\/#primaryimage"},"image":{"@id":"https:\/\/www.emballagedigest.fr\/gerhard-schubert-devoile-son-nouveau-hall-dassemblage-lors-de-ses-schubert-days\/#primaryimage"},"thumbnailUrl":"https:\/\/www.emballagedigest.fr\/wp-content\/uploads\/2024\/07\/Schubert1.jpg","datePublished":"2024-06-30T09:55:00+00:00","dateModified":"2024-07-08T10:06:17+00:00","breadcrumb":{"@id":"https:\/\/www.emballagedigest.fr\/gerhard-schubert-devoile-son-nouveau-hall-dassemblage-lors-de-ses-schubert-days\/#breadcrumb"},"inLanguage":"en-GB","potentialAction":[{"@type":"ReadAction","target":["https:\/\/www.emballagedigest.fr\/gerhard-schubert-devoile-son-nouveau-hall-dassemblage-lors-de-ses-schubert-days\/"]}]},{"@type":"ImageObject","inLanguage":"en-GB","@id":"https:\/\/www.emballagedigest.fr\/gerhard-schubert-devoile-son-nouveau-hall-dassemblage-lors-de-ses-schubert-days\/#primaryimage","url":"https:\/\/www.emballagedigest.fr\/wp-content\/uploads\/2024\/07\/Schubert1.jpg","contentUrl":"https:\/\/www.emballagedigest.fr\/wp-content\/uploads\/2024\/07\/Schubert1.jpg","width":800,"height":518},{"@type":"BreadcrumbList","@id":"https:\/\/www.emballagedigest.fr\/gerhard-schubert-devoile-son-nouveau-hall-dassemblage-lors-de-ses-schubert-days\/#breadcrumb","itemListElement":[{"@type":"ListItem","position":1,"name":"Accueil","item":"https:\/\/www.emballagedigest.fr\/"},{"@type":"ListItem","position":2,"name":"Gerhard Schubert d\u00e9voile son nouveau hall d\u2019assemblage lors de ses Schubert Days"}]},{"@type":"WebSite","@id":"https:\/\/www.emballagedigest.fr\/#website","url":"https:\/\/www.emballagedigest.fr\/","name":"Emballage Digest","description":"Revue professionnelle sur les emballages","publisher":{"@id":"https:\/\/www.emballagedigest.fr\/#organization"},"potentialAction":[{"@type":"SearchAction","target":{"@type":"EntryPoint","urlTemplate":"https:\/\/www.emballagedigest.fr\/?s={search_term_string}"},"query-input":{"@type":"PropertyValueSpecification","valueRequired":true,"valueName":"search_term_string"}}],"inLanguage":"en-GB"},{"@type":"Organization","@id":"https:\/\/www.emballagedigest.fr\/#organization","name":"Emballage Digest","url":"https:\/\/www.emballagedigest.fr\/","logo":{"@type":"ImageObject","inLanguage":"en-GB","@id":"https:\/\/www.emballagedigest.fr\/#\/schema\/logo\/image\/","url":"https:\/\/www.emballagedigest.fr\/wp-content\/uploads\/2022\/07\/logo-ed.png","contentUrl":"https:\/\/www.emballagedigest.fr\/wp-content\/uploads\/2022\/07\/logo-ed.png","width":379,"height":75,"caption":"Emballage Digest"},"image":{"@id":"https:\/\/www.emballagedigest.fr\/#\/schema\/logo\/image\/"}},{"@type":"Person","@id":"https:\/\/www.emballagedigest.fr\/#\/schema\/person\/76abe9f2b2ee4d3d520594c7a35da59f","name":"Karine Duval","image":{"@type":"ImageObject","inLanguage":"en-GB","@id":"https:\/\/www.emballagedigest.fr\/#\/schema\/person\/image\/","url":"https:\/\/secure.gravatar.com\/avatar\/f552799261cdd2e076e6677d780ef07bdb13aa4c196ab75b39abcbcdcae2d4e5?s=96&d=mm&r=g","contentUrl":"https:\/\/secure.gravatar.com\/avatar\/f552799261cdd2e076e6677d780ef07bdb13aa4c196ab75b39abcbcdcae2d4e5?s=96&d=mm&r=g","caption":"Karine Duval"},"url":"https:\/\/www.emballagedigest.fr\/en\/author\/admin_karduv\/"}]}},"_links":{"self":[{"href":"https:\/\/www.emballagedigest.fr\/en\/wp-json\/wp\/v2\/posts\/41529","targetHints":{"allow":["GET"]}}],"collection":[{"href":"https:\/\/www.emballagedigest.fr\/en\/wp-json\/wp\/v2\/posts"}],"about":[{"href":"https:\/\/www.emballagedigest.fr\/en\/wp-json\/wp\/v2\/types\/post"}],"author":[{"embeddable":true,"href":"https:\/\/www.emballagedigest.fr\/en\/wp-json\/wp\/v2\/users\/2"}],"replies":[{"embeddable":true,"href":"https:\/\/www.emballagedigest.fr\/en\/wp-json\/wp\/v2\/comments?post=41529"}],"version-history":[{"count":2,"href":"https:\/\/www.emballagedigest.fr\/en\/wp-json\/wp\/v2\/posts\/41529\/revisions"}],"predecessor-version":[{"id":41532,"href":"https:\/\/www.emballagedigest.fr\/en\/wp-json\/wp\/v2\/posts\/41529\/revisions\/41532"}],"wp:featuredmedia":[{"embeddable":true,"href":"https:\/\/www.emballagedigest.fr\/en\/wp-json\/wp\/v2\/media\/41530"}],"wp:attachment":[{"href":"https:\/\/www.emballagedigest.fr\/en\/wp-json\/wp\/v2\/media?parent=41529"}],"wp:term":[{"taxonomy":"category","embeddable":true,"href":"https:\/\/www.emballagedigest.fr\/en\/wp-json\/wp\/v2\/categories?post=41529"},{"taxonomy":"post_tag","embeddable":true,"href":"https:\/\/www.emballagedigest.fr\/en\/wp-json\/wp\/v2\/tags?post=41529"}],"curies":[{"name":"wp","href":"https:\/\/api.w.org\/{rel}","templated":true}]}}