{"id":41860,"date":"2024-08-31T09:38:00","date_gmt":"2024-08-31T07:38:00","guid":{"rendered":"https:\/\/www.emballagedigest.fr\/?p=41860"},"modified":"2024-09-04T09:40:45","modified_gmt":"2024-09-04T07:40:45","slug":"premier-tube-en-carbone-capture-pour-la-beaute","status":"publish","type":"post","link":"https:\/\/www.emballagedigest.fr\/en\/premier-tube-en-carbone-capture-pour-la-beaute\/","title":{"rendered":"Premier tube en carbone captur\u00e9 pour la beaut\u00e9"},"content":{"rendered":"<p><strong>D\u00e9velopp\u00e9 avec Carbon Upcycling, ce produit pionnier lanc\u00e9 par Element Beauty et Caliray avec une premi\u00e8re application sur le tube primer \u00abSo Blown\u00bb, a un corps fabriqu\u00e9 en carbone captur\u00e9 et est \u00e9quip\u00e9 d\u2019un bouchon en plastique recycl\u00e9. <\/strong><\/p>\n\n\n\n<p>Il r\u00e9duit les \u00e9missions de CO<sub>2<\/sub>, am\u00e9liore la r\u00e9sistance des mat\u00e9riaux et facilite le recyclage. En parall\u00e8le, Element Materials Sciences a d\u00e9voil\u00e9 E-PHA, un nouveau biopolym\u00e8re compostable pour le moulage par injection, soufflage et thermoformage, en remplacement de l\u2019ABS, PE et PP pour l\u2019emballage cosm\u00e9tique. L\u2019E-PHA offre des propri\u00e9t\u00e9s similaires \u00e0 celles de l\u2019ABS, ce qui le rend id\u00e9al pour les emballages de luxe avec des finitions tr\u00e8s brillantes. Il est \u00e9galement remplissable \u00e0 chaud et sa r\u00e9sistance aux chocs est sup\u00e9rieure \u00e0 celle du PLA.<\/p>","protected":false},"excerpt":{"rendered":"<p>D\u00e9velopp\u00e9 avec Carbon Upcycling, ce produit pionnier lanc\u00e9 par Element Beauty et Caliray avec une premi\u00e8re application sur le tube primer \u00abSo Blown\u00bb, a un corps fabriqu\u00e9 en carbone captur\u00e9 et est \u00e9quip\u00e9 d\u2019un bouchon en plastique recycl\u00e9. Il r\u00e9duit les \u00e9missions de CO2, am\u00e9liore la r\u00e9sistance des mat\u00e9riaux et facilite le recyclage. En parall\u00e8le, [&hellip;]<\/p>","protected":false},"author":2,"featured_media":41861,"comment_status":"closed","ping_status":"closed","sticky":false,"template":"","format":"standard","meta":{"_acf_changed":false,"inline_featured_image":false,"iawp_total_views":6,"footnotes":""},"categories":[28,26,81,6,65],"tags":[],"class_list":["post-41860","post","type-post","status-publish","format-standard","has-post-thumbnail","hentry","category-article-entier","category-laterale","category-packaging","category-parfumerie-cosmetique","category-vu-dans-le-mag"],"acf":[],"yoast_head":"<!-- This site is optimized with the Yoast SEO plugin v24.4 - https:\/\/yoast.com\/wordpress\/plugins\/seo\/ -->\n<title>Premier tube en carbone captur\u00e9 pour la beaut\u00e9 - Emballage Digest<\/title>\n<meta name=\"robots\" content=\"index, follow, max-snippet:-1, max-image-preview:large, max-video-preview:-1\" \/>\n<link rel=\"canonical\" href=\"https:\/\/www.emballagedigest.fr\/en\/premier-tube-en-carbone-capture-pour-la-beaute\/\" \/>\n<meta property=\"og:locale\" content=\"en_GB\" \/>\n<meta property=\"og:type\" content=\"article\" \/>\n<meta property=\"og:title\" content=\"Premier tube en carbone captur\u00e9 pour la beaut\u00e9 - Emballage Digest\" \/>\n<meta property=\"og:description\" content=\"D\u00e9velopp\u00e9 avec Carbon Upcycling, ce produit pionnier lanc\u00e9 par Element Beauty et Caliray avec une premi\u00e8re application sur le tube primer \u00abSo Blown\u00bb, a un corps fabriqu\u00e9 en carbone captur\u00e9 et est \u00e9quip\u00e9 d\u2019un bouchon en plastique recycl\u00e9. Il r\u00e9duit les \u00e9missions de CO2, am\u00e9liore la r\u00e9sistance des mat\u00e9riaux et facilite le recyclage. En parall\u00e8le, [&hellip;]\" \/>\n<meta property=\"og:url\" content=\"https:\/\/www.emballagedigest.fr\/en\/premier-tube-en-carbone-capture-pour-la-beaute\/\" \/>\n<meta property=\"og:site_name\" content=\"Emballage Digest\" \/>\n<meta property=\"article:published_time\" content=\"2024-08-31T07:38:00+00:00\" \/>\n<meta property=\"article:modified_time\" content=\"2024-09-04T07:40:45+00:00\" \/>\n<meta property=\"og:image\" content=\"https:\/\/www.emballagedigest.fr\/wp-content\/uploads\/2024\/09\/Caliray_Tube.jpg\" \/>\n\t<meta property=\"og:image:width\" content=\"800\" \/>\n\t<meta property=\"og:image:height\" content=\"530\" \/>\n\t<meta property=\"og:image:type\" content=\"image\/jpeg\" \/>\n<meta name=\"author\" content=\"Karine Duval\" \/>\n<meta name=\"twitter:card\" content=\"summary_large_image\" \/>\n<meta name=\"twitter:label1\" content=\"Written by\" \/>\n\t<meta name=\"twitter:data1\" content=\"Karine Duval\" \/>\n\t<meta name=\"twitter:label2\" content=\"Estimated reading time\" \/>\n\t<meta name=\"twitter:data2\" content=\"1 minute\" \/>\n<script type=\"application\/ld+json\" class=\"yoast-schema-graph\">{\"@context\":\"https:\/\/schema.org\",\"@graph\":[{\"@type\":\"Article\",\"@id\":\"https:\/\/www.emballagedigest.fr\/premier-tube-en-carbone-capture-pour-la-beaute\/#article\",\"isPartOf\":{\"@id\":\"https:\/\/www.emballagedigest.fr\/premier-tube-en-carbone-capture-pour-la-beaute\/\"},\"author\":{\"name\":\"Karine Duval\",\"@id\":\"https:\/\/www.emballagedigest.fr\/#\/schema\/person\/76abe9f2b2ee4d3d520594c7a35da59f\"},\"headline\":\"Premier tube en carbone captur\u00e9 pour la beaut\u00e9\",\"datePublished\":\"2024-08-31T07:38:00+00:00\",\"dateModified\":\"2024-09-04T07:40:45+00:00\",\"mainEntityOfPage\":{\"@id\":\"https:\/\/www.emballagedigest.fr\/premier-tube-en-carbone-capture-pour-la-beaute\/\"},\"wordCount\":150,\"publisher\":{\"@id\":\"https:\/\/www.emballagedigest.fr\/#organization\"},\"image\":{\"@id\":\"https:\/\/www.emballagedigest.fr\/premier-tube-en-carbone-capture-pour-la-beaute\/#primaryimage\"},\"thumbnailUrl\":\"https:\/\/www.emballagedigest.fr\/wp-content\/uploads\/2024\/09\/Caliray_Tube.jpg\",\"articleSection\":[\"Article entier\",\"Barre lat\u00e9rale\",\"Packaging\",\"Parfumerie &amp; Cosm\u00e9tique\",\"Vu dans le mag\"],\"inLanguage\":\"en-GB\"},{\"@type\":\"WebPage\",\"@id\":\"https:\/\/www.emballagedigest.fr\/premier-tube-en-carbone-capture-pour-la-beaute\/\",\"url\":\"https:\/\/www.emballagedigest.fr\/premier-tube-en-carbone-capture-pour-la-beaute\/\",\"name\":\"Premier tube en carbone captur\u00e9 pour la beaut\u00e9 - Emballage Digest\",\"isPartOf\":{\"@id\":\"https:\/\/www.emballagedigest.fr\/#website\"},\"primaryImageOfPage\":{\"@id\":\"https:\/\/www.emballagedigest.fr\/premier-tube-en-carbone-capture-pour-la-beaute\/#primaryimage\"},\"image\":{\"@id\":\"https:\/\/www.emballagedigest.fr\/premier-tube-en-carbone-capture-pour-la-beaute\/#primaryimage\"},\"thumbnailUrl\":\"https:\/\/www.emballagedigest.fr\/wp-content\/uploads\/2024\/09\/Caliray_Tube.jpg\",\"datePublished\":\"2024-08-31T07:38:00+00:00\",\"dateModified\":\"2024-09-04T07:40:45+00:00\",\"breadcrumb\":{\"@id\":\"https:\/\/www.emballagedigest.fr\/premier-tube-en-carbone-capture-pour-la-beaute\/#breadcrumb\"},\"inLanguage\":\"en-GB\",\"potentialAction\":[{\"@type\":\"ReadAction\",\"target\":[\"https:\/\/www.emballagedigest.fr\/premier-tube-en-carbone-capture-pour-la-beaute\/\"]}]},{\"@type\":\"ImageObject\",\"inLanguage\":\"en-GB\",\"@id\":\"https:\/\/www.emballagedigest.fr\/premier-tube-en-carbone-capture-pour-la-beaute\/#primaryimage\",\"url\":\"https:\/\/www.emballagedigest.fr\/wp-content\/uploads\/2024\/09\/Caliray_Tube.jpg\",\"contentUrl\":\"https:\/\/www.emballagedigest.fr\/wp-content\/uploads\/2024\/09\/Caliray_Tube.jpg\",\"width\":800,\"height\":530},{\"@type\":\"BreadcrumbList\",\"@id\":\"https:\/\/www.emballagedigest.fr\/premier-tube-en-carbone-capture-pour-la-beaute\/#breadcrumb\",\"itemListElement\":[{\"@type\":\"ListItem\",\"position\":1,\"name\":\"Accueil\",\"item\":\"https:\/\/www.emballagedigest.fr\/\"},{\"@type\":\"ListItem\",\"position\":2,\"name\":\"Premier tube en carbone captur\u00e9 pour la beaut\u00e9\"}]},{\"@type\":\"WebSite\",\"@id\":\"https:\/\/www.emballagedigest.fr\/#website\",\"url\":\"https:\/\/www.emballagedigest.fr\/\",\"name\":\"Emballage Digest\",\"description\":\"Revue professionnelle sur les emballages\",\"publisher\":{\"@id\":\"https:\/\/www.emballagedigest.fr\/#organization\"},\"potentialAction\":[{\"@type\":\"SearchAction\",\"target\":{\"@type\":\"EntryPoint\",\"urlTemplate\":\"https:\/\/www.emballagedigest.fr\/?s={search_term_string}\"},\"query-input\":{\"@type\":\"PropertyValueSpecification\",\"valueRequired\":true,\"valueName\":\"search_term_string\"}}],\"inLanguage\":\"en-GB\"},{\"@type\":\"Organization\",\"@id\":\"https:\/\/www.emballagedigest.fr\/#organization\",\"name\":\"Emballage Digest\",\"url\":\"https:\/\/www.emballagedigest.fr\/\",\"logo\":{\"@type\":\"ImageObject\",\"inLanguage\":\"en-GB\",\"@id\":\"https:\/\/www.emballagedigest.fr\/#\/schema\/logo\/image\/\",\"url\":\"https:\/\/www.emballagedigest.fr\/wp-content\/uploads\/2022\/07\/logo-ed.png\",\"contentUrl\":\"https:\/\/www.emballagedigest.fr\/wp-content\/uploads\/2022\/07\/logo-ed.png\",\"width\":379,\"height\":75,\"caption\":\"Emballage Digest\"},\"image\":{\"@id\":\"https:\/\/www.emballagedigest.fr\/#\/schema\/logo\/image\/\"}},{\"@type\":\"Person\",\"@id\":\"https:\/\/www.emballagedigest.fr\/#\/schema\/person\/76abe9f2b2ee4d3d520594c7a35da59f\",\"name\":\"Karine Duval\",\"image\":{\"@type\":\"ImageObject\",\"inLanguage\":\"en-GB\",\"@id\":\"https:\/\/www.emballagedigest.fr\/#\/schema\/person\/image\/\",\"url\":\"https:\/\/secure.gravatar.com\/avatar\/f552799261cdd2e076e6677d780ef07bdb13aa4c196ab75b39abcbcdcae2d4e5?s=96&d=mm&r=g\",\"contentUrl\":\"https:\/\/secure.gravatar.com\/avatar\/f552799261cdd2e076e6677d780ef07bdb13aa4c196ab75b39abcbcdcae2d4e5?s=96&d=mm&r=g\",\"caption\":\"Karine Duval\"},\"url\":\"https:\/\/www.emballagedigest.fr\/en\/author\/admin_karduv\/\"}]}<\/script>\n<!-- \/ Yoast SEO plugin. -->","yoast_head_json":{"title":"Premier tube en carbone captur\u00e9 pour la beaut\u00e9 - Emballage Digest","robots":{"index":"index","follow":"follow","max-snippet":"max-snippet:-1","max-image-preview":"max-image-preview:large","max-video-preview":"max-video-preview:-1"},"canonical":"https:\/\/www.emballagedigest.fr\/en\/premier-tube-en-carbone-capture-pour-la-beaute\/","og_locale":"en_GB","og_type":"article","og_title":"Premier tube en carbone captur\u00e9 pour la beaut\u00e9 - Emballage Digest","og_description":"D\u00e9velopp\u00e9 avec Carbon Upcycling, ce produit pionnier lanc\u00e9 par Element Beauty et Caliray avec une premi\u00e8re application sur le tube primer \u00abSo Blown\u00bb, a un corps fabriqu\u00e9 en carbone captur\u00e9 et est \u00e9quip\u00e9 d\u2019un bouchon en plastique recycl\u00e9. Il r\u00e9duit les \u00e9missions de CO2, am\u00e9liore la r\u00e9sistance des mat\u00e9riaux et facilite le recyclage. En parall\u00e8le, [&hellip;]","og_url":"https:\/\/www.emballagedigest.fr\/en\/premier-tube-en-carbone-capture-pour-la-beaute\/","og_site_name":"Emballage Digest","article_published_time":"2024-08-31T07:38:00+00:00","article_modified_time":"2024-09-04T07:40:45+00:00","og_image":[{"width":800,"height":530,"url":"https:\/\/www.emballagedigest.fr\/wp-content\/uploads\/2024\/09\/Caliray_Tube.jpg","type":"image\/jpeg"}],"author":"Karine Duval","twitter_card":"summary_large_image","twitter_misc":{"Written by":"Karine Duval","Estimated reading time":"1 minute"},"schema":{"@context":"https:\/\/schema.org","@graph":[{"@type":"Article","@id":"https:\/\/www.emballagedigest.fr\/premier-tube-en-carbone-capture-pour-la-beaute\/#article","isPartOf":{"@id":"https:\/\/www.emballagedigest.fr\/premier-tube-en-carbone-capture-pour-la-beaute\/"},"author":{"name":"Karine Duval","@id":"https:\/\/www.emballagedigest.fr\/#\/schema\/person\/76abe9f2b2ee4d3d520594c7a35da59f"},"headline":"Premier tube en carbone captur\u00e9 pour la beaut\u00e9","datePublished":"2024-08-31T07:38:00+00:00","dateModified":"2024-09-04T07:40:45+00:00","mainEntityOfPage":{"@id":"https:\/\/www.emballagedigest.fr\/premier-tube-en-carbone-capture-pour-la-beaute\/"},"wordCount":150,"publisher":{"@id":"https:\/\/www.emballagedigest.fr\/#organization"},"image":{"@id":"https:\/\/www.emballagedigest.fr\/premier-tube-en-carbone-capture-pour-la-beaute\/#primaryimage"},"thumbnailUrl":"https:\/\/www.emballagedigest.fr\/wp-content\/uploads\/2024\/09\/Caliray_Tube.jpg","articleSection":["Article entier","Barre lat\u00e9rale","Packaging","Parfumerie &amp; Cosm\u00e9tique","Vu dans le mag"],"inLanguage":"en-GB"},{"@type":"WebPage","@id":"https:\/\/www.emballagedigest.fr\/premier-tube-en-carbone-capture-pour-la-beaute\/","url":"https:\/\/www.emballagedigest.fr\/premier-tube-en-carbone-capture-pour-la-beaute\/","name":"Premier tube en carbone captur\u00e9 pour la beaut\u00e9 - Emballage Digest","isPartOf":{"@id":"https:\/\/www.emballagedigest.fr\/#website"},"primaryImageOfPage":{"@id":"https:\/\/www.emballagedigest.fr\/premier-tube-en-carbone-capture-pour-la-beaute\/#primaryimage"},"image":{"@id":"https:\/\/www.emballagedigest.fr\/premier-tube-en-carbone-capture-pour-la-beaute\/#primaryimage"},"thumbnailUrl":"https:\/\/www.emballagedigest.fr\/wp-content\/uploads\/2024\/09\/Caliray_Tube.jpg","datePublished":"2024-08-31T07:38:00+00:00","dateModified":"2024-09-04T07:40:45+00:00","breadcrumb":{"@id":"https:\/\/www.emballagedigest.fr\/premier-tube-en-carbone-capture-pour-la-beaute\/#breadcrumb"},"inLanguage":"en-GB","potentialAction":[{"@type":"ReadAction","target":["https:\/\/www.emballagedigest.fr\/premier-tube-en-carbone-capture-pour-la-beaute\/"]}]},{"@type":"ImageObject","inLanguage":"en-GB","@id":"https:\/\/www.emballagedigest.fr\/premier-tube-en-carbone-capture-pour-la-beaute\/#primaryimage","url":"https:\/\/www.emballagedigest.fr\/wp-content\/uploads\/2024\/09\/Caliray_Tube.jpg","contentUrl":"https:\/\/www.emballagedigest.fr\/wp-content\/uploads\/2024\/09\/Caliray_Tube.jpg","width":800,"height":530},{"@type":"BreadcrumbList","@id":"https:\/\/www.emballagedigest.fr\/premier-tube-en-carbone-capture-pour-la-beaute\/#breadcrumb","itemListElement":[{"@type":"ListItem","position":1,"name":"Accueil","item":"https:\/\/www.emballagedigest.fr\/"},{"@type":"ListItem","position":2,"name":"Premier tube en carbone captur\u00e9 pour la beaut\u00e9"}]},{"@type":"WebSite","@id":"https:\/\/www.emballagedigest.fr\/#website","url":"https:\/\/www.emballagedigest.fr\/","name":"Emballage Digest","description":"Revue professionnelle sur les emballages","publisher":{"@id":"https:\/\/www.emballagedigest.fr\/#organization"},"potentialAction":[{"@type":"SearchAction","target":{"@type":"EntryPoint","urlTemplate":"https:\/\/www.emballagedigest.fr\/?s={search_term_string}"},"query-input":{"@type":"PropertyValueSpecification","valueRequired":true,"valueName":"search_term_string"}}],"inLanguage":"en-GB"},{"@type":"Organization","@id":"https:\/\/www.emballagedigest.fr\/#organization","name":"Emballage Digest","url":"https:\/\/www.emballagedigest.fr\/","logo":{"@type":"ImageObject","inLanguage":"en-GB","@id":"https:\/\/www.emballagedigest.fr\/#\/schema\/logo\/image\/","url":"https:\/\/www.emballagedigest.fr\/wp-content\/uploads\/2022\/07\/logo-ed.png","contentUrl":"https:\/\/www.emballagedigest.fr\/wp-content\/uploads\/2022\/07\/logo-ed.png","width":379,"height":75,"caption":"Emballage Digest"},"image":{"@id":"https:\/\/www.emballagedigest.fr\/#\/schema\/logo\/image\/"}},{"@type":"Person","@id":"https:\/\/www.emballagedigest.fr\/#\/schema\/person\/76abe9f2b2ee4d3d520594c7a35da59f","name":"Karine Duval","image":{"@type":"ImageObject","inLanguage":"en-GB","@id":"https:\/\/www.emballagedigest.fr\/#\/schema\/person\/image\/","url":"https:\/\/secure.gravatar.com\/avatar\/f552799261cdd2e076e6677d780ef07bdb13aa4c196ab75b39abcbcdcae2d4e5?s=96&d=mm&r=g","contentUrl":"https:\/\/secure.gravatar.com\/avatar\/f552799261cdd2e076e6677d780ef07bdb13aa4c196ab75b39abcbcdcae2d4e5?s=96&d=mm&r=g","caption":"Karine Duval"},"url":"https:\/\/www.emballagedigest.fr\/en\/author\/admin_karduv\/"}]}},"_links":{"self":[{"href":"https:\/\/www.emballagedigest.fr\/en\/wp-json\/wp\/v2\/posts\/41860","targetHints":{"allow":["GET"]}}],"collection":[{"href":"https:\/\/www.emballagedigest.fr\/en\/wp-json\/wp\/v2\/posts"}],"about":[{"href":"https:\/\/www.emballagedigest.fr\/en\/wp-json\/wp\/v2\/types\/post"}],"author":[{"embeddable":true,"href":"https:\/\/www.emballagedigest.fr\/en\/wp-json\/wp\/v2\/users\/2"}],"replies":[{"embeddable":true,"href":"https:\/\/www.emballagedigest.fr\/en\/wp-json\/wp\/v2\/comments?post=41860"}],"version-history":[{"count":1,"href":"https:\/\/www.emballagedigest.fr\/en\/wp-json\/wp\/v2\/posts\/41860\/revisions"}],"predecessor-version":[{"id":41862,"href":"https:\/\/www.emballagedigest.fr\/en\/wp-json\/wp\/v2\/posts\/41860\/revisions\/41862"}],"wp:featuredmedia":[{"embeddable":true,"href":"https:\/\/www.emballagedigest.fr\/en\/wp-json\/wp\/v2\/media\/41861"}],"wp:attachment":[{"href":"https:\/\/www.emballagedigest.fr\/en\/wp-json\/wp\/v2\/media?parent=41860"}],"wp:term":[{"taxonomy":"category","embeddable":true,"href":"https:\/\/www.emballagedigest.fr\/en\/wp-json\/wp\/v2\/categories?post=41860"},{"taxonomy":"post_tag","embeddable":true,"href":"https:\/\/www.emballagedigest.fr\/en\/wp-json\/wp\/v2\/tags?post=41860"}],"curies":[{"name":"wp","href":"https:\/\/api.w.org\/{rel}","templated":true}]}}