{"id":41865,"date":"2024-08-31T09:42:00","date_gmt":"2024-08-31T07:42:00","guid":{"rendered":"https:\/\/www.emballagedigest.fr\/?p=41865"},"modified":"2024-09-04T09:44:46","modified_gmt":"2024-09-04T07:44:46","slug":"un-blister-tout-alu-recyclable","status":"publish","type":"post","link":"https:\/\/www.emballagedigest.fr\/en\/un-blister-tout-alu-recyclable\/","title":{"rendered":"Un blister tout alu recyclable"},"content":{"rendered":"<p><strong>Aluflexpack, acteur de l\u2019industrie europ\u00e9enne de l\u2019emballage et pr\u00e9sent en France \u00e0 travers la soci\u00e9t\u00e9 sarthoise Eliopack, a mis au point un emballage en aluminium laqu\u00e9, baptis\u00e9 4\u221e Form (\u221e pour \u00abinfini\u00bb \u00e0 l\u2019instar de l\u2019aluminium qui est recyclable \u00e0 l\u2019infini). <\/strong><\/p>\n\n\n\n<p>Ce blister, d\u00e9velopp\u00e9 pour l\u2019industrie pharmaceutique, est donc comme son nom l\u2019indique totalement recyclable, et poss\u00e8de des propri\u00e9t\u00e9s protectrices \u00e9lev\u00e9es pour les m\u00e9dicaments. Il peut remplacer les solutions existantes utilis\u00e9es pour l\u2019emballage des comprim\u00e9s, des g\u00e9lules et des produits similaires, comme l\u2019OPA\/AL\/PVC (forme froide) ou le PVC\/PVDC (thermoformage). Autre point fort\u00a0: l\u2019aluminium est extr\u00eamement l\u00e9ger, r\u00e9siste \u00e0 la fois aux temp\u00e9ratures basses ou \u00e9lev\u00e9es et offre une protection de 100% contre l\u2019humidit\u00e9, la lumi\u00e8re, l\u2019oxyg\u00e8ne et d\u2019autres gaz, ainsi que contre les bact\u00e9ries et les micro-organismes, id\u00e9al pour une dur\u00e9e de conservation tr\u00e8s longue. Pour le march\u00e9 fran\u00e7ais, ce produit sera introduit par une \u00e9quipe de vente d\u2019Eliopack, dont l\u2019usine est situ\u00e9e \u00e0 La Fert\u00e9-Bernard. Le produit peut \u00eatre enti\u00e8rement fa\u00e7onn\u00e9 en fonction des besoins sp\u00e9cifiques des clients, de la forme \u00e0 l\u2019impression et au marquage, et il peut \u00eatre utilis\u00e9 pour le conditionnement de diff\u00e9rents produits pharmaceutiques, par exemple les antibiotiques, pr\u00e9cis\u00e9ment en raison de la barri\u00e8re particuli\u00e8rement r\u00e9sistante, les m\u00e9dicaments en vente libre et bien d\u2019autres produits de sant\u00e9. Fort de 1600 employ\u00e9s, Aluflexpack \u2013 dont le si\u00e8ge social se trouve \u00e0 Reinach (Argovie) en Suisse \u2013 poss\u00e8de des sites de production en Suisse, en France, en Pologne, en Turquie, en Croatie, en Tunisie et, \u00e0 l\u2019horizon 2024, aux \u00c9tats-Unis.<\/p>","protected":false},"excerpt":{"rendered":"<p>Aluflexpack, acteur de l\u2019industrie europ\u00e9enne de l\u2019emballage et pr\u00e9sent en France \u00e0 travers la soci\u00e9t\u00e9 sarthoise Eliopack, a mis au point un emballage en aluminium laqu\u00e9, baptis\u00e9 4\u221e Form (\u221e pour \u00abinfini\u00bb \u00e0 l\u2019instar de l\u2019aluminium qui est recyclable \u00e0 l\u2019infini). Ce blister, d\u00e9velopp\u00e9 pour l\u2019industrie pharmaceutique, est donc comme son nom l\u2019indique totalement recyclable, [&hellip;]<\/p>","protected":false},"author":2,"featured_media":41866,"comment_status":"closed","ping_status":"closed","sticky":false,"template":"","format":"standard","meta":{"_acf_changed":false,"inline_featured_image":false,"iawp_total_views":11,"footnotes":""},"categories":[28,26,81,7,65],"tags":[],"class_list":["post-41865","post","type-post","status-publish","format-standard","has-post-thumbnail","hentry","category-article-entier","category-laterale","category-packaging","category-pharmacie","category-vu-dans-le-mag"],"acf":[],"yoast_head":"<!-- This site is optimized with the Yoast SEO plugin v24.4 - https:\/\/yoast.com\/wordpress\/plugins\/seo\/ -->\n<title>Un blister tout alu recyclable - Emballage Digest<\/title>\n<meta name=\"robots\" content=\"index, follow, max-snippet:-1, max-image-preview:large, max-video-preview:-1\" \/>\n<link rel=\"canonical\" href=\"https:\/\/www.emballagedigest.fr\/en\/un-blister-tout-alu-recyclable\/\" \/>\n<meta property=\"og:locale\" content=\"en_GB\" \/>\n<meta property=\"og:type\" content=\"article\" \/>\n<meta property=\"og:title\" content=\"Un blister tout alu recyclable - Emballage Digest\" \/>\n<meta property=\"og:description\" content=\"Aluflexpack, acteur de l\u2019industrie europ\u00e9enne de l\u2019emballage et pr\u00e9sent en France \u00e0 travers la soci\u00e9t\u00e9 sarthoise Eliopack, a mis au point un emballage en aluminium laqu\u00e9, baptis\u00e9 4\u221e Form (\u221e pour \u00abinfini\u00bb \u00e0 l\u2019instar de l\u2019aluminium qui est recyclable \u00e0 l\u2019infini). Ce blister, d\u00e9velopp\u00e9 pour l\u2019industrie pharmaceutique, est donc comme son nom l\u2019indique totalement recyclable, [&hellip;]\" \/>\n<meta property=\"og:url\" content=\"https:\/\/www.emballagedigest.fr\/en\/un-blister-tout-alu-recyclable\/\" \/>\n<meta property=\"og:site_name\" content=\"Emballage Digest\" \/>\n<meta property=\"article:published_time\" content=\"2024-08-31T07:42:00+00:00\" \/>\n<meta property=\"article:modified_time\" content=\"2024-09-04T07:44:46+00:00\" \/>\n<meta property=\"og:image\" content=\"https:\/\/www.emballagedigest.fr\/wp-content\/uploads\/2024\/09\/AluFlexpack.jpg\" \/>\n\t<meta property=\"og:image:width\" content=\"800\" \/>\n\t<meta property=\"og:image:height\" content=\"600\" \/>\n\t<meta property=\"og:image:type\" content=\"image\/jpeg\" \/>\n<meta name=\"author\" content=\"Karine Duval\" \/>\n<meta name=\"twitter:card\" content=\"summary_large_image\" \/>\n<meta name=\"twitter:label1\" content=\"Written by\" \/>\n\t<meta name=\"twitter:data1\" content=\"Karine Duval\" \/>\n\t<meta name=\"twitter:label2\" content=\"Estimated reading time\" \/>\n\t<meta name=\"twitter:data2\" content=\"2 minutes\" \/>\n<script type=\"application\/ld+json\" class=\"yoast-schema-graph\">{\"@context\":\"https:\/\/schema.org\",\"@graph\":[{\"@type\":\"Article\",\"@id\":\"https:\/\/www.emballagedigest.fr\/un-blister-tout-alu-recyclable\/#article\",\"isPartOf\":{\"@id\":\"https:\/\/www.emballagedigest.fr\/un-blister-tout-alu-recyclable\/\"},\"author\":{\"name\":\"Karine Duval\",\"@id\":\"https:\/\/www.emballagedigest.fr\/#\/schema\/person\/76abe9f2b2ee4d3d520594c7a35da59f\"},\"headline\":\"Un blister tout alu recyclable\",\"datePublished\":\"2024-08-31T07:42:00+00:00\",\"dateModified\":\"2024-09-04T07:44:46+00:00\",\"mainEntityOfPage\":{\"@id\":\"https:\/\/www.emballagedigest.fr\/un-blister-tout-alu-recyclable\/\"},\"wordCount\":303,\"publisher\":{\"@id\":\"https:\/\/www.emballagedigest.fr\/#organization\"},\"image\":{\"@id\":\"https:\/\/www.emballagedigest.fr\/un-blister-tout-alu-recyclable\/#primaryimage\"},\"thumbnailUrl\":\"https:\/\/www.emballagedigest.fr\/wp-content\/uploads\/2024\/09\/AluFlexpack.jpg\",\"articleSection\":[\"Article entier\",\"Barre lat\u00e9rale\",\"Packaging\",\"Pharmacie\",\"Vu dans le mag\"],\"inLanguage\":\"en-GB\"},{\"@type\":\"WebPage\",\"@id\":\"https:\/\/www.emballagedigest.fr\/un-blister-tout-alu-recyclable\/\",\"url\":\"https:\/\/www.emballagedigest.fr\/un-blister-tout-alu-recyclable\/\",\"name\":\"Un blister tout alu recyclable - Emballage Digest\",\"isPartOf\":{\"@id\":\"https:\/\/www.emballagedigest.fr\/#website\"},\"primaryImageOfPage\":{\"@id\":\"https:\/\/www.emballagedigest.fr\/un-blister-tout-alu-recyclable\/#primaryimage\"},\"image\":{\"@id\":\"https:\/\/www.emballagedigest.fr\/un-blister-tout-alu-recyclable\/#primaryimage\"},\"thumbnailUrl\":\"https:\/\/www.emballagedigest.fr\/wp-content\/uploads\/2024\/09\/AluFlexpack.jpg\",\"datePublished\":\"2024-08-31T07:42:00+00:00\",\"dateModified\":\"2024-09-04T07:44:46+00:00\",\"breadcrumb\":{\"@id\":\"https:\/\/www.emballagedigest.fr\/un-blister-tout-alu-recyclable\/#breadcrumb\"},\"inLanguage\":\"en-GB\",\"potentialAction\":[{\"@type\":\"ReadAction\",\"target\":[\"https:\/\/www.emballagedigest.fr\/un-blister-tout-alu-recyclable\/\"]}]},{\"@type\":\"ImageObject\",\"inLanguage\":\"en-GB\",\"@id\":\"https:\/\/www.emballagedigest.fr\/un-blister-tout-alu-recyclable\/#primaryimage\",\"url\":\"https:\/\/www.emballagedigest.fr\/wp-content\/uploads\/2024\/09\/AluFlexpack.jpg\",\"contentUrl\":\"https:\/\/www.emballagedigest.fr\/wp-content\/uploads\/2024\/09\/AluFlexpack.jpg\",\"width\":800,\"height\":600},{\"@type\":\"BreadcrumbList\",\"@id\":\"https:\/\/www.emballagedigest.fr\/un-blister-tout-alu-recyclable\/#breadcrumb\",\"itemListElement\":[{\"@type\":\"ListItem\",\"position\":1,\"name\":\"Accueil\",\"item\":\"https:\/\/www.emballagedigest.fr\/\"},{\"@type\":\"ListItem\",\"position\":2,\"name\":\"Un blister tout alu recyclable\"}]},{\"@type\":\"WebSite\",\"@id\":\"https:\/\/www.emballagedigest.fr\/#website\",\"url\":\"https:\/\/www.emballagedigest.fr\/\",\"name\":\"Emballage Digest\",\"description\":\"Revue professionnelle sur les emballages\",\"publisher\":{\"@id\":\"https:\/\/www.emballagedigest.fr\/#organization\"},\"potentialAction\":[{\"@type\":\"SearchAction\",\"target\":{\"@type\":\"EntryPoint\",\"urlTemplate\":\"https:\/\/www.emballagedigest.fr\/?s={search_term_string}\"},\"query-input\":{\"@type\":\"PropertyValueSpecification\",\"valueRequired\":true,\"valueName\":\"search_term_string\"}}],\"inLanguage\":\"en-GB\"},{\"@type\":\"Organization\",\"@id\":\"https:\/\/www.emballagedigest.fr\/#organization\",\"name\":\"Emballage Digest\",\"url\":\"https:\/\/www.emballagedigest.fr\/\",\"logo\":{\"@type\":\"ImageObject\",\"inLanguage\":\"en-GB\",\"@id\":\"https:\/\/www.emballagedigest.fr\/#\/schema\/logo\/image\/\",\"url\":\"https:\/\/www.emballagedigest.fr\/wp-content\/uploads\/2022\/07\/logo-ed.png\",\"contentUrl\":\"https:\/\/www.emballagedigest.fr\/wp-content\/uploads\/2022\/07\/logo-ed.png\",\"width\":379,\"height\":75,\"caption\":\"Emballage Digest\"},\"image\":{\"@id\":\"https:\/\/www.emballagedigest.fr\/#\/schema\/logo\/image\/\"}},{\"@type\":\"Person\",\"@id\":\"https:\/\/www.emballagedigest.fr\/#\/schema\/person\/76abe9f2b2ee4d3d520594c7a35da59f\",\"name\":\"Karine Duval\",\"image\":{\"@type\":\"ImageObject\",\"inLanguage\":\"en-GB\",\"@id\":\"https:\/\/www.emballagedigest.fr\/#\/schema\/person\/image\/\",\"url\":\"https:\/\/secure.gravatar.com\/avatar\/f552799261cdd2e076e6677d780ef07bdb13aa4c196ab75b39abcbcdcae2d4e5?s=96&d=mm&r=g\",\"contentUrl\":\"https:\/\/secure.gravatar.com\/avatar\/f552799261cdd2e076e6677d780ef07bdb13aa4c196ab75b39abcbcdcae2d4e5?s=96&d=mm&r=g\",\"caption\":\"Karine Duval\"},\"url\":\"https:\/\/www.emballagedigest.fr\/en\/author\/admin_karduv\/\"}]}<\/script>\n<!-- \/ Yoast SEO plugin. -->","yoast_head_json":{"title":"Un blister tout alu recyclable - Emballage Digest","robots":{"index":"index","follow":"follow","max-snippet":"max-snippet:-1","max-image-preview":"max-image-preview:large","max-video-preview":"max-video-preview:-1"},"canonical":"https:\/\/www.emballagedigest.fr\/en\/un-blister-tout-alu-recyclable\/","og_locale":"en_GB","og_type":"article","og_title":"Un blister tout alu recyclable - Emballage Digest","og_description":"Aluflexpack, acteur de l\u2019industrie europ\u00e9enne de l\u2019emballage et pr\u00e9sent en France \u00e0 travers la soci\u00e9t\u00e9 sarthoise Eliopack, a mis au point un emballage en aluminium laqu\u00e9, baptis\u00e9 4\u221e Form (\u221e pour \u00abinfini\u00bb \u00e0 l\u2019instar de l\u2019aluminium qui est recyclable \u00e0 l\u2019infini). Ce blister, d\u00e9velopp\u00e9 pour l\u2019industrie pharmaceutique, est donc comme son nom l\u2019indique totalement recyclable, [&hellip;]","og_url":"https:\/\/www.emballagedigest.fr\/en\/un-blister-tout-alu-recyclable\/","og_site_name":"Emballage Digest","article_published_time":"2024-08-31T07:42:00+00:00","article_modified_time":"2024-09-04T07:44:46+00:00","og_image":[{"width":800,"height":600,"url":"https:\/\/www.emballagedigest.fr\/wp-content\/uploads\/2024\/09\/AluFlexpack.jpg","type":"image\/jpeg"}],"author":"Karine Duval","twitter_card":"summary_large_image","twitter_misc":{"Written by":"Karine Duval","Estimated reading time":"2 minutes"},"schema":{"@context":"https:\/\/schema.org","@graph":[{"@type":"Article","@id":"https:\/\/www.emballagedigest.fr\/un-blister-tout-alu-recyclable\/#article","isPartOf":{"@id":"https:\/\/www.emballagedigest.fr\/un-blister-tout-alu-recyclable\/"},"author":{"name":"Karine Duval","@id":"https:\/\/www.emballagedigest.fr\/#\/schema\/person\/76abe9f2b2ee4d3d520594c7a35da59f"},"headline":"Un blister tout alu recyclable","datePublished":"2024-08-31T07:42:00+00:00","dateModified":"2024-09-04T07:44:46+00:00","mainEntityOfPage":{"@id":"https:\/\/www.emballagedigest.fr\/un-blister-tout-alu-recyclable\/"},"wordCount":303,"publisher":{"@id":"https:\/\/www.emballagedigest.fr\/#organization"},"image":{"@id":"https:\/\/www.emballagedigest.fr\/un-blister-tout-alu-recyclable\/#primaryimage"},"thumbnailUrl":"https:\/\/www.emballagedigest.fr\/wp-content\/uploads\/2024\/09\/AluFlexpack.jpg","articleSection":["Article entier","Barre lat\u00e9rale","Packaging","Pharmacie","Vu dans le mag"],"inLanguage":"en-GB"},{"@type":"WebPage","@id":"https:\/\/www.emballagedigest.fr\/un-blister-tout-alu-recyclable\/","url":"https:\/\/www.emballagedigest.fr\/un-blister-tout-alu-recyclable\/","name":"Un blister tout alu recyclable - Emballage Digest","isPartOf":{"@id":"https:\/\/www.emballagedigest.fr\/#website"},"primaryImageOfPage":{"@id":"https:\/\/www.emballagedigest.fr\/un-blister-tout-alu-recyclable\/#primaryimage"},"image":{"@id":"https:\/\/www.emballagedigest.fr\/un-blister-tout-alu-recyclable\/#primaryimage"},"thumbnailUrl":"https:\/\/www.emballagedigest.fr\/wp-content\/uploads\/2024\/09\/AluFlexpack.jpg","datePublished":"2024-08-31T07:42:00+00:00","dateModified":"2024-09-04T07:44:46+00:00","breadcrumb":{"@id":"https:\/\/www.emballagedigest.fr\/un-blister-tout-alu-recyclable\/#breadcrumb"},"inLanguage":"en-GB","potentialAction":[{"@type":"ReadAction","target":["https:\/\/www.emballagedigest.fr\/un-blister-tout-alu-recyclable\/"]}]},{"@type":"ImageObject","inLanguage":"en-GB","@id":"https:\/\/www.emballagedigest.fr\/un-blister-tout-alu-recyclable\/#primaryimage","url":"https:\/\/www.emballagedigest.fr\/wp-content\/uploads\/2024\/09\/AluFlexpack.jpg","contentUrl":"https:\/\/www.emballagedigest.fr\/wp-content\/uploads\/2024\/09\/AluFlexpack.jpg","width":800,"height":600},{"@type":"BreadcrumbList","@id":"https:\/\/www.emballagedigest.fr\/un-blister-tout-alu-recyclable\/#breadcrumb","itemListElement":[{"@type":"ListItem","position":1,"name":"Accueil","item":"https:\/\/www.emballagedigest.fr\/"},{"@type":"ListItem","position":2,"name":"Un blister tout alu recyclable"}]},{"@type":"WebSite","@id":"https:\/\/www.emballagedigest.fr\/#website","url":"https:\/\/www.emballagedigest.fr\/","name":"Emballage Digest","description":"Revue professionnelle sur les emballages","publisher":{"@id":"https:\/\/www.emballagedigest.fr\/#organization"},"potentialAction":[{"@type":"SearchAction","target":{"@type":"EntryPoint","urlTemplate":"https:\/\/www.emballagedigest.fr\/?s={search_term_string}"},"query-input":{"@type":"PropertyValueSpecification","valueRequired":true,"valueName":"search_term_string"}}],"inLanguage":"en-GB"},{"@type":"Organization","@id":"https:\/\/www.emballagedigest.fr\/#organization","name":"Emballage Digest","url":"https:\/\/www.emballagedigest.fr\/","logo":{"@type":"ImageObject","inLanguage":"en-GB","@id":"https:\/\/www.emballagedigest.fr\/#\/schema\/logo\/image\/","url":"https:\/\/www.emballagedigest.fr\/wp-content\/uploads\/2022\/07\/logo-ed.png","contentUrl":"https:\/\/www.emballagedigest.fr\/wp-content\/uploads\/2022\/07\/logo-ed.png","width":379,"height":75,"caption":"Emballage Digest"},"image":{"@id":"https:\/\/www.emballagedigest.fr\/#\/schema\/logo\/image\/"}},{"@type":"Person","@id":"https:\/\/www.emballagedigest.fr\/#\/schema\/person\/76abe9f2b2ee4d3d520594c7a35da59f","name":"Karine Duval","image":{"@type":"ImageObject","inLanguage":"en-GB","@id":"https:\/\/www.emballagedigest.fr\/#\/schema\/person\/image\/","url":"https:\/\/secure.gravatar.com\/avatar\/f552799261cdd2e076e6677d780ef07bdb13aa4c196ab75b39abcbcdcae2d4e5?s=96&d=mm&r=g","contentUrl":"https:\/\/secure.gravatar.com\/avatar\/f552799261cdd2e076e6677d780ef07bdb13aa4c196ab75b39abcbcdcae2d4e5?s=96&d=mm&r=g","caption":"Karine Duval"},"url":"https:\/\/www.emballagedigest.fr\/en\/author\/admin_karduv\/"}]}},"_links":{"self":[{"href":"https:\/\/www.emballagedigest.fr\/en\/wp-json\/wp\/v2\/posts\/41865","targetHints":{"allow":["GET"]}}],"collection":[{"href":"https:\/\/www.emballagedigest.fr\/en\/wp-json\/wp\/v2\/posts"}],"about":[{"href":"https:\/\/www.emballagedigest.fr\/en\/wp-json\/wp\/v2\/types\/post"}],"author":[{"embeddable":true,"href":"https:\/\/www.emballagedigest.fr\/en\/wp-json\/wp\/v2\/users\/2"}],"replies":[{"embeddable":true,"href":"https:\/\/www.emballagedigest.fr\/en\/wp-json\/wp\/v2\/comments?post=41865"}],"version-history":[{"count":1,"href":"https:\/\/www.emballagedigest.fr\/en\/wp-json\/wp\/v2\/posts\/41865\/revisions"}],"predecessor-version":[{"id":41867,"href":"https:\/\/www.emballagedigest.fr\/en\/wp-json\/wp\/v2\/posts\/41865\/revisions\/41867"}],"wp:featuredmedia":[{"embeddable":true,"href":"https:\/\/www.emballagedigest.fr\/en\/wp-json\/wp\/v2\/media\/41866"}],"wp:attachment":[{"href":"https:\/\/www.emballagedigest.fr\/en\/wp-json\/wp\/v2\/media?parent=41865"}],"wp:term":[{"taxonomy":"category","embeddable":true,"href":"https:\/\/www.emballagedigest.fr\/en\/wp-json\/wp\/v2\/categories?post=41865"},{"taxonomy":"post_tag","embeddable":true,"href":"https:\/\/www.emballagedigest.fr\/en\/wp-json\/wp\/v2\/tags?post=41865"}],"curies":[{"name":"wp","href":"https:\/\/api.w.org\/{rel}","templated":true}]}}