{"id":41871,"date":"2024-08-31T09:50:00","date_gmt":"2024-08-31T07:50:00","guid":{"rendered":"https:\/\/www.emballagedigest.fr\/?p=41871"},"modified":"2024-09-04T09:52:25","modified_gmt":"2024-09-04T07:52:25","slug":"procos-repond-a-la-politique-anti-dumping-americaine","status":"publish","type":"post","link":"https:\/\/www.emballagedigest.fr\/en\/procos-repond-a-la-politique-anti-dumping-americaine\/","title":{"rendered":"Procos r\u00e9pond \u00e0 la politique anti-dumping am\u00e9ricaine"},"content":{"rendered":"<p><strong>Procos, expert en emballages de luxe, annonce des ajustements strat\u00e9giques suite \u00e0 l\u2019introduction de tarifs anti-dumping aux \u00c9tats-Unis visant les sacs simples en papier. Cette d\u00e9cision gouvernementale affecte indistinctement de nombreux produits de la m\u00eame famille. En effet, le libell\u00e9 des produits concern\u00e9s est si large que des sacs non cibl\u00e9s sont impact\u00e9s, mettant en difficult\u00e9 les marques et les fabricants. C\u2019est cette probl\u00e9matique que le fabricant souhaite r\u00e9soudre en proposant un sac sp\u00e9cifique exclu du champ des nouvelles taxes am\u00e9ricaines.<\/strong><\/p>\n\n\n\n<p>Fin mai 2023, une p\u00e9tition avait \u00e9t\u00e9 d\u00e9pos\u00e9e par un consortium de producteurs de sacs en papier pour alerter le gouvernement sur la concurrence d\u00e9loyale et l\u2019effet de dumping que repr\u00e9sentait l\u2019import de ces sacs shopping pour l\u2019\u00e9conomie et l\u2019industrie nationales. Neuf pays producteurs \u00e9taient vis\u00e9s : Cambodge, Chine, Colombie, Inde, Malaisie, Portugal, Ta\u00efwan, Turquie, Vietnam. Les objets concern\u00e9s sont les sacs en papier fabriqu\u00e9s enti\u00e8rement par machine et import\u00e9s \u00e0 bas prix. La description des produits incrimin\u00e9s est tr\u00e8s large : sacs en papier avec poign\u00e9es de tout type, peu importe le type d\u2019impression ou la finition des bords sup\u00e9rieurs, avec une largeur soit de 4,5 pouces minimum (10,16 cm) et une profondeur de 2,5 pouces minimum (5,08 cm). L\u2019absence de ciblage plus sp\u00e9cifique est actuellement en train de mettre en difficult\u00e9 des entreprises importatrices de sacs qui, pourtant, ne rel\u00e8vent pas du dumping.<\/p>\n\n\n\n<p>C\u2019est donc sur ce point que Procos propose pour chaque sac une solution personnalis\u00e9e la plus proche possible du design original, voire 100% align\u00e9e. Ces solutions vont de l\u2019ajustement des dimensions du sac \u00e0 la s\u00e9lection des mat\u00e9riaux utilis\u00e9s, ou passent aussi par des modifications techniques dans le processus de production, diff\u00e9rents \u00e9l\u00e9ments donc sur lesquels Procos peut intervenir. \u00abNous avons d\u00e9j\u00e0 commenc\u00e9 \u00e0 d\u00e9velopper des solutions alternatives, y compris des \u00e9chantillons dans des tailles adapt\u00e9es et des processus de production modifi\u00e9s. Nous nous engageons \u00e0 soutenir nos clients et partenaires en naviguant \u00e0 travers ces nouvelles r\u00e9glementations, en fournissant des solutions innovantes et conformes aux exigences du march\u00e9 am\u00e9ricain. Un sac sp\u00e9cifique est d\u2019ores et d\u00e9j\u00e0 disponible pour les marques concern\u00e9es. Enti\u00e8rement en papier certifi\u00e9 FSC\u00ae, conforme \u00e0 l\u2019EUTR, il int\u00e8gre les caract\u00e9ristiques demand\u00e9es pour sortir du champ des nouvelles taxes\u00bb, explique Leander Kritikos, pdg fondateur de Procos.<\/p>","protected":false},"excerpt":{"rendered":"<p>Procos, expert en emballages de luxe, annonce des ajustements strat\u00e9giques suite \u00e0 l\u2019introduction de tarifs anti-dumping aux \u00c9tats-Unis visant les sacs simples en papier. Cette d\u00e9cision gouvernementale affecte indistinctement de nombreux produits de la m\u00eame famille. En effet, le libell\u00e9 des produits concern\u00e9s est si large que des sacs non cibl\u00e9s sont impact\u00e9s, mettant en [&hellip;]<\/p>","protected":false},"author":2,"featured_media":41872,"comment_status":"closed","ping_status":"closed","sticky":false,"template":"","format":"standard","meta":{"_acf_changed":false,"inline_featured_image":false,"iawp_total_views":1,"footnotes":""},"categories":[28,26,81,6,65],"tags":[],"class_list":["post-41871","post","type-post","status-publish","format-standard","has-post-thumbnail","hentry","category-article-entier","category-laterale","category-packaging","category-parfumerie-cosmetique","category-vu-dans-le-mag"],"acf":[],"yoast_head":"<!-- This site is optimized with the Yoast SEO plugin v24.4 - https:\/\/yoast.com\/wordpress\/plugins\/seo\/ -->\n<title>Procos r\u00e9pond \u00e0 la politique anti-dumping am\u00e9ricaine - Emballage Digest<\/title>\n<meta name=\"robots\" content=\"index, follow, max-snippet:-1, max-image-preview:large, max-video-preview:-1\" \/>\n<link rel=\"canonical\" href=\"https:\/\/www.emballagedigest.fr\/en\/procos-repond-a-la-politique-anti-dumping-americaine\/\" \/>\n<meta property=\"og:locale\" content=\"en_GB\" \/>\n<meta property=\"og:type\" content=\"article\" \/>\n<meta property=\"og:title\" content=\"Procos r\u00e9pond \u00e0 la politique anti-dumping am\u00e9ricaine - Emballage Digest\" \/>\n<meta property=\"og:description\" content=\"Procos, expert en emballages de luxe, annonce des ajustements strat\u00e9giques suite \u00e0 l\u2019introduction de tarifs anti-dumping aux \u00c9tats-Unis visant les sacs simples en papier. Cette d\u00e9cision gouvernementale affecte indistinctement de nombreux produits de la m\u00eame famille. En effet, le libell\u00e9 des produits concern\u00e9s est si large que des sacs non cibl\u00e9s sont impact\u00e9s, mettant en [&hellip;]\" \/>\n<meta property=\"og:url\" content=\"https:\/\/www.emballagedigest.fr\/en\/procos-repond-a-la-politique-anti-dumping-americaine\/\" \/>\n<meta property=\"og:site_name\" content=\"Emballage Digest\" \/>\n<meta property=\"article:published_time\" content=\"2024-08-31T07:50:00+00:00\" \/>\n<meta property=\"article:modified_time\" content=\"2024-09-04T07:52:25+00:00\" \/>\n<meta property=\"og:image\" content=\"https:\/\/www.emballagedigest.fr\/wp-content\/uploads\/2024\/09\/procos.jpg\" \/>\n\t<meta property=\"og:image:width\" content=\"800\" \/>\n\t<meta property=\"og:image:height\" content=\"557\" \/>\n\t<meta property=\"og:image:type\" content=\"image\/jpeg\" \/>\n<meta name=\"author\" content=\"Karine Duval\" \/>\n<meta name=\"twitter:card\" content=\"summary_large_image\" \/>\n<meta name=\"twitter:label1\" content=\"Written by\" \/>\n\t<meta name=\"twitter:data1\" content=\"Karine Duval\" \/>\n\t<meta name=\"twitter:label2\" content=\"Estimated reading time\" \/>\n\t<meta name=\"twitter:data2\" content=\"2 minutes\" \/>\n<script type=\"application\/ld+json\" class=\"yoast-schema-graph\">{\"@context\":\"https:\/\/schema.org\",\"@graph\":[{\"@type\":\"Article\",\"@id\":\"https:\/\/www.emballagedigest.fr\/procos-repond-a-la-politique-anti-dumping-americaine\/#article\",\"isPartOf\":{\"@id\":\"https:\/\/www.emballagedigest.fr\/procos-repond-a-la-politique-anti-dumping-americaine\/\"},\"author\":{\"name\":\"Karine Duval\",\"@id\":\"https:\/\/www.emballagedigest.fr\/#\/schema\/person\/76abe9f2b2ee4d3d520594c7a35da59f\"},\"headline\":\"Procos r\u00e9pond \u00e0 la politique anti-dumping am\u00e9ricaine\",\"datePublished\":\"2024-08-31T07:50:00+00:00\",\"dateModified\":\"2024-09-04T07:52:25+00:00\",\"mainEntityOfPage\":{\"@id\":\"https:\/\/www.emballagedigest.fr\/procos-repond-a-la-politique-anti-dumping-americaine\/\"},\"wordCount\":427,\"publisher\":{\"@id\":\"https:\/\/www.emballagedigest.fr\/#organization\"},\"image\":{\"@id\":\"https:\/\/www.emballagedigest.fr\/procos-repond-a-la-politique-anti-dumping-americaine\/#primaryimage\"},\"thumbnailUrl\":\"https:\/\/www.emballagedigest.fr\/wp-content\/uploads\/2024\/09\/procos.jpg\",\"articleSection\":[\"Article entier\",\"Barre lat\u00e9rale\",\"Packaging\",\"Parfumerie &amp; Cosm\u00e9tique\",\"Vu dans le mag\"],\"inLanguage\":\"en-GB\"},{\"@type\":\"WebPage\",\"@id\":\"https:\/\/www.emballagedigest.fr\/procos-repond-a-la-politique-anti-dumping-americaine\/\",\"url\":\"https:\/\/www.emballagedigest.fr\/procos-repond-a-la-politique-anti-dumping-americaine\/\",\"name\":\"Procos r\u00e9pond \u00e0 la politique anti-dumping am\u00e9ricaine - Emballage Digest\",\"isPartOf\":{\"@id\":\"https:\/\/www.emballagedigest.fr\/#website\"},\"primaryImageOfPage\":{\"@id\":\"https:\/\/www.emballagedigest.fr\/procos-repond-a-la-politique-anti-dumping-americaine\/#primaryimage\"},\"image\":{\"@id\":\"https:\/\/www.emballagedigest.fr\/procos-repond-a-la-politique-anti-dumping-americaine\/#primaryimage\"},\"thumbnailUrl\":\"https:\/\/www.emballagedigest.fr\/wp-content\/uploads\/2024\/09\/procos.jpg\",\"datePublished\":\"2024-08-31T07:50:00+00:00\",\"dateModified\":\"2024-09-04T07:52:25+00:00\",\"breadcrumb\":{\"@id\":\"https:\/\/www.emballagedigest.fr\/procos-repond-a-la-politique-anti-dumping-americaine\/#breadcrumb\"},\"inLanguage\":\"en-GB\",\"potentialAction\":[{\"@type\":\"ReadAction\",\"target\":[\"https:\/\/www.emballagedigest.fr\/procos-repond-a-la-politique-anti-dumping-americaine\/\"]}]},{\"@type\":\"ImageObject\",\"inLanguage\":\"en-GB\",\"@id\":\"https:\/\/www.emballagedigest.fr\/procos-repond-a-la-politique-anti-dumping-americaine\/#primaryimage\",\"url\":\"https:\/\/www.emballagedigest.fr\/wp-content\/uploads\/2024\/09\/procos.jpg\",\"contentUrl\":\"https:\/\/www.emballagedigest.fr\/wp-content\/uploads\/2024\/09\/procos.jpg\",\"width\":800,\"height\":557},{\"@type\":\"BreadcrumbList\",\"@id\":\"https:\/\/www.emballagedigest.fr\/procos-repond-a-la-politique-anti-dumping-americaine\/#breadcrumb\",\"itemListElement\":[{\"@type\":\"ListItem\",\"position\":1,\"name\":\"Accueil\",\"item\":\"https:\/\/www.emballagedigest.fr\/\"},{\"@type\":\"ListItem\",\"position\":2,\"name\":\"Procos r\u00e9pond \u00e0 la politique anti-dumping am\u00e9ricaine\"}]},{\"@type\":\"WebSite\",\"@id\":\"https:\/\/www.emballagedigest.fr\/#website\",\"url\":\"https:\/\/www.emballagedigest.fr\/\",\"name\":\"Emballage Digest\",\"description\":\"Revue professionnelle sur les emballages\",\"publisher\":{\"@id\":\"https:\/\/www.emballagedigest.fr\/#organization\"},\"potentialAction\":[{\"@type\":\"SearchAction\",\"target\":{\"@type\":\"EntryPoint\",\"urlTemplate\":\"https:\/\/www.emballagedigest.fr\/?s={search_term_string}\"},\"query-input\":{\"@type\":\"PropertyValueSpecification\",\"valueRequired\":true,\"valueName\":\"search_term_string\"}}],\"inLanguage\":\"en-GB\"},{\"@type\":\"Organization\",\"@id\":\"https:\/\/www.emballagedigest.fr\/#organization\",\"name\":\"Emballage Digest\",\"url\":\"https:\/\/www.emballagedigest.fr\/\",\"logo\":{\"@type\":\"ImageObject\",\"inLanguage\":\"en-GB\",\"@id\":\"https:\/\/www.emballagedigest.fr\/#\/schema\/logo\/image\/\",\"url\":\"https:\/\/www.emballagedigest.fr\/wp-content\/uploads\/2022\/07\/logo-ed.png\",\"contentUrl\":\"https:\/\/www.emballagedigest.fr\/wp-content\/uploads\/2022\/07\/logo-ed.png\",\"width\":379,\"height\":75,\"caption\":\"Emballage Digest\"},\"image\":{\"@id\":\"https:\/\/www.emballagedigest.fr\/#\/schema\/logo\/image\/\"}},{\"@type\":\"Person\",\"@id\":\"https:\/\/www.emballagedigest.fr\/#\/schema\/person\/76abe9f2b2ee4d3d520594c7a35da59f\",\"name\":\"Karine Duval\",\"image\":{\"@type\":\"ImageObject\",\"inLanguage\":\"en-GB\",\"@id\":\"https:\/\/www.emballagedigest.fr\/#\/schema\/person\/image\/\",\"url\":\"https:\/\/secure.gravatar.com\/avatar\/f552799261cdd2e076e6677d780ef07bdb13aa4c196ab75b39abcbcdcae2d4e5?s=96&d=mm&r=g\",\"contentUrl\":\"https:\/\/secure.gravatar.com\/avatar\/f552799261cdd2e076e6677d780ef07bdb13aa4c196ab75b39abcbcdcae2d4e5?s=96&d=mm&r=g\",\"caption\":\"Karine Duval\"},\"url\":\"https:\/\/www.emballagedigest.fr\/en\/author\/admin_karduv\/\"}]}<\/script>\n<!-- \/ Yoast SEO plugin. -->","yoast_head_json":{"title":"Procos r\u00e9pond \u00e0 la politique anti-dumping am\u00e9ricaine - Emballage Digest","robots":{"index":"index","follow":"follow","max-snippet":"max-snippet:-1","max-image-preview":"max-image-preview:large","max-video-preview":"max-video-preview:-1"},"canonical":"https:\/\/www.emballagedigest.fr\/en\/procos-repond-a-la-politique-anti-dumping-americaine\/","og_locale":"en_GB","og_type":"article","og_title":"Procos r\u00e9pond \u00e0 la politique anti-dumping am\u00e9ricaine - Emballage Digest","og_description":"Procos, expert en emballages de luxe, annonce des ajustements strat\u00e9giques suite \u00e0 l\u2019introduction de tarifs anti-dumping aux \u00c9tats-Unis visant les sacs simples en papier. Cette d\u00e9cision gouvernementale affecte indistinctement de nombreux produits de la m\u00eame famille. En effet, le libell\u00e9 des produits concern\u00e9s est si large que des sacs non cibl\u00e9s sont impact\u00e9s, mettant en [&hellip;]","og_url":"https:\/\/www.emballagedigest.fr\/en\/procos-repond-a-la-politique-anti-dumping-americaine\/","og_site_name":"Emballage Digest","article_published_time":"2024-08-31T07:50:00+00:00","article_modified_time":"2024-09-04T07:52:25+00:00","og_image":[{"width":800,"height":557,"url":"https:\/\/www.emballagedigest.fr\/wp-content\/uploads\/2024\/09\/procos.jpg","type":"image\/jpeg"}],"author":"Karine Duval","twitter_card":"summary_large_image","twitter_misc":{"Written by":"Karine Duval","Estimated reading time":"2 minutes"},"schema":{"@context":"https:\/\/schema.org","@graph":[{"@type":"Article","@id":"https:\/\/www.emballagedigest.fr\/procos-repond-a-la-politique-anti-dumping-americaine\/#article","isPartOf":{"@id":"https:\/\/www.emballagedigest.fr\/procos-repond-a-la-politique-anti-dumping-americaine\/"},"author":{"name":"Karine Duval","@id":"https:\/\/www.emballagedigest.fr\/#\/schema\/person\/76abe9f2b2ee4d3d520594c7a35da59f"},"headline":"Procos r\u00e9pond \u00e0 la politique anti-dumping am\u00e9ricaine","datePublished":"2024-08-31T07:50:00+00:00","dateModified":"2024-09-04T07:52:25+00:00","mainEntityOfPage":{"@id":"https:\/\/www.emballagedigest.fr\/procos-repond-a-la-politique-anti-dumping-americaine\/"},"wordCount":427,"publisher":{"@id":"https:\/\/www.emballagedigest.fr\/#organization"},"image":{"@id":"https:\/\/www.emballagedigest.fr\/procos-repond-a-la-politique-anti-dumping-americaine\/#primaryimage"},"thumbnailUrl":"https:\/\/www.emballagedigest.fr\/wp-content\/uploads\/2024\/09\/procos.jpg","articleSection":["Article entier","Barre lat\u00e9rale","Packaging","Parfumerie &amp; Cosm\u00e9tique","Vu dans le mag"],"inLanguage":"en-GB"},{"@type":"WebPage","@id":"https:\/\/www.emballagedigest.fr\/procos-repond-a-la-politique-anti-dumping-americaine\/","url":"https:\/\/www.emballagedigest.fr\/procos-repond-a-la-politique-anti-dumping-americaine\/","name":"Procos r\u00e9pond \u00e0 la politique anti-dumping am\u00e9ricaine - Emballage Digest","isPartOf":{"@id":"https:\/\/www.emballagedigest.fr\/#website"},"primaryImageOfPage":{"@id":"https:\/\/www.emballagedigest.fr\/procos-repond-a-la-politique-anti-dumping-americaine\/#primaryimage"},"image":{"@id":"https:\/\/www.emballagedigest.fr\/procos-repond-a-la-politique-anti-dumping-americaine\/#primaryimage"},"thumbnailUrl":"https:\/\/www.emballagedigest.fr\/wp-content\/uploads\/2024\/09\/procos.jpg","datePublished":"2024-08-31T07:50:00+00:00","dateModified":"2024-09-04T07:52:25+00:00","breadcrumb":{"@id":"https:\/\/www.emballagedigest.fr\/procos-repond-a-la-politique-anti-dumping-americaine\/#breadcrumb"},"inLanguage":"en-GB","potentialAction":[{"@type":"ReadAction","target":["https:\/\/www.emballagedigest.fr\/procos-repond-a-la-politique-anti-dumping-americaine\/"]}]},{"@type":"ImageObject","inLanguage":"en-GB","@id":"https:\/\/www.emballagedigest.fr\/procos-repond-a-la-politique-anti-dumping-americaine\/#primaryimage","url":"https:\/\/www.emballagedigest.fr\/wp-content\/uploads\/2024\/09\/procos.jpg","contentUrl":"https:\/\/www.emballagedigest.fr\/wp-content\/uploads\/2024\/09\/procos.jpg","width":800,"height":557},{"@type":"BreadcrumbList","@id":"https:\/\/www.emballagedigest.fr\/procos-repond-a-la-politique-anti-dumping-americaine\/#breadcrumb","itemListElement":[{"@type":"ListItem","position":1,"name":"Accueil","item":"https:\/\/www.emballagedigest.fr\/"},{"@type":"ListItem","position":2,"name":"Procos r\u00e9pond \u00e0 la politique anti-dumping am\u00e9ricaine"}]},{"@type":"WebSite","@id":"https:\/\/www.emballagedigest.fr\/#website","url":"https:\/\/www.emballagedigest.fr\/","name":"Emballage Digest","description":"Revue professionnelle sur les emballages","publisher":{"@id":"https:\/\/www.emballagedigest.fr\/#organization"},"potentialAction":[{"@type":"SearchAction","target":{"@type":"EntryPoint","urlTemplate":"https:\/\/www.emballagedigest.fr\/?s={search_term_string}"},"query-input":{"@type":"PropertyValueSpecification","valueRequired":true,"valueName":"search_term_string"}}],"inLanguage":"en-GB"},{"@type":"Organization","@id":"https:\/\/www.emballagedigest.fr\/#organization","name":"Emballage Digest","url":"https:\/\/www.emballagedigest.fr\/","logo":{"@type":"ImageObject","inLanguage":"en-GB","@id":"https:\/\/www.emballagedigest.fr\/#\/schema\/logo\/image\/","url":"https:\/\/www.emballagedigest.fr\/wp-content\/uploads\/2022\/07\/logo-ed.png","contentUrl":"https:\/\/www.emballagedigest.fr\/wp-content\/uploads\/2022\/07\/logo-ed.png","width":379,"height":75,"caption":"Emballage Digest"},"image":{"@id":"https:\/\/www.emballagedigest.fr\/#\/schema\/logo\/image\/"}},{"@type":"Person","@id":"https:\/\/www.emballagedigest.fr\/#\/schema\/person\/76abe9f2b2ee4d3d520594c7a35da59f","name":"Karine Duval","image":{"@type":"ImageObject","inLanguage":"en-GB","@id":"https:\/\/www.emballagedigest.fr\/#\/schema\/person\/image\/","url":"https:\/\/secure.gravatar.com\/avatar\/f552799261cdd2e076e6677d780ef07bdb13aa4c196ab75b39abcbcdcae2d4e5?s=96&d=mm&r=g","contentUrl":"https:\/\/secure.gravatar.com\/avatar\/f552799261cdd2e076e6677d780ef07bdb13aa4c196ab75b39abcbcdcae2d4e5?s=96&d=mm&r=g","caption":"Karine Duval"},"url":"https:\/\/www.emballagedigest.fr\/en\/author\/admin_karduv\/"}]}},"_links":{"self":[{"href":"https:\/\/www.emballagedigest.fr\/en\/wp-json\/wp\/v2\/posts\/41871","targetHints":{"allow":["GET"]}}],"collection":[{"href":"https:\/\/www.emballagedigest.fr\/en\/wp-json\/wp\/v2\/posts"}],"about":[{"href":"https:\/\/www.emballagedigest.fr\/en\/wp-json\/wp\/v2\/types\/post"}],"author":[{"embeddable":true,"href":"https:\/\/www.emballagedigest.fr\/en\/wp-json\/wp\/v2\/users\/2"}],"replies":[{"embeddable":true,"href":"https:\/\/www.emballagedigest.fr\/en\/wp-json\/wp\/v2\/comments?post=41871"}],"version-history":[{"count":1,"href":"https:\/\/www.emballagedigest.fr\/en\/wp-json\/wp\/v2\/posts\/41871\/revisions"}],"predecessor-version":[{"id":41873,"href":"https:\/\/www.emballagedigest.fr\/en\/wp-json\/wp\/v2\/posts\/41871\/revisions\/41873"}],"wp:featuredmedia":[{"embeddable":true,"href":"https:\/\/www.emballagedigest.fr\/en\/wp-json\/wp\/v2\/media\/41872"}],"wp:attachment":[{"href":"https:\/\/www.emballagedigest.fr\/en\/wp-json\/wp\/v2\/media?parent=41871"}],"wp:term":[{"taxonomy":"category","embeddable":true,"href":"https:\/\/www.emballagedigest.fr\/en\/wp-json\/wp\/v2\/categories?post=41871"},{"taxonomy":"post_tag","embeddable":true,"href":"https:\/\/www.emballagedigest.fr\/en\/wp-json\/wp\/v2\/tags?post=41871"}],"curies":[{"name":"wp","href":"https:\/\/api.w.org\/{rel}","templated":true}]}}