{"id":42008,"date":"2024-09-16T00:18:26","date_gmt":"2024-09-15T22:18:26","guid":{"rendered":"https:\/\/www.emballagedigest.fr\/?p=42008"},"modified":"2024-09-17T08:29:55","modified_gmt":"2024-09-17T06:29:55","slug":"abb-france-nomme-un-nouveau-directeur-developpement-durable-france","status":"publish","type":"post","link":"https:\/\/www.emballagedigest.fr\/en\/abb-france-nomme-un-nouveau-directeur-developpement-durable-france\/","title":{"rendered":"ABB France nomme un nouveau Directeur D\u00e9veloppement Durable France"},"content":{"rendered":"<p><strong>ABB France annonce la nomination de Julien Colas au poste de Directeur D\u00e9veloppement Durable France, effective depuis le 22 juillet 2024. Son int\u00e9gration au comit\u00e9 de direction souligne l&rsquo;importance de la durabilit\u00e9 dans la strat\u00e9gie globale de l&rsquo;entreprise, qui place le d\u00e9veloppement durable au c\u0153ur de sa strat\u00e9gie et s\u2019engage \u00e0 r\u00e9duire \u00e0 z\u00e9ro ses \u00e9missions de CO<sub>2<\/sub> d\u2019ici 2050.<\/strong><\/p>\n\n\n\n<p>ABB France cr\u00e9e un nouveau poste de Directeur D\u00e9veloppement Durable et nomme Julien Colas en cette qualit\u00e9. Cette nomination s\u2019inscrit dans la strat\u00e9gie du groupe ABB qui vise \u00e0 atteindre z\u00e9ro \u00e9mission de CO<sub>2<\/sub> d\u2019ici 2050 et aider ses clients \u00e0 \u00e9viter d\u2019en \u00e9mettre, conform\u00e9ment \u00e0 l\u2019initiative Science Based Targets (SBTi).<\/p>\n\n\n\n<p>Fort de 15 ans d\u2019exp\u00e9rience dans le d\u00e9veloppement durable, Julien Colas a contribu\u00e9 \u00e0 b\u00e2tir la strat\u00e9gie environnementale de groupes internationaux. Il a notamment travaill\u00e9 au sein de structures telles que Saint-Gobain, l&rsquo;Association Fran\u00e7aise des Entreprises pour l\u2019Environnement o\u00f9 il \u00e9tait Responsable du p\u00f4le climat-ressources mais aussi Rexel Groupe, o\u00f9 il a occup\u00e9 ces six derni\u00e8res ann\u00e9es les postes de Responsable D\u00e9veloppement durable puis de Sustainability Solutions Senior Manager.&nbsp;Ing\u00e9nieur sp\u00e9cialis\u00e9 dans l\u2019\u00e9nergie de formation \u00e0 l\u2019INSA Hauts-de-France, il est titulaire d&rsquo;un Mast\u00e8re sp\u00e9cialis\u00e9 Ing\u00e9nierie et Gestion de l\u2019environnement des Mines ParisTech.<\/p>\n\n\n\n<p>En tant que Directeur D\u00e9veloppement Durable, il est en charge de coordonner la politique d\u00e9veloppement durable pour la France. Il apporte son expertise et son exp\u00e9rience afin d\u2019int\u00e9grer le d\u00e9veloppement durable au c\u0153ur de la strat\u00e9gie jusqu\u2019au d\u00e9ploiement op\u00e9rationnel. Il rejoint le comit\u00e9 de direction ABB France, renfor\u00e7ant ainsi la contribution d&rsquo;ABB en France pour relever les d\u00e9fis environnementaux et soci\u00e9taux actuels et \u00e0 venir. \u00ab Nous sommes ravis d&rsquo;accueillir Julien Colas en tant que Directeur D\u00e9veloppement Durable. Chez ABB France, nous nous engageons \u00e0 promouvoir une culture respectueuse de l\u2019environnement au sein de l&rsquo;entreprise et dans nos op\u00e9rations. Son int\u00e9gration au comit\u00e9 de direction souligne l&rsquo;importance strat\u00e9gique de la durabilit\u00e9 pour l\u2019entreprise \u00bb, d\u00e9clare Fran\u00e7ois Rousseau, Pr\u00e9sident France du Groupe ABB.<\/p>\n\n\n\n<p>\u00c9tabli depuis 1885, le Groupe ABB en France r\u00e9alise 30 % de son chiffre d&rsquo;affaires \u00e0 l&rsquo;export, atteignant 589 millions d\u2019euros en 2023 (+3 % par rapport \u00e0 l&rsquo;ann\u00e9e pr\u00e9c\u00e9dente). L&rsquo;entreprise emploie plus de 1 100 collaborateurs r\u00e9partis sur plus de 20 sites, incluant six centres de formation, trois sites de production (Bagn\u00e8res-de-Bigorre, Chassieu et Piffonds) et huit centres d\u2019excellence mondiaux dans l\u2019Hexagone.<strong><\/strong><\/p>","protected":false},"excerpt":{"rendered":"<p>ABB France annonce la nomination de Julien Colas au poste de Directeur D\u00e9veloppement Durable France, effective depuis le 22 juillet 2024. Son int\u00e9gration au comit\u00e9 de direction souligne l&rsquo;importance de la durabilit\u00e9 dans la strat\u00e9gie globale de l&rsquo;entreprise, qui place le d\u00e9veloppement durable au c\u0153ur de sa strat\u00e9gie et s\u2019engage \u00e0 r\u00e9duire \u00e0 z\u00e9ro ses [&hellip;]<\/p>","protected":false},"author":2,"featured_media":42009,"comment_status":"closed","ping_status":"closed","sticky":false,"template":"","format":"standard","meta":{"_acf_changed":false,"inline_featured_image":false,"iawp_total_views":0,"footnotes":""},"categories":[28,9,76],"tags":[],"class_list":["post-42008","post","type-post","status-publish","format-standard","has-post-thumbnail","hentry","category-article-entier","category-materiel","category-nomination"],"acf":[],"yoast_head":"<!-- This site is optimized with the Yoast SEO plugin v24.4 - https:\/\/yoast.com\/wordpress\/plugins\/seo\/ -->\n<title>ABB France nomme un nouveau Directeur D\u00e9veloppement Durable France - Emballage Digest<\/title>\n<meta name=\"robots\" content=\"index, follow, max-snippet:-1, max-image-preview:large, max-video-preview:-1\" \/>\n<link rel=\"canonical\" href=\"https:\/\/www.emballagedigest.fr\/en\/abb-france-nomme-un-nouveau-directeur-developpement-durable-france\/\" \/>\n<meta property=\"og:locale\" content=\"en_GB\" \/>\n<meta property=\"og:type\" content=\"article\" \/>\n<meta property=\"og:title\" content=\"ABB France nomme un nouveau Directeur D\u00e9veloppement Durable France - Emballage Digest\" \/>\n<meta property=\"og:description\" content=\"ABB France annonce la nomination de Julien Colas au poste de Directeur D\u00e9veloppement Durable France, effective depuis le 22 juillet 2024. Son int\u00e9gration au comit\u00e9 de direction souligne l&rsquo;importance de la durabilit\u00e9 dans la strat\u00e9gie globale de l&rsquo;entreprise, qui place le d\u00e9veloppement durable au c\u0153ur de sa strat\u00e9gie et s\u2019engage \u00e0 r\u00e9duire \u00e0 z\u00e9ro ses [&hellip;]\" \/>\n<meta property=\"og:url\" content=\"https:\/\/www.emballagedigest.fr\/en\/abb-france-nomme-un-nouveau-directeur-developpement-durable-france\/\" \/>\n<meta property=\"og:site_name\" content=\"Emballage Digest\" \/>\n<meta property=\"article:published_time\" content=\"2024-09-15T22:18:26+00:00\" \/>\n<meta property=\"article:modified_time\" content=\"2024-09-17T06:29:55+00:00\" \/>\n<meta property=\"og:image\" content=\"https:\/\/www.emballagedigest.fr\/wp-content\/uploads\/2024\/09\/ABB.jpg\" \/>\n\t<meta property=\"og:image:width\" content=\"800\" \/>\n\t<meta property=\"og:image:height\" content=\"496\" \/>\n\t<meta property=\"og:image:type\" content=\"image\/jpeg\" \/>\n<meta name=\"author\" content=\"Karine Duval\" \/>\n<meta name=\"twitter:card\" content=\"summary_large_image\" \/>\n<meta name=\"twitter:label1\" content=\"Written by\" \/>\n\t<meta name=\"twitter:data1\" content=\"Karine Duval\" \/>\n\t<meta name=\"twitter:label2\" content=\"Estimated reading time\" \/>\n\t<meta name=\"twitter:data2\" content=\"2 minutes\" \/>\n<script type=\"application\/ld+json\" class=\"yoast-schema-graph\">{\"@context\":\"https:\/\/schema.org\",\"@graph\":[{\"@type\":\"Article\",\"@id\":\"https:\/\/www.emballagedigest.fr\/abb-france-nomme-un-nouveau-directeur-developpement-durable-france\/#article\",\"isPartOf\":{\"@id\":\"https:\/\/www.emballagedigest.fr\/abb-france-nomme-un-nouveau-directeur-developpement-durable-france\/\"},\"author\":{\"name\":\"Karine Duval\",\"@id\":\"https:\/\/www.emballagedigest.fr\/#\/schema\/person\/76abe9f2b2ee4d3d520594c7a35da59f\"},\"headline\":\"ABB France nomme un nouveau Directeur D\u00e9veloppement Durable France\",\"datePublished\":\"2024-09-15T22:18:26+00:00\",\"dateModified\":\"2024-09-17T06:29:55+00:00\",\"mainEntityOfPage\":{\"@id\":\"https:\/\/www.emballagedigest.fr\/abb-france-nomme-un-nouveau-directeur-developpement-durable-france\/\"},\"wordCount\":453,\"publisher\":{\"@id\":\"https:\/\/www.emballagedigest.fr\/#organization\"},\"image\":{\"@id\":\"https:\/\/www.emballagedigest.fr\/abb-france-nomme-un-nouveau-directeur-developpement-durable-france\/#primaryimage\"},\"thumbnailUrl\":\"https:\/\/www.emballagedigest.fr\/wp-content\/uploads\/2024\/09\/ABB.jpg\",\"articleSection\":[\"Article entier\",\"Mat\u00e9riel\",\"Nomination\"],\"inLanguage\":\"en-GB\"},{\"@type\":\"WebPage\",\"@id\":\"https:\/\/www.emballagedigest.fr\/abb-france-nomme-un-nouveau-directeur-developpement-durable-france\/\",\"url\":\"https:\/\/www.emballagedigest.fr\/abb-france-nomme-un-nouveau-directeur-developpement-durable-france\/\",\"name\":\"ABB France nomme un nouveau Directeur D\u00e9veloppement Durable France - Emballage Digest\",\"isPartOf\":{\"@id\":\"https:\/\/www.emballagedigest.fr\/#website\"},\"primaryImageOfPage\":{\"@id\":\"https:\/\/www.emballagedigest.fr\/abb-france-nomme-un-nouveau-directeur-developpement-durable-france\/#primaryimage\"},\"image\":{\"@id\":\"https:\/\/www.emballagedigest.fr\/abb-france-nomme-un-nouveau-directeur-developpement-durable-france\/#primaryimage\"},\"thumbnailUrl\":\"https:\/\/www.emballagedigest.fr\/wp-content\/uploads\/2024\/09\/ABB.jpg\",\"datePublished\":\"2024-09-15T22:18:26+00:00\",\"dateModified\":\"2024-09-17T06:29:55+00:00\",\"breadcrumb\":{\"@id\":\"https:\/\/www.emballagedigest.fr\/abb-france-nomme-un-nouveau-directeur-developpement-durable-france\/#breadcrumb\"},\"inLanguage\":\"en-GB\",\"potentialAction\":[{\"@type\":\"ReadAction\",\"target\":[\"https:\/\/www.emballagedigest.fr\/abb-france-nomme-un-nouveau-directeur-developpement-durable-france\/\"]}]},{\"@type\":\"ImageObject\",\"inLanguage\":\"en-GB\",\"@id\":\"https:\/\/www.emballagedigest.fr\/abb-france-nomme-un-nouveau-directeur-developpement-durable-france\/#primaryimage\",\"url\":\"https:\/\/www.emballagedigest.fr\/wp-content\/uploads\/2024\/09\/ABB.jpg\",\"contentUrl\":\"https:\/\/www.emballagedigest.fr\/wp-content\/uploads\/2024\/09\/ABB.jpg\",\"width\":800,\"height\":496},{\"@type\":\"BreadcrumbList\",\"@id\":\"https:\/\/www.emballagedigest.fr\/abb-france-nomme-un-nouveau-directeur-developpement-durable-france\/#breadcrumb\",\"itemListElement\":[{\"@type\":\"ListItem\",\"position\":1,\"name\":\"Accueil\",\"item\":\"https:\/\/www.emballagedigest.fr\/\"},{\"@type\":\"ListItem\",\"position\":2,\"name\":\"ABB France nomme un nouveau Directeur D\u00e9veloppement Durable France\"}]},{\"@type\":\"WebSite\",\"@id\":\"https:\/\/www.emballagedigest.fr\/#website\",\"url\":\"https:\/\/www.emballagedigest.fr\/\",\"name\":\"Emballage Digest\",\"description\":\"Revue professionnelle sur les emballages\",\"publisher\":{\"@id\":\"https:\/\/www.emballagedigest.fr\/#organization\"},\"potentialAction\":[{\"@type\":\"SearchAction\",\"target\":{\"@type\":\"EntryPoint\",\"urlTemplate\":\"https:\/\/www.emballagedigest.fr\/?s={search_term_string}\"},\"query-input\":{\"@type\":\"PropertyValueSpecification\",\"valueRequired\":true,\"valueName\":\"search_term_string\"}}],\"inLanguage\":\"en-GB\"},{\"@type\":\"Organization\",\"@id\":\"https:\/\/www.emballagedigest.fr\/#organization\",\"name\":\"Emballage Digest\",\"url\":\"https:\/\/www.emballagedigest.fr\/\",\"logo\":{\"@type\":\"ImageObject\",\"inLanguage\":\"en-GB\",\"@id\":\"https:\/\/www.emballagedigest.fr\/#\/schema\/logo\/image\/\",\"url\":\"https:\/\/www.emballagedigest.fr\/wp-content\/uploads\/2022\/07\/logo-ed.png\",\"contentUrl\":\"https:\/\/www.emballagedigest.fr\/wp-content\/uploads\/2022\/07\/logo-ed.png\",\"width\":379,\"height\":75,\"caption\":\"Emballage Digest\"},\"image\":{\"@id\":\"https:\/\/www.emballagedigest.fr\/#\/schema\/logo\/image\/\"}},{\"@type\":\"Person\",\"@id\":\"https:\/\/www.emballagedigest.fr\/#\/schema\/person\/76abe9f2b2ee4d3d520594c7a35da59f\",\"name\":\"Karine Duval\",\"image\":{\"@type\":\"ImageObject\",\"inLanguage\":\"en-GB\",\"@id\":\"https:\/\/www.emballagedigest.fr\/#\/schema\/person\/image\/\",\"url\":\"https:\/\/secure.gravatar.com\/avatar\/f552799261cdd2e076e6677d780ef07bdb13aa4c196ab75b39abcbcdcae2d4e5?s=96&d=mm&r=g\",\"contentUrl\":\"https:\/\/secure.gravatar.com\/avatar\/f552799261cdd2e076e6677d780ef07bdb13aa4c196ab75b39abcbcdcae2d4e5?s=96&d=mm&r=g\",\"caption\":\"Karine Duval\"},\"url\":\"https:\/\/www.emballagedigest.fr\/en\/author\/admin_karduv\/\"}]}<\/script>\n<!-- \/ Yoast SEO plugin. -->","yoast_head_json":{"title":"ABB France nomme un nouveau Directeur D\u00e9veloppement Durable France - Emballage Digest","robots":{"index":"index","follow":"follow","max-snippet":"max-snippet:-1","max-image-preview":"max-image-preview:large","max-video-preview":"max-video-preview:-1"},"canonical":"https:\/\/www.emballagedigest.fr\/en\/abb-france-nomme-un-nouveau-directeur-developpement-durable-france\/","og_locale":"en_GB","og_type":"article","og_title":"ABB France nomme un nouveau Directeur D\u00e9veloppement Durable France - Emballage Digest","og_description":"ABB France annonce la nomination de Julien Colas au poste de Directeur D\u00e9veloppement Durable France, effective depuis le 22 juillet 2024. Son int\u00e9gration au comit\u00e9 de direction souligne l&rsquo;importance de la durabilit\u00e9 dans la strat\u00e9gie globale de l&rsquo;entreprise, qui place le d\u00e9veloppement durable au c\u0153ur de sa strat\u00e9gie et s\u2019engage \u00e0 r\u00e9duire \u00e0 z\u00e9ro ses [&hellip;]","og_url":"https:\/\/www.emballagedigest.fr\/en\/abb-france-nomme-un-nouveau-directeur-developpement-durable-france\/","og_site_name":"Emballage Digest","article_published_time":"2024-09-15T22:18:26+00:00","article_modified_time":"2024-09-17T06:29:55+00:00","og_image":[{"width":800,"height":496,"url":"https:\/\/www.emballagedigest.fr\/wp-content\/uploads\/2024\/09\/ABB.jpg","type":"image\/jpeg"}],"author":"Karine Duval","twitter_card":"summary_large_image","twitter_misc":{"Written by":"Karine Duval","Estimated reading time":"2 minutes"},"schema":{"@context":"https:\/\/schema.org","@graph":[{"@type":"Article","@id":"https:\/\/www.emballagedigest.fr\/abb-france-nomme-un-nouveau-directeur-developpement-durable-france\/#article","isPartOf":{"@id":"https:\/\/www.emballagedigest.fr\/abb-france-nomme-un-nouveau-directeur-developpement-durable-france\/"},"author":{"name":"Karine Duval","@id":"https:\/\/www.emballagedigest.fr\/#\/schema\/person\/76abe9f2b2ee4d3d520594c7a35da59f"},"headline":"ABB France nomme un nouveau Directeur D\u00e9veloppement Durable France","datePublished":"2024-09-15T22:18:26+00:00","dateModified":"2024-09-17T06:29:55+00:00","mainEntityOfPage":{"@id":"https:\/\/www.emballagedigest.fr\/abb-france-nomme-un-nouveau-directeur-developpement-durable-france\/"},"wordCount":453,"publisher":{"@id":"https:\/\/www.emballagedigest.fr\/#organization"},"image":{"@id":"https:\/\/www.emballagedigest.fr\/abb-france-nomme-un-nouveau-directeur-developpement-durable-france\/#primaryimage"},"thumbnailUrl":"https:\/\/www.emballagedigest.fr\/wp-content\/uploads\/2024\/09\/ABB.jpg","articleSection":["Article entier","Mat\u00e9riel","Nomination"],"inLanguage":"en-GB"},{"@type":"WebPage","@id":"https:\/\/www.emballagedigest.fr\/abb-france-nomme-un-nouveau-directeur-developpement-durable-france\/","url":"https:\/\/www.emballagedigest.fr\/abb-france-nomme-un-nouveau-directeur-developpement-durable-france\/","name":"ABB France nomme un nouveau Directeur D\u00e9veloppement Durable France - Emballage Digest","isPartOf":{"@id":"https:\/\/www.emballagedigest.fr\/#website"},"primaryImageOfPage":{"@id":"https:\/\/www.emballagedigest.fr\/abb-france-nomme-un-nouveau-directeur-developpement-durable-france\/#primaryimage"},"image":{"@id":"https:\/\/www.emballagedigest.fr\/abb-france-nomme-un-nouveau-directeur-developpement-durable-france\/#primaryimage"},"thumbnailUrl":"https:\/\/www.emballagedigest.fr\/wp-content\/uploads\/2024\/09\/ABB.jpg","datePublished":"2024-09-15T22:18:26+00:00","dateModified":"2024-09-17T06:29:55+00:00","breadcrumb":{"@id":"https:\/\/www.emballagedigest.fr\/abb-france-nomme-un-nouveau-directeur-developpement-durable-france\/#breadcrumb"},"inLanguage":"en-GB","potentialAction":[{"@type":"ReadAction","target":["https:\/\/www.emballagedigest.fr\/abb-france-nomme-un-nouveau-directeur-developpement-durable-france\/"]}]},{"@type":"ImageObject","inLanguage":"en-GB","@id":"https:\/\/www.emballagedigest.fr\/abb-france-nomme-un-nouveau-directeur-developpement-durable-france\/#primaryimage","url":"https:\/\/www.emballagedigest.fr\/wp-content\/uploads\/2024\/09\/ABB.jpg","contentUrl":"https:\/\/www.emballagedigest.fr\/wp-content\/uploads\/2024\/09\/ABB.jpg","width":800,"height":496},{"@type":"BreadcrumbList","@id":"https:\/\/www.emballagedigest.fr\/abb-france-nomme-un-nouveau-directeur-developpement-durable-france\/#breadcrumb","itemListElement":[{"@type":"ListItem","position":1,"name":"Accueil","item":"https:\/\/www.emballagedigest.fr\/"},{"@type":"ListItem","position":2,"name":"ABB France nomme un nouveau Directeur D\u00e9veloppement Durable France"}]},{"@type":"WebSite","@id":"https:\/\/www.emballagedigest.fr\/#website","url":"https:\/\/www.emballagedigest.fr\/","name":"Emballage Digest","description":"Revue professionnelle sur les emballages","publisher":{"@id":"https:\/\/www.emballagedigest.fr\/#organization"},"potentialAction":[{"@type":"SearchAction","target":{"@type":"EntryPoint","urlTemplate":"https:\/\/www.emballagedigest.fr\/?s={search_term_string}"},"query-input":{"@type":"PropertyValueSpecification","valueRequired":true,"valueName":"search_term_string"}}],"inLanguage":"en-GB"},{"@type":"Organization","@id":"https:\/\/www.emballagedigest.fr\/#organization","name":"Emballage Digest","url":"https:\/\/www.emballagedigest.fr\/","logo":{"@type":"ImageObject","inLanguage":"en-GB","@id":"https:\/\/www.emballagedigest.fr\/#\/schema\/logo\/image\/","url":"https:\/\/www.emballagedigest.fr\/wp-content\/uploads\/2022\/07\/logo-ed.png","contentUrl":"https:\/\/www.emballagedigest.fr\/wp-content\/uploads\/2022\/07\/logo-ed.png","width":379,"height":75,"caption":"Emballage Digest"},"image":{"@id":"https:\/\/www.emballagedigest.fr\/#\/schema\/logo\/image\/"}},{"@type":"Person","@id":"https:\/\/www.emballagedigest.fr\/#\/schema\/person\/76abe9f2b2ee4d3d520594c7a35da59f","name":"Karine Duval","image":{"@type":"ImageObject","inLanguage":"en-GB","@id":"https:\/\/www.emballagedigest.fr\/#\/schema\/person\/image\/","url":"https:\/\/secure.gravatar.com\/avatar\/f552799261cdd2e076e6677d780ef07bdb13aa4c196ab75b39abcbcdcae2d4e5?s=96&d=mm&r=g","contentUrl":"https:\/\/secure.gravatar.com\/avatar\/f552799261cdd2e076e6677d780ef07bdb13aa4c196ab75b39abcbcdcae2d4e5?s=96&d=mm&r=g","caption":"Karine Duval"},"url":"https:\/\/www.emballagedigest.fr\/en\/author\/admin_karduv\/"}]}},"_links":{"self":[{"href":"https:\/\/www.emballagedigest.fr\/en\/wp-json\/wp\/v2\/posts\/42008","targetHints":{"allow":["GET"]}}],"collection":[{"href":"https:\/\/www.emballagedigest.fr\/en\/wp-json\/wp\/v2\/posts"}],"about":[{"href":"https:\/\/www.emballagedigest.fr\/en\/wp-json\/wp\/v2\/types\/post"}],"author":[{"embeddable":true,"href":"https:\/\/www.emballagedigest.fr\/en\/wp-json\/wp\/v2\/users\/2"}],"replies":[{"embeddable":true,"href":"https:\/\/www.emballagedigest.fr\/en\/wp-json\/wp\/v2\/comments?post=42008"}],"version-history":[{"count":1,"href":"https:\/\/www.emballagedigest.fr\/en\/wp-json\/wp\/v2\/posts\/42008\/revisions"}],"predecessor-version":[{"id":42010,"href":"https:\/\/www.emballagedigest.fr\/en\/wp-json\/wp\/v2\/posts\/42008\/revisions\/42010"}],"wp:featuredmedia":[{"embeddable":true,"href":"https:\/\/www.emballagedigest.fr\/en\/wp-json\/wp\/v2\/media\/42009"}],"wp:attachment":[{"href":"https:\/\/www.emballagedigest.fr\/en\/wp-json\/wp\/v2\/media?parent=42008"}],"wp:term":[{"taxonomy":"category","embeddable":true,"href":"https:\/\/www.emballagedigest.fr\/en\/wp-json\/wp\/v2\/categories?post=42008"},{"taxonomy":"post_tag","embeddable":true,"href":"https:\/\/www.emballagedigest.fr\/en\/wp-json\/wp\/v2\/tags?post=42008"}],"curies":[{"name":"wp","href":"https:\/\/api.w.org\/{rel}","templated":true}]}}