{"id":42315,"date":"2024-10-14T00:01:03","date_gmt":"2024-10-13T22:01:03","guid":{"rendered":"https:\/\/www.emballagedigest.fr\/?p=42315"},"modified":"2024-10-15T00:55:26","modified_gmt":"2024-10-14T22:55:26","slug":"verescence-representera-la-somme-a-la-grande-exposition-du-fabrique-en-france-2024","status":"publish","type":"post","link":"https:\/\/www.emballagedigest.fr\/en\/verescence-representera-la-somme-a-la-grande-exposition-du-fabrique-en-france-2024\/","title":{"rendered":"Verescence repr\u00e9sentera la Somme \u00e0 la Grande Exposition du Fabriqu\u00e9 en France 2024"},"content":{"rendered":"<p><strong>Verescence, expert du flaconnage de luxe pour l\u2019industrie parfumerie-cosm\u00e9tique, sera le repr\u00e9sentant de la Somme lors de la 4<sup>\u00e8me<\/sup> \u00e9dition de la Grande Exposition du Fabriqu\u00e9 en France, qui se tiendra les 26 et 27 octobre 2024 au Palais de l\u2019\u00c9lys\u00e9e. Initi\u00e9 par le pr\u00e9sident de la R\u00e9publique en 2020, et ouvert au grand public, cet \u00e9v\u00e9nement met \u00e0 l\u2019honneur les entreprises, les artisans, les producteurs, les industriels et les associations engag\u00e9s dans une d\u00e9marche de fabrication fran\u00e7aise.<\/strong><\/p>\n\n\n\n<p>Sur 2200 dossiers soumis, 122 produits ont \u00e9t\u00e9 s\u00e9lectionn\u00e9s pour cette exposition. Cette ann\u00e9e, le d\u00e9partement de la Somme sera repr\u00e9sent\u00e9 par Verescence \u2013 CA de 500 M\u20ac pour 600 millions de flacons produits par an \u2013 qui exposera l\u2019iconique flacon H ou \u00ab Terre \u00bb d\u2019Herm\u00e8s, fabriqu\u00e9 exclusivement dans la verrerie de Mers-les-Bains. V\u00e9ritable condens\u00e9 de savoir-faire verrier et d\u2019innovation, ce flacon incarne le plus haut niveau d&rsquo;exigence qualit\u00e9 de la parfumerie de luxe. Il demeure l\u2019un des flacons les plus vendus au monde avec une croissance continue depuis sa cr\u00e9ation en 2006.<\/p>\n\n\n\n<p>\u00ab Apr\u00e8s avoir repr\u00e9sent\u00e9 l&rsquo;Orne en 2021, c&rsquo;est avec une immense fiert\u00e9 que nous repr\u00e9sentons cette fois-ci le d\u00e9partement de la Somme avec l\u2019un de ses savoir-faire uniques au monde : le flaconnage de luxe. Ce domaine d\u2019excellence fran\u00e7ais, intimement li\u00e9 au territoire de la Glass Vall\u00e9e, demeure encore m\u00e9connu du grand public. C\u2019est aussi l\u2019occasion de mettre en avant le verre, mat\u00e9riau durable et recyclable \u00e0 l\u2019infini \u00bb, d\u00e9clare H\u00e9l\u00e8ne Marchand, directrice g\u00e9n\u00e9rale France de Verescence.<\/p>","protected":false},"excerpt":{"rendered":"<p>Verescence, expert du flaconnage de luxe pour l\u2019industrie parfumerie-cosm\u00e9tique, sera le repr\u00e9sentant de la Somme lors de la 4\u00e8me \u00e9dition de la Grande Exposition du Fabriqu\u00e9 en France, qui se tiendra les 26 et 27 octobre 2024 au Palais de l\u2019\u00c9lys\u00e9e. Initi\u00e9 par le pr\u00e9sident de la R\u00e9publique en 2020, et ouvert au grand public, [&hellip;]<\/p>","protected":false},"author":2,"featured_media":42316,"comment_status":"closed","ping_status":"closed","sticky":false,"template":"","format":"standard","meta":{"_acf_changed":false,"inline_featured_image":false,"iawp_total_views":1,"footnotes":""},"categories":[28,10],"tags":[],"class_list":["post-42315","post","type-post","status-publish","format-standard","has-post-thumbnail","hentry","category-article-entier","category-materiaux"],"acf":[],"yoast_head":"<!-- This site is optimized with the Yoast SEO plugin v24.4 - https:\/\/yoast.com\/wordpress\/plugins\/seo\/ -->\n<title>Verescence repr\u00e9sentera la Somme \u00e0 la Grande Exposition du Fabriqu\u00e9 en France 2024 - Emballage Digest<\/title>\n<meta name=\"robots\" content=\"index, follow, max-snippet:-1, max-image-preview:large, max-video-preview:-1\" \/>\n<link rel=\"canonical\" href=\"https:\/\/www.emballagedigest.fr\/en\/verescence-representera-la-somme-a-la-grande-exposition-du-fabrique-en-france-2024\/\" \/>\n<meta property=\"og:locale\" content=\"en_GB\" \/>\n<meta property=\"og:type\" content=\"article\" \/>\n<meta property=\"og:title\" content=\"Verescence repr\u00e9sentera la Somme \u00e0 la Grande Exposition du Fabriqu\u00e9 en France 2024 - Emballage Digest\" \/>\n<meta property=\"og:description\" content=\"Verescence, expert du flaconnage de luxe pour l\u2019industrie parfumerie-cosm\u00e9tique, sera le repr\u00e9sentant de la Somme lors de la 4\u00e8me \u00e9dition de la Grande Exposition du Fabriqu\u00e9 en France, qui se tiendra les 26 et 27 octobre 2024 au Palais de l\u2019\u00c9lys\u00e9e. Initi\u00e9 par le pr\u00e9sident de la R\u00e9publique en 2020, et ouvert au grand public, [&hellip;]\" \/>\n<meta property=\"og:url\" content=\"https:\/\/www.emballagedigest.fr\/en\/verescence-representera-la-somme-a-la-grande-exposition-du-fabrique-en-france-2024\/\" \/>\n<meta property=\"og:site_name\" content=\"Emballage Digest\" \/>\n<meta property=\"article:published_time\" content=\"2024-10-13T22:01:03+00:00\" \/>\n<meta property=\"article:modified_time\" content=\"2024-10-14T22:55:26+00:00\" \/>\n<meta property=\"og:image\" content=\"https:\/\/www.emballagedigest.fr\/wp-content\/uploads\/2024\/10\/VERESCENCE.jpg\" \/>\n\t<meta property=\"og:image:width\" content=\"800\" \/>\n\t<meta property=\"og:image:height\" content=\"569\" \/>\n\t<meta property=\"og:image:type\" content=\"image\/jpeg\" \/>\n<meta name=\"author\" content=\"Karine Duval\" \/>\n<meta name=\"twitter:card\" content=\"summary_large_image\" \/>\n<meta name=\"twitter:label1\" content=\"Written by\" \/>\n\t<meta name=\"twitter:data1\" content=\"Karine Duval\" \/>\n\t<meta name=\"twitter:label2\" content=\"Estimated reading time\" \/>\n\t<meta name=\"twitter:data2\" content=\"2 minutes\" \/>\n<script type=\"application\/ld+json\" class=\"yoast-schema-graph\">{\"@context\":\"https:\/\/schema.org\",\"@graph\":[{\"@type\":\"Article\",\"@id\":\"https:\/\/www.emballagedigest.fr\/verescence-representera-la-somme-a-la-grande-exposition-du-fabrique-en-france-2024\/#article\",\"isPartOf\":{\"@id\":\"https:\/\/www.emballagedigest.fr\/verescence-representera-la-somme-a-la-grande-exposition-du-fabrique-en-france-2024\/\"},\"author\":{\"name\":\"Karine Duval\",\"@id\":\"https:\/\/www.emballagedigest.fr\/#\/schema\/person\/76abe9f2b2ee4d3d520594c7a35da59f\"},\"headline\":\"Verescence repr\u00e9sentera la Somme \u00e0 la Grande Exposition du Fabriqu\u00e9 en France 2024\",\"datePublished\":\"2024-10-13T22:01:03+00:00\",\"dateModified\":\"2024-10-14T22:55:26+00:00\",\"mainEntityOfPage\":{\"@id\":\"https:\/\/www.emballagedigest.fr\/verescence-representera-la-somme-a-la-grande-exposition-du-fabrique-en-france-2024\/\"},\"wordCount\":287,\"publisher\":{\"@id\":\"https:\/\/www.emballagedigest.fr\/#organization\"},\"image\":{\"@id\":\"https:\/\/www.emballagedigest.fr\/verescence-representera-la-somme-a-la-grande-exposition-du-fabrique-en-france-2024\/#primaryimage\"},\"thumbnailUrl\":\"https:\/\/www.emballagedigest.fr\/wp-content\/uploads\/2024\/10\/VERESCENCE.jpg\",\"articleSection\":[\"Article entier\",\"Mat\u00e9riaux\"],\"inLanguage\":\"en-GB\"},{\"@type\":\"WebPage\",\"@id\":\"https:\/\/www.emballagedigest.fr\/verescence-representera-la-somme-a-la-grande-exposition-du-fabrique-en-france-2024\/\",\"url\":\"https:\/\/www.emballagedigest.fr\/verescence-representera-la-somme-a-la-grande-exposition-du-fabrique-en-france-2024\/\",\"name\":\"Verescence repr\u00e9sentera la Somme \u00e0 la Grande Exposition du Fabriqu\u00e9 en France 2024 - Emballage Digest\",\"isPartOf\":{\"@id\":\"https:\/\/www.emballagedigest.fr\/#website\"},\"primaryImageOfPage\":{\"@id\":\"https:\/\/www.emballagedigest.fr\/verescence-representera-la-somme-a-la-grande-exposition-du-fabrique-en-france-2024\/#primaryimage\"},\"image\":{\"@id\":\"https:\/\/www.emballagedigest.fr\/verescence-representera-la-somme-a-la-grande-exposition-du-fabrique-en-france-2024\/#primaryimage\"},\"thumbnailUrl\":\"https:\/\/www.emballagedigest.fr\/wp-content\/uploads\/2024\/10\/VERESCENCE.jpg\",\"datePublished\":\"2024-10-13T22:01:03+00:00\",\"dateModified\":\"2024-10-14T22:55:26+00:00\",\"breadcrumb\":{\"@id\":\"https:\/\/www.emballagedigest.fr\/verescence-representera-la-somme-a-la-grande-exposition-du-fabrique-en-france-2024\/#breadcrumb\"},\"inLanguage\":\"en-GB\",\"potentialAction\":[{\"@type\":\"ReadAction\",\"target\":[\"https:\/\/www.emballagedigest.fr\/verescence-representera-la-somme-a-la-grande-exposition-du-fabrique-en-france-2024\/\"]}]},{\"@type\":\"ImageObject\",\"inLanguage\":\"en-GB\",\"@id\":\"https:\/\/www.emballagedigest.fr\/verescence-representera-la-somme-a-la-grande-exposition-du-fabrique-en-france-2024\/#primaryimage\",\"url\":\"https:\/\/www.emballagedigest.fr\/wp-content\/uploads\/2024\/10\/VERESCENCE.jpg\",\"contentUrl\":\"https:\/\/www.emballagedigest.fr\/wp-content\/uploads\/2024\/10\/VERESCENCE.jpg\",\"width\":800,\"height\":569},{\"@type\":\"BreadcrumbList\",\"@id\":\"https:\/\/www.emballagedigest.fr\/verescence-representera-la-somme-a-la-grande-exposition-du-fabrique-en-france-2024\/#breadcrumb\",\"itemListElement\":[{\"@type\":\"ListItem\",\"position\":1,\"name\":\"Accueil\",\"item\":\"https:\/\/www.emballagedigest.fr\/\"},{\"@type\":\"ListItem\",\"position\":2,\"name\":\"Verescence repr\u00e9sentera la Somme \u00e0 la Grande Exposition du Fabriqu\u00e9 en France 2024\"}]},{\"@type\":\"WebSite\",\"@id\":\"https:\/\/www.emballagedigest.fr\/#website\",\"url\":\"https:\/\/www.emballagedigest.fr\/\",\"name\":\"Emballage Digest\",\"description\":\"Revue professionnelle sur les emballages\",\"publisher\":{\"@id\":\"https:\/\/www.emballagedigest.fr\/#organization\"},\"potentialAction\":[{\"@type\":\"SearchAction\",\"target\":{\"@type\":\"EntryPoint\",\"urlTemplate\":\"https:\/\/www.emballagedigest.fr\/?s={search_term_string}\"},\"query-input\":{\"@type\":\"PropertyValueSpecification\",\"valueRequired\":true,\"valueName\":\"search_term_string\"}}],\"inLanguage\":\"en-GB\"},{\"@type\":\"Organization\",\"@id\":\"https:\/\/www.emballagedigest.fr\/#organization\",\"name\":\"Emballage Digest\",\"url\":\"https:\/\/www.emballagedigest.fr\/\",\"logo\":{\"@type\":\"ImageObject\",\"inLanguage\":\"en-GB\",\"@id\":\"https:\/\/www.emballagedigest.fr\/#\/schema\/logo\/image\/\",\"url\":\"https:\/\/www.emballagedigest.fr\/wp-content\/uploads\/2022\/07\/logo-ed.png\",\"contentUrl\":\"https:\/\/www.emballagedigest.fr\/wp-content\/uploads\/2022\/07\/logo-ed.png\",\"width\":379,\"height\":75,\"caption\":\"Emballage Digest\"},\"image\":{\"@id\":\"https:\/\/www.emballagedigest.fr\/#\/schema\/logo\/image\/\"}},{\"@type\":\"Person\",\"@id\":\"https:\/\/www.emballagedigest.fr\/#\/schema\/person\/76abe9f2b2ee4d3d520594c7a35da59f\",\"name\":\"Karine Duval\",\"image\":{\"@type\":\"ImageObject\",\"inLanguage\":\"en-GB\",\"@id\":\"https:\/\/www.emballagedigest.fr\/#\/schema\/person\/image\/\",\"url\":\"https:\/\/secure.gravatar.com\/avatar\/f552799261cdd2e076e6677d780ef07bdb13aa4c196ab75b39abcbcdcae2d4e5?s=96&d=mm&r=g\",\"contentUrl\":\"https:\/\/secure.gravatar.com\/avatar\/f552799261cdd2e076e6677d780ef07bdb13aa4c196ab75b39abcbcdcae2d4e5?s=96&d=mm&r=g\",\"caption\":\"Karine Duval\"},\"url\":\"https:\/\/www.emballagedigest.fr\/en\/author\/admin_karduv\/\"}]}<\/script>\n<!-- \/ Yoast SEO plugin. -->","yoast_head_json":{"title":"Verescence repr\u00e9sentera la Somme \u00e0 la Grande Exposition du Fabriqu\u00e9 en France 2024 - Emballage Digest","robots":{"index":"index","follow":"follow","max-snippet":"max-snippet:-1","max-image-preview":"max-image-preview:large","max-video-preview":"max-video-preview:-1"},"canonical":"https:\/\/www.emballagedigest.fr\/en\/verescence-representera-la-somme-a-la-grande-exposition-du-fabrique-en-france-2024\/","og_locale":"en_GB","og_type":"article","og_title":"Verescence repr\u00e9sentera la Somme \u00e0 la Grande Exposition du Fabriqu\u00e9 en France 2024 - Emballage Digest","og_description":"Verescence, expert du flaconnage de luxe pour l\u2019industrie parfumerie-cosm\u00e9tique, sera le repr\u00e9sentant de la Somme lors de la 4\u00e8me \u00e9dition de la Grande Exposition du Fabriqu\u00e9 en France, qui se tiendra les 26 et 27 octobre 2024 au Palais de l\u2019\u00c9lys\u00e9e. Initi\u00e9 par le pr\u00e9sident de la R\u00e9publique en 2020, et ouvert au grand public, [&hellip;]","og_url":"https:\/\/www.emballagedigest.fr\/en\/verescence-representera-la-somme-a-la-grande-exposition-du-fabrique-en-france-2024\/","og_site_name":"Emballage Digest","article_published_time":"2024-10-13T22:01:03+00:00","article_modified_time":"2024-10-14T22:55:26+00:00","og_image":[{"width":800,"height":569,"url":"https:\/\/www.emballagedigest.fr\/wp-content\/uploads\/2024\/10\/VERESCENCE.jpg","type":"image\/jpeg"}],"author":"Karine Duval","twitter_card":"summary_large_image","twitter_misc":{"Written by":"Karine Duval","Estimated reading time":"2 minutes"},"schema":{"@context":"https:\/\/schema.org","@graph":[{"@type":"Article","@id":"https:\/\/www.emballagedigest.fr\/verescence-representera-la-somme-a-la-grande-exposition-du-fabrique-en-france-2024\/#article","isPartOf":{"@id":"https:\/\/www.emballagedigest.fr\/verescence-representera-la-somme-a-la-grande-exposition-du-fabrique-en-france-2024\/"},"author":{"name":"Karine Duval","@id":"https:\/\/www.emballagedigest.fr\/#\/schema\/person\/76abe9f2b2ee4d3d520594c7a35da59f"},"headline":"Verescence repr\u00e9sentera la Somme \u00e0 la Grande Exposition du Fabriqu\u00e9 en France 2024","datePublished":"2024-10-13T22:01:03+00:00","dateModified":"2024-10-14T22:55:26+00:00","mainEntityOfPage":{"@id":"https:\/\/www.emballagedigest.fr\/verescence-representera-la-somme-a-la-grande-exposition-du-fabrique-en-france-2024\/"},"wordCount":287,"publisher":{"@id":"https:\/\/www.emballagedigest.fr\/#organization"},"image":{"@id":"https:\/\/www.emballagedigest.fr\/verescence-representera-la-somme-a-la-grande-exposition-du-fabrique-en-france-2024\/#primaryimage"},"thumbnailUrl":"https:\/\/www.emballagedigest.fr\/wp-content\/uploads\/2024\/10\/VERESCENCE.jpg","articleSection":["Article entier","Mat\u00e9riaux"],"inLanguage":"en-GB"},{"@type":"WebPage","@id":"https:\/\/www.emballagedigest.fr\/verescence-representera-la-somme-a-la-grande-exposition-du-fabrique-en-france-2024\/","url":"https:\/\/www.emballagedigest.fr\/verescence-representera-la-somme-a-la-grande-exposition-du-fabrique-en-france-2024\/","name":"Verescence repr\u00e9sentera la Somme \u00e0 la Grande Exposition du Fabriqu\u00e9 en France 2024 - Emballage Digest","isPartOf":{"@id":"https:\/\/www.emballagedigest.fr\/#website"},"primaryImageOfPage":{"@id":"https:\/\/www.emballagedigest.fr\/verescence-representera-la-somme-a-la-grande-exposition-du-fabrique-en-france-2024\/#primaryimage"},"image":{"@id":"https:\/\/www.emballagedigest.fr\/verescence-representera-la-somme-a-la-grande-exposition-du-fabrique-en-france-2024\/#primaryimage"},"thumbnailUrl":"https:\/\/www.emballagedigest.fr\/wp-content\/uploads\/2024\/10\/VERESCENCE.jpg","datePublished":"2024-10-13T22:01:03+00:00","dateModified":"2024-10-14T22:55:26+00:00","breadcrumb":{"@id":"https:\/\/www.emballagedigest.fr\/verescence-representera-la-somme-a-la-grande-exposition-du-fabrique-en-france-2024\/#breadcrumb"},"inLanguage":"en-GB","potentialAction":[{"@type":"ReadAction","target":["https:\/\/www.emballagedigest.fr\/verescence-representera-la-somme-a-la-grande-exposition-du-fabrique-en-france-2024\/"]}]},{"@type":"ImageObject","inLanguage":"en-GB","@id":"https:\/\/www.emballagedigest.fr\/verescence-representera-la-somme-a-la-grande-exposition-du-fabrique-en-france-2024\/#primaryimage","url":"https:\/\/www.emballagedigest.fr\/wp-content\/uploads\/2024\/10\/VERESCENCE.jpg","contentUrl":"https:\/\/www.emballagedigest.fr\/wp-content\/uploads\/2024\/10\/VERESCENCE.jpg","width":800,"height":569},{"@type":"BreadcrumbList","@id":"https:\/\/www.emballagedigest.fr\/verescence-representera-la-somme-a-la-grande-exposition-du-fabrique-en-france-2024\/#breadcrumb","itemListElement":[{"@type":"ListItem","position":1,"name":"Accueil","item":"https:\/\/www.emballagedigest.fr\/"},{"@type":"ListItem","position":2,"name":"Verescence repr\u00e9sentera la Somme \u00e0 la Grande Exposition du Fabriqu\u00e9 en France 2024"}]},{"@type":"WebSite","@id":"https:\/\/www.emballagedigest.fr\/#website","url":"https:\/\/www.emballagedigest.fr\/","name":"Emballage Digest","description":"Revue professionnelle sur les emballages","publisher":{"@id":"https:\/\/www.emballagedigest.fr\/#organization"},"potentialAction":[{"@type":"SearchAction","target":{"@type":"EntryPoint","urlTemplate":"https:\/\/www.emballagedigest.fr\/?s={search_term_string}"},"query-input":{"@type":"PropertyValueSpecification","valueRequired":true,"valueName":"search_term_string"}}],"inLanguage":"en-GB"},{"@type":"Organization","@id":"https:\/\/www.emballagedigest.fr\/#organization","name":"Emballage Digest","url":"https:\/\/www.emballagedigest.fr\/","logo":{"@type":"ImageObject","inLanguage":"en-GB","@id":"https:\/\/www.emballagedigest.fr\/#\/schema\/logo\/image\/","url":"https:\/\/www.emballagedigest.fr\/wp-content\/uploads\/2022\/07\/logo-ed.png","contentUrl":"https:\/\/www.emballagedigest.fr\/wp-content\/uploads\/2022\/07\/logo-ed.png","width":379,"height":75,"caption":"Emballage Digest"},"image":{"@id":"https:\/\/www.emballagedigest.fr\/#\/schema\/logo\/image\/"}},{"@type":"Person","@id":"https:\/\/www.emballagedigest.fr\/#\/schema\/person\/76abe9f2b2ee4d3d520594c7a35da59f","name":"Karine Duval","image":{"@type":"ImageObject","inLanguage":"en-GB","@id":"https:\/\/www.emballagedigest.fr\/#\/schema\/person\/image\/","url":"https:\/\/secure.gravatar.com\/avatar\/f552799261cdd2e076e6677d780ef07bdb13aa4c196ab75b39abcbcdcae2d4e5?s=96&d=mm&r=g","contentUrl":"https:\/\/secure.gravatar.com\/avatar\/f552799261cdd2e076e6677d780ef07bdb13aa4c196ab75b39abcbcdcae2d4e5?s=96&d=mm&r=g","caption":"Karine Duval"},"url":"https:\/\/www.emballagedigest.fr\/en\/author\/admin_karduv\/"}]}},"_links":{"self":[{"href":"https:\/\/www.emballagedigest.fr\/en\/wp-json\/wp\/v2\/posts\/42315","targetHints":{"allow":["GET"]}}],"collection":[{"href":"https:\/\/www.emballagedigest.fr\/en\/wp-json\/wp\/v2\/posts"}],"about":[{"href":"https:\/\/www.emballagedigest.fr\/en\/wp-json\/wp\/v2\/types\/post"}],"author":[{"embeddable":true,"href":"https:\/\/www.emballagedigest.fr\/en\/wp-json\/wp\/v2\/users\/2"}],"replies":[{"embeddable":true,"href":"https:\/\/www.emballagedigest.fr\/en\/wp-json\/wp\/v2\/comments?post=42315"}],"version-history":[{"count":1,"href":"https:\/\/www.emballagedigest.fr\/en\/wp-json\/wp\/v2\/posts\/42315\/revisions"}],"predecessor-version":[{"id":42317,"href":"https:\/\/www.emballagedigest.fr\/en\/wp-json\/wp\/v2\/posts\/42315\/revisions\/42317"}],"wp:featuredmedia":[{"embeddable":true,"href":"https:\/\/www.emballagedigest.fr\/en\/wp-json\/wp\/v2\/media\/42316"}],"wp:attachment":[{"href":"https:\/\/www.emballagedigest.fr\/en\/wp-json\/wp\/v2\/media?parent=42315"}],"wp:term":[{"taxonomy":"category","embeddable":true,"href":"https:\/\/www.emballagedigest.fr\/en\/wp-json\/wp\/v2\/categories?post=42315"},{"taxonomy":"post_tag","embeddable":true,"href":"https:\/\/www.emballagedigest.fr\/en\/wp-json\/wp\/v2\/tags?post=42315"}],"curies":[{"name":"wp","href":"https:\/\/api.w.org\/{rel}","templated":true}]}}