{"id":42329,"date":"2024-10-16T00:14:42","date_gmt":"2024-10-15T22:14:42","guid":{"rendered":"https:\/\/www.emballagedigest.fr\/?p=42329"},"modified":"2024-10-17T01:17:21","modified_gmt":"2024-10-16T23:17:21","slug":"gerresheimer-equipe-son-usine-belge-de-panneaux-solaires","status":"publish","type":"post","link":"https:\/\/www.emballagedigest.fr\/en\/gerresheimer-equipe-son-usine-belge-de-panneaux-solaires\/","title":{"rendered":"Gerresheimer \u00e9quipe son usine belge de panneaux solaires"},"content":{"rendered":"<p><strong>Gerresheimer a install\u00e9 avec succ\u00e8s un syst\u00e8me photovolta\u00efque sur son site de Momignies, en Belgique, d\u00e9di\u00e9 \u00e0 la fabrication et la d\u00e9coration de flacons et des pots en verre pour l&rsquo;industrie cosm\u00e9tique fort de 750 employ\u00e9s.<\/strong><\/p>\n\n\n\n<p>Avec une capacit\u00e9 install\u00e9e de 2,3 MWp, ce syst\u00e8me produira environ 2 100 MWh d&rsquo;\u00e9nergie solaire par an et devrait permettre d&rsquo;\u00e9conomiser environ 300 tonnes de CO<sub>2<\/sub> par rapport \u00e0 l&rsquo;approvisionnement en \u00e9lectricit\u00e9 conventionnelle en Belgique. L&rsquo;installation de syst\u00e8mes photovolta\u00efques sur des toits appropri\u00e9s, comme sur le site de Momignies, et la conclusion de contrats d&rsquo;achat d&rsquo;\u00e9lectricit\u00e9 avec des exploitants de parcs \u00e9oliens et solaires sont des \u00e9tapes cl\u00e9s qui permettront \u00e0 Gerresheimer d&rsquo;augmenter continuellement la part de l&rsquo;\u00e9lectricit\u00e9 verte dans son approvisionnement \u00e9nerg\u00e9tique. D&rsquo;ici \u00e0 2030, l&rsquo;entreprise souhaite que l&rsquo;ensemble de son approvisionnement en \u00e9lectricit\u00e9 soit assur\u00e9 par des sources renouvelables.<\/p>\n\n\n\n<p>Le nouveau syst\u00e8me photovolta\u00efque du site de Momignies couvre plus de 15 000 m<sup>2<\/sup> sur le toit d&rsquo;un hall de production, soit l&rsquo;\u00e9quivalent d&rsquo;environ deux terrains de football. Presque 100% de l&rsquo;\u00e9lectricit\u00e9 verte produite par le syst\u00e8me photovolta\u00efque est utilis\u00e9e sur le site. Seules les charges de pointe sont inject\u00e9es dans le r\u00e9seau public. L&rsquo;extension \u00e0 d&rsquo;autres zones est d\u00e9j\u00e0 envisag\u00e9e.<\/p>\n\n\n\n<p>D&rsquo;ici \u00e0 la fin de 2024, la part d&rsquo;\u00e9lectricit\u00e9 provenant de sources renouvelables sur le site de Momignies passera \u00e0 environ 25%, y compris l&rsquo;\u00e9nergie produite par le nouveau syst\u00e8me photovolta\u00efque. En raison de sa production de verre \u00e0 forte intensit\u00e9 \u00e9nerg\u00e9tique, le site de Momignies est l&rsquo;un des sites de Gerresheimer dont la demande en \u00e9nergie est la plus \u00e9lev\u00e9e. La part totale d&rsquo;\u00e9nergie provenant de sources renouvelables sur l&rsquo;ensemble des 35 sites de production dans le monde a d\u00e9j\u00e0 atteint 45,6% \u00e0 la fin de 2023.<\/p>","protected":false},"excerpt":{"rendered":"<p>Gerresheimer a install\u00e9 avec succ\u00e8s un syst\u00e8me photovolta\u00efque sur son site de Momignies, en Belgique, d\u00e9di\u00e9 \u00e0 la fabrication et la d\u00e9coration de flacons et des pots en verre pour l&rsquo;industrie cosm\u00e9tique fort de 750 employ\u00e9s. Avec une capacit\u00e9 install\u00e9e de 2,3 MWp, ce syst\u00e8me produira environ 2 100 MWh d&rsquo;\u00e9nergie solaire par an et [&hellip;]<\/p>","protected":false},"author":2,"featured_media":42330,"comment_status":"closed","ping_status":"closed","sticky":false,"template":"","format":"standard","meta":{"_acf_changed":false,"inline_featured_image":false,"iawp_total_views":4,"footnotes":""},"categories":[28,81,6],"tags":[],"class_list":["post-42329","post","type-post","status-publish","format-standard","has-post-thumbnail","hentry","category-article-entier","category-packaging","category-parfumerie-cosmetique"],"acf":[],"yoast_head":"<!-- This site is optimized with the Yoast SEO plugin v24.4 - https:\/\/yoast.com\/wordpress\/plugins\/seo\/ -->\n<title>Gerresheimer \u00e9quipe son usine belge de panneaux solaires - Emballage Digest<\/title>\n<meta name=\"robots\" content=\"index, follow, max-snippet:-1, max-image-preview:large, max-video-preview:-1\" \/>\n<link rel=\"canonical\" href=\"https:\/\/www.emballagedigest.fr\/en\/gerresheimer-equipe-son-usine-belge-de-panneaux-solaires\/\" \/>\n<meta property=\"og:locale\" content=\"en_GB\" \/>\n<meta property=\"og:type\" content=\"article\" \/>\n<meta property=\"og:title\" content=\"Gerresheimer \u00e9quipe son usine belge de panneaux solaires - Emballage Digest\" \/>\n<meta property=\"og:description\" content=\"Gerresheimer a install\u00e9 avec succ\u00e8s un syst\u00e8me photovolta\u00efque sur son site de Momignies, en Belgique, d\u00e9di\u00e9 \u00e0 la fabrication et la d\u00e9coration de flacons et des pots en verre pour l&rsquo;industrie cosm\u00e9tique fort de 750 employ\u00e9s. Avec une capacit\u00e9 install\u00e9e de 2,3 MWp, ce syst\u00e8me produira environ 2 100 MWh d&rsquo;\u00e9nergie solaire par an et [&hellip;]\" \/>\n<meta property=\"og:url\" content=\"https:\/\/www.emballagedigest.fr\/en\/gerresheimer-equipe-son-usine-belge-de-panneaux-solaires\/\" \/>\n<meta property=\"og:site_name\" content=\"Emballage Digest\" \/>\n<meta property=\"article:published_time\" content=\"2024-10-15T22:14:42+00:00\" \/>\n<meta property=\"article:modified_time\" content=\"2024-10-16T23:17:21+00:00\" \/>\n<meta property=\"og:image\" content=\"https:\/\/www.emballagedigest.fr\/wp-content\/uploads\/2024\/10\/gerresheimer.jpg\" \/>\n\t<meta property=\"og:image:width\" content=\"800\" \/>\n\t<meta property=\"og:image:height\" content=\"513\" \/>\n\t<meta property=\"og:image:type\" content=\"image\/jpeg\" \/>\n<meta name=\"author\" content=\"Karine Duval\" \/>\n<meta name=\"twitter:card\" content=\"summary_large_image\" \/>\n<meta name=\"twitter:label1\" content=\"Written by\" \/>\n\t<meta name=\"twitter:data1\" content=\"Karine Duval\" \/>\n\t<meta name=\"twitter:label2\" content=\"Estimated reading time\" \/>\n\t<meta name=\"twitter:data2\" content=\"2 minutes\" \/>\n<script type=\"application\/ld+json\" class=\"yoast-schema-graph\">{\"@context\":\"https:\/\/schema.org\",\"@graph\":[{\"@type\":\"Article\",\"@id\":\"https:\/\/www.emballagedigest.fr\/gerresheimer-equipe-son-usine-belge-de-panneaux-solaires\/#article\",\"isPartOf\":{\"@id\":\"https:\/\/www.emballagedigest.fr\/gerresheimer-equipe-son-usine-belge-de-panneaux-solaires\/\"},\"author\":{\"name\":\"Karine Duval\",\"@id\":\"https:\/\/www.emballagedigest.fr\/#\/schema\/person\/76abe9f2b2ee4d3d520594c7a35da59f\"},\"headline\":\"Gerresheimer \u00e9quipe son usine belge de panneaux solaires\",\"datePublished\":\"2024-10-15T22:14:42+00:00\",\"dateModified\":\"2024-10-16T23:17:21+00:00\",\"mainEntityOfPage\":{\"@id\":\"https:\/\/www.emballagedigest.fr\/gerresheimer-equipe-son-usine-belge-de-panneaux-solaires\/\"},\"wordCount\":324,\"publisher\":{\"@id\":\"https:\/\/www.emballagedigest.fr\/#organization\"},\"image\":{\"@id\":\"https:\/\/www.emballagedigest.fr\/gerresheimer-equipe-son-usine-belge-de-panneaux-solaires\/#primaryimage\"},\"thumbnailUrl\":\"https:\/\/www.emballagedigest.fr\/wp-content\/uploads\/2024\/10\/gerresheimer.jpg\",\"articleSection\":[\"Article entier\",\"Packaging\",\"Parfumerie &amp; Cosm\u00e9tique\"],\"inLanguage\":\"en-GB\"},{\"@type\":\"WebPage\",\"@id\":\"https:\/\/www.emballagedigest.fr\/gerresheimer-equipe-son-usine-belge-de-panneaux-solaires\/\",\"url\":\"https:\/\/www.emballagedigest.fr\/gerresheimer-equipe-son-usine-belge-de-panneaux-solaires\/\",\"name\":\"Gerresheimer \u00e9quipe son usine belge de panneaux solaires - Emballage Digest\",\"isPartOf\":{\"@id\":\"https:\/\/www.emballagedigest.fr\/#website\"},\"primaryImageOfPage\":{\"@id\":\"https:\/\/www.emballagedigest.fr\/gerresheimer-equipe-son-usine-belge-de-panneaux-solaires\/#primaryimage\"},\"image\":{\"@id\":\"https:\/\/www.emballagedigest.fr\/gerresheimer-equipe-son-usine-belge-de-panneaux-solaires\/#primaryimage\"},\"thumbnailUrl\":\"https:\/\/www.emballagedigest.fr\/wp-content\/uploads\/2024\/10\/gerresheimer.jpg\",\"datePublished\":\"2024-10-15T22:14:42+00:00\",\"dateModified\":\"2024-10-16T23:17:21+00:00\",\"breadcrumb\":{\"@id\":\"https:\/\/www.emballagedigest.fr\/gerresheimer-equipe-son-usine-belge-de-panneaux-solaires\/#breadcrumb\"},\"inLanguage\":\"en-GB\",\"potentialAction\":[{\"@type\":\"ReadAction\",\"target\":[\"https:\/\/www.emballagedigest.fr\/gerresheimer-equipe-son-usine-belge-de-panneaux-solaires\/\"]}]},{\"@type\":\"ImageObject\",\"inLanguage\":\"en-GB\",\"@id\":\"https:\/\/www.emballagedigest.fr\/gerresheimer-equipe-son-usine-belge-de-panneaux-solaires\/#primaryimage\",\"url\":\"https:\/\/www.emballagedigest.fr\/wp-content\/uploads\/2024\/10\/gerresheimer.jpg\",\"contentUrl\":\"https:\/\/www.emballagedigest.fr\/wp-content\/uploads\/2024\/10\/gerresheimer.jpg\",\"width\":800,\"height\":513},{\"@type\":\"BreadcrumbList\",\"@id\":\"https:\/\/www.emballagedigest.fr\/gerresheimer-equipe-son-usine-belge-de-panneaux-solaires\/#breadcrumb\",\"itemListElement\":[{\"@type\":\"ListItem\",\"position\":1,\"name\":\"Accueil\",\"item\":\"https:\/\/www.emballagedigest.fr\/\"},{\"@type\":\"ListItem\",\"position\":2,\"name\":\"Gerresheimer \u00e9quipe son usine belge de panneaux solaires\"}]},{\"@type\":\"WebSite\",\"@id\":\"https:\/\/www.emballagedigest.fr\/#website\",\"url\":\"https:\/\/www.emballagedigest.fr\/\",\"name\":\"Emballage Digest\",\"description\":\"Revue professionnelle sur les emballages\",\"publisher\":{\"@id\":\"https:\/\/www.emballagedigest.fr\/#organization\"},\"potentialAction\":[{\"@type\":\"SearchAction\",\"target\":{\"@type\":\"EntryPoint\",\"urlTemplate\":\"https:\/\/www.emballagedigest.fr\/?s={search_term_string}\"},\"query-input\":{\"@type\":\"PropertyValueSpecification\",\"valueRequired\":true,\"valueName\":\"search_term_string\"}}],\"inLanguage\":\"en-GB\"},{\"@type\":\"Organization\",\"@id\":\"https:\/\/www.emballagedigest.fr\/#organization\",\"name\":\"Emballage Digest\",\"url\":\"https:\/\/www.emballagedigest.fr\/\",\"logo\":{\"@type\":\"ImageObject\",\"inLanguage\":\"en-GB\",\"@id\":\"https:\/\/www.emballagedigest.fr\/#\/schema\/logo\/image\/\",\"url\":\"https:\/\/www.emballagedigest.fr\/wp-content\/uploads\/2022\/07\/logo-ed.png\",\"contentUrl\":\"https:\/\/www.emballagedigest.fr\/wp-content\/uploads\/2022\/07\/logo-ed.png\",\"width\":379,\"height\":75,\"caption\":\"Emballage Digest\"},\"image\":{\"@id\":\"https:\/\/www.emballagedigest.fr\/#\/schema\/logo\/image\/\"}},{\"@type\":\"Person\",\"@id\":\"https:\/\/www.emballagedigest.fr\/#\/schema\/person\/76abe9f2b2ee4d3d520594c7a35da59f\",\"name\":\"Karine Duval\",\"image\":{\"@type\":\"ImageObject\",\"inLanguage\":\"en-GB\",\"@id\":\"https:\/\/www.emballagedigest.fr\/#\/schema\/person\/image\/\",\"url\":\"https:\/\/secure.gravatar.com\/avatar\/f552799261cdd2e076e6677d780ef07bdb13aa4c196ab75b39abcbcdcae2d4e5?s=96&d=mm&r=g\",\"contentUrl\":\"https:\/\/secure.gravatar.com\/avatar\/f552799261cdd2e076e6677d780ef07bdb13aa4c196ab75b39abcbcdcae2d4e5?s=96&d=mm&r=g\",\"caption\":\"Karine Duval\"},\"url\":\"https:\/\/www.emballagedigest.fr\/en\/author\/admin_karduv\/\"}]}<\/script>\n<!-- \/ Yoast SEO plugin. -->","yoast_head_json":{"title":"Gerresheimer \u00e9quipe son usine belge de panneaux solaires - Emballage Digest","robots":{"index":"index","follow":"follow","max-snippet":"max-snippet:-1","max-image-preview":"max-image-preview:large","max-video-preview":"max-video-preview:-1"},"canonical":"https:\/\/www.emballagedigest.fr\/en\/gerresheimer-equipe-son-usine-belge-de-panneaux-solaires\/","og_locale":"en_GB","og_type":"article","og_title":"Gerresheimer \u00e9quipe son usine belge de panneaux solaires - Emballage Digest","og_description":"Gerresheimer a install\u00e9 avec succ\u00e8s un syst\u00e8me photovolta\u00efque sur son site de Momignies, en Belgique, d\u00e9di\u00e9 \u00e0 la fabrication et la d\u00e9coration de flacons et des pots en verre pour l&rsquo;industrie cosm\u00e9tique fort de 750 employ\u00e9s. Avec une capacit\u00e9 install\u00e9e de 2,3 MWp, ce syst\u00e8me produira environ 2 100 MWh d&rsquo;\u00e9nergie solaire par an et [&hellip;]","og_url":"https:\/\/www.emballagedigest.fr\/en\/gerresheimer-equipe-son-usine-belge-de-panneaux-solaires\/","og_site_name":"Emballage Digest","article_published_time":"2024-10-15T22:14:42+00:00","article_modified_time":"2024-10-16T23:17:21+00:00","og_image":[{"width":800,"height":513,"url":"https:\/\/www.emballagedigest.fr\/wp-content\/uploads\/2024\/10\/gerresheimer.jpg","type":"image\/jpeg"}],"author":"Karine Duval","twitter_card":"summary_large_image","twitter_misc":{"Written by":"Karine Duval","Estimated reading time":"2 minutes"},"schema":{"@context":"https:\/\/schema.org","@graph":[{"@type":"Article","@id":"https:\/\/www.emballagedigest.fr\/gerresheimer-equipe-son-usine-belge-de-panneaux-solaires\/#article","isPartOf":{"@id":"https:\/\/www.emballagedigest.fr\/gerresheimer-equipe-son-usine-belge-de-panneaux-solaires\/"},"author":{"name":"Karine Duval","@id":"https:\/\/www.emballagedigest.fr\/#\/schema\/person\/76abe9f2b2ee4d3d520594c7a35da59f"},"headline":"Gerresheimer \u00e9quipe son usine belge de panneaux solaires","datePublished":"2024-10-15T22:14:42+00:00","dateModified":"2024-10-16T23:17:21+00:00","mainEntityOfPage":{"@id":"https:\/\/www.emballagedigest.fr\/gerresheimer-equipe-son-usine-belge-de-panneaux-solaires\/"},"wordCount":324,"publisher":{"@id":"https:\/\/www.emballagedigest.fr\/#organization"},"image":{"@id":"https:\/\/www.emballagedigest.fr\/gerresheimer-equipe-son-usine-belge-de-panneaux-solaires\/#primaryimage"},"thumbnailUrl":"https:\/\/www.emballagedigest.fr\/wp-content\/uploads\/2024\/10\/gerresheimer.jpg","articleSection":["Article entier","Packaging","Parfumerie &amp; Cosm\u00e9tique"],"inLanguage":"en-GB"},{"@type":"WebPage","@id":"https:\/\/www.emballagedigest.fr\/gerresheimer-equipe-son-usine-belge-de-panneaux-solaires\/","url":"https:\/\/www.emballagedigest.fr\/gerresheimer-equipe-son-usine-belge-de-panneaux-solaires\/","name":"Gerresheimer \u00e9quipe son usine belge de panneaux solaires - Emballage Digest","isPartOf":{"@id":"https:\/\/www.emballagedigest.fr\/#website"},"primaryImageOfPage":{"@id":"https:\/\/www.emballagedigest.fr\/gerresheimer-equipe-son-usine-belge-de-panneaux-solaires\/#primaryimage"},"image":{"@id":"https:\/\/www.emballagedigest.fr\/gerresheimer-equipe-son-usine-belge-de-panneaux-solaires\/#primaryimage"},"thumbnailUrl":"https:\/\/www.emballagedigest.fr\/wp-content\/uploads\/2024\/10\/gerresheimer.jpg","datePublished":"2024-10-15T22:14:42+00:00","dateModified":"2024-10-16T23:17:21+00:00","breadcrumb":{"@id":"https:\/\/www.emballagedigest.fr\/gerresheimer-equipe-son-usine-belge-de-panneaux-solaires\/#breadcrumb"},"inLanguage":"en-GB","potentialAction":[{"@type":"ReadAction","target":["https:\/\/www.emballagedigest.fr\/gerresheimer-equipe-son-usine-belge-de-panneaux-solaires\/"]}]},{"@type":"ImageObject","inLanguage":"en-GB","@id":"https:\/\/www.emballagedigest.fr\/gerresheimer-equipe-son-usine-belge-de-panneaux-solaires\/#primaryimage","url":"https:\/\/www.emballagedigest.fr\/wp-content\/uploads\/2024\/10\/gerresheimer.jpg","contentUrl":"https:\/\/www.emballagedigest.fr\/wp-content\/uploads\/2024\/10\/gerresheimer.jpg","width":800,"height":513},{"@type":"BreadcrumbList","@id":"https:\/\/www.emballagedigest.fr\/gerresheimer-equipe-son-usine-belge-de-panneaux-solaires\/#breadcrumb","itemListElement":[{"@type":"ListItem","position":1,"name":"Accueil","item":"https:\/\/www.emballagedigest.fr\/"},{"@type":"ListItem","position":2,"name":"Gerresheimer \u00e9quipe son usine belge de panneaux solaires"}]},{"@type":"WebSite","@id":"https:\/\/www.emballagedigest.fr\/#website","url":"https:\/\/www.emballagedigest.fr\/","name":"Emballage Digest","description":"Revue professionnelle sur les emballages","publisher":{"@id":"https:\/\/www.emballagedigest.fr\/#organization"},"potentialAction":[{"@type":"SearchAction","target":{"@type":"EntryPoint","urlTemplate":"https:\/\/www.emballagedigest.fr\/?s={search_term_string}"},"query-input":{"@type":"PropertyValueSpecification","valueRequired":true,"valueName":"search_term_string"}}],"inLanguage":"en-GB"},{"@type":"Organization","@id":"https:\/\/www.emballagedigest.fr\/#organization","name":"Emballage Digest","url":"https:\/\/www.emballagedigest.fr\/","logo":{"@type":"ImageObject","inLanguage":"en-GB","@id":"https:\/\/www.emballagedigest.fr\/#\/schema\/logo\/image\/","url":"https:\/\/www.emballagedigest.fr\/wp-content\/uploads\/2022\/07\/logo-ed.png","contentUrl":"https:\/\/www.emballagedigest.fr\/wp-content\/uploads\/2022\/07\/logo-ed.png","width":379,"height":75,"caption":"Emballage Digest"},"image":{"@id":"https:\/\/www.emballagedigest.fr\/#\/schema\/logo\/image\/"}},{"@type":"Person","@id":"https:\/\/www.emballagedigest.fr\/#\/schema\/person\/76abe9f2b2ee4d3d520594c7a35da59f","name":"Karine Duval","image":{"@type":"ImageObject","inLanguage":"en-GB","@id":"https:\/\/www.emballagedigest.fr\/#\/schema\/person\/image\/","url":"https:\/\/secure.gravatar.com\/avatar\/f552799261cdd2e076e6677d780ef07bdb13aa4c196ab75b39abcbcdcae2d4e5?s=96&d=mm&r=g","contentUrl":"https:\/\/secure.gravatar.com\/avatar\/f552799261cdd2e076e6677d780ef07bdb13aa4c196ab75b39abcbcdcae2d4e5?s=96&d=mm&r=g","caption":"Karine Duval"},"url":"https:\/\/www.emballagedigest.fr\/en\/author\/admin_karduv\/"}]}},"_links":{"self":[{"href":"https:\/\/www.emballagedigest.fr\/en\/wp-json\/wp\/v2\/posts\/42329","targetHints":{"allow":["GET"]}}],"collection":[{"href":"https:\/\/www.emballagedigest.fr\/en\/wp-json\/wp\/v2\/posts"}],"about":[{"href":"https:\/\/www.emballagedigest.fr\/en\/wp-json\/wp\/v2\/types\/post"}],"author":[{"embeddable":true,"href":"https:\/\/www.emballagedigest.fr\/en\/wp-json\/wp\/v2\/users\/2"}],"replies":[{"embeddable":true,"href":"https:\/\/www.emballagedigest.fr\/en\/wp-json\/wp\/v2\/comments?post=42329"}],"version-history":[{"count":1,"href":"https:\/\/www.emballagedigest.fr\/en\/wp-json\/wp\/v2\/posts\/42329\/revisions"}],"predecessor-version":[{"id":42331,"href":"https:\/\/www.emballagedigest.fr\/en\/wp-json\/wp\/v2\/posts\/42329\/revisions\/42331"}],"wp:featuredmedia":[{"embeddable":true,"href":"https:\/\/www.emballagedigest.fr\/en\/wp-json\/wp\/v2\/media\/42330"}],"wp:attachment":[{"href":"https:\/\/www.emballagedigest.fr\/en\/wp-json\/wp\/v2\/media?parent=42329"}],"wp:term":[{"taxonomy":"category","embeddable":true,"href":"https:\/\/www.emballagedigest.fr\/en\/wp-json\/wp\/v2\/categories?post=42329"},{"taxonomy":"post_tag","embeddable":true,"href":"https:\/\/www.emballagedigest.fr\/en\/wp-json\/wp\/v2\/tags?post=42329"}],"curies":[{"name":"wp","href":"https:\/\/api.w.org\/{rel}","templated":true}]}}