{"id":42332,"date":"2024-10-16T00:16:40","date_gmt":"2024-10-15T22:16:40","guid":{"rendered":"https:\/\/www.emballagedigest.fr\/?p=42332"},"modified":"2024-10-16T00:17:18","modified_gmt":"2024-10-15T22:17:18","slug":"markem-imaje-lance-un-eventail-de-services-apres-vente-pour-le-codage-industriel","status":"publish","type":"post","link":"https:\/\/www.emballagedigest.fr\/en\/markem-imaje-lance-un-eventail-de-services-apres-vente-pour-le-codage-industriel\/","title":{"rendered":"Markem-Imaje\u00ae lance un \u00e9ventail de services apr\u00e8s-vente pour le codage industriel"},"content":{"rendered":"<p><strong>Markem-Imaje, fournisseur mondial de solutions compl\u00e8tes pour la cha\u00eene d\u2019approvisionnement et de syst\u00e8mes de marquage et de codage industriels, lance la gamme la plus compl\u00e8te de services num\u00e9riques, \u00e0 distance et sur site du secteur permettant \u00e0 ses clients d\u2019am\u00e9liorer encore davantage leurs performances de production et la disponibilit\u00e9 de leurs \u00e9quipements.&nbsp;<\/strong><\/p>\n\n\n\n<p>En octobre, Markem-Imaje proposera une gamme d\u2019offres de maintenance apr\u00e8s-vente adapt\u00e9es aux besoins des utilisateurs et con\u00e7ues pour satisfaire les exigences li\u00e9es \u00e0 l\u2019industrie\u202f4.0\u202f: personnalisation accrue et assistance num\u00e9rique \u00e0 distance 24h\/24 et 7j\/7 pour r\u00e9duire les temps d\u2019arr\u00eat.&nbsp; Objectif&nbsp;: offrir \u00e0 ses diff\u00e9rents clients des outils intelligents et des ressources facilement accessibles pour maximiser la productivit\u00e9 et la flexibilit\u00e9.\u202f&nbsp;<\/p>\n\n\n\n<p>Les services num\u00e9riques constituent une part importante du nouveau portefeuille, conform\u00e9ment aux demandes du secteur. Ceci est d\u2019ailleurs confirm\u00e9 par une enqu\u00eate de PMMI publi\u00e9e en janvier de cette ann\u00e9e. Elle a r\u00e9v\u00e9l\u00e9 que 55% des utilisateurs finaux pr\u00e9f\u00e8rent d\u00e9sormais utiliser l\u2019assistance \u00e0 distance pour r\u00e9soudre les probl\u00e8mes techniques. Les trois principales raisons identifi\u00e9es pour avoir recours \u00e0 l\u2019assistance \u00e0 distance \u00e9taient la r\u00e9duction des temps d\u2019arr\u00eat, l\u2019optimisation des op\u00e9rations et une assistance beaucoup plus rapide.\u00a0\u00a0\u00a0<\/p>\n\n\n\n<p>La nouvelle offre comprend trois niveaux d\u2019assistance de maintenance mat\u00e9rielle, avec du libre-service num\u00e9rique permettant d\u00e9sormais \u00e0 une grande majorit\u00e9 des probl\u00e8mes d\u2019\u00eatre r\u00e9solus de mani\u00e8re autonome par l\u2019op\u00e9rateur de la ligne. Ceci est possible gr\u00e2ce \u00e0 la mission constante de Markem-Imaje d\u2019optimiser la livraison du codage. Au sein de cette offre, la fonctionnalit\u00e9 la plus importante est l\u2019assistant virtuel aliment\u00e9 par l\u2019IA disponible 24h\/24 et 7j\/7. Il facilite un d\u00e9pannage en libre-service rapide pour r\u00e9duire les temps d\u2019arr\u00eat et offre \u00e9galement un processus de remont\u00e9e rapide des probl\u00e8mes qui ne peuvent pas \u00eatre r\u00e9solus instantan\u00e9ment. Les services d\u2019imprimantes connect\u00e9es, optimis\u00e9s par une technologie IoT s\u00e9curis\u00e9e, facilitent les op\u00e9rations du parc d\u2019imprimantes. Ils proposent aussi une optimisation automatique des processus, en offrant une visibilit\u00e9 et des alertes en temps r\u00e9el pour une surveillance automatis\u00e9e des risques fournie \u00e0 distance 24\u202fheures sur 24. Le portail et la boutique en ligne permettent aux clients de visualiser l\u2019ensemble de leur installation, de consulter leurs contrats, ainsi que de commander et de suivre les pi\u00e8ces d\u00e9tach\u00e9es et les consommables disponibles \u00e0 la demande.&nbsp;&nbsp;<\/p>\n\n\n\n<p>La deuxi\u00e8me couche de services est enti\u00e8rement \u00e0 distance. On trouve notamment l\u2019assistance par chat en direct, disponible 24h\/24 et 7j\/7, selon les besoins, l\u2019assistance instantan\u00e9e \u00e0 distance avec des conseils vid\u00e9o en direct et un centre d\u2019assistance technique avec des experts permettant d\u2019acc\u00e9der aux \u00e9quipes locales d\u2019ing\u00e9nieurs et de techniciens. Cette offre comprend \u00e9galement le service d\u2019\u00e9change avanc\u00e9 unique de Markem-Imaje, permettant un remplacement rapide et \u200bdirect d\u2019une pi\u00e8ce cass\u00e9e.\u200b&nbsp;<\/p>\n\n\n\n<p>Pour les entreprises qui ont besoin de services en personne et d\u2019une s\u00e9curit\u00e9 suppl\u00e9mentaire d\u2019att\u00e9nuation des risques, l\u2019offre de Markem-Imaje comprend des services tels que des visites de maintenance pr\u00e9ventive pour \u00e9viter les temps d\u2019arr\u00eat impr\u00e9vus et co\u00fbteux, des visites d\u2019experts pour offrir une optimisation avanc\u00e9e du parc d\u2019imprimantes et l\u2019option de visites pour des r\u00e9parations ponctuelles par des techniciens locaux sur le terrain. Toutes les offres de maintenance sont personnalisables en fonction des besoins de l\u2019utilisateur, avec diff\u00e9rents niveaux de service adapt\u00e9s au niveau de fonctionnalit\u00e9 requis.&nbsp;&nbsp;&nbsp;<\/p>","protected":false},"excerpt":{"rendered":"<p>Markem-Imaje, fournisseur mondial de solutions compl\u00e8tes pour la cha\u00eene d\u2019approvisionnement et de syst\u00e8mes de marquage et de codage industriels, lance la gamme la plus compl\u00e8te de services num\u00e9riques, \u00e0 distance et sur site du secteur permettant \u00e0 ses clients d\u2019am\u00e9liorer encore davantage leurs performances de production et la disponibilit\u00e9 de leurs \u00e9quipements.&nbsp; En octobre, Markem-Imaje [&hellip;]<\/p>","protected":false},"author":2,"featured_media":42333,"comment_status":"closed","ping_status":"closed","sticky":false,"template":"","format":"standard","meta":{"_acf_changed":false,"inline_featured_image":false,"iawp_total_views":3,"footnotes":""},"categories":[28,9],"tags":[],"class_list":["post-42332","post","type-post","status-publish","format-standard","has-post-thumbnail","hentry","category-article-entier","category-materiel"],"acf":[],"yoast_head":"<!-- This site is optimized with the Yoast SEO plugin v24.4 - https:\/\/yoast.com\/wordpress\/plugins\/seo\/ -->\n<title>Markem-Imaje\u00ae lance un \u00e9ventail de services apr\u00e8s-vente pour le codage industriel - Emballage Digest<\/title>\n<meta name=\"robots\" content=\"index, follow, max-snippet:-1, max-image-preview:large, max-video-preview:-1\" \/>\n<link rel=\"canonical\" href=\"https:\/\/www.emballagedigest.fr\/en\/markem-imaje-lance-un-eventail-de-services-apres-vente-pour-le-codage-industriel\/\" \/>\n<meta property=\"og:locale\" content=\"en_GB\" \/>\n<meta property=\"og:type\" content=\"article\" \/>\n<meta property=\"og:title\" content=\"Markem-Imaje\u00ae lance un \u00e9ventail de services apr\u00e8s-vente pour le codage industriel - Emballage Digest\" \/>\n<meta property=\"og:description\" content=\"Markem-Imaje, fournisseur mondial de solutions compl\u00e8tes pour la cha\u00eene d\u2019approvisionnement et de syst\u00e8mes de marquage et de codage industriels, lance la gamme la plus compl\u00e8te de services num\u00e9riques, \u00e0 distance et sur site du secteur permettant \u00e0 ses clients d\u2019am\u00e9liorer encore davantage leurs performances de production et la disponibilit\u00e9 de leurs \u00e9quipements.&nbsp; En octobre, Markem-Imaje [&hellip;]\" \/>\n<meta property=\"og:url\" content=\"https:\/\/www.emballagedigest.fr\/en\/markem-imaje-lance-un-eventail-de-services-apres-vente-pour-le-codage-industriel\/\" \/>\n<meta property=\"og:site_name\" content=\"Emballage Digest\" \/>\n<meta property=\"article:published_time\" content=\"2024-10-15T22:16:40+00:00\" \/>\n<meta property=\"article:modified_time\" content=\"2024-10-15T22:17:18+00:00\" \/>\n<meta property=\"og:image\" content=\"https:\/\/www.emballagedigest.fr\/wp-content\/uploads\/2024\/10\/MArkem-imaje.jpg\" \/>\n\t<meta property=\"og:image:width\" content=\"800\" \/>\n\t<meta property=\"og:image:height\" content=\"563\" \/>\n\t<meta property=\"og:image:type\" content=\"image\/jpeg\" \/>\n<meta name=\"author\" content=\"Karine Duval\" \/>\n<meta name=\"twitter:card\" content=\"summary_large_image\" \/>\n<meta name=\"twitter:label1\" content=\"Written by\" \/>\n\t<meta name=\"twitter:data1\" content=\"Karine Duval\" \/>\n\t<meta name=\"twitter:label2\" content=\"Estimated reading time\" \/>\n\t<meta name=\"twitter:data2\" content=\"3 minutes\" \/>\n<script type=\"application\/ld+json\" class=\"yoast-schema-graph\">{\"@context\":\"https:\/\/schema.org\",\"@graph\":[{\"@type\":\"Article\",\"@id\":\"https:\/\/www.emballagedigest.fr\/markem-imaje-lance-un-eventail-de-services-apres-vente-pour-le-codage-industriel\/#article\",\"isPartOf\":{\"@id\":\"https:\/\/www.emballagedigest.fr\/markem-imaje-lance-un-eventail-de-services-apres-vente-pour-le-codage-industriel\/\"},\"author\":{\"name\":\"Karine Duval\",\"@id\":\"https:\/\/www.emballagedigest.fr\/#\/schema\/person\/76abe9f2b2ee4d3d520594c7a35da59f\"},\"headline\":\"Markem-Imaje\u00ae lance un \u00e9ventail de services apr\u00e8s-vente pour le codage industriel\",\"datePublished\":\"2024-10-15T22:16:40+00:00\",\"dateModified\":\"2024-10-15T22:17:18+00:00\",\"mainEntityOfPage\":{\"@id\":\"https:\/\/www.emballagedigest.fr\/markem-imaje-lance-un-eventail-de-services-apres-vente-pour-le-codage-industriel\/\"},\"wordCount\":641,\"publisher\":{\"@id\":\"https:\/\/www.emballagedigest.fr\/#organization\"},\"image\":{\"@id\":\"https:\/\/www.emballagedigest.fr\/markem-imaje-lance-un-eventail-de-services-apres-vente-pour-le-codage-industriel\/#primaryimage\"},\"thumbnailUrl\":\"https:\/\/www.emballagedigest.fr\/wp-content\/uploads\/2024\/10\/MArkem-imaje.jpg\",\"articleSection\":[\"Article entier\",\"Mat\u00e9riel\"],\"inLanguage\":\"en-GB\"},{\"@type\":\"WebPage\",\"@id\":\"https:\/\/www.emballagedigest.fr\/markem-imaje-lance-un-eventail-de-services-apres-vente-pour-le-codage-industriel\/\",\"url\":\"https:\/\/www.emballagedigest.fr\/markem-imaje-lance-un-eventail-de-services-apres-vente-pour-le-codage-industriel\/\",\"name\":\"Markem-Imaje\u00ae lance un \u00e9ventail de services apr\u00e8s-vente pour le codage industriel - Emballage Digest\",\"isPartOf\":{\"@id\":\"https:\/\/www.emballagedigest.fr\/#website\"},\"primaryImageOfPage\":{\"@id\":\"https:\/\/www.emballagedigest.fr\/markem-imaje-lance-un-eventail-de-services-apres-vente-pour-le-codage-industriel\/#primaryimage\"},\"image\":{\"@id\":\"https:\/\/www.emballagedigest.fr\/markem-imaje-lance-un-eventail-de-services-apres-vente-pour-le-codage-industriel\/#primaryimage\"},\"thumbnailUrl\":\"https:\/\/www.emballagedigest.fr\/wp-content\/uploads\/2024\/10\/MArkem-imaje.jpg\",\"datePublished\":\"2024-10-15T22:16:40+00:00\",\"dateModified\":\"2024-10-15T22:17:18+00:00\",\"breadcrumb\":{\"@id\":\"https:\/\/www.emballagedigest.fr\/markem-imaje-lance-un-eventail-de-services-apres-vente-pour-le-codage-industriel\/#breadcrumb\"},\"inLanguage\":\"en-GB\",\"potentialAction\":[{\"@type\":\"ReadAction\",\"target\":[\"https:\/\/www.emballagedigest.fr\/markem-imaje-lance-un-eventail-de-services-apres-vente-pour-le-codage-industriel\/\"]}]},{\"@type\":\"ImageObject\",\"inLanguage\":\"en-GB\",\"@id\":\"https:\/\/www.emballagedigest.fr\/markem-imaje-lance-un-eventail-de-services-apres-vente-pour-le-codage-industriel\/#primaryimage\",\"url\":\"https:\/\/www.emballagedigest.fr\/wp-content\/uploads\/2024\/10\/MArkem-imaje.jpg\",\"contentUrl\":\"https:\/\/www.emballagedigest.fr\/wp-content\/uploads\/2024\/10\/MArkem-imaje.jpg\",\"width\":800,\"height\":563},{\"@type\":\"BreadcrumbList\",\"@id\":\"https:\/\/www.emballagedigest.fr\/markem-imaje-lance-un-eventail-de-services-apres-vente-pour-le-codage-industriel\/#breadcrumb\",\"itemListElement\":[{\"@type\":\"ListItem\",\"position\":1,\"name\":\"Accueil\",\"item\":\"https:\/\/www.emballagedigest.fr\/\"},{\"@type\":\"ListItem\",\"position\":2,\"name\":\"Markem-Imaje\u00ae lance un \u00e9ventail de services apr\u00e8s-vente pour le codage industriel\"}]},{\"@type\":\"WebSite\",\"@id\":\"https:\/\/www.emballagedigest.fr\/#website\",\"url\":\"https:\/\/www.emballagedigest.fr\/\",\"name\":\"Emballage Digest\",\"description\":\"Revue professionnelle sur les emballages\",\"publisher\":{\"@id\":\"https:\/\/www.emballagedigest.fr\/#organization\"},\"potentialAction\":[{\"@type\":\"SearchAction\",\"target\":{\"@type\":\"EntryPoint\",\"urlTemplate\":\"https:\/\/www.emballagedigest.fr\/?s={search_term_string}\"},\"query-input\":{\"@type\":\"PropertyValueSpecification\",\"valueRequired\":true,\"valueName\":\"search_term_string\"}}],\"inLanguage\":\"en-GB\"},{\"@type\":\"Organization\",\"@id\":\"https:\/\/www.emballagedigest.fr\/#organization\",\"name\":\"Emballage Digest\",\"url\":\"https:\/\/www.emballagedigest.fr\/\",\"logo\":{\"@type\":\"ImageObject\",\"inLanguage\":\"en-GB\",\"@id\":\"https:\/\/www.emballagedigest.fr\/#\/schema\/logo\/image\/\",\"url\":\"https:\/\/www.emballagedigest.fr\/wp-content\/uploads\/2022\/07\/logo-ed.png\",\"contentUrl\":\"https:\/\/www.emballagedigest.fr\/wp-content\/uploads\/2022\/07\/logo-ed.png\",\"width\":379,\"height\":75,\"caption\":\"Emballage Digest\"},\"image\":{\"@id\":\"https:\/\/www.emballagedigest.fr\/#\/schema\/logo\/image\/\"}},{\"@type\":\"Person\",\"@id\":\"https:\/\/www.emballagedigest.fr\/#\/schema\/person\/76abe9f2b2ee4d3d520594c7a35da59f\",\"name\":\"Karine Duval\",\"image\":{\"@type\":\"ImageObject\",\"inLanguage\":\"en-GB\",\"@id\":\"https:\/\/www.emballagedigest.fr\/#\/schema\/person\/image\/\",\"url\":\"https:\/\/secure.gravatar.com\/avatar\/f552799261cdd2e076e6677d780ef07bdb13aa4c196ab75b39abcbcdcae2d4e5?s=96&d=mm&r=g\",\"contentUrl\":\"https:\/\/secure.gravatar.com\/avatar\/f552799261cdd2e076e6677d780ef07bdb13aa4c196ab75b39abcbcdcae2d4e5?s=96&d=mm&r=g\",\"caption\":\"Karine Duval\"},\"url\":\"https:\/\/www.emballagedigest.fr\/en\/author\/admin_karduv\/\"}]}<\/script>\n<!-- \/ Yoast SEO plugin. -->","yoast_head_json":{"title":"Markem-Imaje\u00ae lance un \u00e9ventail de services apr\u00e8s-vente pour le codage industriel - Emballage Digest","robots":{"index":"index","follow":"follow","max-snippet":"max-snippet:-1","max-image-preview":"max-image-preview:large","max-video-preview":"max-video-preview:-1"},"canonical":"https:\/\/www.emballagedigest.fr\/en\/markem-imaje-lance-un-eventail-de-services-apres-vente-pour-le-codage-industriel\/","og_locale":"en_GB","og_type":"article","og_title":"Markem-Imaje\u00ae lance un \u00e9ventail de services apr\u00e8s-vente pour le codage industriel - Emballage Digest","og_description":"Markem-Imaje, fournisseur mondial de solutions compl\u00e8tes pour la cha\u00eene d\u2019approvisionnement et de syst\u00e8mes de marquage et de codage industriels, lance la gamme la plus compl\u00e8te de services num\u00e9riques, \u00e0 distance et sur site du secteur permettant \u00e0 ses clients d\u2019am\u00e9liorer encore davantage leurs performances de production et la disponibilit\u00e9 de leurs \u00e9quipements.&nbsp; En octobre, Markem-Imaje [&hellip;]","og_url":"https:\/\/www.emballagedigest.fr\/en\/markem-imaje-lance-un-eventail-de-services-apres-vente-pour-le-codage-industriel\/","og_site_name":"Emballage Digest","article_published_time":"2024-10-15T22:16:40+00:00","article_modified_time":"2024-10-15T22:17:18+00:00","og_image":[{"width":800,"height":563,"url":"https:\/\/www.emballagedigest.fr\/wp-content\/uploads\/2024\/10\/MArkem-imaje.jpg","type":"image\/jpeg"}],"author":"Karine Duval","twitter_card":"summary_large_image","twitter_misc":{"Written by":"Karine Duval","Estimated reading time":"3 minutes"},"schema":{"@context":"https:\/\/schema.org","@graph":[{"@type":"Article","@id":"https:\/\/www.emballagedigest.fr\/markem-imaje-lance-un-eventail-de-services-apres-vente-pour-le-codage-industriel\/#article","isPartOf":{"@id":"https:\/\/www.emballagedigest.fr\/markem-imaje-lance-un-eventail-de-services-apres-vente-pour-le-codage-industriel\/"},"author":{"name":"Karine Duval","@id":"https:\/\/www.emballagedigest.fr\/#\/schema\/person\/76abe9f2b2ee4d3d520594c7a35da59f"},"headline":"Markem-Imaje\u00ae lance un \u00e9ventail de services apr\u00e8s-vente pour le codage industriel","datePublished":"2024-10-15T22:16:40+00:00","dateModified":"2024-10-15T22:17:18+00:00","mainEntityOfPage":{"@id":"https:\/\/www.emballagedigest.fr\/markem-imaje-lance-un-eventail-de-services-apres-vente-pour-le-codage-industriel\/"},"wordCount":641,"publisher":{"@id":"https:\/\/www.emballagedigest.fr\/#organization"},"image":{"@id":"https:\/\/www.emballagedigest.fr\/markem-imaje-lance-un-eventail-de-services-apres-vente-pour-le-codage-industriel\/#primaryimage"},"thumbnailUrl":"https:\/\/www.emballagedigest.fr\/wp-content\/uploads\/2024\/10\/MArkem-imaje.jpg","articleSection":["Article entier","Mat\u00e9riel"],"inLanguage":"en-GB"},{"@type":"WebPage","@id":"https:\/\/www.emballagedigest.fr\/markem-imaje-lance-un-eventail-de-services-apres-vente-pour-le-codage-industriel\/","url":"https:\/\/www.emballagedigest.fr\/markem-imaje-lance-un-eventail-de-services-apres-vente-pour-le-codage-industriel\/","name":"Markem-Imaje\u00ae lance un \u00e9ventail de services apr\u00e8s-vente pour le codage industriel - Emballage Digest","isPartOf":{"@id":"https:\/\/www.emballagedigest.fr\/#website"},"primaryImageOfPage":{"@id":"https:\/\/www.emballagedigest.fr\/markem-imaje-lance-un-eventail-de-services-apres-vente-pour-le-codage-industriel\/#primaryimage"},"image":{"@id":"https:\/\/www.emballagedigest.fr\/markem-imaje-lance-un-eventail-de-services-apres-vente-pour-le-codage-industriel\/#primaryimage"},"thumbnailUrl":"https:\/\/www.emballagedigest.fr\/wp-content\/uploads\/2024\/10\/MArkem-imaje.jpg","datePublished":"2024-10-15T22:16:40+00:00","dateModified":"2024-10-15T22:17:18+00:00","breadcrumb":{"@id":"https:\/\/www.emballagedigest.fr\/markem-imaje-lance-un-eventail-de-services-apres-vente-pour-le-codage-industriel\/#breadcrumb"},"inLanguage":"en-GB","potentialAction":[{"@type":"ReadAction","target":["https:\/\/www.emballagedigest.fr\/markem-imaje-lance-un-eventail-de-services-apres-vente-pour-le-codage-industriel\/"]}]},{"@type":"ImageObject","inLanguage":"en-GB","@id":"https:\/\/www.emballagedigest.fr\/markem-imaje-lance-un-eventail-de-services-apres-vente-pour-le-codage-industriel\/#primaryimage","url":"https:\/\/www.emballagedigest.fr\/wp-content\/uploads\/2024\/10\/MArkem-imaje.jpg","contentUrl":"https:\/\/www.emballagedigest.fr\/wp-content\/uploads\/2024\/10\/MArkem-imaje.jpg","width":800,"height":563},{"@type":"BreadcrumbList","@id":"https:\/\/www.emballagedigest.fr\/markem-imaje-lance-un-eventail-de-services-apres-vente-pour-le-codage-industriel\/#breadcrumb","itemListElement":[{"@type":"ListItem","position":1,"name":"Accueil","item":"https:\/\/www.emballagedigest.fr\/"},{"@type":"ListItem","position":2,"name":"Markem-Imaje\u00ae lance un \u00e9ventail de services apr\u00e8s-vente pour le codage industriel"}]},{"@type":"WebSite","@id":"https:\/\/www.emballagedigest.fr\/#website","url":"https:\/\/www.emballagedigest.fr\/","name":"Emballage Digest","description":"Revue professionnelle sur les emballages","publisher":{"@id":"https:\/\/www.emballagedigest.fr\/#organization"},"potentialAction":[{"@type":"SearchAction","target":{"@type":"EntryPoint","urlTemplate":"https:\/\/www.emballagedigest.fr\/?s={search_term_string}"},"query-input":{"@type":"PropertyValueSpecification","valueRequired":true,"valueName":"search_term_string"}}],"inLanguage":"en-GB"},{"@type":"Organization","@id":"https:\/\/www.emballagedigest.fr\/#organization","name":"Emballage Digest","url":"https:\/\/www.emballagedigest.fr\/","logo":{"@type":"ImageObject","inLanguage":"en-GB","@id":"https:\/\/www.emballagedigest.fr\/#\/schema\/logo\/image\/","url":"https:\/\/www.emballagedigest.fr\/wp-content\/uploads\/2022\/07\/logo-ed.png","contentUrl":"https:\/\/www.emballagedigest.fr\/wp-content\/uploads\/2022\/07\/logo-ed.png","width":379,"height":75,"caption":"Emballage Digest"},"image":{"@id":"https:\/\/www.emballagedigest.fr\/#\/schema\/logo\/image\/"}},{"@type":"Person","@id":"https:\/\/www.emballagedigest.fr\/#\/schema\/person\/76abe9f2b2ee4d3d520594c7a35da59f","name":"Karine Duval","image":{"@type":"ImageObject","inLanguage":"en-GB","@id":"https:\/\/www.emballagedigest.fr\/#\/schema\/person\/image\/","url":"https:\/\/secure.gravatar.com\/avatar\/f552799261cdd2e076e6677d780ef07bdb13aa4c196ab75b39abcbcdcae2d4e5?s=96&d=mm&r=g","contentUrl":"https:\/\/secure.gravatar.com\/avatar\/f552799261cdd2e076e6677d780ef07bdb13aa4c196ab75b39abcbcdcae2d4e5?s=96&d=mm&r=g","caption":"Karine Duval"},"url":"https:\/\/www.emballagedigest.fr\/en\/author\/admin_karduv\/"}]}},"_links":{"self":[{"href":"https:\/\/www.emballagedigest.fr\/en\/wp-json\/wp\/v2\/posts\/42332","targetHints":{"allow":["GET"]}}],"collection":[{"href":"https:\/\/www.emballagedigest.fr\/en\/wp-json\/wp\/v2\/posts"}],"about":[{"href":"https:\/\/www.emballagedigest.fr\/en\/wp-json\/wp\/v2\/types\/post"}],"author":[{"embeddable":true,"href":"https:\/\/www.emballagedigest.fr\/en\/wp-json\/wp\/v2\/users\/2"}],"replies":[{"embeddable":true,"href":"https:\/\/www.emballagedigest.fr\/en\/wp-json\/wp\/v2\/comments?post=42332"}],"version-history":[{"count":2,"href":"https:\/\/www.emballagedigest.fr\/en\/wp-json\/wp\/v2\/posts\/42332\/revisions"}],"predecessor-version":[{"id":42336,"href":"https:\/\/www.emballagedigest.fr\/en\/wp-json\/wp\/v2\/posts\/42332\/revisions\/42336"}],"wp:featuredmedia":[{"embeddable":true,"href":"https:\/\/www.emballagedigest.fr\/en\/wp-json\/wp\/v2\/media\/42333"}],"wp:attachment":[{"href":"https:\/\/www.emballagedigest.fr\/en\/wp-json\/wp\/v2\/media?parent=42332"}],"wp:term":[{"taxonomy":"category","embeddable":true,"href":"https:\/\/www.emballagedigest.fr\/en\/wp-json\/wp\/v2\/categories?post=42332"},{"taxonomy":"post_tag","embeddable":true,"href":"https:\/\/www.emballagedigest.fr\/en\/wp-json\/wp\/v2\/tags?post=42332"}],"curies":[{"name":"wp","href":"https:\/\/api.w.org\/{rel}","templated":true}]}}