{"id":42337,"date":"2024-10-17T01:18:51","date_gmt":"2024-10-16T23:18:51","guid":{"rendered":"https:\/\/www.emballagedigest.fr\/?p=42337"},"modified":"2024-10-18T00:22:58","modified_gmt":"2024-10-17T22:22:58","slug":"uzaje-inaugure-son-nouveau-centre-de-lavage-a-strasbourg","status":"publish","type":"post","link":"https:\/\/www.emballagedigest.fr\/en\/uzaje-inaugure-son-nouveau-centre-de-lavage-a-strasbourg\/","title":{"rendered":"Uzaje inaugure son nouveau centre de lavage \u00e0 Strasbourg"},"content":{"rendered":"<p><strong>Uzaje a inaugur\u00e9 la semaine derni\u00e8re son site industriel de r\u00e9emploi de contenants alimentaires \u00e0 Strasbourg. Ce centre europ\u00e9en, dont l\u2019investissement s\u2019\u00e9l\u00e8ve \u00e0 3,5\u202fM\u20ac (dont 1,5 M\u20ac financ\u00e9 par l\u2019Ademe), est capable de laver, chaque jour, plusieurs dizaines de milliers de contenants, issus de la restauration (collective ou commerciale) de l\u2019\u00e9v\u00e9nementiel ou de l\u2019industrie agroalimentaire.<\/strong><\/p>\n\n\n\n<p>Avec l\u2019ouverture de ce site transfrontalier, Uzaje apporte une solution locale pour contribuer \u00e0 la r\u00e9duction des d\u00e9chets sur ces territoires. A terme, une quarantaine d\u2019emplois sera cr\u00e9\u00e9. Ce centre de lavage, le troisi\u00e8me pour Uzaje apr\u00e8s ceux de Neuilly-sur-Marne (2021) et Avignon (2022), s\u2019\u00e9tend sur une surface de 4000 m\u00b2. Il est \u00e9quip\u00e9 de toutes les machines de pointe pour assurer un processus de lavage industriel optimal et assurer aux op\u00e9rateurs les bonnes conditions de travail. Sur la base de son exp\u00e9rience et fort de son partenariat avec la soci\u00e9t\u00e9 Meiko, Uzaje a implant\u00e9 un tunnel de lavage de 23 m\u00e8tres. Pour le lavage de bouteilles, Uzaje s\u2019appuie sur une machine de la marque PAC qui permet de laver jusqu\u2019\u00e0 10 000 bouteilles par heure.<\/p>\n\n\n\n<figure class=\"wp-block-image size-full is-resized\"><img loading=\"lazy\" decoding=\"async\" src=\"https:\/\/www.emballagedigest.fr\/wp-content\/uploads\/2024\/10\/UZAJE2.jpg\" alt=\"\" class=\"wp-image-42339\" width=\"833\" height=\"431\" srcset=\"https:\/\/www.emballagedigest.fr\/wp-content\/uploads\/2024\/10\/UZAJE2.jpg 800w, https:\/\/www.emballagedigest.fr\/wp-content\/uploads\/2024\/10\/UZAJE2-300x155.jpg 300w, https:\/\/www.emballagedigest.fr\/wp-content\/uploads\/2024\/10\/UZAJE2-768x397.jpg 768w, https:\/\/www.emballagedigest.fr\/wp-content\/uploads\/2024\/10\/UZAJE2-18x9.jpg 18w\" sizes=\"auto, (max-width: 833px) 100vw, 833px\" \/><\/figure>\n\n\n\n<p>Dans le m\u00eame esprit de recherche et d\u00e9veloppement et en amont du lavage le nouveau centre va installer dans quelques semaines la Destick 2, machine d\u00e9di\u00e9e au grattage des \u00e9tiquettes de bouteilles, brevet\u00e9e par Uzaje. En fin de process, une mireuse automatique Heuft assure une v\u00e9rification d\u2019int\u00e9grit\u00e9 de la bouteille avant son allotissement. Enfin, un syst\u00e8me de palettisation automatique, Ecopac, permet de favoriser un rangement efficace des produits sur palette et limiter les impacts pour les op\u00e9rateurs. Pour assurer une fluidit\u00e9 des op\u00e9rations et \u00e9viter les reprises de charges, des convoyeurs ont \u00e9t\u00e9 d\u00e9ploy\u00e9s avec la soci\u00e9t\u00e9 Legendre.<br>A terme, 100 millions d\u2019unit\u00e9s seront trait\u00e9e par an depuis ce site de Strasbourg.<\/p>","protected":false},"excerpt":{"rendered":"<p>Uzaje a inaugur\u00e9 la semaine derni\u00e8re son site industriel de r\u00e9emploi de contenants alimentaires \u00e0 Strasbourg. Ce centre europ\u00e9en, dont l\u2019investissement s\u2019\u00e9l\u00e8ve \u00e0 3,5\u202fM\u20ac (dont 1,5 M\u20ac financ\u00e9 par l\u2019Ademe), est capable de laver, chaque jour, plusieurs dizaines de milliers de contenants, issus de la restauration (collective ou commerciale) de l\u2019\u00e9v\u00e9nementiel ou de l\u2019industrie agroalimentaire. [&hellip;]<\/p>","protected":false},"author":2,"featured_media":42338,"comment_status":"closed","ping_status":"closed","sticky":false,"template":"","format":"standard","meta":{"_acf_changed":false,"inline_featured_image":false,"iawp_total_views":2,"footnotes":""},"categories":[5,28,81],"tags":[],"class_list":["post-42337","post","type-post","status-publish","format-standard","has-post-thumbnail","hentry","category-alimentaire","category-article-entier","category-packaging"],"acf":[],"yoast_head":"<!-- This site is optimized with the Yoast SEO plugin v24.4 - https:\/\/yoast.com\/wordpress\/plugins\/seo\/ -->\n<title>Uzaje inaugure son nouveau centre de lavage \u00e0 Strasbourg - Emballage Digest<\/title>\n<meta name=\"robots\" content=\"index, follow, max-snippet:-1, max-image-preview:large, max-video-preview:-1\" \/>\n<link rel=\"canonical\" href=\"https:\/\/www.emballagedigest.fr\/en\/uzaje-inaugure-son-nouveau-centre-de-lavage-a-strasbourg\/\" \/>\n<meta property=\"og:locale\" content=\"en_GB\" \/>\n<meta property=\"og:type\" content=\"article\" \/>\n<meta property=\"og:title\" content=\"Uzaje inaugure son nouveau centre de lavage \u00e0 Strasbourg - Emballage Digest\" \/>\n<meta property=\"og:description\" content=\"Uzaje a inaugur\u00e9 la semaine derni\u00e8re son site industriel de r\u00e9emploi de contenants alimentaires \u00e0 Strasbourg. Ce centre europ\u00e9en, dont l\u2019investissement s\u2019\u00e9l\u00e8ve \u00e0 3,5\u202fM\u20ac (dont 1,5 M\u20ac financ\u00e9 par l\u2019Ademe), est capable de laver, chaque jour, plusieurs dizaines de milliers de contenants, issus de la restauration (collective ou commerciale) de l\u2019\u00e9v\u00e9nementiel ou de l\u2019industrie agroalimentaire. [&hellip;]\" \/>\n<meta property=\"og:url\" content=\"https:\/\/www.emballagedigest.fr\/en\/uzaje-inaugure-son-nouveau-centre-de-lavage-a-strasbourg\/\" \/>\n<meta property=\"og:site_name\" content=\"Emballage Digest\" \/>\n<meta property=\"article:published_time\" content=\"2024-10-16T23:18:51+00:00\" \/>\n<meta property=\"article:modified_time\" content=\"2024-10-17T22:22:58+00:00\" \/>\n<meta property=\"og:image\" content=\"https:\/\/www.emballagedigest.fr\/wp-content\/uploads\/2024\/10\/UZAJE1.jpg\" \/>\n\t<meta property=\"og:image:width\" content=\"800\" \/>\n\t<meta property=\"og:image:height\" content=\"566\" \/>\n\t<meta property=\"og:image:type\" content=\"image\/jpeg\" \/>\n<meta name=\"author\" content=\"Karine Duval\" \/>\n<meta name=\"twitter:card\" content=\"summary_large_image\" \/>\n<meta name=\"twitter:label1\" content=\"Written by\" \/>\n\t<meta name=\"twitter:data1\" content=\"Karine Duval\" \/>\n\t<meta name=\"twitter:label2\" content=\"Estimated reading time\" \/>\n\t<meta name=\"twitter:data2\" content=\"2 minutes\" \/>\n<script type=\"application\/ld+json\" class=\"yoast-schema-graph\">{\"@context\":\"https:\/\/schema.org\",\"@graph\":[{\"@type\":\"Article\",\"@id\":\"https:\/\/www.emballagedigest.fr\/uzaje-inaugure-son-nouveau-centre-de-lavage-a-strasbourg\/#article\",\"isPartOf\":{\"@id\":\"https:\/\/www.emballagedigest.fr\/uzaje-inaugure-son-nouveau-centre-de-lavage-a-strasbourg\/\"},\"author\":{\"name\":\"Karine Duval\",\"@id\":\"https:\/\/www.emballagedigest.fr\/#\/schema\/person\/76abe9f2b2ee4d3d520594c7a35da59f\"},\"headline\":\"Uzaje inaugure son nouveau centre de lavage \u00e0 Strasbourg\",\"datePublished\":\"2024-10-16T23:18:51+00:00\",\"dateModified\":\"2024-10-17T22:22:58+00:00\",\"mainEntityOfPage\":{\"@id\":\"https:\/\/www.emballagedigest.fr\/uzaje-inaugure-son-nouveau-centre-de-lavage-a-strasbourg\/\"},\"wordCount\":328,\"publisher\":{\"@id\":\"https:\/\/www.emballagedigest.fr\/#organization\"},\"image\":{\"@id\":\"https:\/\/www.emballagedigest.fr\/uzaje-inaugure-son-nouveau-centre-de-lavage-a-strasbourg\/#primaryimage\"},\"thumbnailUrl\":\"https:\/\/www.emballagedigest.fr\/wp-content\/uploads\/2024\/10\/UZAJE1.jpg\",\"articleSection\":[\"Alimentaire\",\"Article entier\",\"Packaging\"],\"inLanguage\":\"en-GB\"},{\"@type\":\"WebPage\",\"@id\":\"https:\/\/www.emballagedigest.fr\/uzaje-inaugure-son-nouveau-centre-de-lavage-a-strasbourg\/\",\"url\":\"https:\/\/www.emballagedigest.fr\/uzaje-inaugure-son-nouveau-centre-de-lavage-a-strasbourg\/\",\"name\":\"Uzaje inaugure son nouveau centre de lavage \u00e0 Strasbourg - Emballage Digest\",\"isPartOf\":{\"@id\":\"https:\/\/www.emballagedigest.fr\/#website\"},\"primaryImageOfPage\":{\"@id\":\"https:\/\/www.emballagedigest.fr\/uzaje-inaugure-son-nouveau-centre-de-lavage-a-strasbourg\/#primaryimage\"},\"image\":{\"@id\":\"https:\/\/www.emballagedigest.fr\/uzaje-inaugure-son-nouveau-centre-de-lavage-a-strasbourg\/#primaryimage\"},\"thumbnailUrl\":\"https:\/\/www.emballagedigest.fr\/wp-content\/uploads\/2024\/10\/UZAJE1.jpg\",\"datePublished\":\"2024-10-16T23:18:51+00:00\",\"dateModified\":\"2024-10-17T22:22:58+00:00\",\"breadcrumb\":{\"@id\":\"https:\/\/www.emballagedigest.fr\/uzaje-inaugure-son-nouveau-centre-de-lavage-a-strasbourg\/#breadcrumb\"},\"inLanguage\":\"en-GB\",\"potentialAction\":[{\"@type\":\"ReadAction\",\"target\":[\"https:\/\/www.emballagedigest.fr\/uzaje-inaugure-son-nouveau-centre-de-lavage-a-strasbourg\/\"]}]},{\"@type\":\"ImageObject\",\"inLanguage\":\"en-GB\",\"@id\":\"https:\/\/www.emballagedigest.fr\/uzaje-inaugure-son-nouveau-centre-de-lavage-a-strasbourg\/#primaryimage\",\"url\":\"https:\/\/www.emballagedigest.fr\/wp-content\/uploads\/2024\/10\/UZAJE1.jpg\",\"contentUrl\":\"https:\/\/www.emballagedigest.fr\/wp-content\/uploads\/2024\/10\/UZAJE1.jpg\",\"width\":800,\"height\":566},{\"@type\":\"BreadcrumbList\",\"@id\":\"https:\/\/www.emballagedigest.fr\/uzaje-inaugure-son-nouveau-centre-de-lavage-a-strasbourg\/#breadcrumb\",\"itemListElement\":[{\"@type\":\"ListItem\",\"position\":1,\"name\":\"Accueil\",\"item\":\"https:\/\/www.emballagedigest.fr\/\"},{\"@type\":\"ListItem\",\"position\":2,\"name\":\"Uzaje inaugure son nouveau centre de lavage \u00e0 Strasbourg\"}]},{\"@type\":\"WebSite\",\"@id\":\"https:\/\/www.emballagedigest.fr\/#website\",\"url\":\"https:\/\/www.emballagedigest.fr\/\",\"name\":\"Emballage Digest\",\"description\":\"Revue professionnelle sur les emballages\",\"publisher\":{\"@id\":\"https:\/\/www.emballagedigest.fr\/#organization\"},\"potentialAction\":[{\"@type\":\"SearchAction\",\"target\":{\"@type\":\"EntryPoint\",\"urlTemplate\":\"https:\/\/www.emballagedigest.fr\/?s={search_term_string}\"},\"query-input\":{\"@type\":\"PropertyValueSpecification\",\"valueRequired\":true,\"valueName\":\"search_term_string\"}}],\"inLanguage\":\"en-GB\"},{\"@type\":\"Organization\",\"@id\":\"https:\/\/www.emballagedigest.fr\/#organization\",\"name\":\"Emballage Digest\",\"url\":\"https:\/\/www.emballagedigest.fr\/\",\"logo\":{\"@type\":\"ImageObject\",\"inLanguage\":\"en-GB\",\"@id\":\"https:\/\/www.emballagedigest.fr\/#\/schema\/logo\/image\/\",\"url\":\"https:\/\/www.emballagedigest.fr\/wp-content\/uploads\/2022\/07\/logo-ed.png\",\"contentUrl\":\"https:\/\/www.emballagedigest.fr\/wp-content\/uploads\/2022\/07\/logo-ed.png\",\"width\":379,\"height\":75,\"caption\":\"Emballage Digest\"},\"image\":{\"@id\":\"https:\/\/www.emballagedigest.fr\/#\/schema\/logo\/image\/\"}},{\"@type\":\"Person\",\"@id\":\"https:\/\/www.emballagedigest.fr\/#\/schema\/person\/76abe9f2b2ee4d3d520594c7a35da59f\",\"name\":\"Karine Duval\",\"image\":{\"@type\":\"ImageObject\",\"inLanguage\":\"en-GB\",\"@id\":\"https:\/\/www.emballagedigest.fr\/#\/schema\/person\/image\/\",\"url\":\"https:\/\/secure.gravatar.com\/avatar\/f552799261cdd2e076e6677d780ef07bdb13aa4c196ab75b39abcbcdcae2d4e5?s=96&d=mm&r=g\",\"contentUrl\":\"https:\/\/secure.gravatar.com\/avatar\/f552799261cdd2e076e6677d780ef07bdb13aa4c196ab75b39abcbcdcae2d4e5?s=96&d=mm&r=g\",\"caption\":\"Karine Duval\"},\"url\":\"https:\/\/www.emballagedigest.fr\/en\/author\/admin_karduv\/\"}]}<\/script>\n<!-- \/ Yoast SEO plugin. -->","yoast_head_json":{"title":"Uzaje inaugure son nouveau centre de lavage \u00e0 Strasbourg - Emballage Digest","robots":{"index":"index","follow":"follow","max-snippet":"max-snippet:-1","max-image-preview":"max-image-preview:large","max-video-preview":"max-video-preview:-1"},"canonical":"https:\/\/www.emballagedigest.fr\/en\/uzaje-inaugure-son-nouveau-centre-de-lavage-a-strasbourg\/","og_locale":"en_GB","og_type":"article","og_title":"Uzaje inaugure son nouveau centre de lavage \u00e0 Strasbourg - Emballage Digest","og_description":"Uzaje a inaugur\u00e9 la semaine derni\u00e8re son site industriel de r\u00e9emploi de contenants alimentaires \u00e0 Strasbourg. Ce centre europ\u00e9en, dont l\u2019investissement s\u2019\u00e9l\u00e8ve \u00e0 3,5\u202fM\u20ac (dont 1,5 M\u20ac financ\u00e9 par l\u2019Ademe), est capable de laver, chaque jour, plusieurs dizaines de milliers de contenants, issus de la restauration (collective ou commerciale) de l\u2019\u00e9v\u00e9nementiel ou de l\u2019industrie agroalimentaire. [&hellip;]","og_url":"https:\/\/www.emballagedigest.fr\/en\/uzaje-inaugure-son-nouveau-centre-de-lavage-a-strasbourg\/","og_site_name":"Emballage Digest","article_published_time":"2024-10-16T23:18:51+00:00","article_modified_time":"2024-10-17T22:22:58+00:00","og_image":[{"width":800,"height":566,"url":"https:\/\/www.emballagedigest.fr\/wp-content\/uploads\/2024\/10\/UZAJE1.jpg","type":"image\/jpeg"}],"author":"Karine Duval","twitter_card":"summary_large_image","twitter_misc":{"Written by":"Karine Duval","Estimated reading time":"2 minutes"},"schema":{"@context":"https:\/\/schema.org","@graph":[{"@type":"Article","@id":"https:\/\/www.emballagedigest.fr\/uzaje-inaugure-son-nouveau-centre-de-lavage-a-strasbourg\/#article","isPartOf":{"@id":"https:\/\/www.emballagedigest.fr\/uzaje-inaugure-son-nouveau-centre-de-lavage-a-strasbourg\/"},"author":{"name":"Karine Duval","@id":"https:\/\/www.emballagedigest.fr\/#\/schema\/person\/76abe9f2b2ee4d3d520594c7a35da59f"},"headline":"Uzaje inaugure son nouveau centre de lavage \u00e0 Strasbourg","datePublished":"2024-10-16T23:18:51+00:00","dateModified":"2024-10-17T22:22:58+00:00","mainEntityOfPage":{"@id":"https:\/\/www.emballagedigest.fr\/uzaje-inaugure-son-nouveau-centre-de-lavage-a-strasbourg\/"},"wordCount":328,"publisher":{"@id":"https:\/\/www.emballagedigest.fr\/#organization"},"image":{"@id":"https:\/\/www.emballagedigest.fr\/uzaje-inaugure-son-nouveau-centre-de-lavage-a-strasbourg\/#primaryimage"},"thumbnailUrl":"https:\/\/www.emballagedigest.fr\/wp-content\/uploads\/2024\/10\/UZAJE1.jpg","articleSection":["Alimentaire","Article entier","Packaging"],"inLanguage":"en-GB"},{"@type":"WebPage","@id":"https:\/\/www.emballagedigest.fr\/uzaje-inaugure-son-nouveau-centre-de-lavage-a-strasbourg\/","url":"https:\/\/www.emballagedigest.fr\/uzaje-inaugure-son-nouveau-centre-de-lavage-a-strasbourg\/","name":"Uzaje inaugure son nouveau centre de lavage \u00e0 Strasbourg - Emballage Digest","isPartOf":{"@id":"https:\/\/www.emballagedigest.fr\/#website"},"primaryImageOfPage":{"@id":"https:\/\/www.emballagedigest.fr\/uzaje-inaugure-son-nouveau-centre-de-lavage-a-strasbourg\/#primaryimage"},"image":{"@id":"https:\/\/www.emballagedigest.fr\/uzaje-inaugure-son-nouveau-centre-de-lavage-a-strasbourg\/#primaryimage"},"thumbnailUrl":"https:\/\/www.emballagedigest.fr\/wp-content\/uploads\/2024\/10\/UZAJE1.jpg","datePublished":"2024-10-16T23:18:51+00:00","dateModified":"2024-10-17T22:22:58+00:00","breadcrumb":{"@id":"https:\/\/www.emballagedigest.fr\/uzaje-inaugure-son-nouveau-centre-de-lavage-a-strasbourg\/#breadcrumb"},"inLanguage":"en-GB","potentialAction":[{"@type":"ReadAction","target":["https:\/\/www.emballagedigest.fr\/uzaje-inaugure-son-nouveau-centre-de-lavage-a-strasbourg\/"]}]},{"@type":"ImageObject","inLanguage":"en-GB","@id":"https:\/\/www.emballagedigest.fr\/uzaje-inaugure-son-nouveau-centre-de-lavage-a-strasbourg\/#primaryimage","url":"https:\/\/www.emballagedigest.fr\/wp-content\/uploads\/2024\/10\/UZAJE1.jpg","contentUrl":"https:\/\/www.emballagedigest.fr\/wp-content\/uploads\/2024\/10\/UZAJE1.jpg","width":800,"height":566},{"@type":"BreadcrumbList","@id":"https:\/\/www.emballagedigest.fr\/uzaje-inaugure-son-nouveau-centre-de-lavage-a-strasbourg\/#breadcrumb","itemListElement":[{"@type":"ListItem","position":1,"name":"Accueil","item":"https:\/\/www.emballagedigest.fr\/"},{"@type":"ListItem","position":2,"name":"Uzaje inaugure son nouveau centre de lavage \u00e0 Strasbourg"}]},{"@type":"WebSite","@id":"https:\/\/www.emballagedigest.fr\/#website","url":"https:\/\/www.emballagedigest.fr\/","name":"Emballage Digest","description":"Revue professionnelle sur les emballages","publisher":{"@id":"https:\/\/www.emballagedigest.fr\/#organization"},"potentialAction":[{"@type":"SearchAction","target":{"@type":"EntryPoint","urlTemplate":"https:\/\/www.emballagedigest.fr\/?s={search_term_string}"},"query-input":{"@type":"PropertyValueSpecification","valueRequired":true,"valueName":"search_term_string"}}],"inLanguage":"en-GB"},{"@type":"Organization","@id":"https:\/\/www.emballagedigest.fr\/#organization","name":"Emballage Digest","url":"https:\/\/www.emballagedigest.fr\/","logo":{"@type":"ImageObject","inLanguage":"en-GB","@id":"https:\/\/www.emballagedigest.fr\/#\/schema\/logo\/image\/","url":"https:\/\/www.emballagedigest.fr\/wp-content\/uploads\/2022\/07\/logo-ed.png","contentUrl":"https:\/\/www.emballagedigest.fr\/wp-content\/uploads\/2022\/07\/logo-ed.png","width":379,"height":75,"caption":"Emballage Digest"},"image":{"@id":"https:\/\/www.emballagedigest.fr\/#\/schema\/logo\/image\/"}},{"@type":"Person","@id":"https:\/\/www.emballagedigest.fr\/#\/schema\/person\/76abe9f2b2ee4d3d520594c7a35da59f","name":"Karine Duval","image":{"@type":"ImageObject","inLanguage":"en-GB","@id":"https:\/\/www.emballagedigest.fr\/#\/schema\/person\/image\/","url":"https:\/\/secure.gravatar.com\/avatar\/f552799261cdd2e076e6677d780ef07bdb13aa4c196ab75b39abcbcdcae2d4e5?s=96&d=mm&r=g","contentUrl":"https:\/\/secure.gravatar.com\/avatar\/f552799261cdd2e076e6677d780ef07bdb13aa4c196ab75b39abcbcdcae2d4e5?s=96&d=mm&r=g","caption":"Karine Duval"},"url":"https:\/\/www.emballagedigest.fr\/en\/author\/admin_karduv\/"}]}},"_links":{"self":[{"href":"https:\/\/www.emballagedigest.fr\/en\/wp-json\/wp\/v2\/posts\/42337","targetHints":{"allow":["GET"]}}],"collection":[{"href":"https:\/\/www.emballagedigest.fr\/en\/wp-json\/wp\/v2\/posts"}],"about":[{"href":"https:\/\/www.emballagedigest.fr\/en\/wp-json\/wp\/v2\/types\/post"}],"author":[{"embeddable":true,"href":"https:\/\/www.emballagedigest.fr\/en\/wp-json\/wp\/v2\/users\/2"}],"replies":[{"embeddable":true,"href":"https:\/\/www.emballagedigest.fr\/en\/wp-json\/wp\/v2\/comments?post=42337"}],"version-history":[{"count":1,"href":"https:\/\/www.emballagedigest.fr\/en\/wp-json\/wp\/v2\/posts\/42337\/revisions"}],"predecessor-version":[{"id":42340,"href":"https:\/\/www.emballagedigest.fr\/en\/wp-json\/wp\/v2\/posts\/42337\/revisions\/42340"}],"wp:featuredmedia":[{"embeddable":true,"href":"https:\/\/www.emballagedigest.fr\/en\/wp-json\/wp\/v2\/media\/42338"}],"wp:attachment":[{"href":"https:\/\/www.emballagedigest.fr\/en\/wp-json\/wp\/v2\/media?parent=42337"}],"wp:term":[{"taxonomy":"category","embeddable":true,"href":"https:\/\/www.emballagedigest.fr\/en\/wp-json\/wp\/v2\/categories?post=42337"},{"taxonomy":"post_tag","embeddable":true,"href":"https:\/\/www.emballagedigest.fr\/en\/wp-json\/wp\/v2\/tags?post=42337"}],"curies":[{"name":"wp","href":"https:\/\/api.w.org\/{rel}","templated":true}]}}