{"id":42354,"date":"2024-10-21T08:57:01","date_gmt":"2024-10-21T06:57:01","guid":{"rendered":"https:\/\/www.emballagedigest.fr\/?p=42354"},"modified":"2024-10-22T00:13:40","modified_gmt":"2024-10-21T22:13:40","slug":"citeo-pro-se-positionne-sur-la-rep-emballage-industriels-et-commerciaux","status":"publish","type":"post","link":"https:\/\/www.emballagedigest.fr\/en\/citeo-pro-se-positionne-sur-la-rep-emballage-industriels-et-commerciaux\/","title":{"rendered":"Citeo Pro se positionne sur la REP Emballages industriels et commerciaux"},"content":{"rendered":"<p><strong>En 2025, une nouvelle fili\u00e8re de Responsabilit\u00e9 Elargie du Producteur (REP) entrera en vigueur afin de r\u00e9duire l\u2019impact environnemental des emballages industriels et commerciaux (EIC). Face \u00e0 Twiice, Citeo Pro se porte \u00e0 son tour candidat pour accompagner les metteurs sur le march\u00e9 et d\u00e9tenteurs de d\u00e9chets d&#8217;emballages professionnels dans la mise en place de cette nouvelle REP.<\/strong><\/p>\n\n\n\n<p>Citeo Pro, premier \u00e9co-organisme agr\u00e9\u00e9 sur les emballages professionnels de la restauration en janvier 2024 pour une dur\u00e9e de six ans, se d\u00e9clare pr\u00eat \u00e0 accompagner le d\u00e9ploiement de la nouvelle REP EIC aupr\u00e8s de tous les acteurs de la chaine de valeur&nbsp;: metteurs en march\u00e9s, op\u00e9rateurs, acteurs du r\u00e9emploi, etc. Son ambition&nbsp;: mettre \u00e0 disposition son expertise 3R au service des professionnels pour accompagner la r\u00e9duction d\u2019impact, tout en coconstruisant de nouvelles solutions justes et efficaces, sans d\u00e9s\u00e9quilibrer celles qui fonctionnent.&nbsp;<\/p>\n\n\n\n<figure class=\"wp-block-image size-full is-resized\"><img loading=\"lazy\" decoding=\"async\" src=\"https:\/\/www.emballagedigest.fr\/wp-content\/uploads\/2024\/10\/CITEO2.jpg\" alt=\"\" class=\"wp-image-42356\" width=\"830\" height=\"465\" srcset=\"https:\/\/www.emballagedigest.fr\/wp-content\/uploads\/2024\/10\/CITEO2.jpg 800w, https:\/\/www.emballagedigest.fr\/wp-content\/uploads\/2024\/10\/CITEO2-300x168.jpg 300w, https:\/\/www.emballagedigest.fr\/wp-content\/uploads\/2024\/10\/CITEO2-768x430.jpg 768w, https:\/\/www.emballagedigest.fr\/wp-content\/uploads\/2024\/10\/CITEO2-18x10.jpg 18w\" sizes=\"auto, (max-width: 830px) 100vw, 830px\" \/><\/figure>\n\n\n\n<p>\u00ab&nbsp;Le groupe Citeo dispose des ressources n\u00e9cessaires pour relever ce nouveau d\u00e9fi en faveur de l\u2019\u00e9conomie circulaire. Apr\u00e8s les emballages de la restauration en d\u00e9but d\u2019ann\u00e9e, c\u2019est une nouvelle \u00e9tape pour les emballages professionnels qui s\u2019inscrit dans la droite ligne de notre raison d\u2019\u00eatre&nbsp;: engager et accompagner les acteurs \u00e9conomiques \u00e0 produire, distribuer et consommer en pr\u00e9servant notre plan\u00e8te, la biodiversit\u00e9 et le climat \u00bb, a d\u00e9clar\u00e9 Jean Hornain, directeur g\u00e9n\u00e9ral de Citeo.<\/p>\n\n\n\n<p>Pour accompagner cette \u00e9volution, Citeo pro sera d\u00e9sormais la filiale d\u00e9di\u00e9e aux emballages professionnels, de la restauration, et industriels et commerciaux du groupe Citeo. Julien Dubourg a \u00e9t\u00e9 nomm\u00e9 Pr\u00e9sident ex\u00e9cutif, et Sabine Haltebourg devient Directrice des op\u00e9rations du nouvel ensemble \u00e0 partir du mois de janvier prochain. Jean Hornain reste Pr\u00e9sident du Conseil d\u2019Administration.<\/p>\n\n\n\n<p>Julien Dubourg a rejoint l\u2019\u00e9co-organisme Ecofolio en 2015, devenu depuis Citeo, au poste de directeur de la relation adh\u00e9rents. Depuis 2019, il est Directeur clients et marketing et coordonne les \u00e9quipes qui s\u2019assurent d\u2019anticiper et d\u2019apporter la meilleure qualit\u00e9 de service aux clients-partenaires de Citeo et de les accompagner dans leur d\u00e9marche 3R. \u00ab&nbsp;La fili\u00e8re REP des emballages industriels et commerciaux est particuli\u00e8re, dans le sens o\u00f9 elle doit s\u2019installer parmi des syst\u00e8mes d\u00e9j\u00e0 mis en place. Citeo Pro s\u2019engage pour accompagner les acteurs afin d\u2019agir sur de nouveaux leviers de performance, sans perturber les solutions existantes. Gr\u00e2ce \u00e0 notre expertise, nous souhaitons devenir un partenaire de r\u00e9f\u00e9rence, et de pr\u00e9f\u00e9rence, sur cette nouvelle fili\u00e8re&nbsp;\u00bb, pr\u00e9cise Julien Dubourg.<\/p>","protected":false},"excerpt":{"rendered":"<p>En 2025, une nouvelle fili\u00e8re de Responsabilit\u00e9 Elargie du Producteur (REP) entrera en vigueur afin de r\u00e9duire l\u2019impact environnemental des emballages industriels et commerciaux (EIC). Face \u00e0 Twiice, Citeo Pro se porte \u00e0 son tour candidat pour accompagner les metteurs sur le march\u00e9 et d\u00e9tenteurs de d\u00e9chets d&#8217;emballages professionnels dans la mise en place de [&hellip;]<\/p>","protected":false},"author":2,"featured_media":42355,"comment_status":"closed","ping_status":"closed","sticky":false,"template":"","format":"standard","meta":{"_acf_changed":false,"inline_featured_image":false,"iawp_total_views":1,"footnotes":""},"categories":[28,11,8],"tags":[],"class_list":["post-42354","post","type-post","status-publish","format-standard","has-post-thumbnail","hentry","category-article-entier","category-emballages","category-industrie"],"acf":[],"yoast_head":"<!-- This site is optimized with the Yoast SEO plugin v24.4 - https:\/\/yoast.com\/wordpress\/plugins\/seo\/ -->\n<title>Citeo Pro se positionne sur la REP Emballages industriels et commerciaux - Emballage Digest<\/title>\n<meta name=\"robots\" content=\"index, follow, max-snippet:-1, max-image-preview:large, max-video-preview:-1\" \/>\n<link rel=\"canonical\" href=\"https:\/\/www.emballagedigest.fr\/en\/citeo-pro-se-positionne-sur-la-rep-emballage-industriels-et-commerciaux\/\" \/>\n<meta property=\"og:locale\" content=\"en_GB\" \/>\n<meta property=\"og:type\" content=\"article\" \/>\n<meta property=\"og:title\" content=\"Citeo Pro se positionne sur la REP Emballages industriels et commerciaux - Emballage Digest\" \/>\n<meta property=\"og:description\" content=\"En 2025, une nouvelle fili\u00e8re de Responsabilit\u00e9 Elargie du Producteur (REP) entrera en vigueur afin de r\u00e9duire l\u2019impact environnemental des emballages industriels et commerciaux (EIC). Face \u00e0 Twiice, Citeo Pro se porte \u00e0 son tour candidat pour accompagner les metteurs sur le march\u00e9 et d\u00e9tenteurs de d\u00e9chets d&#8217;emballages professionnels dans la mise en place de [&hellip;]\" \/>\n<meta property=\"og:url\" content=\"https:\/\/www.emballagedigest.fr\/en\/citeo-pro-se-positionne-sur-la-rep-emballage-industriels-et-commerciaux\/\" \/>\n<meta property=\"og:site_name\" content=\"Emballage Digest\" \/>\n<meta property=\"article:published_time\" content=\"2024-10-21T06:57:01+00:00\" \/>\n<meta property=\"article:modified_time\" content=\"2024-10-21T22:13:40+00:00\" \/>\n<meta property=\"og:image\" content=\"https:\/\/www.emballagedigest.fr\/wp-content\/uploads\/2024\/10\/CITEO1.jpg\" \/>\n\t<meta property=\"og:image:width\" content=\"800\" \/>\n\t<meta property=\"og:image:height\" content=\"521\" \/>\n\t<meta property=\"og:image:type\" content=\"image\/jpeg\" \/>\n<meta name=\"author\" content=\"Karine Duval\" \/>\n<meta name=\"twitter:card\" content=\"summary_large_image\" \/>\n<meta name=\"twitter:label1\" content=\"Written by\" \/>\n\t<meta name=\"twitter:data1\" content=\"Karine Duval\" \/>\n\t<meta name=\"twitter:label2\" content=\"Estimated reading time\" \/>\n\t<meta name=\"twitter:data2\" content=\"3 minutes\" \/>\n<script type=\"application\/ld+json\" class=\"yoast-schema-graph\">{\"@context\":\"https:\/\/schema.org\",\"@graph\":[{\"@type\":\"Article\",\"@id\":\"https:\/\/www.emballagedigest.fr\/citeo-pro-se-positionne-sur-la-rep-emballage-industriels-et-commerciaux\/#article\",\"isPartOf\":{\"@id\":\"https:\/\/www.emballagedigest.fr\/citeo-pro-se-positionne-sur-la-rep-emballage-industriels-et-commerciaux\/\"},\"author\":{\"name\":\"Karine Duval\",\"@id\":\"https:\/\/www.emballagedigest.fr\/#\/schema\/person\/76abe9f2b2ee4d3d520594c7a35da59f\"},\"headline\":\"Citeo Pro se positionne sur la REP Emballages industriels et commerciaux\",\"datePublished\":\"2024-10-21T06:57:01+00:00\",\"dateModified\":\"2024-10-21T22:13:40+00:00\",\"mainEntityOfPage\":{\"@id\":\"https:\/\/www.emballagedigest.fr\/citeo-pro-se-positionne-sur-la-rep-emballage-industriels-et-commerciaux\/\"},\"wordCount\":453,\"publisher\":{\"@id\":\"https:\/\/www.emballagedigest.fr\/#organization\"},\"image\":{\"@id\":\"https:\/\/www.emballagedigest.fr\/citeo-pro-se-positionne-sur-la-rep-emballage-industriels-et-commerciaux\/#primaryimage\"},\"thumbnailUrl\":\"https:\/\/www.emballagedigest.fr\/wp-content\/uploads\/2024\/10\/CITEO1.jpg\",\"articleSection\":[\"Article entier\",\"Emballages\",\"Industrie\"],\"inLanguage\":\"en-GB\"},{\"@type\":\"WebPage\",\"@id\":\"https:\/\/www.emballagedigest.fr\/citeo-pro-se-positionne-sur-la-rep-emballage-industriels-et-commerciaux\/\",\"url\":\"https:\/\/www.emballagedigest.fr\/citeo-pro-se-positionne-sur-la-rep-emballage-industriels-et-commerciaux\/\",\"name\":\"Citeo Pro se positionne sur la REP Emballages industriels et commerciaux - Emballage Digest\",\"isPartOf\":{\"@id\":\"https:\/\/www.emballagedigest.fr\/#website\"},\"primaryImageOfPage\":{\"@id\":\"https:\/\/www.emballagedigest.fr\/citeo-pro-se-positionne-sur-la-rep-emballage-industriels-et-commerciaux\/#primaryimage\"},\"image\":{\"@id\":\"https:\/\/www.emballagedigest.fr\/citeo-pro-se-positionne-sur-la-rep-emballage-industriels-et-commerciaux\/#primaryimage\"},\"thumbnailUrl\":\"https:\/\/www.emballagedigest.fr\/wp-content\/uploads\/2024\/10\/CITEO1.jpg\",\"datePublished\":\"2024-10-21T06:57:01+00:00\",\"dateModified\":\"2024-10-21T22:13:40+00:00\",\"breadcrumb\":{\"@id\":\"https:\/\/www.emballagedigest.fr\/citeo-pro-se-positionne-sur-la-rep-emballage-industriels-et-commerciaux\/#breadcrumb\"},\"inLanguage\":\"en-GB\",\"potentialAction\":[{\"@type\":\"ReadAction\",\"target\":[\"https:\/\/www.emballagedigest.fr\/citeo-pro-se-positionne-sur-la-rep-emballage-industriels-et-commerciaux\/\"]}]},{\"@type\":\"ImageObject\",\"inLanguage\":\"en-GB\",\"@id\":\"https:\/\/www.emballagedigest.fr\/citeo-pro-se-positionne-sur-la-rep-emballage-industriels-et-commerciaux\/#primaryimage\",\"url\":\"https:\/\/www.emballagedigest.fr\/wp-content\/uploads\/2024\/10\/CITEO1.jpg\",\"contentUrl\":\"https:\/\/www.emballagedigest.fr\/wp-content\/uploads\/2024\/10\/CITEO1.jpg\",\"width\":800,\"height\":521},{\"@type\":\"BreadcrumbList\",\"@id\":\"https:\/\/www.emballagedigest.fr\/citeo-pro-se-positionne-sur-la-rep-emballage-industriels-et-commerciaux\/#breadcrumb\",\"itemListElement\":[{\"@type\":\"ListItem\",\"position\":1,\"name\":\"Accueil\",\"item\":\"https:\/\/www.emballagedigest.fr\/\"},{\"@type\":\"ListItem\",\"position\":2,\"name\":\"Citeo Pro se positionne sur la REP Emballages industriels et commerciaux\"}]},{\"@type\":\"WebSite\",\"@id\":\"https:\/\/www.emballagedigest.fr\/#website\",\"url\":\"https:\/\/www.emballagedigest.fr\/\",\"name\":\"Emballage Digest\",\"description\":\"Revue professionnelle sur les emballages\",\"publisher\":{\"@id\":\"https:\/\/www.emballagedigest.fr\/#organization\"},\"potentialAction\":[{\"@type\":\"SearchAction\",\"target\":{\"@type\":\"EntryPoint\",\"urlTemplate\":\"https:\/\/www.emballagedigest.fr\/?s={search_term_string}\"},\"query-input\":{\"@type\":\"PropertyValueSpecification\",\"valueRequired\":true,\"valueName\":\"search_term_string\"}}],\"inLanguage\":\"en-GB\"},{\"@type\":\"Organization\",\"@id\":\"https:\/\/www.emballagedigest.fr\/#organization\",\"name\":\"Emballage Digest\",\"url\":\"https:\/\/www.emballagedigest.fr\/\",\"logo\":{\"@type\":\"ImageObject\",\"inLanguage\":\"en-GB\",\"@id\":\"https:\/\/www.emballagedigest.fr\/#\/schema\/logo\/image\/\",\"url\":\"https:\/\/www.emballagedigest.fr\/wp-content\/uploads\/2022\/07\/logo-ed.png\",\"contentUrl\":\"https:\/\/www.emballagedigest.fr\/wp-content\/uploads\/2022\/07\/logo-ed.png\",\"width\":379,\"height\":75,\"caption\":\"Emballage Digest\"},\"image\":{\"@id\":\"https:\/\/www.emballagedigest.fr\/#\/schema\/logo\/image\/\"}},{\"@type\":\"Person\",\"@id\":\"https:\/\/www.emballagedigest.fr\/#\/schema\/person\/76abe9f2b2ee4d3d520594c7a35da59f\",\"name\":\"Karine Duval\",\"image\":{\"@type\":\"ImageObject\",\"inLanguage\":\"en-GB\",\"@id\":\"https:\/\/www.emballagedigest.fr\/#\/schema\/person\/image\/\",\"url\":\"https:\/\/secure.gravatar.com\/avatar\/f552799261cdd2e076e6677d780ef07bdb13aa4c196ab75b39abcbcdcae2d4e5?s=96&d=mm&r=g\",\"contentUrl\":\"https:\/\/secure.gravatar.com\/avatar\/f552799261cdd2e076e6677d780ef07bdb13aa4c196ab75b39abcbcdcae2d4e5?s=96&d=mm&r=g\",\"caption\":\"Karine Duval\"},\"url\":\"https:\/\/www.emballagedigest.fr\/en\/author\/admin_karduv\/\"}]}<\/script>\n<!-- \/ Yoast SEO plugin. -->","yoast_head_json":{"title":"Citeo Pro se positionne sur la REP Emballages industriels et commerciaux - Emballage Digest","robots":{"index":"index","follow":"follow","max-snippet":"max-snippet:-1","max-image-preview":"max-image-preview:large","max-video-preview":"max-video-preview:-1"},"canonical":"https:\/\/www.emballagedigest.fr\/en\/citeo-pro-se-positionne-sur-la-rep-emballage-industriels-et-commerciaux\/","og_locale":"en_GB","og_type":"article","og_title":"Citeo Pro se positionne sur la REP Emballages industriels et commerciaux - Emballage Digest","og_description":"En 2025, une nouvelle fili\u00e8re de Responsabilit\u00e9 Elargie du Producteur (REP) entrera en vigueur afin de r\u00e9duire l\u2019impact environnemental des emballages industriels et commerciaux (EIC). Face \u00e0 Twiice, Citeo Pro se porte \u00e0 son tour candidat pour accompagner les metteurs sur le march\u00e9 et d\u00e9tenteurs de d\u00e9chets d&#8217;emballages professionnels dans la mise en place de [&hellip;]","og_url":"https:\/\/www.emballagedigest.fr\/en\/citeo-pro-se-positionne-sur-la-rep-emballage-industriels-et-commerciaux\/","og_site_name":"Emballage Digest","article_published_time":"2024-10-21T06:57:01+00:00","article_modified_time":"2024-10-21T22:13:40+00:00","og_image":[{"width":800,"height":521,"url":"https:\/\/www.emballagedigest.fr\/wp-content\/uploads\/2024\/10\/CITEO1.jpg","type":"image\/jpeg"}],"author":"Karine Duval","twitter_card":"summary_large_image","twitter_misc":{"Written by":"Karine Duval","Estimated reading time":"3 minutes"},"schema":{"@context":"https:\/\/schema.org","@graph":[{"@type":"Article","@id":"https:\/\/www.emballagedigest.fr\/citeo-pro-se-positionne-sur-la-rep-emballage-industriels-et-commerciaux\/#article","isPartOf":{"@id":"https:\/\/www.emballagedigest.fr\/citeo-pro-se-positionne-sur-la-rep-emballage-industriels-et-commerciaux\/"},"author":{"name":"Karine Duval","@id":"https:\/\/www.emballagedigest.fr\/#\/schema\/person\/76abe9f2b2ee4d3d520594c7a35da59f"},"headline":"Citeo Pro se positionne sur la REP Emballages industriels et commerciaux","datePublished":"2024-10-21T06:57:01+00:00","dateModified":"2024-10-21T22:13:40+00:00","mainEntityOfPage":{"@id":"https:\/\/www.emballagedigest.fr\/citeo-pro-se-positionne-sur-la-rep-emballage-industriels-et-commerciaux\/"},"wordCount":453,"publisher":{"@id":"https:\/\/www.emballagedigest.fr\/#organization"},"image":{"@id":"https:\/\/www.emballagedigest.fr\/citeo-pro-se-positionne-sur-la-rep-emballage-industriels-et-commerciaux\/#primaryimage"},"thumbnailUrl":"https:\/\/www.emballagedigest.fr\/wp-content\/uploads\/2024\/10\/CITEO1.jpg","articleSection":["Article entier","Emballages","Industrie"],"inLanguage":"en-GB"},{"@type":"WebPage","@id":"https:\/\/www.emballagedigest.fr\/citeo-pro-se-positionne-sur-la-rep-emballage-industriels-et-commerciaux\/","url":"https:\/\/www.emballagedigest.fr\/citeo-pro-se-positionne-sur-la-rep-emballage-industriels-et-commerciaux\/","name":"Citeo Pro se positionne sur la REP Emballages industriels et commerciaux - Emballage Digest","isPartOf":{"@id":"https:\/\/www.emballagedigest.fr\/#website"},"primaryImageOfPage":{"@id":"https:\/\/www.emballagedigest.fr\/citeo-pro-se-positionne-sur-la-rep-emballage-industriels-et-commerciaux\/#primaryimage"},"image":{"@id":"https:\/\/www.emballagedigest.fr\/citeo-pro-se-positionne-sur-la-rep-emballage-industriels-et-commerciaux\/#primaryimage"},"thumbnailUrl":"https:\/\/www.emballagedigest.fr\/wp-content\/uploads\/2024\/10\/CITEO1.jpg","datePublished":"2024-10-21T06:57:01+00:00","dateModified":"2024-10-21T22:13:40+00:00","breadcrumb":{"@id":"https:\/\/www.emballagedigest.fr\/citeo-pro-se-positionne-sur-la-rep-emballage-industriels-et-commerciaux\/#breadcrumb"},"inLanguage":"en-GB","potentialAction":[{"@type":"ReadAction","target":["https:\/\/www.emballagedigest.fr\/citeo-pro-se-positionne-sur-la-rep-emballage-industriels-et-commerciaux\/"]}]},{"@type":"ImageObject","inLanguage":"en-GB","@id":"https:\/\/www.emballagedigest.fr\/citeo-pro-se-positionne-sur-la-rep-emballage-industriels-et-commerciaux\/#primaryimage","url":"https:\/\/www.emballagedigest.fr\/wp-content\/uploads\/2024\/10\/CITEO1.jpg","contentUrl":"https:\/\/www.emballagedigest.fr\/wp-content\/uploads\/2024\/10\/CITEO1.jpg","width":800,"height":521},{"@type":"BreadcrumbList","@id":"https:\/\/www.emballagedigest.fr\/citeo-pro-se-positionne-sur-la-rep-emballage-industriels-et-commerciaux\/#breadcrumb","itemListElement":[{"@type":"ListItem","position":1,"name":"Accueil","item":"https:\/\/www.emballagedigest.fr\/"},{"@type":"ListItem","position":2,"name":"Citeo Pro se positionne sur la REP Emballages industriels et commerciaux"}]},{"@type":"WebSite","@id":"https:\/\/www.emballagedigest.fr\/#website","url":"https:\/\/www.emballagedigest.fr\/","name":"Emballage Digest","description":"Revue professionnelle sur les emballages","publisher":{"@id":"https:\/\/www.emballagedigest.fr\/#organization"},"potentialAction":[{"@type":"SearchAction","target":{"@type":"EntryPoint","urlTemplate":"https:\/\/www.emballagedigest.fr\/?s={search_term_string}"},"query-input":{"@type":"PropertyValueSpecification","valueRequired":true,"valueName":"search_term_string"}}],"inLanguage":"en-GB"},{"@type":"Organization","@id":"https:\/\/www.emballagedigest.fr\/#organization","name":"Emballage Digest","url":"https:\/\/www.emballagedigest.fr\/","logo":{"@type":"ImageObject","inLanguage":"en-GB","@id":"https:\/\/www.emballagedigest.fr\/#\/schema\/logo\/image\/","url":"https:\/\/www.emballagedigest.fr\/wp-content\/uploads\/2022\/07\/logo-ed.png","contentUrl":"https:\/\/www.emballagedigest.fr\/wp-content\/uploads\/2022\/07\/logo-ed.png","width":379,"height":75,"caption":"Emballage Digest"},"image":{"@id":"https:\/\/www.emballagedigest.fr\/#\/schema\/logo\/image\/"}},{"@type":"Person","@id":"https:\/\/www.emballagedigest.fr\/#\/schema\/person\/76abe9f2b2ee4d3d520594c7a35da59f","name":"Karine Duval","image":{"@type":"ImageObject","inLanguage":"en-GB","@id":"https:\/\/www.emballagedigest.fr\/#\/schema\/person\/image\/","url":"https:\/\/secure.gravatar.com\/avatar\/f552799261cdd2e076e6677d780ef07bdb13aa4c196ab75b39abcbcdcae2d4e5?s=96&d=mm&r=g","contentUrl":"https:\/\/secure.gravatar.com\/avatar\/f552799261cdd2e076e6677d780ef07bdb13aa4c196ab75b39abcbcdcae2d4e5?s=96&d=mm&r=g","caption":"Karine Duval"},"url":"https:\/\/www.emballagedigest.fr\/en\/author\/admin_karduv\/"}]}},"_links":{"self":[{"href":"https:\/\/www.emballagedigest.fr\/en\/wp-json\/wp\/v2\/posts\/42354","targetHints":{"allow":["GET"]}}],"collection":[{"href":"https:\/\/www.emballagedigest.fr\/en\/wp-json\/wp\/v2\/posts"}],"about":[{"href":"https:\/\/www.emballagedigest.fr\/en\/wp-json\/wp\/v2\/types\/post"}],"author":[{"embeddable":true,"href":"https:\/\/www.emballagedigest.fr\/en\/wp-json\/wp\/v2\/users\/2"}],"replies":[{"embeddable":true,"href":"https:\/\/www.emballagedigest.fr\/en\/wp-json\/wp\/v2\/comments?post=42354"}],"version-history":[{"count":2,"href":"https:\/\/www.emballagedigest.fr\/en\/wp-json\/wp\/v2\/posts\/42354\/revisions"}],"predecessor-version":[{"id":42364,"href":"https:\/\/www.emballagedigest.fr\/en\/wp-json\/wp\/v2\/posts\/42354\/revisions\/42364"}],"wp:featuredmedia":[{"embeddable":true,"href":"https:\/\/www.emballagedigest.fr\/en\/wp-json\/wp\/v2\/media\/42355"}],"wp:attachment":[{"href":"https:\/\/www.emballagedigest.fr\/en\/wp-json\/wp\/v2\/media?parent=42354"}],"wp:term":[{"taxonomy":"category","embeddable":true,"href":"https:\/\/www.emballagedigest.fr\/en\/wp-json\/wp\/v2\/categories?post=42354"},{"taxonomy":"post_tag","embeddable":true,"href":"https:\/\/www.emballagedigest.fr\/en\/wp-json\/wp\/v2\/tags?post=42354"}],"curies":[{"name":"wp","href":"https:\/\/api.w.org\/{rel}","templated":true}]}}