{"id":42368,"date":"2024-10-22T00:14:33","date_gmt":"2024-10-21T22:14:33","guid":{"rendered":"https:\/\/www.emballagedigest.fr\/?p=42368"},"modified":"2024-10-23T01:31:03","modified_gmt":"2024-10-22T23:31:03","slug":"elliott-lance-de-nouveaux-buvards-a-fruits-compostables","status":"publish","type":"post","link":"https:\/\/www.emballagedigest.fr\/en\/elliott-lance-de-nouveaux-buvards-a-fruits-compostables\/","title":{"rendered":"Elliott lance de nouveaux buvards \u00e0 fruits compostables"},"content":{"rendered":"<p><strong>La soci\u00e9t\u00e9 Elliott Absorbent Products lance son buvard \u00e0 fruits innovant \u00ab\u00a0ECHO\u00a0\u00bb, qui non seulement prolonge la dur\u00e9e de conservation des fruits et baies jusqu\u2019\u00e0 12\u00a0heures mais peut \u00e9galement \u00eatre recycl\u00e9 et compost\u00e9 par le consommateur. La solution arrive sur le march\u00e9 avec l\u2019ambition d\u2019aider les producteurs de baies et leurs clients \u00e0 r\u00e9duire leurs d\u00e9chets alimentaires et leurs \u00e9missions de carbone.<\/strong><\/p>\n\n\n\n<p>Enti\u00e8rement sans plastique, les nouveaux buvards ECHO int\u00e8grent la technologie de deuxi\u00e8me r\u00e9colte de la soci\u00e9t\u00e9 Tensei. Ils sont fabriqu\u00e9s \u00e0 partir de r\u00e9sidus de culture de type paille durables, dont notamment des graines, des peaux et des plantes \u00e0 fibres apr\u00e8s traitement, combin\u00e9s \u00e0 des gramin\u00e9es vivaces et des plantes \u00e0 fibres annuelles.&nbsp; Chaque ann\u00e9e, rien qu\u2019au Royaume-Uni, plus de 5,3&nbsp;milliards de buvards \u00e0 fruits atterrissent dans les d\u00e9charges, autrement dit suffisamment de d\u00e9chets pour couvrir pr\u00e8s d\u2019un demi-million de terrains de tennis. &nbsp;<\/p>\n\n\n\n<p>\u00ab&nbsp;Les nouveaux buvards offrent une belle opportunit\u00e9 aux producteurs de baie. En plus de prolonger la dur\u00e9e de conservation de leurs produits, ils contribuent \u00e0 r\u00e9duire les d\u00e9chets alimentaires et d\u2019emballage. En adoptant ECHO et en exploitant les r\u00e9sidus de culture, nous sommes \u00e0 m\u00eame de remplacer 1280&nbsp;tonnes de plastique ou fibres d\u2019arbres par an&nbsp;\u00bb, commente Matt Hankins, directeur de la soci\u00e9t\u00e9 Elliott Absorbent Products.<\/p>\n\n\n\n<p>Les buvards pr\u00e9sentent une surface gaufr\u00e9e qui sert de \u00ab&nbsp;coussin&nbsp;\u00bb pour le fruit de sorte qu\u2019il ne s\u2019abime pas, permettant ainsi de r\u00e9duire les pertes et les d\u00e9chets de produits, selon trois tests ind\u00e9pendants men\u00e9s avec des agences et producteurs sp\u00e9cialis\u00e9s dans les fruits. Avec une surface con\u00e7ue pour absorber 100&nbsp;% des gouttelettes d\u2019eau responsables des moisissures, les buvards retiennent environ 500&nbsp;ml d\u2019eau distill\u00e9e par m\u00e8tre carr\u00e9 sans n\u00e9cessiter de perforations.<\/p>\n\n\n\n<p>Le produit ECHO est disponible en buvards et en rouleaux de couleur noir-bleu, facilitant ainsi leur reconnaissance lors du recyclage par d\u00e9tection infrarouge. Rembourr\u00e9s, les buvards et rouleaux sont en pure cellulose, pour une qualit\u00e9 z\u00e9ro plastique garantie. Certifi\u00e9s conformes \u00e0 la norme UE UNI&nbsp;11743:2019, ils sont approuv\u00e9s par le CPI et accept\u00e9s dans les syst\u00e8mes de recyclage au Royaume-Uni.<\/p>\n\n\n\n<p>Par ailleurs, les buvards ECHO permettent de r\u00e9pondre \u00e0 la probl\u00e9matique des d\u00e9chets d\u2019emballage en plus d\u2019aider \u00e0 la pr\u00e9vention des d\u00e9chets alimentaires. En effet, selon un rapport du DEFRA datant de 2018, 24&nbsp;% des ballots de paille, soit 2,87&nbsp;millions de tonnes, finissent en d\u00e9chets de culture non exploit\u00e9s. Environ 6,4&nbsp;millions de tonnes de denr\u00e9es alimentaires consommables sont jet\u00e9es chaque ann\u00e9e par la population britannique. Or, les d\u00e9chets alimentaires sont responsables d\u2019au moins 8&nbsp;% des \u00e9missions de gaz \u00e0 effet de serre dans le monde.<\/p>","protected":false},"excerpt":{"rendered":"<p>La soci\u00e9t\u00e9 Elliott Absorbent Products lance son buvard \u00e0 fruits innovant \u00ab\u00a0ECHO\u00a0\u00bb, qui non seulement prolonge la dur\u00e9e de conservation des fruits et baies jusqu\u2019\u00e0 12\u00a0heures mais peut \u00e9galement \u00eatre recycl\u00e9 et compost\u00e9 par le consommateur. La solution arrive sur le march\u00e9 avec l\u2019ambition d\u2019aider les producteurs de baies et leurs clients \u00e0 r\u00e9duire leurs [&hellip;]<\/p>","protected":false},"author":2,"featured_media":42369,"comment_status":"closed","ping_status":"closed","sticky":false,"template":"","format":"standard","meta":{"_acf_changed":false,"inline_featured_image":false,"iawp_total_views":1,"footnotes":""},"categories":[5,28,81],"tags":[],"class_list":["post-42368","post","type-post","status-publish","format-standard","has-post-thumbnail","hentry","category-alimentaire","category-article-entier","category-packaging"],"acf":[],"yoast_head":"<!-- This site is optimized with the Yoast SEO plugin v24.4 - https:\/\/yoast.com\/wordpress\/plugins\/seo\/ -->\n<title>Elliott lance de nouveaux buvards \u00e0 fruits compostables - Emballage Digest<\/title>\n<meta name=\"robots\" content=\"index, follow, max-snippet:-1, max-image-preview:large, max-video-preview:-1\" \/>\n<link rel=\"canonical\" href=\"https:\/\/www.emballagedigest.fr\/en\/elliott-lance-de-nouveaux-buvards-a-fruits-compostables\/\" \/>\n<meta property=\"og:locale\" content=\"en_GB\" \/>\n<meta property=\"og:type\" content=\"article\" \/>\n<meta property=\"og:title\" content=\"Elliott lance de nouveaux buvards \u00e0 fruits compostables - Emballage Digest\" \/>\n<meta property=\"og:description\" content=\"La soci\u00e9t\u00e9 Elliott Absorbent Products lance son buvard \u00e0 fruits innovant \u00ab\u00a0ECHO\u00a0\u00bb, qui non seulement prolonge la dur\u00e9e de conservation des fruits et baies jusqu\u2019\u00e0 12\u00a0heures mais peut \u00e9galement \u00eatre recycl\u00e9 et compost\u00e9 par le consommateur. La solution arrive sur le march\u00e9 avec l\u2019ambition d\u2019aider les producteurs de baies et leurs clients \u00e0 r\u00e9duire leurs [&hellip;]\" \/>\n<meta property=\"og:url\" content=\"https:\/\/www.emballagedigest.fr\/en\/elliott-lance-de-nouveaux-buvards-a-fruits-compostables\/\" \/>\n<meta property=\"og:site_name\" content=\"Emballage Digest\" \/>\n<meta property=\"article:published_time\" content=\"2024-10-21T22:14:33+00:00\" \/>\n<meta property=\"article:modified_time\" content=\"2024-10-22T23:31:03+00:00\" \/>\n<meta property=\"og:image\" content=\"https:\/\/www.emballagedigest.fr\/wp-content\/uploads\/2024\/10\/ELLIOTT.jpg\" \/>\n\t<meta property=\"og:image:width\" content=\"800\" \/>\n\t<meta property=\"og:image:height\" content=\"446\" \/>\n\t<meta property=\"og:image:type\" content=\"image\/jpeg\" \/>\n<meta name=\"author\" content=\"Karine Duval\" \/>\n<meta name=\"twitter:card\" content=\"summary_large_image\" \/>\n<meta name=\"twitter:label1\" content=\"Written by\" \/>\n\t<meta name=\"twitter:data1\" content=\"Karine Duval\" \/>\n\t<meta name=\"twitter:label2\" content=\"Estimated reading time\" \/>\n\t<meta name=\"twitter:data2\" content=\"3 minutes\" \/>\n<script type=\"application\/ld+json\" class=\"yoast-schema-graph\">{\"@context\":\"https:\/\/schema.org\",\"@graph\":[{\"@type\":\"Article\",\"@id\":\"https:\/\/www.emballagedigest.fr\/elliott-lance-de-nouveaux-buvards-a-fruits-compostables\/#article\",\"isPartOf\":{\"@id\":\"https:\/\/www.emballagedigest.fr\/elliott-lance-de-nouveaux-buvards-a-fruits-compostables\/\"},\"author\":{\"name\":\"Karine Duval\",\"@id\":\"https:\/\/www.emballagedigest.fr\/#\/schema\/person\/76abe9f2b2ee4d3d520594c7a35da59f\"},\"headline\":\"Elliott lance de nouveaux buvards \u00e0 fruits compostables\",\"datePublished\":\"2024-10-21T22:14:33+00:00\",\"dateModified\":\"2024-10-22T23:31:03+00:00\",\"mainEntityOfPage\":{\"@id\":\"https:\/\/www.emballagedigest.fr\/elliott-lance-de-nouveaux-buvards-a-fruits-compostables\/\"},\"wordCount\":499,\"publisher\":{\"@id\":\"https:\/\/www.emballagedigest.fr\/#organization\"},\"image\":{\"@id\":\"https:\/\/www.emballagedigest.fr\/elliott-lance-de-nouveaux-buvards-a-fruits-compostables\/#primaryimage\"},\"thumbnailUrl\":\"https:\/\/www.emballagedigest.fr\/wp-content\/uploads\/2024\/10\/ELLIOTT.jpg\",\"articleSection\":[\"Alimentaire\",\"Article entier\",\"Packaging\"],\"inLanguage\":\"en-GB\"},{\"@type\":\"WebPage\",\"@id\":\"https:\/\/www.emballagedigest.fr\/elliott-lance-de-nouveaux-buvards-a-fruits-compostables\/\",\"url\":\"https:\/\/www.emballagedigest.fr\/elliott-lance-de-nouveaux-buvards-a-fruits-compostables\/\",\"name\":\"Elliott lance de nouveaux buvards \u00e0 fruits compostables - Emballage Digest\",\"isPartOf\":{\"@id\":\"https:\/\/www.emballagedigest.fr\/#website\"},\"primaryImageOfPage\":{\"@id\":\"https:\/\/www.emballagedigest.fr\/elliott-lance-de-nouveaux-buvards-a-fruits-compostables\/#primaryimage\"},\"image\":{\"@id\":\"https:\/\/www.emballagedigest.fr\/elliott-lance-de-nouveaux-buvards-a-fruits-compostables\/#primaryimage\"},\"thumbnailUrl\":\"https:\/\/www.emballagedigest.fr\/wp-content\/uploads\/2024\/10\/ELLIOTT.jpg\",\"datePublished\":\"2024-10-21T22:14:33+00:00\",\"dateModified\":\"2024-10-22T23:31:03+00:00\",\"breadcrumb\":{\"@id\":\"https:\/\/www.emballagedigest.fr\/elliott-lance-de-nouveaux-buvards-a-fruits-compostables\/#breadcrumb\"},\"inLanguage\":\"en-GB\",\"potentialAction\":[{\"@type\":\"ReadAction\",\"target\":[\"https:\/\/www.emballagedigest.fr\/elliott-lance-de-nouveaux-buvards-a-fruits-compostables\/\"]}]},{\"@type\":\"ImageObject\",\"inLanguage\":\"en-GB\",\"@id\":\"https:\/\/www.emballagedigest.fr\/elliott-lance-de-nouveaux-buvards-a-fruits-compostables\/#primaryimage\",\"url\":\"https:\/\/www.emballagedigest.fr\/wp-content\/uploads\/2024\/10\/ELLIOTT.jpg\",\"contentUrl\":\"https:\/\/www.emballagedigest.fr\/wp-content\/uploads\/2024\/10\/ELLIOTT.jpg\",\"width\":800,\"height\":446},{\"@type\":\"BreadcrumbList\",\"@id\":\"https:\/\/www.emballagedigest.fr\/elliott-lance-de-nouveaux-buvards-a-fruits-compostables\/#breadcrumb\",\"itemListElement\":[{\"@type\":\"ListItem\",\"position\":1,\"name\":\"Accueil\",\"item\":\"https:\/\/www.emballagedigest.fr\/\"},{\"@type\":\"ListItem\",\"position\":2,\"name\":\"Elliott lance de nouveaux buvards \u00e0 fruits compostables\"}]},{\"@type\":\"WebSite\",\"@id\":\"https:\/\/www.emballagedigest.fr\/#website\",\"url\":\"https:\/\/www.emballagedigest.fr\/\",\"name\":\"Emballage Digest\",\"description\":\"Revue professionnelle sur les emballages\",\"publisher\":{\"@id\":\"https:\/\/www.emballagedigest.fr\/#organization\"},\"potentialAction\":[{\"@type\":\"SearchAction\",\"target\":{\"@type\":\"EntryPoint\",\"urlTemplate\":\"https:\/\/www.emballagedigest.fr\/?s={search_term_string}\"},\"query-input\":{\"@type\":\"PropertyValueSpecification\",\"valueRequired\":true,\"valueName\":\"search_term_string\"}}],\"inLanguage\":\"en-GB\"},{\"@type\":\"Organization\",\"@id\":\"https:\/\/www.emballagedigest.fr\/#organization\",\"name\":\"Emballage Digest\",\"url\":\"https:\/\/www.emballagedigest.fr\/\",\"logo\":{\"@type\":\"ImageObject\",\"inLanguage\":\"en-GB\",\"@id\":\"https:\/\/www.emballagedigest.fr\/#\/schema\/logo\/image\/\",\"url\":\"https:\/\/www.emballagedigest.fr\/wp-content\/uploads\/2022\/07\/logo-ed.png\",\"contentUrl\":\"https:\/\/www.emballagedigest.fr\/wp-content\/uploads\/2022\/07\/logo-ed.png\",\"width\":379,\"height\":75,\"caption\":\"Emballage Digest\"},\"image\":{\"@id\":\"https:\/\/www.emballagedigest.fr\/#\/schema\/logo\/image\/\"}},{\"@type\":\"Person\",\"@id\":\"https:\/\/www.emballagedigest.fr\/#\/schema\/person\/76abe9f2b2ee4d3d520594c7a35da59f\",\"name\":\"Karine Duval\",\"image\":{\"@type\":\"ImageObject\",\"inLanguage\":\"en-GB\",\"@id\":\"https:\/\/www.emballagedigest.fr\/#\/schema\/person\/image\/\",\"url\":\"https:\/\/secure.gravatar.com\/avatar\/f552799261cdd2e076e6677d780ef07bdb13aa4c196ab75b39abcbcdcae2d4e5?s=96&d=mm&r=g\",\"contentUrl\":\"https:\/\/secure.gravatar.com\/avatar\/f552799261cdd2e076e6677d780ef07bdb13aa4c196ab75b39abcbcdcae2d4e5?s=96&d=mm&r=g\",\"caption\":\"Karine Duval\"},\"url\":\"https:\/\/www.emballagedigest.fr\/en\/author\/admin_karduv\/\"}]}<\/script>\n<!-- \/ Yoast SEO plugin. -->","yoast_head_json":{"title":"Elliott lance de nouveaux buvards \u00e0 fruits compostables - Emballage Digest","robots":{"index":"index","follow":"follow","max-snippet":"max-snippet:-1","max-image-preview":"max-image-preview:large","max-video-preview":"max-video-preview:-1"},"canonical":"https:\/\/www.emballagedigest.fr\/en\/elliott-lance-de-nouveaux-buvards-a-fruits-compostables\/","og_locale":"en_GB","og_type":"article","og_title":"Elliott lance de nouveaux buvards \u00e0 fruits compostables - Emballage Digest","og_description":"La soci\u00e9t\u00e9 Elliott Absorbent Products lance son buvard \u00e0 fruits innovant \u00ab\u00a0ECHO\u00a0\u00bb, qui non seulement prolonge la dur\u00e9e de conservation des fruits et baies jusqu\u2019\u00e0 12\u00a0heures mais peut \u00e9galement \u00eatre recycl\u00e9 et compost\u00e9 par le consommateur. La solution arrive sur le march\u00e9 avec l\u2019ambition d\u2019aider les producteurs de baies et leurs clients \u00e0 r\u00e9duire leurs [&hellip;]","og_url":"https:\/\/www.emballagedigest.fr\/en\/elliott-lance-de-nouveaux-buvards-a-fruits-compostables\/","og_site_name":"Emballage Digest","article_published_time":"2024-10-21T22:14:33+00:00","article_modified_time":"2024-10-22T23:31:03+00:00","og_image":[{"width":800,"height":446,"url":"https:\/\/www.emballagedigest.fr\/wp-content\/uploads\/2024\/10\/ELLIOTT.jpg","type":"image\/jpeg"}],"author":"Karine Duval","twitter_card":"summary_large_image","twitter_misc":{"Written by":"Karine Duval","Estimated reading time":"3 minutes"},"schema":{"@context":"https:\/\/schema.org","@graph":[{"@type":"Article","@id":"https:\/\/www.emballagedigest.fr\/elliott-lance-de-nouveaux-buvards-a-fruits-compostables\/#article","isPartOf":{"@id":"https:\/\/www.emballagedigest.fr\/elliott-lance-de-nouveaux-buvards-a-fruits-compostables\/"},"author":{"name":"Karine Duval","@id":"https:\/\/www.emballagedigest.fr\/#\/schema\/person\/76abe9f2b2ee4d3d520594c7a35da59f"},"headline":"Elliott lance de nouveaux buvards \u00e0 fruits compostables","datePublished":"2024-10-21T22:14:33+00:00","dateModified":"2024-10-22T23:31:03+00:00","mainEntityOfPage":{"@id":"https:\/\/www.emballagedigest.fr\/elliott-lance-de-nouveaux-buvards-a-fruits-compostables\/"},"wordCount":499,"publisher":{"@id":"https:\/\/www.emballagedigest.fr\/#organization"},"image":{"@id":"https:\/\/www.emballagedigest.fr\/elliott-lance-de-nouveaux-buvards-a-fruits-compostables\/#primaryimage"},"thumbnailUrl":"https:\/\/www.emballagedigest.fr\/wp-content\/uploads\/2024\/10\/ELLIOTT.jpg","articleSection":["Alimentaire","Article entier","Packaging"],"inLanguage":"en-GB"},{"@type":"WebPage","@id":"https:\/\/www.emballagedigest.fr\/elliott-lance-de-nouveaux-buvards-a-fruits-compostables\/","url":"https:\/\/www.emballagedigest.fr\/elliott-lance-de-nouveaux-buvards-a-fruits-compostables\/","name":"Elliott lance de nouveaux buvards \u00e0 fruits compostables - Emballage Digest","isPartOf":{"@id":"https:\/\/www.emballagedigest.fr\/#website"},"primaryImageOfPage":{"@id":"https:\/\/www.emballagedigest.fr\/elliott-lance-de-nouveaux-buvards-a-fruits-compostables\/#primaryimage"},"image":{"@id":"https:\/\/www.emballagedigest.fr\/elliott-lance-de-nouveaux-buvards-a-fruits-compostables\/#primaryimage"},"thumbnailUrl":"https:\/\/www.emballagedigest.fr\/wp-content\/uploads\/2024\/10\/ELLIOTT.jpg","datePublished":"2024-10-21T22:14:33+00:00","dateModified":"2024-10-22T23:31:03+00:00","breadcrumb":{"@id":"https:\/\/www.emballagedigest.fr\/elliott-lance-de-nouveaux-buvards-a-fruits-compostables\/#breadcrumb"},"inLanguage":"en-GB","potentialAction":[{"@type":"ReadAction","target":["https:\/\/www.emballagedigest.fr\/elliott-lance-de-nouveaux-buvards-a-fruits-compostables\/"]}]},{"@type":"ImageObject","inLanguage":"en-GB","@id":"https:\/\/www.emballagedigest.fr\/elliott-lance-de-nouveaux-buvards-a-fruits-compostables\/#primaryimage","url":"https:\/\/www.emballagedigest.fr\/wp-content\/uploads\/2024\/10\/ELLIOTT.jpg","contentUrl":"https:\/\/www.emballagedigest.fr\/wp-content\/uploads\/2024\/10\/ELLIOTT.jpg","width":800,"height":446},{"@type":"BreadcrumbList","@id":"https:\/\/www.emballagedigest.fr\/elliott-lance-de-nouveaux-buvards-a-fruits-compostables\/#breadcrumb","itemListElement":[{"@type":"ListItem","position":1,"name":"Accueil","item":"https:\/\/www.emballagedigest.fr\/"},{"@type":"ListItem","position":2,"name":"Elliott lance de nouveaux buvards \u00e0 fruits compostables"}]},{"@type":"WebSite","@id":"https:\/\/www.emballagedigest.fr\/#website","url":"https:\/\/www.emballagedigest.fr\/","name":"Emballage Digest","description":"Revue professionnelle sur les emballages","publisher":{"@id":"https:\/\/www.emballagedigest.fr\/#organization"},"potentialAction":[{"@type":"SearchAction","target":{"@type":"EntryPoint","urlTemplate":"https:\/\/www.emballagedigest.fr\/?s={search_term_string}"},"query-input":{"@type":"PropertyValueSpecification","valueRequired":true,"valueName":"search_term_string"}}],"inLanguage":"en-GB"},{"@type":"Organization","@id":"https:\/\/www.emballagedigest.fr\/#organization","name":"Emballage Digest","url":"https:\/\/www.emballagedigest.fr\/","logo":{"@type":"ImageObject","inLanguage":"en-GB","@id":"https:\/\/www.emballagedigest.fr\/#\/schema\/logo\/image\/","url":"https:\/\/www.emballagedigest.fr\/wp-content\/uploads\/2022\/07\/logo-ed.png","contentUrl":"https:\/\/www.emballagedigest.fr\/wp-content\/uploads\/2022\/07\/logo-ed.png","width":379,"height":75,"caption":"Emballage Digest"},"image":{"@id":"https:\/\/www.emballagedigest.fr\/#\/schema\/logo\/image\/"}},{"@type":"Person","@id":"https:\/\/www.emballagedigest.fr\/#\/schema\/person\/76abe9f2b2ee4d3d520594c7a35da59f","name":"Karine Duval","image":{"@type":"ImageObject","inLanguage":"en-GB","@id":"https:\/\/www.emballagedigest.fr\/#\/schema\/person\/image\/","url":"https:\/\/secure.gravatar.com\/avatar\/f552799261cdd2e076e6677d780ef07bdb13aa4c196ab75b39abcbcdcae2d4e5?s=96&d=mm&r=g","contentUrl":"https:\/\/secure.gravatar.com\/avatar\/f552799261cdd2e076e6677d780ef07bdb13aa4c196ab75b39abcbcdcae2d4e5?s=96&d=mm&r=g","caption":"Karine Duval"},"url":"https:\/\/www.emballagedigest.fr\/en\/author\/admin_karduv\/"}]}},"_links":{"self":[{"href":"https:\/\/www.emballagedigest.fr\/en\/wp-json\/wp\/v2\/posts\/42368","targetHints":{"allow":["GET"]}}],"collection":[{"href":"https:\/\/www.emballagedigest.fr\/en\/wp-json\/wp\/v2\/posts"}],"about":[{"href":"https:\/\/www.emballagedigest.fr\/en\/wp-json\/wp\/v2\/types\/post"}],"author":[{"embeddable":true,"href":"https:\/\/www.emballagedigest.fr\/en\/wp-json\/wp\/v2\/users\/2"}],"replies":[{"embeddable":true,"href":"https:\/\/www.emballagedigest.fr\/en\/wp-json\/wp\/v2\/comments?post=42368"}],"version-history":[{"count":2,"href":"https:\/\/www.emballagedigest.fr\/en\/wp-json\/wp\/v2\/posts\/42368\/revisions"}],"predecessor-version":[{"id":42375,"href":"https:\/\/www.emballagedigest.fr\/en\/wp-json\/wp\/v2\/posts\/42368\/revisions\/42375"}],"wp:featuredmedia":[{"embeddable":true,"href":"https:\/\/www.emballagedigest.fr\/en\/wp-json\/wp\/v2\/media\/42369"}],"wp:attachment":[{"href":"https:\/\/www.emballagedigest.fr\/en\/wp-json\/wp\/v2\/media?parent=42368"}],"wp:term":[{"taxonomy":"category","embeddable":true,"href":"https:\/\/www.emballagedigest.fr\/en\/wp-json\/wp\/v2\/categories?post=42368"},{"taxonomy":"post_tag","embeddable":true,"href":"https:\/\/www.emballagedigest.fr\/en\/wp-json\/wp\/v2\/tags?post=42368"}],"curies":[{"name":"wp","href":"https:\/\/api.w.org\/{rel}","templated":true}]}}