{"id":42429,"date":"2024-10-29T12:01:14","date_gmt":"2024-10-29T11:01:14","guid":{"rendered":"https:\/\/www.emballagedigest.fr\/?p=42429"},"modified":"2024-12-05T09:12:06","modified_gmt":"2024-12-05T08:12:06","slug":"carton-ondule-dissipons-definitivement-les-doutes","status":"publish","type":"post","link":"https:\/\/www.emballagedigest.fr\/en\/carton-ondule-dissipons-definitivement-les-doutes\/","title":{"rendered":"Carton ondul\u00e9 : dissipons d\u00e9finitivement les doutes !"},"content":{"rendered":"<p><strong><em>Entretien avec Kareen Desbouis, D\u00e9l\u00e9gu\u00e9e g\u00e9n\u00e9rale de Carton Ondul\u00e9 de France.<\/em><\/strong><\/p>\n\n\n\n<p>Durable, performant et polyvalent, le carton ondul\u00e9 s\u2019est impos\u00e9 dans bien des secteurs comme une solution d\u2019emballage \u00e9vidente, notamment du fait de ses qualit\u00e9s techniques uniques. Il incarne, par nature, une approche vertueuse de la production et de la consommation, s\u2019inscrivant pleinement dans les principes de l\u2019\u00e9conomie circulaire. Et pourtant, il n\u2019en demeure pas moins confront\u00e9 \u00e0 de nombreuses id\u00e9es re\u00e7ues qui lui m\u00e8nent la vie dure&nbsp;comme le souligne Kareen Desbouis, d\u00e9l\u00e9gu\u00e9e g\u00e9n\u00e9rale de Carton Ondul\u00e9 de France. \u00abEffectivement,&nbsp;il s\u2019agit d\u2019un sujet r\u00e9current qui ne devrait pourtant pas en \u00eatre un. Il est donc de ma responsabilit\u00e9 et de celle de toute la fili\u00e8re d\u2019agir en faveur d\u2019une d\u00e9mystification\u00bb.<\/p>\n\n\n\n<figure class=\"wp-block-image size-full is-resized\"><img loading=\"lazy\" decoding=\"async\" src=\"https:\/\/www.emballagedigest.fr\/wp-content\/uploads\/2024\/10\/COF2.jpg\" alt=\"\" class=\"wp-image-42431\" width=\"826\" height=\"455\" srcset=\"https:\/\/www.emballagedigest.fr\/wp-content\/uploads\/2024\/10\/COF2.jpg 800w, https:\/\/www.emballagedigest.fr\/wp-content\/uploads\/2024\/10\/COF2-300x165.jpg 300w, https:\/\/www.emballagedigest.fr\/wp-content\/uploads\/2024\/10\/COF2-768x423.jpg 768w, https:\/\/www.emballagedigest.fr\/wp-content\/uploads\/2024\/10\/COF2-18x10.jpg 18w\" sizes=\"auto, (max-width: 826px) 100vw, 826px\" \/><\/figure>\n\n\n\n<p><strong>ED\u00a0: Selon l\u2019industrie, en Europe, le papier contiendrait pr\u00e8s de 80% de mat\u00e9riaux recycl\u00e9s. Aucun syst\u00e8me standardis\u00e9 de mesure n\u2019existe pourtant \u00e0 date et il semblerait qu\u2019en r\u00e9alit\u00e9 le chiffre soit bien au-dessous.<br>KD\u00a0: <\/strong>Attention, il est important de bien comprendre les informations communiqu\u00e9es par la profession. Les chiffres* ne font pas r\u00e9f\u00e9rence au pourcentage de mati\u00e8re recycl\u00e9e par emballage mais indiquent que les papiers sont fabri\u00adqu\u00e9s avec des approvisionnements issus, pour un certain pourcentage, du recyclage.<br>Pour ce qui est du cas pr\u00e9cis du papier utilis\u00e9 pour l\u2019ondul\u00e9, un des mat\u00e9riaux utilis\u00e9s pour les emballages papier-carton, il est important de noter qu\u2019en Europe, il est fabriqu\u00e9 \u00e0 93,1% avec des fibres recycl\u00e9es, le reste \u00e9tant des fibres vierges. Le papier pour ondul\u00e9 peut \u00eatre compos\u00e9 d\u2019une part variable de fibres recycl\u00e9es, comprises entre 0 et 100%, selon les caract\u00e9ristiques recherch\u00e9es.<\/p>\n\n\n\n<figure class=\"wp-block-image size-full\"><img loading=\"lazy\" decoding=\"async\" width=\"800\" height=\"350\" src=\"https:\/\/www.emballagedigest.fr\/wp-content\/uploads\/2024\/10\/COF3.jpg\" alt=\"\" class=\"wp-image-42432\" srcset=\"https:\/\/www.emballagedigest.fr\/wp-content\/uploads\/2024\/10\/COF3.jpg 800w, https:\/\/www.emballagedigest.fr\/wp-content\/uploads\/2024\/10\/COF3-300x131.jpg 300w, https:\/\/www.emballagedigest.fr\/wp-content\/uploads\/2024\/10\/COF3-768x336.jpg 768w, https:\/\/www.emballagedigest.fr\/wp-content\/uploads\/2024\/10\/COF3-18x8.jpg 18w\" sizes=\"auto, (max-width: 800px) 100vw, 800px\" \/><\/figure>\n\n\n\n<p><strong>ED\u00a0: Des produits chimiques sont-ils n\u00e9cessaires au recyclage du carton ondul\u00e9, notamment pour blanchir le papier\u00a0?<br>KD\u00a0: <\/strong>Pr\u00e9cisons avant tout que le recyclage est une action m\u00e9canique au cours de laquelle on ne blanchit pas le papier de l\u2019emballage. Quant \u00e0 l\u2019utilisation de produits chimiques lors du processus de fabrication du papier pour ondul\u00e9, elle est tout \u00e0 fait minime. Nous parlons ici d\u2019un 1 kilo par tonne de papier soit un ratio de 1 pour 1000.<\/p>\n\n\n\n<p><strong>ED\u00a0: 60 \u00e0 400 litres d\u2019eau seraient n\u00e9cessaires pour fabriquer 1 kilo de papier-carton. Qu\u2019en est-il r\u00e9ellement\u00a0?<br>KD\u00a0:<\/strong> C\u2019est une affirmation absolument fausse\u00a0! En effet, selon la base de donn\u00e9es ACV europ\u00e9enne**, il ne faut \u00e0 l\u2019heure actuelle que 1,64 litre d\u2019eau pour fabriquer 1 kilo de carton ondul\u00e9. Au cours des 30 derni\u00e8res ann\u00e9es, l\u2019industrie papeti\u00e8re a r\u00e9duit de plus de 50% la quantit\u00e9 d\u2019eau n\u00e9cessaire par tonne de papier.<br>D\u2019autre part, certes les papetiers pr\u00e9l\u00e8vent l\u2019eau dans le milieu naturel, mais apr\u00e8s utilisation et traitement, plus de 92% de cette eau y est r\u00e9inject\u00e9e selon les conditions fix\u00e9es par la r\u00e9glementation et apr\u00e8s de nom\u00adbreux contr\u00f4les. Les sites papetiers poursuivent, en outre, leurs investisse\u00adments et l\u2019optimisation de leurs proc\u00e9d\u00e9s pour s\u2019adapter aux effets du changement climatique responsable des varia\u00adtions saisonni\u00e8res de plus en plus marqu\u00e9es des ressources en eau.<\/p>\n\n\n\n<p><strong>ED\u00a0: Il semblerait que l\u2019on assiste \u00e0 une explosion des emballages papier-carton. Est-ce le cas ?<br>KD\u00a0: <\/strong>Bien \u00e9videmment, l\u2019essor du e-commerce et la substitution des emballages plastiques ont profit\u00e9, dans certains secteurs, aux emballages en papier-carton. C\u2019est le cas, notamment, du conditionnement de fruits et l\u00e9gumes pour des quantit\u00e9s inf\u00e9rieures \u00e0 1,5 kilo.<br>Les emballages industriels et commer\u00adciaux ont cependant \u00e9t\u00e9 tr\u00e8s peu impact\u00e9s. Quant aux emballages m\u00e9nagers, une augmentation de seulement 0,09 point en pourcentage de papier-carton a \u00e9t\u00e9 enregistr\u00e9e entre 2019 (derni\u00e8re ann\u00e9e avant l\u2019annonce de l\u2019interdiction des embal\u00adlages plastiques) et 2021.\u00a0<br>En synth\u00e8se,\u00a0il est important de ne pas c\u00e9der aux tentatives de manipulation et de d\u00e9sinformation et de placer nos \u00e9nergies utilement dans le d\u00e9veloppement de solutions \u00e0 faible impact environnemental comme peuvent l\u2019\u00eatre celles en carton ondul\u00e9, conclut Kareen Desbouis.<\/p>\n\n\n\n<p><em>*Source\u00a0: \u00a0Chiffres industrie papeti\u00e8re (statistiques CEPI) sur les approvisionnements.<br>**Source\u00a0: https:\/\/www.fefco.org\/lca<br>***Sources\u00a0: rapports Ademe \u00abValorisation des emballages en France\u00bb et rapports Citeo.<\/em><\/p>\n\n\n<div class=\"wp-block-image\">\n<figure class=\"alignleft size-full\"><img loading=\"lazy\" decoding=\"async\" width=\"800\" height=\"54\" src=\"https:\/\/www.emballagedigest.fr\/wp-content\/uploads\/2024\/10\/COF4.jpg\" alt=\"\" class=\"wp-image-42434\" srcset=\"https:\/\/www.emballagedigest.fr\/wp-content\/uploads\/2024\/10\/COF4.jpg 800w, https:\/\/www.emballagedigest.fr\/wp-content\/uploads\/2024\/10\/COF4-300x20.jpg 300w, https:\/\/www.emballagedigest.fr\/wp-content\/uploads\/2024\/10\/COF4-768x52.jpg 768w, https:\/\/www.emballagedigest.fr\/wp-content\/uploads\/2024\/10\/COF4-18x1.jpg 18w\" sizes=\"auto, (max-width: 800px) 100vw, 800px\" \/><figcaption><strong><a href=\"https:\/\/www.cartononduledefrance.org\/\" target=\"_blank\" rel=\"noreferrer noopener\">www.cartononduledefrance.org<\/a><\/strong><\/figcaption><\/figure>\n<\/div>","protected":false},"excerpt":{"rendered":"<p>Entretien avec Kareen Desbouis, D\u00e9l\u00e9gu\u00e9e g\u00e9n\u00e9rale de Carton Ondul\u00e9 de France. Durable, performant et polyvalent, le carton ondul\u00e9 s\u2019est impos\u00e9 dans bien des secteurs comme une solution d\u2019emballage \u00e9vidente, notamment du fait de ses qualit\u00e9s techniques uniques. Il incarne, par nature, une approche vertueuse de la production et de la consommation, s\u2019inscrivant pleinement dans les [&hellip;]<\/p>","protected":false},"author":2,"featured_media":42430,"comment_status":"closed","ping_status":"closed","sticky":false,"template":"","format":"standard","meta":{"_acf_changed":false,"inline_featured_image":false,"iawp_total_views":10,"footnotes":""},"categories":[28,10],"tags":[],"class_list":["post-42429","post","type-post","status-publish","format-standard","has-post-thumbnail","hentry","category-article-entier","category-materiaux"],"acf":[],"yoast_head":"<!-- This site is optimized with the Yoast SEO plugin v24.4 - https:\/\/yoast.com\/wordpress\/plugins\/seo\/ -->\n<title>Carton ondul\u00e9 : dissipons d\u00e9finitivement les doutes ! - Emballage Digest<\/title>\n<meta name=\"robots\" content=\"index, follow, max-snippet:-1, max-image-preview:large, max-video-preview:-1\" \/>\n<link rel=\"canonical\" href=\"https:\/\/www.emballagedigest.fr\/en\/carton-ondule-dissipons-definitivement-les-doutes\/\" \/>\n<meta property=\"og:locale\" content=\"en_GB\" \/>\n<meta property=\"og:type\" content=\"article\" \/>\n<meta property=\"og:title\" content=\"Carton ondul\u00e9 : dissipons d\u00e9finitivement les doutes ! - Emballage Digest\" \/>\n<meta property=\"og:description\" content=\"Entretien avec Kareen Desbouis, D\u00e9l\u00e9gu\u00e9e g\u00e9n\u00e9rale de Carton Ondul\u00e9 de France. Durable, performant et polyvalent, le carton ondul\u00e9 s\u2019est impos\u00e9 dans bien des secteurs comme une solution d\u2019emballage \u00e9vidente, notamment du fait de ses qualit\u00e9s techniques uniques. Il incarne, par nature, une approche vertueuse de la production et de la consommation, s\u2019inscrivant pleinement dans les [&hellip;]\" \/>\n<meta property=\"og:url\" content=\"https:\/\/www.emballagedigest.fr\/en\/carton-ondule-dissipons-definitivement-les-doutes\/\" \/>\n<meta property=\"og:site_name\" content=\"Emballage Digest\" \/>\n<meta property=\"article:published_time\" content=\"2024-10-29T11:01:14+00:00\" \/>\n<meta property=\"article:modified_time\" content=\"2024-12-05T08:12:06+00:00\" \/>\n<meta property=\"og:image\" content=\"https:\/\/www.emballagedigest.fr\/wp-content\/uploads\/2024\/10\/COF1.jpg\" \/>\n\t<meta property=\"og:image:width\" content=\"800\" \/>\n\t<meta property=\"og:image:height\" content=\"567\" \/>\n\t<meta property=\"og:image:type\" content=\"image\/jpeg\" \/>\n<meta name=\"author\" content=\"Karine Duval\" \/>\n<meta name=\"twitter:card\" content=\"summary_large_image\" \/>\n<meta name=\"twitter:label1\" content=\"Written by\" \/>\n\t<meta name=\"twitter:data1\" content=\"Karine Duval\" \/>\n\t<meta name=\"twitter:label2\" content=\"Estimated reading time\" \/>\n\t<meta name=\"twitter:data2\" content=\"4 minutes\" \/>\n<script type=\"application\/ld+json\" class=\"yoast-schema-graph\">{\"@context\":\"https:\/\/schema.org\",\"@graph\":[{\"@type\":\"Article\",\"@id\":\"https:\/\/www.emballagedigest.fr\/carton-ondule-dissipons-definitivement-les-doutes\/#article\",\"isPartOf\":{\"@id\":\"https:\/\/www.emballagedigest.fr\/carton-ondule-dissipons-definitivement-les-doutes\/\"},\"author\":{\"name\":\"Karine Duval\",\"@id\":\"https:\/\/www.emballagedigest.fr\/#\/schema\/person\/76abe9f2b2ee4d3d520594c7a35da59f\"},\"headline\":\"Carton ondul\u00e9 : dissipons d\u00e9finitivement les doutes !\",\"datePublished\":\"2024-10-29T11:01:14+00:00\",\"dateModified\":\"2024-12-05T08:12:06+00:00\",\"mainEntityOfPage\":{\"@id\":\"https:\/\/www.emballagedigest.fr\/carton-ondule-dissipons-definitivement-les-doutes\/\"},\"wordCount\":740,\"publisher\":{\"@id\":\"https:\/\/www.emballagedigest.fr\/#organization\"},\"image\":{\"@id\":\"https:\/\/www.emballagedigest.fr\/carton-ondule-dissipons-definitivement-les-doutes\/#primaryimage\"},\"thumbnailUrl\":\"https:\/\/www.emballagedigest.fr\/wp-content\/uploads\/2024\/10\/COF1.jpg\",\"articleSection\":[\"Article entier\",\"Mat\u00e9riaux\"],\"inLanguage\":\"en-GB\"},{\"@type\":\"WebPage\",\"@id\":\"https:\/\/www.emballagedigest.fr\/carton-ondule-dissipons-definitivement-les-doutes\/\",\"url\":\"https:\/\/www.emballagedigest.fr\/carton-ondule-dissipons-definitivement-les-doutes\/\",\"name\":\"Carton ondul\u00e9 : dissipons d\u00e9finitivement les doutes ! - Emballage Digest\",\"isPartOf\":{\"@id\":\"https:\/\/www.emballagedigest.fr\/#website\"},\"primaryImageOfPage\":{\"@id\":\"https:\/\/www.emballagedigest.fr\/carton-ondule-dissipons-definitivement-les-doutes\/#primaryimage\"},\"image\":{\"@id\":\"https:\/\/www.emballagedigest.fr\/carton-ondule-dissipons-definitivement-les-doutes\/#primaryimage\"},\"thumbnailUrl\":\"https:\/\/www.emballagedigest.fr\/wp-content\/uploads\/2024\/10\/COF1.jpg\",\"datePublished\":\"2024-10-29T11:01:14+00:00\",\"dateModified\":\"2024-12-05T08:12:06+00:00\",\"breadcrumb\":{\"@id\":\"https:\/\/www.emballagedigest.fr\/carton-ondule-dissipons-definitivement-les-doutes\/#breadcrumb\"},\"inLanguage\":\"en-GB\",\"potentialAction\":[{\"@type\":\"ReadAction\",\"target\":[\"https:\/\/www.emballagedigest.fr\/carton-ondule-dissipons-definitivement-les-doutes\/\"]}]},{\"@type\":\"ImageObject\",\"inLanguage\":\"en-GB\",\"@id\":\"https:\/\/www.emballagedigest.fr\/carton-ondule-dissipons-definitivement-les-doutes\/#primaryimage\",\"url\":\"https:\/\/www.emballagedigest.fr\/wp-content\/uploads\/2024\/10\/COF1.jpg\",\"contentUrl\":\"https:\/\/www.emballagedigest.fr\/wp-content\/uploads\/2024\/10\/COF1.jpg\",\"width\":800,\"height\":567},{\"@type\":\"BreadcrumbList\",\"@id\":\"https:\/\/www.emballagedigest.fr\/carton-ondule-dissipons-definitivement-les-doutes\/#breadcrumb\",\"itemListElement\":[{\"@type\":\"ListItem\",\"position\":1,\"name\":\"Accueil\",\"item\":\"https:\/\/www.emballagedigest.fr\/\"},{\"@type\":\"ListItem\",\"position\":2,\"name\":\"Carton ondul\u00e9 : dissipons d\u00e9finitivement les doutes !\"}]},{\"@type\":\"WebSite\",\"@id\":\"https:\/\/www.emballagedigest.fr\/#website\",\"url\":\"https:\/\/www.emballagedigest.fr\/\",\"name\":\"Emballage Digest\",\"description\":\"Revue professionnelle sur les emballages\",\"publisher\":{\"@id\":\"https:\/\/www.emballagedigest.fr\/#organization\"},\"potentialAction\":[{\"@type\":\"SearchAction\",\"target\":{\"@type\":\"EntryPoint\",\"urlTemplate\":\"https:\/\/www.emballagedigest.fr\/?s={search_term_string}\"},\"query-input\":{\"@type\":\"PropertyValueSpecification\",\"valueRequired\":true,\"valueName\":\"search_term_string\"}}],\"inLanguage\":\"en-GB\"},{\"@type\":\"Organization\",\"@id\":\"https:\/\/www.emballagedigest.fr\/#organization\",\"name\":\"Emballage Digest\",\"url\":\"https:\/\/www.emballagedigest.fr\/\",\"logo\":{\"@type\":\"ImageObject\",\"inLanguage\":\"en-GB\",\"@id\":\"https:\/\/www.emballagedigest.fr\/#\/schema\/logo\/image\/\",\"url\":\"https:\/\/www.emballagedigest.fr\/wp-content\/uploads\/2022\/07\/logo-ed.png\",\"contentUrl\":\"https:\/\/www.emballagedigest.fr\/wp-content\/uploads\/2022\/07\/logo-ed.png\",\"width\":379,\"height\":75,\"caption\":\"Emballage Digest\"},\"image\":{\"@id\":\"https:\/\/www.emballagedigest.fr\/#\/schema\/logo\/image\/\"}},{\"@type\":\"Person\",\"@id\":\"https:\/\/www.emballagedigest.fr\/#\/schema\/person\/76abe9f2b2ee4d3d520594c7a35da59f\",\"name\":\"Karine Duval\",\"image\":{\"@type\":\"ImageObject\",\"inLanguage\":\"en-GB\",\"@id\":\"https:\/\/www.emballagedigest.fr\/#\/schema\/person\/image\/\",\"url\":\"https:\/\/secure.gravatar.com\/avatar\/f552799261cdd2e076e6677d780ef07bdb13aa4c196ab75b39abcbcdcae2d4e5?s=96&d=mm&r=g\",\"contentUrl\":\"https:\/\/secure.gravatar.com\/avatar\/f552799261cdd2e076e6677d780ef07bdb13aa4c196ab75b39abcbcdcae2d4e5?s=96&d=mm&r=g\",\"caption\":\"Karine Duval\"},\"url\":\"https:\/\/www.emballagedigest.fr\/en\/author\/admin_karduv\/\"}]}<\/script>\n<!-- \/ Yoast SEO plugin. -->","yoast_head_json":{"title":"Carton ondul\u00e9 : dissipons d\u00e9finitivement les doutes ! - Emballage Digest","robots":{"index":"index","follow":"follow","max-snippet":"max-snippet:-1","max-image-preview":"max-image-preview:large","max-video-preview":"max-video-preview:-1"},"canonical":"https:\/\/www.emballagedigest.fr\/en\/carton-ondule-dissipons-definitivement-les-doutes\/","og_locale":"en_GB","og_type":"article","og_title":"Carton ondul\u00e9 : dissipons d\u00e9finitivement les doutes ! - Emballage Digest","og_description":"Entretien avec Kareen Desbouis, D\u00e9l\u00e9gu\u00e9e g\u00e9n\u00e9rale de Carton Ondul\u00e9 de France. Durable, performant et polyvalent, le carton ondul\u00e9 s\u2019est impos\u00e9 dans bien des secteurs comme une solution d\u2019emballage \u00e9vidente, notamment du fait de ses qualit\u00e9s techniques uniques. Il incarne, par nature, une approche vertueuse de la production et de la consommation, s\u2019inscrivant pleinement dans les [&hellip;]","og_url":"https:\/\/www.emballagedigest.fr\/en\/carton-ondule-dissipons-definitivement-les-doutes\/","og_site_name":"Emballage Digest","article_published_time":"2024-10-29T11:01:14+00:00","article_modified_time":"2024-12-05T08:12:06+00:00","og_image":[{"width":800,"height":567,"url":"https:\/\/www.emballagedigest.fr\/wp-content\/uploads\/2024\/10\/COF1.jpg","type":"image\/jpeg"}],"author":"Karine Duval","twitter_card":"summary_large_image","twitter_misc":{"Written by":"Karine Duval","Estimated reading time":"4 minutes"},"schema":{"@context":"https:\/\/schema.org","@graph":[{"@type":"Article","@id":"https:\/\/www.emballagedigest.fr\/carton-ondule-dissipons-definitivement-les-doutes\/#article","isPartOf":{"@id":"https:\/\/www.emballagedigest.fr\/carton-ondule-dissipons-definitivement-les-doutes\/"},"author":{"name":"Karine Duval","@id":"https:\/\/www.emballagedigest.fr\/#\/schema\/person\/76abe9f2b2ee4d3d520594c7a35da59f"},"headline":"Carton ondul\u00e9 : dissipons d\u00e9finitivement les doutes !","datePublished":"2024-10-29T11:01:14+00:00","dateModified":"2024-12-05T08:12:06+00:00","mainEntityOfPage":{"@id":"https:\/\/www.emballagedigest.fr\/carton-ondule-dissipons-definitivement-les-doutes\/"},"wordCount":740,"publisher":{"@id":"https:\/\/www.emballagedigest.fr\/#organization"},"image":{"@id":"https:\/\/www.emballagedigest.fr\/carton-ondule-dissipons-definitivement-les-doutes\/#primaryimage"},"thumbnailUrl":"https:\/\/www.emballagedigest.fr\/wp-content\/uploads\/2024\/10\/COF1.jpg","articleSection":["Article entier","Mat\u00e9riaux"],"inLanguage":"en-GB"},{"@type":"WebPage","@id":"https:\/\/www.emballagedigest.fr\/carton-ondule-dissipons-definitivement-les-doutes\/","url":"https:\/\/www.emballagedigest.fr\/carton-ondule-dissipons-definitivement-les-doutes\/","name":"Carton ondul\u00e9 : dissipons d\u00e9finitivement les doutes ! - Emballage Digest","isPartOf":{"@id":"https:\/\/www.emballagedigest.fr\/#website"},"primaryImageOfPage":{"@id":"https:\/\/www.emballagedigest.fr\/carton-ondule-dissipons-definitivement-les-doutes\/#primaryimage"},"image":{"@id":"https:\/\/www.emballagedigest.fr\/carton-ondule-dissipons-definitivement-les-doutes\/#primaryimage"},"thumbnailUrl":"https:\/\/www.emballagedigest.fr\/wp-content\/uploads\/2024\/10\/COF1.jpg","datePublished":"2024-10-29T11:01:14+00:00","dateModified":"2024-12-05T08:12:06+00:00","breadcrumb":{"@id":"https:\/\/www.emballagedigest.fr\/carton-ondule-dissipons-definitivement-les-doutes\/#breadcrumb"},"inLanguage":"en-GB","potentialAction":[{"@type":"ReadAction","target":["https:\/\/www.emballagedigest.fr\/carton-ondule-dissipons-definitivement-les-doutes\/"]}]},{"@type":"ImageObject","inLanguage":"en-GB","@id":"https:\/\/www.emballagedigest.fr\/carton-ondule-dissipons-definitivement-les-doutes\/#primaryimage","url":"https:\/\/www.emballagedigest.fr\/wp-content\/uploads\/2024\/10\/COF1.jpg","contentUrl":"https:\/\/www.emballagedigest.fr\/wp-content\/uploads\/2024\/10\/COF1.jpg","width":800,"height":567},{"@type":"BreadcrumbList","@id":"https:\/\/www.emballagedigest.fr\/carton-ondule-dissipons-definitivement-les-doutes\/#breadcrumb","itemListElement":[{"@type":"ListItem","position":1,"name":"Accueil","item":"https:\/\/www.emballagedigest.fr\/"},{"@type":"ListItem","position":2,"name":"Carton ondul\u00e9 : dissipons d\u00e9finitivement les doutes !"}]},{"@type":"WebSite","@id":"https:\/\/www.emballagedigest.fr\/#website","url":"https:\/\/www.emballagedigest.fr\/","name":"Emballage Digest","description":"Revue professionnelle sur les emballages","publisher":{"@id":"https:\/\/www.emballagedigest.fr\/#organization"},"potentialAction":[{"@type":"SearchAction","target":{"@type":"EntryPoint","urlTemplate":"https:\/\/www.emballagedigest.fr\/?s={search_term_string}"},"query-input":{"@type":"PropertyValueSpecification","valueRequired":true,"valueName":"search_term_string"}}],"inLanguage":"en-GB"},{"@type":"Organization","@id":"https:\/\/www.emballagedigest.fr\/#organization","name":"Emballage Digest","url":"https:\/\/www.emballagedigest.fr\/","logo":{"@type":"ImageObject","inLanguage":"en-GB","@id":"https:\/\/www.emballagedigest.fr\/#\/schema\/logo\/image\/","url":"https:\/\/www.emballagedigest.fr\/wp-content\/uploads\/2022\/07\/logo-ed.png","contentUrl":"https:\/\/www.emballagedigest.fr\/wp-content\/uploads\/2022\/07\/logo-ed.png","width":379,"height":75,"caption":"Emballage Digest"},"image":{"@id":"https:\/\/www.emballagedigest.fr\/#\/schema\/logo\/image\/"}},{"@type":"Person","@id":"https:\/\/www.emballagedigest.fr\/#\/schema\/person\/76abe9f2b2ee4d3d520594c7a35da59f","name":"Karine Duval","image":{"@type":"ImageObject","inLanguage":"en-GB","@id":"https:\/\/www.emballagedigest.fr\/#\/schema\/person\/image\/","url":"https:\/\/secure.gravatar.com\/avatar\/f552799261cdd2e076e6677d780ef07bdb13aa4c196ab75b39abcbcdcae2d4e5?s=96&d=mm&r=g","contentUrl":"https:\/\/secure.gravatar.com\/avatar\/f552799261cdd2e076e6677d780ef07bdb13aa4c196ab75b39abcbcdcae2d4e5?s=96&d=mm&r=g","caption":"Karine Duval"},"url":"https:\/\/www.emballagedigest.fr\/en\/author\/admin_karduv\/"}]}},"_links":{"self":[{"href":"https:\/\/www.emballagedigest.fr\/en\/wp-json\/wp\/v2\/posts\/42429","targetHints":{"allow":["GET"]}}],"collection":[{"href":"https:\/\/www.emballagedigest.fr\/en\/wp-json\/wp\/v2\/posts"}],"about":[{"href":"https:\/\/www.emballagedigest.fr\/en\/wp-json\/wp\/v2\/types\/post"}],"author":[{"embeddable":true,"href":"https:\/\/www.emballagedigest.fr\/en\/wp-json\/wp\/v2\/users\/2"}],"replies":[{"embeddable":true,"href":"https:\/\/www.emballagedigest.fr\/en\/wp-json\/wp\/v2\/comments?post=42429"}],"version-history":[{"count":2,"href":"https:\/\/www.emballagedigest.fr\/en\/wp-json\/wp\/v2\/posts\/42429\/revisions"}],"predecessor-version":[{"id":42436,"href":"https:\/\/www.emballagedigest.fr\/en\/wp-json\/wp\/v2\/posts\/42429\/revisions\/42436"}],"wp:featuredmedia":[{"embeddable":true,"href":"https:\/\/www.emballagedigest.fr\/en\/wp-json\/wp\/v2\/media\/42430"}],"wp:attachment":[{"href":"https:\/\/www.emballagedigest.fr\/en\/wp-json\/wp\/v2\/media?parent=42429"}],"wp:term":[{"taxonomy":"category","embeddable":true,"href":"https:\/\/www.emballagedigest.fr\/en\/wp-json\/wp\/v2\/categories?post=42429"},{"taxonomy":"post_tag","embeddable":true,"href":"https:\/\/www.emballagedigest.fr\/en\/wp-json\/wp\/v2\/tags?post=42429"}],"curies":[{"name":"wp","href":"https:\/\/api.w.org\/{rel}","templated":true}]}}