{"id":42468,"date":"2024-10-30T10:35:22","date_gmt":"2024-10-30T09:35:22","guid":{"rendered":"https:\/\/www.emballagedigest.fr\/?p=42468"},"modified":"2024-11-06T21:48:49","modified_gmt":"2024-11-06T20:48:49","slug":"barcodis-inaugure-ses-nouveaux-locaux-dans-lessonne","status":"publish","type":"post","link":"https:\/\/www.emballagedigest.fr\/en\/barcodis-inaugure-ses-nouveaux-locaux-dans-lessonne\/","title":{"rendered":"Barcodis inaugure ses nouveaux locaux dans l\u2019Essonne"},"content":{"rendered":"<p><strong>A l\u2019occasion de l\u2019inauguration de ses nouveaux locaux \u00e0 Villebon-sur-Yvette en r\u00e9gion parisienne, le groupe Barcodis a invit\u00e9 plus de 300 clients et partenaires \u00e0 d\u00e9couvrir les lieux au travers d\u2019un \u00e9v\u00e9nement unique, le Barcodis Explorer. <\/strong><\/p>\n\n\n\n<p>Les invit\u00e9s \u00e9taient convi\u00e9s \u00e0 d\u00e9couvrir le lieu flambant neuf, les machines et logiciels de l\u2019entreprise ainsi que ses derni\u00e8res innovations et celles d\u2019E-Dentic, dont Barcodis a fait r\u00e9cemment l\u2019acquisition. Une visite des ateliers de production d\u2019\u00e9tiquettes ainsi qu\u2019un riche programme de conf\u00e9rences \u00e9taient \u00e9galement organis\u00e9s, ponctu\u00e9s par plusieurs ateliers avec les soci\u00e9t\u00e9s partenaires pr\u00e9sentes&nbsp;: Teklynx, Zebra, Honeywell, Sato, Datalogic, Epson, Armor Iimak et ERM. <\/p>\n\n\n\n<figure class=\"wp-block-image size-full is-resized\"><img loading=\"lazy\" decoding=\"async\" src=\"https:\/\/www.emballagedigest.fr\/wp-content\/uploads\/2024\/10\/barcodis2.jpg\" alt=\"\" class=\"wp-image-42470\" width=\"825\" height=\"504\" srcset=\"https:\/\/www.emballagedigest.fr\/wp-content\/uploads\/2024\/10\/barcodis2.jpg 800w, https:\/\/www.emballagedigest.fr\/wp-content\/uploads\/2024\/10\/barcodis2-300x183.jpg 300w, https:\/\/www.emballagedigest.fr\/wp-content\/uploads\/2024\/10\/barcodis2-768x469.jpg 768w, https:\/\/www.emballagedigest.fr\/wp-content\/uploads\/2024\/10\/barcodis2-18x12.jpg 18w\" sizes=\"auto, (max-width: 825px) 100vw, 825px\" \/><\/figure>\n\n\n\n<p>\u00abNous sommes fiers d\u2019accueillir clients, journalistes, partenaires, acteurs majeurs de l\u2019\u00e9cosyst\u00e8me tra\u00e7abilit\u00e9 &amp; identification automatique et membres de la french fab apr\u00e8s des mois de travaux de d\u00e9pollution du terrain, de r\u00e9habilitation des b\u00e2timents et de construction. Un investissement de 10 M\u20ac pour notre entreprise qui nous permet d\u2019accueillir nos \u00e9quipes dans des conditions optimales et un lieu convivial. Car nous avons pour ambition de faire de Barcodis une marque employeur attrayante\u00bb, explique Fabrice Coevoet, pr\u00e9sident du groupe Barcodis (photo ci-dessus). Les locaux, d\u2019une surface de 6800 m\u00b2, accueillent ainsi environ 100 salari\u00e9s et abritent les bureaux administratifs mais \u00e9galement une zone de stockage des pi\u00e8ces et un atelier de production et de montage des machines d\u2019impression\/pose d\u2019\u00e9tiquettes. Cet investissement est accompagn\u00e9 par le lancement d\u2019un nouveau site web et l\u2019int\u00e9gration de l\u2019ensemble des soci\u00e9t\u00e9s rachet\u00e9es ces cinq derni\u00e8res ann\u00e9es sous la marque ombrelle Barcodis. <\/p>\n\n\n\n<figure class=\"wp-block-image size-full is-resized\"><img loading=\"lazy\" decoding=\"async\" src=\"https:\/\/www.emballagedigest.fr\/wp-content\/uploads\/2024\/10\/barcodis3.jpg\" alt=\"\" class=\"wp-image-42471\" width=\"825\" height=\"559\" srcset=\"https:\/\/www.emballagedigest.fr\/wp-content\/uploads\/2024\/10\/barcodis3.jpg 800w, https:\/\/www.emballagedigest.fr\/wp-content\/uploads\/2024\/10\/barcodis3-300x203.jpg 300w, https:\/\/www.emballagedigest.fr\/wp-content\/uploads\/2024\/10\/barcodis3-768x520.jpg 768w, https:\/\/www.emballagedigest.fr\/wp-content\/uploads\/2024\/10\/barcodis3-18x12.jpg 18w\" sizes=\"auto, (max-width: 825px) 100vw, 825px\" \/><\/figure>\n\n\n\n<p>Toujours ouvert \u00e0 une strat\u00e9gie de croissance externe, le dirigeant confie avoir sur son bureau d\u2019autres dossiers de rachats \u00e0 l\u2019\u00e9tude. \u00abLes prochaines acquisitions auront pour ambition de renforcer notre pr\u00e9sence \u00e0 l\u2019export \u2013 tr\u00e8s certainement en Italie ou en Espagne \u2013 afin d\u2019offrir \u00e0 nos clients un support technique local. La notion de services sera notre fil de conducteur\u00bb, d\u00e9taille Fabrice Coevoet. En marge de l\u2019inauguration des locaux, l\u2019entreprise a d\u2019ailleurs d\u00e9voil\u00e9 en avant-premi\u00e8re le Barcodis Cloud Concepteur, une solution logicielle pour accompagner les clients dans la cr\u00e9ation et l\u2019impression d\u2019\u00e9tiquettes directement dans le web. Adapt\u00e9 aux franchis\u00e9s, retailers, petites structures avec impression diffuse ou aux sous-traitants de grands groupes, le service s\u2019appuie sur la technologie Teklynx et permet de s\u2019affranchir de plateforme en local, toutes les \u00e9tapes du process se faisant \u00e0 distance, en mode \u00abpublic web\u00bb avec acc\u00e8s users ou en mode priv\u00e9.<\/p>","protected":false},"excerpt":{"rendered":"<p>A l\u2019occasion de l\u2019inauguration de ses nouveaux locaux \u00e0 Villebon-sur-Yvette en r\u00e9gion parisienne, le groupe Barcodis a invit\u00e9 plus de 300 clients et partenaires \u00e0 d\u00e9couvrir les lieux au travers d\u2019un \u00e9v\u00e9nement unique, le Barcodis Explorer. Les invit\u00e9s \u00e9taient convi\u00e9s \u00e0 d\u00e9couvrir le lieu flambant neuf, les machines et logiciels de l\u2019entreprise ainsi que ses [&hellip;]<\/p>","protected":false},"author":2,"featured_media":42469,"comment_status":"closed","ping_status":"closed","sticky":false,"template":"","format":"standard","meta":{"_acf_changed":false,"inline_featured_image":false,"iawp_total_views":4,"footnotes":""},"categories":[28,26,35,9,65],"tags":[],"class_list":["post-42468","post","type-post","status-publish","format-standard","has-post-thumbnail","hentry","category-article-entier","category-laterale","category-machines-fr","category-materiel","category-vu-dans-le-mag"],"acf":[],"yoast_head":"<!-- This site is optimized with the Yoast SEO plugin v24.4 - https:\/\/yoast.com\/wordpress\/plugins\/seo\/ -->\n<title>Barcodis inaugure ses nouveaux locaux dans l\u2019Essonne - Emballage Digest<\/title>\n<meta name=\"robots\" content=\"index, follow, max-snippet:-1, max-image-preview:large, max-video-preview:-1\" \/>\n<link rel=\"canonical\" href=\"https:\/\/www.emballagedigest.fr\/en\/barcodis-inaugure-ses-nouveaux-locaux-dans-lessonne\/\" \/>\n<meta property=\"og:locale\" content=\"en_GB\" \/>\n<meta property=\"og:type\" content=\"article\" \/>\n<meta property=\"og:title\" content=\"Barcodis inaugure ses nouveaux locaux dans l\u2019Essonne - Emballage Digest\" \/>\n<meta property=\"og:description\" content=\"A l\u2019occasion de l\u2019inauguration de ses nouveaux locaux \u00e0 Villebon-sur-Yvette en r\u00e9gion parisienne, le groupe Barcodis a invit\u00e9 plus de 300 clients et partenaires \u00e0 d\u00e9couvrir les lieux au travers d\u2019un \u00e9v\u00e9nement unique, le Barcodis Explorer. Les invit\u00e9s \u00e9taient convi\u00e9s \u00e0 d\u00e9couvrir le lieu flambant neuf, les machines et logiciels de l\u2019entreprise ainsi que ses [&hellip;]\" \/>\n<meta property=\"og:url\" content=\"https:\/\/www.emballagedigest.fr\/en\/barcodis-inaugure-ses-nouveaux-locaux-dans-lessonne\/\" \/>\n<meta property=\"og:site_name\" content=\"Emballage Digest\" \/>\n<meta property=\"article:published_time\" content=\"2024-10-30T09:35:22+00:00\" \/>\n<meta property=\"article:modified_time\" content=\"2024-11-06T20:48:49+00:00\" \/>\n<meta property=\"og:image\" content=\"https:\/\/www.emballagedigest.fr\/wp-content\/uploads\/2024\/10\/barcodis1.jpg\" \/>\n\t<meta property=\"og:image:width\" content=\"800\" \/>\n\t<meta property=\"og:image:height\" content=\"542\" \/>\n\t<meta property=\"og:image:type\" content=\"image\/jpeg\" \/>\n<meta name=\"author\" content=\"Karine Duval\" \/>\n<meta name=\"twitter:card\" content=\"summary_large_image\" \/>\n<meta name=\"twitter:label1\" content=\"Written by\" \/>\n\t<meta name=\"twitter:data1\" content=\"Karine Duval\" \/>\n\t<meta name=\"twitter:label2\" content=\"Estimated reading time\" \/>\n\t<meta name=\"twitter:data2\" content=\"3 minutes\" \/>\n<script type=\"application\/ld+json\" class=\"yoast-schema-graph\">{\"@context\":\"https:\/\/schema.org\",\"@graph\":[{\"@type\":\"Article\",\"@id\":\"https:\/\/www.emballagedigest.fr\/barcodis-inaugure-ses-nouveaux-locaux-dans-lessonne\/#article\",\"isPartOf\":{\"@id\":\"https:\/\/www.emballagedigest.fr\/barcodis-inaugure-ses-nouveaux-locaux-dans-lessonne\/\"},\"author\":{\"name\":\"Karine Duval\",\"@id\":\"https:\/\/www.emballagedigest.fr\/#\/schema\/person\/76abe9f2b2ee4d3d520594c7a35da59f\"},\"headline\":\"Barcodis inaugure ses nouveaux locaux dans l\u2019Essonne\",\"datePublished\":\"2024-10-30T09:35:22+00:00\",\"dateModified\":\"2024-11-06T20:48:49+00:00\",\"mainEntityOfPage\":{\"@id\":\"https:\/\/www.emballagedigest.fr\/barcodis-inaugure-ses-nouveaux-locaux-dans-lessonne\/\"},\"wordCount\":454,\"publisher\":{\"@id\":\"https:\/\/www.emballagedigest.fr\/#organization\"},\"image\":{\"@id\":\"https:\/\/www.emballagedigest.fr\/barcodis-inaugure-ses-nouveaux-locaux-dans-lessonne\/#primaryimage\"},\"thumbnailUrl\":\"https:\/\/www.emballagedigest.fr\/wp-content\/uploads\/2024\/10\/barcodis1.jpg\",\"articleSection\":[\"Article entier\",\"Barre lat\u00e9rale\",\"Machines\",\"Mat\u00e9riel\",\"Vu dans le mag\"],\"inLanguage\":\"en-GB\"},{\"@type\":\"WebPage\",\"@id\":\"https:\/\/www.emballagedigest.fr\/barcodis-inaugure-ses-nouveaux-locaux-dans-lessonne\/\",\"url\":\"https:\/\/www.emballagedigest.fr\/barcodis-inaugure-ses-nouveaux-locaux-dans-lessonne\/\",\"name\":\"Barcodis inaugure ses nouveaux locaux dans l\u2019Essonne - Emballage Digest\",\"isPartOf\":{\"@id\":\"https:\/\/www.emballagedigest.fr\/#website\"},\"primaryImageOfPage\":{\"@id\":\"https:\/\/www.emballagedigest.fr\/barcodis-inaugure-ses-nouveaux-locaux-dans-lessonne\/#primaryimage\"},\"image\":{\"@id\":\"https:\/\/www.emballagedigest.fr\/barcodis-inaugure-ses-nouveaux-locaux-dans-lessonne\/#primaryimage\"},\"thumbnailUrl\":\"https:\/\/www.emballagedigest.fr\/wp-content\/uploads\/2024\/10\/barcodis1.jpg\",\"datePublished\":\"2024-10-30T09:35:22+00:00\",\"dateModified\":\"2024-11-06T20:48:49+00:00\",\"breadcrumb\":{\"@id\":\"https:\/\/www.emballagedigest.fr\/barcodis-inaugure-ses-nouveaux-locaux-dans-lessonne\/#breadcrumb\"},\"inLanguage\":\"en-GB\",\"potentialAction\":[{\"@type\":\"ReadAction\",\"target\":[\"https:\/\/www.emballagedigest.fr\/barcodis-inaugure-ses-nouveaux-locaux-dans-lessonne\/\"]}]},{\"@type\":\"ImageObject\",\"inLanguage\":\"en-GB\",\"@id\":\"https:\/\/www.emballagedigest.fr\/barcodis-inaugure-ses-nouveaux-locaux-dans-lessonne\/#primaryimage\",\"url\":\"https:\/\/www.emballagedigest.fr\/wp-content\/uploads\/2024\/10\/barcodis1.jpg\",\"contentUrl\":\"https:\/\/www.emballagedigest.fr\/wp-content\/uploads\/2024\/10\/barcodis1.jpg\",\"width\":800,\"height\":542},{\"@type\":\"BreadcrumbList\",\"@id\":\"https:\/\/www.emballagedigest.fr\/barcodis-inaugure-ses-nouveaux-locaux-dans-lessonne\/#breadcrumb\",\"itemListElement\":[{\"@type\":\"ListItem\",\"position\":1,\"name\":\"Accueil\",\"item\":\"https:\/\/www.emballagedigest.fr\/\"},{\"@type\":\"ListItem\",\"position\":2,\"name\":\"Barcodis inaugure ses nouveaux locaux dans l\u2019Essonne\"}]},{\"@type\":\"WebSite\",\"@id\":\"https:\/\/www.emballagedigest.fr\/#website\",\"url\":\"https:\/\/www.emballagedigest.fr\/\",\"name\":\"Emballage Digest\",\"description\":\"Revue professionnelle sur les emballages\",\"publisher\":{\"@id\":\"https:\/\/www.emballagedigest.fr\/#organization\"},\"potentialAction\":[{\"@type\":\"SearchAction\",\"target\":{\"@type\":\"EntryPoint\",\"urlTemplate\":\"https:\/\/www.emballagedigest.fr\/?s={search_term_string}\"},\"query-input\":{\"@type\":\"PropertyValueSpecification\",\"valueRequired\":true,\"valueName\":\"search_term_string\"}}],\"inLanguage\":\"en-GB\"},{\"@type\":\"Organization\",\"@id\":\"https:\/\/www.emballagedigest.fr\/#organization\",\"name\":\"Emballage Digest\",\"url\":\"https:\/\/www.emballagedigest.fr\/\",\"logo\":{\"@type\":\"ImageObject\",\"inLanguage\":\"en-GB\",\"@id\":\"https:\/\/www.emballagedigest.fr\/#\/schema\/logo\/image\/\",\"url\":\"https:\/\/www.emballagedigest.fr\/wp-content\/uploads\/2022\/07\/logo-ed.png\",\"contentUrl\":\"https:\/\/www.emballagedigest.fr\/wp-content\/uploads\/2022\/07\/logo-ed.png\",\"width\":379,\"height\":75,\"caption\":\"Emballage Digest\"},\"image\":{\"@id\":\"https:\/\/www.emballagedigest.fr\/#\/schema\/logo\/image\/\"}},{\"@type\":\"Person\",\"@id\":\"https:\/\/www.emballagedigest.fr\/#\/schema\/person\/76abe9f2b2ee4d3d520594c7a35da59f\",\"name\":\"Karine Duval\",\"image\":{\"@type\":\"ImageObject\",\"inLanguage\":\"en-GB\",\"@id\":\"https:\/\/www.emballagedigest.fr\/#\/schema\/person\/image\/\",\"url\":\"https:\/\/secure.gravatar.com\/avatar\/f552799261cdd2e076e6677d780ef07bdb13aa4c196ab75b39abcbcdcae2d4e5?s=96&d=mm&r=g\",\"contentUrl\":\"https:\/\/secure.gravatar.com\/avatar\/f552799261cdd2e076e6677d780ef07bdb13aa4c196ab75b39abcbcdcae2d4e5?s=96&d=mm&r=g\",\"caption\":\"Karine Duval\"},\"url\":\"https:\/\/www.emballagedigest.fr\/en\/author\/admin_karduv\/\"}]}<\/script>\n<!-- \/ Yoast SEO plugin. -->","yoast_head_json":{"title":"Barcodis inaugure ses nouveaux locaux dans l\u2019Essonne - Emballage Digest","robots":{"index":"index","follow":"follow","max-snippet":"max-snippet:-1","max-image-preview":"max-image-preview:large","max-video-preview":"max-video-preview:-1"},"canonical":"https:\/\/www.emballagedigest.fr\/en\/barcodis-inaugure-ses-nouveaux-locaux-dans-lessonne\/","og_locale":"en_GB","og_type":"article","og_title":"Barcodis inaugure ses nouveaux locaux dans l\u2019Essonne - Emballage Digest","og_description":"A l\u2019occasion de l\u2019inauguration de ses nouveaux locaux \u00e0 Villebon-sur-Yvette en r\u00e9gion parisienne, le groupe Barcodis a invit\u00e9 plus de 300 clients et partenaires \u00e0 d\u00e9couvrir les lieux au travers d\u2019un \u00e9v\u00e9nement unique, le Barcodis Explorer. Les invit\u00e9s \u00e9taient convi\u00e9s \u00e0 d\u00e9couvrir le lieu flambant neuf, les machines et logiciels de l\u2019entreprise ainsi que ses [&hellip;]","og_url":"https:\/\/www.emballagedigest.fr\/en\/barcodis-inaugure-ses-nouveaux-locaux-dans-lessonne\/","og_site_name":"Emballage Digest","article_published_time":"2024-10-30T09:35:22+00:00","article_modified_time":"2024-11-06T20:48:49+00:00","og_image":[{"width":800,"height":542,"url":"https:\/\/www.emballagedigest.fr\/wp-content\/uploads\/2024\/10\/barcodis1.jpg","type":"image\/jpeg"}],"author":"Karine Duval","twitter_card":"summary_large_image","twitter_misc":{"Written by":"Karine Duval","Estimated reading time":"3 minutes"},"schema":{"@context":"https:\/\/schema.org","@graph":[{"@type":"Article","@id":"https:\/\/www.emballagedigest.fr\/barcodis-inaugure-ses-nouveaux-locaux-dans-lessonne\/#article","isPartOf":{"@id":"https:\/\/www.emballagedigest.fr\/barcodis-inaugure-ses-nouveaux-locaux-dans-lessonne\/"},"author":{"name":"Karine Duval","@id":"https:\/\/www.emballagedigest.fr\/#\/schema\/person\/76abe9f2b2ee4d3d520594c7a35da59f"},"headline":"Barcodis inaugure ses nouveaux locaux dans l\u2019Essonne","datePublished":"2024-10-30T09:35:22+00:00","dateModified":"2024-11-06T20:48:49+00:00","mainEntityOfPage":{"@id":"https:\/\/www.emballagedigest.fr\/barcodis-inaugure-ses-nouveaux-locaux-dans-lessonne\/"},"wordCount":454,"publisher":{"@id":"https:\/\/www.emballagedigest.fr\/#organization"},"image":{"@id":"https:\/\/www.emballagedigest.fr\/barcodis-inaugure-ses-nouveaux-locaux-dans-lessonne\/#primaryimage"},"thumbnailUrl":"https:\/\/www.emballagedigest.fr\/wp-content\/uploads\/2024\/10\/barcodis1.jpg","articleSection":["Article entier","Barre lat\u00e9rale","Machines","Mat\u00e9riel","Vu dans le mag"],"inLanguage":"en-GB"},{"@type":"WebPage","@id":"https:\/\/www.emballagedigest.fr\/barcodis-inaugure-ses-nouveaux-locaux-dans-lessonne\/","url":"https:\/\/www.emballagedigest.fr\/barcodis-inaugure-ses-nouveaux-locaux-dans-lessonne\/","name":"Barcodis inaugure ses nouveaux locaux dans l\u2019Essonne - Emballage Digest","isPartOf":{"@id":"https:\/\/www.emballagedigest.fr\/#website"},"primaryImageOfPage":{"@id":"https:\/\/www.emballagedigest.fr\/barcodis-inaugure-ses-nouveaux-locaux-dans-lessonne\/#primaryimage"},"image":{"@id":"https:\/\/www.emballagedigest.fr\/barcodis-inaugure-ses-nouveaux-locaux-dans-lessonne\/#primaryimage"},"thumbnailUrl":"https:\/\/www.emballagedigest.fr\/wp-content\/uploads\/2024\/10\/barcodis1.jpg","datePublished":"2024-10-30T09:35:22+00:00","dateModified":"2024-11-06T20:48:49+00:00","breadcrumb":{"@id":"https:\/\/www.emballagedigest.fr\/barcodis-inaugure-ses-nouveaux-locaux-dans-lessonne\/#breadcrumb"},"inLanguage":"en-GB","potentialAction":[{"@type":"ReadAction","target":["https:\/\/www.emballagedigest.fr\/barcodis-inaugure-ses-nouveaux-locaux-dans-lessonne\/"]}]},{"@type":"ImageObject","inLanguage":"en-GB","@id":"https:\/\/www.emballagedigest.fr\/barcodis-inaugure-ses-nouveaux-locaux-dans-lessonne\/#primaryimage","url":"https:\/\/www.emballagedigest.fr\/wp-content\/uploads\/2024\/10\/barcodis1.jpg","contentUrl":"https:\/\/www.emballagedigest.fr\/wp-content\/uploads\/2024\/10\/barcodis1.jpg","width":800,"height":542},{"@type":"BreadcrumbList","@id":"https:\/\/www.emballagedigest.fr\/barcodis-inaugure-ses-nouveaux-locaux-dans-lessonne\/#breadcrumb","itemListElement":[{"@type":"ListItem","position":1,"name":"Accueil","item":"https:\/\/www.emballagedigest.fr\/"},{"@type":"ListItem","position":2,"name":"Barcodis inaugure ses nouveaux locaux dans l\u2019Essonne"}]},{"@type":"WebSite","@id":"https:\/\/www.emballagedigest.fr\/#website","url":"https:\/\/www.emballagedigest.fr\/","name":"Emballage Digest","description":"Revue professionnelle sur les emballages","publisher":{"@id":"https:\/\/www.emballagedigest.fr\/#organization"},"potentialAction":[{"@type":"SearchAction","target":{"@type":"EntryPoint","urlTemplate":"https:\/\/www.emballagedigest.fr\/?s={search_term_string}"},"query-input":{"@type":"PropertyValueSpecification","valueRequired":true,"valueName":"search_term_string"}}],"inLanguage":"en-GB"},{"@type":"Organization","@id":"https:\/\/www.emballagedigest.fr\/#organization","name":"Emballage Digest","url":"https:\/\/www.emballagedigest.fr\/","logo":{"@type":"ImageObject","inLanguage":"en-GB","@id":"https:\/\/www.emballagedigest.fr\/#\/schema\/logo\/image\/","url":"https:\/\/www.emballagedigest.fr\/wp-content\/uploads\/2022\/07\/logo-ed.png","contentUrl":"https:\/\/www.emballagedigest.fr\/wp-content\/uploads\/2022\/07\/logo-ed.png","width":379,"height":75,"caption":"Emballage Digest"},"image":{"@id":"https:\/\/www.emballagedigest.fr\/#\/schema\/logo\/image\/"}},{"@type":"Person","@id":"https:\/\/www.emballagedigest.fr\/#\/schema\/person\/76abe9f2b2ee4d3d520594c7a35da59f","name":"Karine Duval","image":{"@type":"ImageObject","inLanguage":"en-GB","@id":"https:\/\/www.emballagedigest.fr\/#\/schema\/person\/image\/","url":"https:\/\/secure.gravatar.com\/avatar\/f552799261cdd2e076e6677d780ef07bdb13aa4c196ab75b39abcbcdcae2d4e5?s=96&d=mm&r=g","contentUrl":"https:\/\/secure.gravatar.com\/avatar\/f552799261cdd2e076e6677d780ef07bdb13aa4c196ab75b39abcbcdcae2d4e5?s=96&d=mm&r=g","caption":"Karine Duval"},"url":"https:\/\/www.emballagedigest.fr\/en\/author\/admin_karduv\/"}]}},"_links":{"self":[{"href":"https:\/\/www.emballagedigest.fr\/en\/wp-json\/wp\/v2\/posts\/42468","targetHints":{"allow":["GET"]}}],"collection":[{"href":"https:\/\/www.emballagedigest.fr\/en\/wp-json\/wp\/v2\/posts"}],"about":[{"href":"https:\/\/www.emballagedigest.fr\/en\/wp-json\/wp\/v2\/types\/post"}],"author":[{"embeddable":true,"href":"https:\/\/www.emballagedigest.fr\/en\/wp-json\/wp\/v2\/users\/2"}],"replies":[{"embeddable":true,"href":"https:\/\/www.emballagedigest.fr\/en\/wp-json\/wp\/v2\/comments?post=42468"}],"version-history":[{"count":2,"href":"https:\/\/www.emballagedigest.fr\/en\/wp-json\/wp\/v2\/posts\/42468\/revisions"}],"predecessor-version":[{"id":42582,"href":"https:\/\/www.emballagedigest.fr\/en\/wp-json\/wp\/v2\/posts\/42468\/revisions\/42582"}],"wp:featuredmedia":[{"embeddable":true,"href":"https:\/\/www.emballagedigest.fr\/en\/wp-json\/wp\/v2\/media\/42469"}],"wp:attachment":[{"href":"https:\/\/www.emballagedigest.fr\/en\/wp-json\/wp\/v2\/media?parent=42468"}],"wp:term":[{"taxonomy":"category","embeddable":true,"href":"https:\/\/www.emballagedigest.fr\/en\/wp-json\/wp\/v2\/categories?post=42468"},{"taxonomy":"post_tag","embeddable":true,"href":"https:\/\/www.emballagedigest.fr\/en\/wp-json\/wp\/v2\/tags?post=42468"}],"curies":[{"name":"wp","href":"https:\/\/api.w.org\/{rel}","templated":true}]}}