{"id":42480,"date":"2024-10-30T10:44:19","date_gmt":"2024-10-30T09:44:19","guid":{"rendered":"https:\/\/www.emballagedigest.fr\/?p=42480"},"modified":"2024-10-31T00:12:44","modified_gmt":"2024-10-30T23:12:44","slug":"fujifilm-organise-la-collecte-et-lereconditionnement-de-ses-cartouches","status":"publish","type":"post","link":"https:\/\/www.emballagedigest.fr\/en\/fujifilm-organise-la-collecte-et-lereconditionnement-de-ses-cartouches\/","title":{"rendered":"Fujifilm organise la collecte et le reconditionnement de ses cartouches"},"content":{"rendered":"<p><strong>Fujifilm annonce la cr\u00e9ation du Circular Manufacturing Center au sein de Fujifilm Manufacturing Europe B.V., aux Pays-Bas, afin de promouvoir la circulation des ressources en Europe. <\/strong><\/p>\n\n\n\n<p>Dans un premier temps, le nouveau centre collectera les cartouches de toner usag\u00e9es des imprimantes vendues en Europe. Ces cartouches de toner seront d\u00e9mont\u00e9es, nettoy\u00e9es et inspect\u00e9es apr\u00e8s leur collecte, puis reconditionn\u00e9es sous forme de cartouches de toner neuves pour \u00eatre exp\u00e9di\u00e9es en Europe. \u00c0 l\u2019avenir, Fujifilm Business Innovation pr\u00e9voit d\u2019\u00e9tendre ces processus de reconditionnement \u00e0 d\u2019autres produits, tels que les imprimantes multifonctions. En outre, Fujifilm Manufacturing Europe B.V. couvre la totalit\u00e9 de ses besoins en \u00e9lectricit\u00e9 gr\u00e2ce \u00e0 sa propre production d\u2019\u00e9nergie \u00e9olienne sur site et \u00e0 l\u2019achat aupr\u00e8s d\u2019une soci\u00e9t\u00e9 de production d\u2019\u00e9nergie \u00e9olienne. Par cons\u00e9quent, le nouveau Circular Manufacturing Center peut aussi parvenir \u00e0 une consommation \u00e9lectrique pratiquement sans \u00e9missions de CO<sub>2<\/sub>.<\/p>","protected":false},"excerpt":{"rendered":"<p>Fujifilm annonce la cr\u00e9ation du Circular Manufacturing Center au sein de Fujifilm Manufacturing Europe B.V., aux Pays-Bas, afin de promouvoir la circulation des ressources en Europe. Dans un premier temps, le nouveau centre collectera les cartouches de toner usag\u00e9es des imprimantes vendues en Europe. Ces cartouches de toner seront d\u00e9mont\u00e9es, nettoy\u00e9es et inspect\u00e9es apr\u00e8s leur [&hellip;]<\/p>","protected":false},"author":2,"featured_media":42481,"comment_status":"closed","ping_status":"closed","sticky":false,"template":"","format":"standard","meta":{"_acf_changed":false,"inline_featured_image":false,"iawp_total_views":3,"footnotes":""},"categories":[28,26,9,65],"tags":[],"class_list":["post-42480","post","type-post","status-publish","format-standard","has-post-thumbnail","hentry","category-article-entier","category-laterale","category-materiel","category-vu-dans-le-mag"],"acf":[],"yoast_head":"<!-- This site is optimized with the Yoast SEO plugin v24.4 - https:\/\/yoast.com\/wordpress\/plugins\/seo\/ -->\n<title>Fujifilm organise la collecte et le reconditionnement de ses cartouches - Emballage Digest<\/title>\n<meta name=\"robots\" content=\"index, follow, max-snippet:-1, max-image-preview:large, max-video-preview:-1\" \/>\n<link rel=\"canonical\" href=\"https:\/\/www.emballagedigest.fr\/en\/fujifilm-organise-la-collecte-et-lereconditionnement-de-ses-cartouches\/\" \/>\n<meta property=\"og:locale\" content=\"en_GB\" \/>\n<meta property=\"og:type\" content=\"article\" \/>\n<meta property=\"og:title\" content=\"Fujifilm organise la collecte et le reconditionnement de ses cartouches - Emballage Digest\" \/>\n<meta property=\"og:description\" content=\"Fujifilm annonce la cr\u00e9ation du Circular Manufacturing Center au sein de Fujifilm Manufacturing Europe B.V., aux Pays-Bas, afin de promouvoir la circulation des ressources en Europe. Dans un premier temps, le nouveau centre collectera les cartouches de toner usag\u00e9es des imprimantes vendues en Europe. Ces cartouches de toner seront d\u00e9mont\u00e9es, nettoy\u00e9es et inspect\u00e9es apr\u00e8s leur [&hellip;]\" \/>\n<meta property=\"og:url\" content=\"https:\/\/www.emballagedigest.fr\/en\/fujifilm-organise-la-collecte-et-lereconditionnement-de-ses-cartouches\/\" \/>\n<meta property=\"og:site_name\" content=\"Emballage Digest\" \/>\n<meta property=\"article:published_time\" content=\"2024-10-30T09:44:19+00:00\" \/>\n<meta property=\"article:modified_time\" content=\"2024-10-30T23:12:44+00:00\" \/>\n<meta property=\"og:image\" content=\"https:\/\/www.emballagedigest.fr\/wp-content\/uploads\/2024\/10\/Fujifilm.jpg\" \/>\n\t<meta property=\"og:image:width\" content=\"800\" \/>\n\t<meta property=\"og:image:height\" content=\"600\" \/>\n\t<meta property=\"og:image:type\" content=\"image\/jpeg\" \/>\n<meta name=\"author\" content=\"Karine Duval\" \/>\n<meta name=\"twitter:card\" content=\"summary_large_image\" \/>\n<meta name=\"twitter:label1\" content=\"Written by\" \/>\n\t<meta name=\"twitter:data1\" content=\"Karine Duval\" \/>\n\t<meta name=\"twitter:label2\" content=\"Estimated reading time\" \/>\n\t<meta name=\"twitter:data2\" content=\"1 minute\" \/>\n<script type=\"application\/ld+json\" class=\"yoast-schema-graph\">{\"@context\":\"https:\/\/schema.org\",\"@graph\":[{\"@type\":\"Article\",\"@id\":\"https:\/\/www.emballagedigest.fr\/fujifilm-organise-la-collecte-et-lereconditionnement-de-ses-cartouches\/#article\",\"isPartOf\":{\"@id\":\"https:\/\/www.emballagedigest.fr\/fujifilm-organise-la-collecte-et-lereconditionnement-de-ses-cartouches\/\"},\"author\":{\"name\":\"Karine Duval\",\"@id\":\"https:\/\/www.emballagedigest.fr\/#\/schema\/person\/76abe9f2b2ee4d3d520594c7a35da59f\"},\"headline\":\"Fujifilm organise la collecte et le reconditionnement de ses cartouches\",\"datePublished\":\"2024-10-30T09:44:19+00:00\",\"dateModified\":\"2024-10-30T23:12:44+00:00\",\"mainEntityOfPage\":{\"@id\":\"https:\/\/www.emballagedigest.fr\/fujifilm-organise-la-collecte-et-lereconditionnement-de-ses-cartouches\/\"},\"wordCount\":170,\"publisher\":{\"@id\":\"https:\/\/www.emballagedigest.fr\/#organization\"},\"image\":{\"@id\":\"https:\/\/www.emballagedigest.fr\/fujifilm-organise-la-collecte-et-lereconditionnement-de-ses-cartouches\/#primaryimage\"},\"thumbnailUrl\":\"https:\/\/www.emballagedigest.fr\/wp-content\/uploads\/2024\/10\/Fujifilm.jpg\",\"articleSection\":[\"Article entier\",\"Barre lat\u00e9rale\",\"Mat\u00e9riel\",\"Vu dans le mag\"],\"inLanguage\":\"en-GB\"},{\"@type\":\"WebPage\",\"@id\":\"https:\/\/www.emballagedigest.fr\/fujifilm-organise-la-collecte-et-lereconditionnement-de-ses-cartouches\/\",\"url\":\"https:\/\/www.emballagedigest.fr\/fujifilm-organise-la-collecte-et-lereconditionnement-de-ses-cartouches\/\",\"name\":\"Fujifilm organise la collecte et le reconditionnement de ses cartouches - Emballage Digest\",\"isPartOf\":{\"@id\":\"https:\/\/www.emballagedigest.fr\/#website\"},\"primaryImageOfPage\":{\"@id\":\"https:\/\/www.emballagedigest.fr\/fujifilm-organise-la-collecte-et-lereconditionnement-de-ses-cartouches\/#primaryimage\"},\"image\":{\"@id\":\"https:\/\/www.emballagedigest.fr\/fujifilm-organise-la-collecte-et-lereconditionnement-de-ses-cartouches\/#primaryimage\"},\"thumbnailUrl\":\"https:\/\/www.emballagedigest.fr\/wp-content\/uploads\/2024\/10\/Fujifilm.jpg\",\"datePublished\":\"2024-10-30T09:44:19+00:00\",\"dateModified\":\"2024-10-30T23:12:44+00:00\",\"breadcrumb\":{\"@id\":\"https:\/\/www.emballagedigest.fr\/fujifilm-organise-la-collecte-et-lereconditionnement-de-ses-cartouches\/#breadcrumb\"},\"inLanguage\":\"en-GB\",\"potentialAction\":[{\"@type\":\"ReadAction\",\"target\":[\"https:\/\/www.emballagedigest.fr\/fujifilm-organise-la-collecte-et-lereconditionnement-de-ses-cartouches\/\"]}]},{\"@type\":\"ImageObject\",\"inLanguage\":\"en-GB\",\"@id\":\"https:\/\/www.emballagedigest.fr\/fujifilm-organise-la-collecte-et-lereconditionnement-de-ses-cartouches\/#primaryimage\",\"url\":\"https:\/\/www.emballagedigest.fr\/wp-content\/uploads\/2024\/10\/Fujifilm.jpg\",\"contentUrl\":\"https:\/\/www.emballagedigest.fr\/wp-content\/uploads\/2024\/10\/Fujifilm.jpg\",\"width\":800,\"height\":600},{\"@type\":\"BreadcrumbList\",\"@id\":\"https:\/\/www.emballagedigest.fr\/fujifilm-organise-la-collecte-et-lereconditionnement-de-ses-cartouches\/#breadcrumb\",\"itemListElement\":[{\"@type\":\"ListItem\",\"position\":1,\"name\":\"Accueil\",\"item\":\"https:\/\/www.emballagedigest.fr\/\"},{\"@type\":\"ListItem\",\"position\":2,\"name\":\"Fujifilm organise la collecte et le reconditionnement de ses cartouches\"}]},{\"@type\":\"WebSite\",\"@id\":\"https:\/\/www.emballagedigest.fr\/#website\",\"url\":\"https:\/\/www.emballagedigest.fr\/\",\"name\":\"Emballage Digest\",\"description\":\"Revue professionnelle sur les emballages\",\"publisher\":{\"@id\":\"https:\/\/www.emballagedigest.fr\/#organization\"},\"potentialAction\":[{\"@type\":\"SearchAction\",\"target\":{\"@type\":\"EntryPoint\",\"urlTemplate\":\"https:\/\/www.emballagedigest.fr\/?s={search_term_string}\"},\"query-input\":{\"@type\":\"PropertyValueSpecification\",\"valueRequired\":true,\"valueName\":\"search_term_string\"}}],\"inLanguage\":\"en-GB\"},{\"@type\":\"Organization\",\"@id\":\"https:\/\/www.emballagedigest.fr\/#organization\",\"name\":\"Emballage Digest\",\"url\":\"https:\/\/www.emballagedigest.fr\/\",\"logo\":{\"@type\":\"ImageObject\",\"inLanguage\":\"en-GB\",\"@id\":\"https:\/\/www.emballagedigest.fr\/#\/schema\/logo\/image\/\",\"url\":\"https:\/\/www.emballagedigest.fr\/wp-content\/uploads\/2022\/07\/logo-ed.png\",\"contentUrl\":\"https:\/\/www.emballagedigest.fr\/wp-content\/uploads\/2022\/07\/logo-ed.png\",\"width\":379,\"height\":75,\"caption\":\"Emballage Digest\"},\"image\":{\"@id\":\"https:\/\/www.emballagedigest.fr\/#\/schema\/logo\/image\/\"}},{\"@type\":\"Person\",\"@id\":\"https:\/\/www.emballagedigest.fr\/#\/schema\/person\/76abe9f2b2ee4d3d520594c7a35da59f\",\"name\":\"Karine Duval\",\"image\":{\"@type\":\"ImageObject\",\"inLanguage\":\"en-GB\",\"@id\":\"https:\/\/www.emballagedigest.fr\/#\/schema\/person\/image\/\",\"url\":\"https:\/\/secure.gravatar.com\/avatar\/f552799261cdd2e076e6677d780ef07bdb13aa4c196ab75b39abcbcdcae2d4e5?s=96&d=mm&r=g\",\"contentUrl\":\"https:\/\/secure.gravatar.com\/avatar\/f552799261cdd2e076e6677d780ef07bdb13aa4c196ab75b39abcbcdcae2d4e5?s=96&d=mm&r=g\",\"caption\":\"Karine Duval\"},\"url\":\"https:\/\/www.emballagedigest.fr\/en\/author\/admin_karduv\/\"}]}<\/script>\n<!-- \/ Yoast SEO plugin. -->","yoast_head_json":{"title":"Fujifilm organise la collecte et le reconditionnement de ses cartouches - Emballage Digest","robots":{"index":"index","follow":"follow","max-snippet":"max-snippet:-1","max-image-preview":"max-image-preview:large","max-video-preview":"max-video-preview:-1"},"canonical":"https:\/\/www.emballagedigest.fr\/en\/fujifilm-organise-la-collecte-et-lereconditionnement-de-ses-cartouches\/","og_locale":"en_GB","og_type":"article","og_title":"Fujifilm organise la collecte et le reconditionnement de ses cartouches - Emballage Digest","og_description":"Fujifilm annonce la cr\u00e9ation du Circular Manufacturing Center au sein de Fujifilm Manufacturing Europe B.V., aux Pays-Bas, afin de promouvoir la circulation des ressources en Europe. Dans un premier temps, le nouveau centre collectera les cartouches de toner usag\u00e9es des imprimantes vendues en Europe. Ces cartouches de toner seront d\u00e9mont\u00e9es, nettoy\u00e9es et inspect\u00e9es apr\u00e8s leur [&hellip;]","og_url":"https:\/\/www.emballagedigest.fr\/en\/fujifilm-organise-la-collecte-et-lereconditionnement-de-ses-cartouches\/","og_site_name":"Emballage Digest","article_published_time":"2024-10-30T09:44:19+00:00","article_modified_time":"2024-10-30T23:12:44+00:00","og_image":[{"width":800,"height":600,"url":"https:\/\/www.emballagedigest.fr\/wp-content\/uploads\/2024\/10\/Fujifilm.jpg","type":"image\/jpeg"}],"author":"Karine Duval","twitter_card":"summary_large_image","twitter_misc":{"Written by":"Karine Duval","Estimated reading time":"1 minute"},"schema":{"@context":"https:\/\/schema.org","@graph":[{"@type":"Article","@id":"https:\/\/www.emballagedigest.fr\/fujifilm-organise-la-collecte-et-lereconditionnement-de-ses-cartouches\/#article","isPartOf":{"@id":"https:\/\/www.emballagedigest.fr\/fujifilm-organise-la-collecte-et-lereconditionnement-de-ses-cartouches\/"},"author":{"name":"Karine Duval","@id":"https:\/\/www.emballagedigest.fr\/#\/schema\/person\/76abe9f2b2ee4d3d520594c7a35da59f"},"headline":"Fujifilm organise la collecte et le reconditionnement de ses cartouches","datePublished":"2024-10-30T09:44:19+00:00","dateModified":"2024-10-30T23:12:44+00:00","mainEntityOfPage":{"@id":"https:\/\/www.emballagedigest.fr\/fujifilm-organise-la-collecte-et-lereconditionnement-de-ses-cartouches\/"},"wordCount":170,"publisher":{"@id":"https:\/\/www.emballagedigest.fr\/#organization"},"image":{"@id":"https:\/\/www.emballagedigest.fr\/fujifilm-organise-la-collecte-et-lereconditionnement-de-ses-cartouches\/#primaryimage"},"thumbnailUrl":"https:\/\/www.emballagedigest.fr\/wp-content\/uploads\/2024\/10\/Fujifilm.jpg","articleSection":["Article entier","Barre lat\u00e9rale","Mat\u00e9riel","Vu dans le mag"],"inLanguage":"en-GB"},{"@type":"WebPage","@id":"https:\/\/www.emballagedigest.fr\/fujifilm-organise-la-collecte-et-lereconditionnement-de-ses-cartouches\/","url":"https:\/\/www.emballagedigest.fr\/fujifilm-organise-la-collecte-et-lereconditionnement-de-ses-cartouches\/","name":"Fujifilm organise la collecte et le reconditionnement de ses cartouches - Emballage Digest","isPartOf":{"@id":"https:\/\/www.emballagedigest.fr\/#website"},"primaryImageOfPage":{"@id":"https:\/\/www.emballagedigest.fr\/fujifilm-organise-la-collecte-et-lereconditionnement-de-ses-cartouches\/#primaryimage"},"image":{"@id":"https:\/\/www.emballagedigest.fr\/fujifilm-organise-la-collecte-et-lereconditionnement-de-ses-cartouches\/#primaryimage"},"thumbnailUrl":"https:\/\/www.emballagedigest.fr\/wp-content\/uploads\/2024\/10\/Fujifilm.jpg","datePublished":"2024-10-30T09:44:19+00:00","dateModified":"2024-10-30T23:12:44+00:00","breadcrumb":{"@id":"https:\/\/www.emballagedigest.fr\/fujifilm-organise-la-collecte-et-lereconditionnement-de-ses-cartouches\/#breadcrumb"},"inLanguage":"en-GB","potentialAction":[{"@type":"ReadAction","target":["https:\/\/www.emballagedigest.fr\/fujifilm-organise-la-collecte-et-lereconditionnement-de-ses-cartouches\/"]}]},{"@type":"ImageObject","inLanguage":"en-GB","@id":"https:\/\/www.emballagedigest.fr\/fujifilm-organise-la-collecte-et-lereconditionnement-de-ses-cartouches\/#primaryimage","url":"https:\/\/www.emballagedigest.fr\/wp-content\/uploads\/2024\/10\/Fujifilm.jpg","contentUrl":"https:\/\/www.emballagedigest.fr\/wp-content\/uploads\/2024\/10\/Fujifilm.jpg","width":800,"height":600},{"@type":"BreadcrumbList","@id":"https:\/\/www.emballagedigest.fr\/fujifilm-organise-la-collecte-et-lereconditionnement-de-ses-cartouches\/#breadcrumb","itemListElement":[{"@type":"ListItem","position":1,"name":"Accueil","item":"https:\/\/www.emballagedigest.fr\/"},{"@type":"ListItem","position":2,"name":"Fujifilm organise la collecte et le reconditionnement de ses cartouches"}]},{"@type":"WebSite","@id":"https:\/\/www.emballagedigest.fr\/#website","url":"https:\/\/www.emballagedigest.fr\/","name":"Emballage Digest","description":"Revue professionnelle sur les emballages","publisher":{"@id":"https:\/\/www.emballagedigest.fr\/#organization"},"potentialAction":[{"@type":"SearchAction","target":{"@type":"EntryPoint","urlTemplate":"https:\/\/www.emballagedigest.fr\/?s={search_term_string}"},"query-input":{"@type":"PropertyValueSpecification","valueRequired":true,"valueName":"search_term_string"}}],"inLanguage":"en-GB"},{"@type":"Organization","@id":"https:\/\/www.emballagedigest.fr\/#organization","name":"Emballage Digest","url":"https:\/\/www.emballagedigest.fr\/","logo":{"@type":"ImageObject","inLanguage":"en-GB","@id":"https:\/\/www.emballagedigest.fr\/#\/schema\/logo\/image\/","url":"https:\/\/www.emballagedigest.fr\/wp-content\/uploads\/2022\/07\/logo-ed.png","contentUrl":"https:\/\/www.emballagedigest.fr\/wp-content\/uploads\/2022\/07\/logo-ed.png","width":379,"height":75,"caption":"Emballage Digest"},"image":{"@id":"https:\/\/www.emballagedigest.fr\/#\/schema\/logo\/image\/"}},{"@type":"Person","@id":"https:\/\/www.emballagedigest.fr\/#\/schema\/person\/76abe9f2b2ee4d3d520594c7a35da59f","name":"Karine Duval","image":{"@type":"ImageObject","inLanguage":"en-GB","@id":"https:\/\/www.emballagedigest.fr\/#\/schema\/person\/image\/","url":"https:\/\/secure.gravatar.com\/avatar\/f552799261cdd2e076e6677d780ef07bdb13aa4c196ab75b39abcbcdcae2d4e5?s=96&d=mm&r=g","contentUrl":"https:\/\/secure.gravatar.com\/avatar\/f552799261cdd2e076e6677d780ef07bdb13aa4c196ab75b39abcbcdcae2d4e5?s=96&d=mm&r=g","caption":"Karine Duval"},"url":"https:\/\/www.emballagedigest.fr\/en\/author\/admin_karduv\/"}]}},"_links":{"self":[{"href":"https:\/\/www.emballagedigest.fr\/en\/wp-json\/wp\/v2\/posts\/42480","targetHints":{"allow":["GET"]}}],"collection":[{"href":"https:\/\/www.emballagedigest.fr\/en\/wp-json\/wp\/v2\/posts"}],"about":[{"href":"https:\/\/www.emballagedigest.fr\/en\/wp-json\/wp\/v2\/types\/post"}],"author":[{"embeddable":true,"href":"https:\/\/www.emballagedigest.fr\/en\/wp-json\/wp\/v2\/users\/2"}],"replies":[{"embeddable":true,"href":"https:\/\/www.emballagedigest.fr\/en\/wp-json\/wp\/v2\/comments?post=42480"}],"version-history":[{"count":3,"href":"https:\/\/www.emballagedigest.fr\/en\/wp-json\/wp\/v2\/posts\/42480\/revisions"}],"predecessor-version":[{"id":42549,"href":"https:\/\/www.emballagedigest.fr\/en\/wp-json\/wp\/v2\/posts\/42480\/revisions\/42549"}],"wp:featuredmedia":[{"embeddable":true,"href":"https:\/\/www.emballagedigest.fr\/en\/wp-json\/wp\/v2\/media\/42481"}],"wp:attachment":[{"href":"https:\/\/www.emballagedigest.fr\/en\/wp-json\/wp\/v2\/media?parent=42480"}],"wp:term":[{"taxonomy":"category","embeddable":true,"href":"https:\/\/www.emballagedigest.fr\/en\/wp-json\/wp\/v2\/categories?post=42480"},{"taxonomy":"post_tag","embeddable":true,"href":"https:\/\/www.emballagedigest.fr\/en\/wp-json\/wp\/v2\/tags?post=42480"}],"curies":[{"name":"wp","href":"https:\/\/api.w.org\/{rel}","templated":true}]}}