{"id":42659,"date":"2024-11-19T00:04:49","date_gmt":"2024-11-18T23:04:49","guid":{"rendered":"https:\/\/www.emballagedigest.fr\/?p=42659"},"modified":"2024-11-20T00:02:09","modified_gmt":"2024-11-19T23:02:09","slug":"ds-smith-devient-fournisseur-privilegie-de-zalando","status":"publish","type":"post","link":"https:\/\/www.emballagedigest.fr\/en\/ds-smith-devient-fournisseur-privilegie-de-zalando\/","title":{"rendered":"DS Smith devient fournisseur privil\u00e9gi\u00e9 de Zalando"},"content":{"rendered":"<p><strong>DS Smith annonce le renforcement de son partenariat avec le site d\u2019e-commerce Zalando. Ce contrat inclut les emballages en carton ondul\u00e9 \u00e0 base de fibres pour les produits europ\u00e9ens de Zalando et d\u00e9butera en avril 2025. Il s&rsquo;agit d&rsquo;une extension de leur partenariat de longue date, d\u2019afin d\u2019approvisionner les centres de livraison de Zalando en Europe, y compris en Allemagne, Pologne, France, Hongrie, Su\u00e8de, Italie, Royaume-Uni, Espagne, Estonie et Suisse en solutions plus durables.<\/strong><\/p>\n\n\n\n<p>La collaboration entre les deux entreprises a pour ambition de faire \u00e9merger d\u2019importantes innovations dans le design et l&rsquo;utilisation des mat\u00e9riaux dans le secteur du e-commerce. Objectifs&nbsp;: minimiser l&rsquo;usage des mat\u00e9riaux, optimiser l&rsquo;efficacit\u00e9 de la cha\u00eene d&rsquo;approvisionnement, et favoriser la recyclabilit\u00e9 en utilisant des mat\u00e9riaux recycl\u00e9s d\u00e8s que possible.<\/p>\n\n\n\n<figure class=\"wp-block-image size-full\"><img loading=\"lazy\" decoding=\"async\" width=\"768\" height=\"450\" src=\"https:\/\/www.emballagedigest.fr\/wp-content\/uploads\/2024\/11\/Zalando2.jpg\" alt=\"\" class=\"wp-image-42661\" srcset=\"https:\/\/www.emballagedigest.fr\/wp-content\/uploads\/2024\/11\/Zalando2.jpg 768w, https:\/\/www.emballagedigest.fr\/wp-content\/uploads\/2024\/11\/Zalando2-300x176.jpg 300w, https:\/\/www.emballagedigest.fr\/wp-content\/uploads\/2024\/11\/Zalando2-18x12.jpg 18w\" sizes=\"auto, (max-width: 768px) 100vw, 768px\" \/><\/figure>\n\n\n\n<p>\u00ab Ce nouvel accord nous permettra d&rsquo;approfondir nos recherches et de continuer \u00e0 cr\u00e9er des solutions d&#8217;emballage pour le portefeuille de produits e-commerce de Zalando \u00e0 travers l&rsquo;Europe. Nous sommes d\u00e9termin\u00e9s \u00e0 fournir des emballages de classe mondiale et, en tant qu&rsquo;entreprise, nous innovons pour repenser l&#8217;emballage d\u2019un monde qui change. C&rsquo;est une formidable opportunit\u00e9 pour perfectionner notre connaissance des produits, de la production et des processus de cha\u00eene d&rsquo;approvisionnement de Zalando&nbsp;\u00bb, explique Marc Chiron, Directeur des Ventes, du Marketing et de l&rsquo;Innovation de la division Emballage de DS Smith.<\/p>\n\n\n\n<p>Et David Fischer, Directeur de la Logistique Durable et de l&rsquo;Emballage chez Zalando d\u2019ajouter : \u00ab Nos clients attendent de nous que nous menions la voie vers un avenir plus durable, et nous avons \u00e0 c\u0153ur de fixer de nouveaux standards pour le e-commerce et pour Zalando en g\u00e9n\u00e9ral \u00bb.<\/p>\n\n\n\n<p>Zalando d\u00e9veloppe un \u00e9cosyst\u00e8me paneurop\u00e9en pour le commerce \u00e9lectronique de mode et lifestyle. En B2C, la plateforme offre une exp\u00e9rience d&rsquo;achat multi-marques de qualit\u00e9 \u00e0 environ cinquante millions de clients actifs dans vingt-cinq march\u00e9s. En B2B, Zalando utilise son infrastructure logistique, ses logiciels et ses services pour aider les marques et les distributeurs \u00e0 g\u00e9rer et \u00e0 d\u00e9velopper leurs activit\u00e9s de commerce \u00e9lectronique, qu&rsquo;elles soient pr\u00e9sentes ou non sur Zalando.<\/p>","protected":false},"excerpt":{"rendered":"<p>DS Smith annonce le renforcement de son partenariat avec le site d\u2019e-commerce Zalando. Ce contrat inclut les emballages en carton ondul\u00e9 \u00e0 base de fibres pour les produits europ\u00e9ens de Zalando et d\u00e9butera en avril 2025. Il s&rsquo;agit d&rsquo;une extension de leur partenariat de longue date, d\u2019afin d\u2019approvisionner les centres de livraison de Zalando en [&hellip;]<\/p>","protected":false},"author":2,"featured_media":42660,"comment_status":"closed","ping_status":"closed","sticky":false,"template":"","format":"standard","meta":{"_acf_changed":false,"inline_featured_image":false,"iawp_total_views":5,"footnotes":""},"categories":[28,11,8],"tags":[],"class_list":["post-42659","post","type-post","status-publish","format-standard","has-post-thumbnail","hentry","category-article-entier","category-emballages","category-industrie"],"acf":[],"yoast_head":"<!-- This site is optimized with the Yoast SEO plugin v24.4 - https:\/\/yoast.com\/wordpress\/plugins\/seo\/ -->\n<title>DS Smith devient fournisseur privil\u00e9gi\u00e9 de Zalando - Emballage Digest<\/title>\n<meta name=\"robots\" content=\"index, follow, max-snippet:-1, max-image-preview:large, max-video-preview:-1\" \/>\n<link rel=\"canonical\" href=\"https:\/\/www.emballagedigest.fr\/en\/ds-smith-devient-fournisseur-privilegie-de-zalando\/\" \/>\n<meta property=\"og:locale\" content=\"en_GB\" \/>\n<meta property=\"og:type\" content=\"article\" \/>\n<meta property=\"og:title\" content=\"DS Smith devient fournisseur privil\u00e9gi\u00e9 de Zalando - Emballage Digest\" \/>\n<meta property=\"og:description\" content=\"DS Smith annonce le renforcement de son partenariat avec le site d\u2019e-commerce Zalando. Ce contrat inclut les emballages en carton ondul\u00e9 \u00e0 base de fibres pour les produits europ\u00e9ens de Zalando et d\u00e9butera en avril 2025. Il s&rsquo;agit d&rsquo;une extension de leur partenariat de longue date, d\u2019afin d\u2019approvisionner les centres de livraison de Zalando en [&hellip;]\" \/>\n<meta property=\"og:url\" content=\"https:\/\/www.emballagedigest.fr\/en\/ds-smith-devient-fournisseur-privilegie-de-zalando\/\" \/>\n<meta property=\"og:site_name\" content=\"Emballage Digest\" \/>\n<meta property=\"article:published_time\" content=\"2024-11-18T23:04:49+00:00\" \/>\n<meta property=\"article:modified_time\" content=\"2024-11-19T23:02:09+00:00\" \/>\n<meta property=\"og:image\" content=\"https:\/\/www.emballagedigest.fr\/wp-content\/uploads\/2024\/11\/Zalando1.jpg\" \/>\n\t<meta property=\"og:image:width\" content=\"800\" \/>\n\t<meta property=\"og:image:height\" content=\"582\" \/>\n\t<meta property=\"og:image:type\" content=\"image\/jpeg\" \/>\n<meta name=\"author\" content=\"Karine Duval\" \/>\n<meta name=\"twitter:card\" content=\"summary_large_image\" \/>\n<meta name=\"twitter:label1\" content=\"Written by\" \/>\n\t<meta name=\"twitter:data1\" content=\"Karine Duval\" \/>\n\t<meta name=\"twitter:label2\" content=\"Estimated reading time\" \/>\n\t<meta name=\"twitter:data2\" content=\"2 minutes\" \/>\n<script type=\"application\/ld+json\" class=\"yoast-schema-graph\">{\"@context\":\"https:\/\/schema.org\",\"@graph\":[{\"@type\":\"Article\",\"@id\":\"https:\/\/www.emballagedigest.fr\/ds-smith-devient-fournisseur-privilegie-de-zalando\/#article\",\"isPartOf\":{\"@id\":\"https:\/\/www.emballagedigest.fr\/ds-smith-devient-fournisseur-privilegie-de-zalando\/\"},\"author\":{\"name\":\"Karine Duval\",\"@id\":\"https:\/\/www.emballagedigest.fr\/#\/schema\/person\/76abe9f2b2ee4d3d520594c7a35da59f\"},\"headline\":\"DS Smith devient fournisseur privil\u00e9gi\u00e9 de Zalando\",\"datePublished\":\"2024-11-18T23:04:49+00:00\",\"dateModified\":\"2024-11-19T23:02:09+00:00\",\"mainEntityOfPage\":{\"@id\":\"https:\/\/www.emballagedigest.fr\/ds-smith-devient-fournisseur-privilegie-de-zalando\/\"},\"wordCount\":380,\"publisher\":{\"@id\":\"https:\/\/www.emballagedigest.fr\/#organization\"},\"image\":{\"@id\":\"https:\/\/www.emballagedigest.fr\/ds-smith-devient-fournisseur-privilegie-de-zalando\/#primaryimage\"},\"thumbnailUrl\":\"https:\/\/www.emballagedigest.fr\/wp-content\/uploads\/2024\/11\/Zalando1.jpg\",\"articleSection\":[\"Article entier\",\"Emballages\",\"Industrie\"],\"inLanguage\":\"en-GB\"},{\"@type\":\"WebPage\",\"@id\":\"https:\/\/www.emballagedigest.fr\/ds-smith-devient-fournisseur-privilegie-de-zalando\/\",\"url\":\"https:\/\/www.emballagedigest.fr\/ds-smith-devient-fournisseur-privilegie-de-zalando\/\",\"name\":\"DS Smith devient fournisseur privil\u00e9gi\u00e9 de Zalando - Emballage Digest\",\"isPartOf\":{\"@id\":\"https:\/\/www.emballagedigest.fr\/#website\"},\"primaryImageOfPage\":{\"@id\":\"https:\/\/www.emballagedigest.fr\/ds-smith-devient-fournisseur-privilegie-de-zalando\/#primaryimage\"},\"image\":{\"@id\":\"https:\/\/www.emballagedigest.fr\/ds-smith-devient-fournisseur-privilegie-de-zalando\/#primaryimage\"},\"thumbnailUrl\":\"https:\/\/www.emballagedigest.fr\/wp-content\/uploads\/2024\/11\/Zalando1.jpg\",\"datePublished\":\"2024-11-18T23:04:49+00:00\",\"dateModified\":\"2024-11-19T23:02:09+00:00\",\"breadcrumb\":{\"@id\":\"https:\/\/www.emballagedigest.fr\/ds-smith-devient-fournisseur-privilegie-de-zalando\/#breadcrumb\"},\"inLanguage\":\"en-GB\",\"potentialAction\":[{\"@type\":\"ReadAction\",\"target\":[\"https:\/\/www.emballagedigest.fr\/ds-smith-devient-fournisseur-privilegie-de-zalando\/\"]}]},{\"@type\":\"ImageObject\",\"inLanguage\":\"en-GB\",\"@id\":\"https:\/\/www.emballagedigest.fr\/ds-smith-devient-fournisseur-privilegie-de-zalando\/#primaryimage\",\"url\":\"https:\/\/www.emballagedigest.fr\/wp-content\/uploads\/2024\/11\/Zalando1.jpg\",\"contentUrl\":\"https:\/\/www.emballagedigest.fr\/wp-content\/uploads\/2024\/11\/Zalando1.jpg\",\"width\":800,\"height\":582},{\"@type\":\"BreadcrumbList\",\"@id\":\"https:\/\/www.emballagedigest.fr\/ds-smith-devient-fournisseur-privilegie-de-zalando\/#breadcrumb\",\"itemListElement\":[{\"@type\":\"ListItem\",\"position\":1,\"name\":\"Accueil\",\"item\":\"https:\/\/www.emballagedigest.fr\/\"},{\"@type\":\"ListItem\",\"position\":2,\"name\":\"DS Smith devient fournisseur privil\u00e9gi\u00e9 de Zalando\"}]},{\"@type\":\"WebSite\",\"@id\":\"https:\/\/www.emballagedigest.fr\/#website\",\"url\":\"https:\/\/www.emballagedigest.fr\/\",\"name\":\"Emballage Digest\",\"description\":\"Revue professionnelle sur les emballages\",\"publisher\":{\"@id\":\"https:\/\/www.emballagedigest.fr\/#organization\"},\"potentialAction\":[{\"@type\":\"SearchAction\",\"target\":{\"@type\":\"EntryPoint\",\"urlTemplate\":\"https:\/\/www.emballagedigest.fr\/?s={search_term_string}\"},\"query-input\":{\"@type\":\"PropertyValueSpecification\",\"valueRequired\":true,\"valueName\":\"search_term_string\"}}],\"inLanguage\":\"en-GB\"},{\"@type\":\"Organization\",\"@id\":\"https:\/\/www.emballagedigest.fr\/#organization\",\"name\":\"Emballage Digest\",\"url\":\"https:\/\/www.emballagedigest.fr\/\",\"logo\":{\"@type\":\"ImageObject\",\"inLanguage\":\"en-GB\",\"@id\":\"https:\/\/www.emballagedigest.fr\/#\/schema\/logo\/image\/\",\"url\":\"https:\/\/www.emballagedigest.fr\/wp-content\/uploads\/2022\/07\/logo-ed.png\",\"contentUrl\":\"https:\/\/www.emballagedigest.fr\/wp-content\/uploads\/2022\/07\/logo-ed.png\",\"width\":379,\"height\":75,\"caption\":\"Emballage Digest\"},\"image\":{\"@id\":\"https:\/\/www.emballagedigest.fr\/#\/schema\/logo\/image\/\"}},{\"@type\":\"Person\",\"@id\":\"https:\/\/www.emballagedigest.fr\/#\/schema\/person\/76abe9f2b2ee4d3d520594c7a35da59f\",\"name\":\"Karine Duval\",\"image\":{\"@type\":\"ImageObject\",\"inLanguage\":\"en-GB\",\"@id\":\"https:\/\/www.emballagedigest.fr\/#\/schema\/person\/image\/\",\"url\":\"https:\/\/secure.gravatar.com\/avatar\/f552799261cdd2e076e6677d780ef07bdb13aa4c196ab75b39abcbcdcae2d4e5?s=96&d=mm&r=g\",\"contentUrl\":\"https:\/\/secure.gravatar.com\/avatar\/f552799261cdd2e076e6677d780ef07bdb13aa4c196ab75b39abcbcdcae2d4e5?s=96&d=mm&r=g\",\"caption\":\"Karine Duval\"},\"url\":\"https:\/\/www.emballagedigest.fr\/en\/author\/admin_karduv\/\"}]}<\/script>\n<!-- \/ Yoast SEO plugin. -->","yoast_head_json":{"title":"DS Smith devient fournisseur privil\u00e9gi\u00e9 de Zalando - Emballage Digest","robots":{"index":"index","follow":"follow","max-snippet":"max-snippet:-1","max-image-preview":"max-image-preview:large","max-video-preview":"max-video-preview:-1"},"canonical":"https:\/\/www.emballagedigest.fr\/en\/ds-smith-devient-fournisseur-privilegie-de-zalando\/","og_locale":"en_GB","og_type":"article","og_title":"DS Smith devient fournisseur privil\u00e9gi\u00e9 de Zalando - Emballage Digest","og_description":"DS Smith annonce le renforcement de son partenariat avec le site d\u2019e-commerce Zalando. Ce contrat inclut les emballages en carton ondul\u00e9 \u00e0 base de fibres pour les produits europ\u00e9ens de Zalando et d\u00e9butera en avril 2025. Il s&rsquo;agit d&rsquo;une extension de leur partenariat de longue date, d\u2019afin d\u2019approvisionner les centres de livraison de Zalando en [&hellip;]","og_url":"https:\/\/www.emballagedigest.fr\/en\/ds-smith-devient-fournisseur-privilegie-de-zalando\/","og_site_name":"Emballage Digest","article_published_time":"2024-11-18T23:04:49+00:00","article_modified_time":"2024-11-19T23:02:09+00:00","og_image":[{"width":800,"height":582,"url":"https:\/\/www.emballagedigest.fr\/wp-content\/uploads\/2024\/11\/Zalando1.jpg","type":"image\/jpeg"}],"author":"Karine Duval","twitter_card":"summary_large_image","twitter_misc":{"Written by":"Karine Duval","Estimated reading time":"2 minutes"},"schema":{"@context":"https:\/\/schema.org","@graph":[{"@type":"Article","@id":"https:\/\/www.emballagedigest.fr\/ds-smith-devient-fournisseur-privilegie-de-zalando\/#article","isPartOf":{"@id":"https:\/\/www.emballagedigest.fr\/ds-smith-devient-fournisseur-privilegie-de-zalando\/"},"author":{"name":"Karine Duval","@id":"https:\/\/www.emballagedigest.fr\/#\/schema\/person\/76abe9f2b2ee4d3d520594c7a35da59f"},"headline":"DS Smith devient fournisseur privil\u00e9gi\u00e9 de Zalando","datePublished":"2024-11-18T23:04:49+00:00","dateModified":"2024-11-19T23:02:09+00:00","mainEntityOfPage":{"@id":"https:\/\/www.emballagedigest.fr\/ds-smith-devient-fournisseur-privilegie-de-zalando\/"},"wordCount":380,"publisher":{"@id":"https:\/\/www.emballagedigest.fr\/#organization"},"image":{"@id":"https:\/\/www.emballagedigest.fr\/ds-smith-devient-fournisseur-privilegie-de-zalando\/#primaryimage"},"thumbnailUrl":"https:\/\/www.emballagedigest.fr\/wp-content\/uploads\/2024\/11\/Zalando1.jpg","articleSection":["Article entier","Emballages","Industrie"],"inLanguage":"en-GB"},{"@type":"WebPage","@id":"https:\/\/www.emballagedigest.fr\/ds-smith-devient-fournisseur-privilegie-de-zalando\/","url":"https:\/\/www.emballagedigest.fr\/ds-smith-devient-fournisseur-privilegie-de-zalando\/","name":"DS Smith devient fournisseur privil\u00e9gi\u00e9 de Zalando - Emballage Digest","isPartOf":{"@id":"https:\/\/www.emballagedigest.fr\/#website"},"primaryImageOfPage":{"@id":"https:\/\/www.emballagedigest.fr\/ds-smith-devient-fournisseur-privilegie-de-zalando\/#primaryimage"},"image":{"@id":"https:\/\/www.emballagedigest.fr\/ds-smith-devient-fournisseur-privilegie-de-zalando\/#primaryimage"},"thumbnailUrl":"https:\/\/www.emballagedigest.fr\/wp-content\/uploads\/2024\/11\/Zalando1.jpg","datePublished":"2024-11-18T23:04:49+00:00","dateModified":"2024-11-19T23:02:09+00:00","breadcrumb":{"@id":"https:\/\/www.emballagedigest.fr\/ds-smith-devient-fournisseur-privilegie-de-zalando\/#breadcrumb"},"inLanguage":"en-GB","potentialAction":[{"@type":"ReadAction","target":["https:\/\/www.emballagedigest.fr\/ds-smith-devient-fournisseur-privilegie-de-zalando\/"]}]},{"@type":"ImageObject","inLanguage":"en-GB","@id":"https:\/\/www.emballagedigest.fr\/ds-smith-devient-fournisseur-privilegie-de-zalando\/#primaryimage","url":"https:\/\/www.emballagedigest.fr\/wp-content\/uploads\/2024\/11\/Zalando1.jpg","contentUrl":"https:\/\/www.emballagedigest.fr\/wp-content\/uploads\/2024\/11\/Zalando1.jpg","width":800,"height":582},{"@type":"BreadcrumbList","@id":"https:\/\/www.emballagedigest.fr\/ds-smith-devient-fournisseur-privilegie-de-zalando\/#breadcrumb","itemListElement":[{"@type":"ListItem","position":1,"name":"Accueil","item":"https:\/\/www.emballagedigest.fr\/"},{"@type":"ListItem","position":2,"name":"DS Smith devient fournisseur privil\u00e9gi\u00e9 de Zalando"}]},{"@type":"WebSite","@id":"https:\/\/www.emballagedigest.fr\/#website","url":"https:\/\/www.emballagedigest.fr\/","name":"Emballage Digest","description":"Revue professionnelle sur les emballages","publisher":{"@id":"https:\/\/www.emballagedigest.fr\/#organization"},"potentialAction":[{"@type":"SearchAction","target":{"@type":"EntryPoint","urlTemplate":"https:\/\/www.emballagedigest.fr\/?s={search_term_string}"},"query-input":{"@type":"PropertyValueSpecification","valueRequired":true,"valueName":"search_term_string"}}],"inLanguage":"en-GB"},{"@type":"Organization","@id":"https:\/\/www.emballagedigest.fr\/#organization","name":"Emballage Digest","url":"https:\/\/www.emballagedigest.fr\/","logo":{"@type":"ImageObject","inLanguage":"en-GB","@id":"https:\/\/www.emballagedigest.fr\/#\/schema\/logo\/image\/","url":"https:\/\/www.emballagedigest.fr\/wp-content\/uploads\/2022\/07\/logo-ed.png","contentUrl":"https:\/\/www.emballagedigest.fr\/wp-content\/uploads\/2022\/07\/logo-ed.png","width":379,"height":75,"caption":"Emballage Digest"},"image":{"@id":"https:\/\/www.emballagedigest.fr\/#\/schema\/logo\/image\/"}},{"@type":"Person","@id":"https:\/\/www.emballagedigest.fr\/#\/schema\/person\/76abe9f2b2ee4d3d520594c7a35da59f","name":"Karine Duval","image":{"@type":"ImageObject","inLanguage":"en-GB","@id":"https:\/\/www.emballagedigest.fr\/#\/schema\/person\/image\/","url":"https:\/\/secure.gravatar.com\/avatar\/f552799261cdd2e076e6677d780ef07bdb13aa4c196ab75b39abcbcdcae2d4e5?s=96&d=mm&r=g","contentUrl":"https:\/\/secure.gravatar.com\/avatar\/f552799261cdd2e076e6677d780ef07bdb13aa4c196ab75b39abcbcdcae2d4e5?s=96&d=mm&r=g","caption":"Karine Duval"},"url":"https:\/\/www.emballagedigest.fr\/en\/author\/admin_karduv\/"}]}},"_links":{"self":[{"href":"https:\/\/www.emballagedigest.fr\/en\/wp-json\/wp\/v2\/posts\/42659","targetHints":{"allow":["GET"]}}],"collection":[{"href":"https:\/\/www.emballagedigest.fr\/en\/wp-json\/wp\/v2\/posts"}],"about":[{"href":"https:\/\/www.emballagedigest.fr\/en\/wp-json\/wp\/v2\/types\/post"}],"author":[{"embeddable":true,"href":"https:\/\/www.emballagedigest.fr\/en\/wp-json\/wp\/v2\/users\/2"}],"replies":[{"embeddable":true,"href":"https:\/\/www.emballagedigest.fr\/en\/wp-json\/wp\/v2\/comments?post=42659"}],"version-history":[{"count":1,"href":"https:\/\/www.emballagedigest.fr\/en\/wp-json\/wp\/v2\/posts\/42659\/revisions"}],"predecessor-version":[{"id":42662,"href":"https:\/\/www.emballagedigest.fr\/en\/wp-json\/wp\/v2\/posts\/42659\/revisions\/42662"}],"wp:featuredmedia":[{"embeddable":true,"href":"https:\/\/www.emballagedigest.fr\/en\/wp-json\/wp\/v2\/media\/42660"}],"wp:attachment":[{"href":"https:\/\/www.emballagedigest.fr\/en\/wp-json\/wp\/v2\/media?parent=42659"}],"wp:term":[{"taxonomy":"category","embeddable":true,"href":"https:\/\/www.emballagedigest.fr\/en\/wp-json\/wp\/v2\/categories?post=42659"},{"taxonomy":"post_tag","embeddable":true,"href":"https:\/\/www.emballagedigest.fr\/en\/wp-json\/wp\/v2\/tags?post=42659"}],"curies":[{"name":"wp","href":"https:\/\/api.w.org\/{rel}","templated":true}]}}