{"id":42681,"date":"2024-11-21T01:10:35","date_gmt":"2024-11-21T00:10:35","guid":{"rendered":"https:\/\/www.emballagedigest.fr\/?p=42681"},"modified":"2024-11-21T01:10:37","modified_gmt":"2024-11-21T00:10:37","slug":"imprimluxe-organise-ses-prochaines-rencontres-a-paris","status":"publish","type":"post","link":"https:\/\/www.emballagedigest.fr\/en\/imprimluxe-organise-ses-prochaines-rencontres-a-paris\/","title":{"rendered":"Imprim\u2019Luxe organise ses prochaines Rencontres \u00e0 Paris"},"content":{"rendered":"<p><strong>L\u2019association Imprim\u2019Luxe annonce la tenue de ses rencontres le 27 novembre prochain \u00e0 l\u2019H\u00f4tel de l\u2019Industrie, place Saint-Germain-des-Pr\u00e9s \u00e0 Paris. L\u2019occasion d\u2019\u00e9changer avec 15 partenaires pr\u00e9sents sur place et de d\u00e9couvrir deux conf\u00e9rences autour de l\u2019impression de luxe.<\/strong><\/p>\n\n\n\n<p>Au programme de la journ\u00e9e, deux conf\u00e9rences, l&rsquo;une sur l&rsquo;innovation m\u00e9tier, et la deuxi\u00e8me sur le march\u00e9 de luxe, viendront ponctuer les \u00e9changes : la premi\u00e8re intitul\u00e9e \u00ab Comment p\u00e9renniser son futur en innovant ? \u00bb, avec les retours d\u2019exp\u00e9riences orchestr\u00e9s par le CTP et les imprimeries Danquigny et Maleng\u00e9. La seconde se penchera sur la question \u00ab Comment prendre en compte l\u2019\u00e9volution des march\u00e9s du luxe pour adapter son offre ? \u00bb, par Michel Chevalier, professeur \u00e0 HEC et l\u2019Universit\u00e9 Catholique de Milan. En parall\u00e8le, 15 partenaires (Esko, Fujifilm, Inapa, Heidelberg, Koenig &amp; Bauer, Kurz, Merck, Packitoo, Scodix, etc.) pr\u00e9senteront leurs innovations et organisons deux conf\u00e9rences.<br>Objectifs de ces rencontres : permettre \u00e0 chacun des partenaires de pr\u00e9senter leurs innovations et leur strat\u00e9gie \u00e0 l\u2019ensemble des labellis\u00e9s Imprim\u2019Luxe mais aussi \u00e0 l\u2019ensemble des acteurs qui constituent l\u2019industrie ; acc\u00e9der \u00e0 des conf\u00e9rences exclusives sur des cas pratiques d\u2019innovation m\u00e9tier et sur les tendances et les besoins \u00e0 venir des march\u00e9s du luxe et renforcer et tisser des liens forts entre tous les membres et donner un nouvel \u00e9lan aux projets industriel ggr\u00e2ce \u00e0 une exp\u00e9rience de networking privil\u00e9gi\u00e9e.<br>Association Loi 1901, Imprim\u2019Luxe est aussi devenu un label, rassemblant 50 labellis\u00e9s Imprim\u2019Luxe et 20 partenaires institutionnels et industriels, membres de l\u2019association dont l\u2019ambition est de relocaliser l\u2019impression de luxe en France.<br>L&rsquo;entr\u00e9e est libre pour l&rsquo;ensemble des acteurs du march\u00e9 \u00e0 condition de s&rsquo;inscrire au pr\u00e9alable sur ce lien : Les rencontres <a href=\"https:\/\/www.helloasso.com\/associations\/imprim-luxe\/evenements\/les-rencontres-imprim-luxe-2\" target=\"_blank\" rel=\"noreferrer noopener\"><strong>imprim&rsquo;luxe<\/strong><\/a><\/p>","protected":false},"excerpt":{"rendered":"<p>L\u2019association Imprim\u2019Luxe annonce la tenue de ses rencontres le 27 novembre prochain \u00e0 l\u2019H\u00f4tel de l\u2019Industrie, place Saint-Germain-des-Pr\u00e9s \u00e0 Paris. L\u2019occasion d\u2019\u00e9changer avec 15 partenaires pr\u00e9sents sur place et de d\u00e9couvrir deux conf\u00e9rences autour de l\u2019impression de luxe. Au programme de la journ\u00e9e, deux conf\u00e9rences, l&rsquo;une sur l&rsquo;innovation m\u00e9tier, et la deuxi\u00e8me sur le march\u00e9 [&hellip;]<\/p>","protected":false},"author":2,"featured_media":42682,"comment_status":"closed","ping_status":"closed","sticky":false,"template":"","format":"standard","meta":{"_acf_changed":false,"inline_featured_image":false,"iawp_total_views":3,"footnotes":""},"categories":[28,81,6],"tags":[],"class_list":["post-42681","post","type-post","status-publish","format-standard","has-post-thumbnail","hentry","category-article-entier","category-packaging","category-parfumerie-cosmetique"],"acf":[],"yoast_head":"<!-- This site is optimized with the Yoast SEO plugin v24.4 - https:\/\/yoast.com\/wordpress\/plugins\/seo\/ -->\n<title>Imprim\u2019Luxe organise ses prochaines Rencontres \u00e0 Paris - Emballage Digest<\/title>\n<meta name=\"robots\" content=\"index, follow, max-snippet:-1, max-image-preview:large, max-video-preview:-1\" \/>\n<link rel=\"canonical\" href=\"https:\/\/www.emballagedigest.fr\/en\/imprimluxe-organise-ses-prochaines-rencontres-a-paris\/\" \/>\n<meta property=\"og:locale\" content=\"en_GB\" \/>\n<meta property=\"og:type\" content=\"article\" \/>\n<meta property=\"og:title\" content=\"Imprim\u2019Luxe organise ses prochaines Rencontres \u00e0 Paris - Emballage Digest\" \/>\n<meta property=\"og:description\" content=\"L\u2019association Imprim\u2019Luxe annonce la tenue de ses rencontres le 27 novembre prochain \u00e0 l\u2019H\u00f4tel de l\u2019Industrie, place Saint-Germain-des-Pr\u00e9s \u00e0 Paris. L\u2019occasion d\u2019\u00e9changer avec 15 partenaires pr\u00e9sents sur place et de d\u00e9couvrir deux conf\u00e9rences autour de l\u2019impression de luxe. Au programme de la journ\u00e9e, deux conf\u00e9rences, l&rsquo;une sur l&rsquo;innovation m\u00e9tier, et la deuxi\u00e8me sur le march\u00e9 [&hellip;]\" \/>\n<meta property=\"og:url\" content=\"https:\/\/www.emballagedigest.fr\/en\/imprimluxe-organise-ses-prochaines-rencontres-a-paris\/\" \/>\n<meta property=\"og:site_name\" content=\"Emballage Digest\" \/>\n<meta property=\"article:published_time\" content=\"2024-11-21T00:10:35+00:00\" \/>\n<meta property=\"article:modified_time\" content=\"2024-11-21T00:10:37+00:00\" \/>\n<meta property=\"og:image\" content=\"https:\/\/www.emballagedigest.fr\/wp-content\/uploads\/2024\/11\/imprimluxe.jpg\" \/>\n\t<meta property=\"og:image:width\" content=\"800\" \/>\n\t<meta property=\"og:image:height\" content=\"478\" \/>\n\t<meta property=\"og:image:type\" content=\"image\/jpeg\" \/>\n<meta name=\"author\" content=\"Karine Duval\" \/>\n<meta name=\"twitter:card\" content=\"summary_large_image\" \/>\n<meta name=\"twitter:label1\" content=\"Written by\" \/>\n\t<meta name=\"twitter:data1\" content=\"Karine Duval\" \/>\n\t<meta name=\"twitter:label2\" content=\"Estimated reading time\" \/>\n\t<meta name=\"twitter:data2\" content=\"2 minutes\" \/>\n<script type=\"application\/ld+json\" class=\"yoast-schema-graph\">{\"@context\":\"https:\/\/schema.org\",\"@graph\":[{\"@type\":\"Article\",\"@id\":\"https:\/\/www.emballagedigest.fr\/imprimluxe-organise-ses-prochaines-rencontres-a-paris\/#article\",\"isPartOf\":{\"@id\":\"https:\/\/www.emballagedigest.fr\/imprimluxe-organise-ses-prochaines-rencontres-a-paris\/\"},\"author\":{\"name\":\"Karine Duval\",\"@id\":\"https:\/\/www.emballagedigest.fr\/#\/schema\/person\/76abe9f2b2ee4d3d520594c7a35da59f\"},\"headline\":\"Imprim\u2019Luxe organise ses prochaines Rencontres \u00e0 Paris\",\"datePublished\":\"2024-11-21T00:10:35+00:00\",\"dateModified\":\"2024-11-21T00:10:37+00:00\",\"mainEntityOfPage\":{\"@id\":\"https:\/\/www.emballagedigest.fr\/imprimluxe-organise-ses-prochaines-rencontres-a-paris\/\"},\"wordCount\":320,\"publisher\":{\"@id\":\"https:\/\/www.emballagedigest.fr\/#organization\"},\"image\":{\"@id\":\"https:\/\/www.emballagedigest.fr\/imprimluxe-organise-ses-prochaines-rencontres-a-paris\/#primaryimage\"},\"thumbnailUrl\":\"https:\/\/www.emballagedigest.fr\/wp-content\/uploads\/2024\/11\/imprimluxe.jpg\",\"articleSection\":[\"Article entier\",\"Packaging\",\"Parfumerie &amp; Cosm\u00e9tique\"],\"inLanguage\":\"en-GB\"},{\"@type\":\"WebPage\",\"@id\":\"https:\/\/www.emballagedigest.fr\/imprimluxe-organise-ses-prochaines-rencontres-a-paris\/\",\"url\":\"https:\/\/www.emballagedigest.fr\/imprimluxe-organise-ses-prochaines-rencontres-a-paris\/\",\"name\":\"Imprim\u2019Luxe organise ses prochaines Rencontres \u00e0 Paris - Emballage Digest\",\"isPartOf\":{\"@id\":\"https:\/\/www.emballagedigest.fr\/#website\"},\"primaryImageOfPage\":{\"@id\":\"https:\/\/www.emballagedigest.fr\/imprimluxe-organise-ses-prochaines-rencontres-a-paris\/#primaryimage\"},\"image\":{\"@id\":\"https:\/\/www.emballagedigest.fr\/imprimluxe-organise-ses-prochaines-rencontres-a-paris\/#primaryimage\"},\"thumbnailUrl\":\"https:\/\/www.emballagedigest.fr\/wp-content\/uploads\/2024\/11\/imprimluxe.jpg\",\"datePublished\":\"2024-11-21T00:10:35+00:00\",\"dateModified\":\"2024-11-21T00:10:37+00:00\",\"breadcrumb\":{\"@id\":\"https:\/\/www.emballagedigest.fr\/imprimluxe-organise-ses-prochaines-rencontres-a-paris\/#breadcrumb\"},\"inLanguage\":\"en-GB\",\"potentialAction\":[{\"@type\":\"ReadAction\",\"target\":[\"https:\/\/www.emballagedigest.fr\/imprimluxe-organise-ses-prochaines-rencontres-a-paris\/\"]}]},{\"@type\":\"ImageObject\",\"inLanguage\":\"en-GB\",\"@id\":\"https:\/\/www.emballagedigest.fr\/imprimluxe-organise-ses-prochaines-rencontres-a-paris\/#primaryimage\",\"url\":\"https:\/\/www.emballagedigest.fr\/wp-content\/uploads\/2024\/11\/imprimluxe.jpg\",\"contentUrl\":\"https:\/\/www.emballagedigest.fr\/wp-content\/uploads\/2024\/11\/imprimluxe.jpg\",\"width\":800,\"height\":478},{\"@type\":\"BreadcrumbList\",\"@id\":\"https:\/\/www.emballagedigest.fr\/imprimluxe-organise-ses-prochaines-rencontres-a-paris\/#breadcrumb\",\"itemListElement\":[{\"@type\":\"ListItem\",\"position\":1,\"name\":\"Accueil\",\"item\":\"https:\/\/www.emballagedigest.fr\/\"},{\"@type\":\"ListItem\",\"position\":2,\"name\":\"Imprim\u2019Luxe organise ses prochaines Rencontres \u00e0 Paris\"}]},{\"@type\":\"WebSite\",\"@id\":\"https:\/\/www.emballagedigest.fr\/#website\",\"url\":\"https:\/\/www.emballagedigest.fr\/\",\"name\":\"Emballage Digest\",\"description\":\"Revue professionnelle sur les emballages\",\"publisher\":{\"@id\":\"https:\/\/www.emballagedigest.fr\/#organization\"},\"potentialAction\":[{\"@type\":\"SearchAction\",\"target\":{\"@type\":\"EntryPoint\",\"urlTemplate\":\"https:\/\/www.emballagedigest.fr\/?s={search_term_string}\"},\"query-input\":{\"@type\":\"PropertyValueSpecification\",\"valueRequired\":true,\"valueName\":\"search_term_string\"}}],\"inLanguage\":\"en-GB\"},{\"@type\":\"Organization\",\"@id\":\"https:\/\/www.emballagedigest.fr\/#organization\",\"name\":\"Emballage Digest\",\"url\":\"https:\/\/www.emballagedigest.fr\/\",\"logo\":{\"@type\":\"ImageObject\",\"inLanguage\":\"en-GB\",\"@id\":\"https:\/\/www.emballagedigest.fr\/#\/schema\/logo\/image\/\",\"url\":\"https:\/\/www.emballagedigest.fr\/wp-content\/uploads\/2022\/07\/logo-ed.png\",\"contentUrl\":\"https:\/\/www.emballagedigest.fr\/wp-content\/uploads\/2022\/07\/logo-ed.png\",\"width\":379,\"height\":75,\"caption\":\"Emballage Digest\"},\"image\":{\"@id\":\"https:\/\/www.emballagedigest.fr\/#\/schema\/logo\/image\/\"}},{\"@type\":\"Person\",\"@id\":\"https:\/\/www.emballagedigest.fr\/#\/schema\/person\/76abe9f2b2ee4d3d520594c7a35da59f\",\"name\":\"Karine Duval\",\"image\":{\"@type\":\"ImageObject\",\"inLanguage\":\"en-GB\",\"@id\":\"https:\/\/www.emballagedigest.fr\/#\/schema\/person\/image\/\",\"url\":\"https:\/\/secure.gravatar.com\/avatar\/f552799261cdd2e076e6677d780ef07bdb13aa4c196ab75b39abcbcdcae2d4e5?s=96&d=mm&r=g\",\"contentUrl\":\"https:\/\/secure.gravatar.com\/avatar\/f552799261cdd2e076e6677d780ef07bdb13aa4c196ab75b39abcbcdcae2d4e5?s=96&d=mm&r=g\",\"caption\":\"Karine Duval\"},\"url\":\"https:\/\/www.emballagedigest.fr\/en\/author\/admin_karduv\/\"}]}<\/script>\n<!-- \/ Yoast SEO plugin. -->","yoast_head_json":{"title":"Imprim\u2019Luxe organise ses prochaines Rencontres \u00e0 Paris - Emballage Digest","robots":{"index":"index","follow":"follow","max-snippet":"max-snippet:-1","max-image-preview":"max-image-preview:large","max-video-preview":"max-video-preview:-1"},"canonical":"https:\/\/www.emballagedigest.fr\/en\/imprimluxe-organise-ses-prochaines-rencontres-a-paris\/","og_locale":"en_GB","og_type":"article","og_title":"Imprim\u2019Luxe organise ses prochaines Rencontres \u00e0 Paris - Emballage Digest","og_description":"L\u2019association Imprim\u2019Luxe annonce la tenue de ses rencontres le 27 novembre prochain \u00e0 l\u2019H\u00f4tel de l\u2019Industrie, place Saint-Germain-des-Pr\u00e9s \u00e0 Paris. L\u2019occasion d\u2019\u00e9changer avec 15 partenaires pr\u00e9sents sur place et de d\u00e9couvrir deux conf\u00e9rences autour de l\u2019impression de luxe. Au programme de la journ\u00e9e, deux conf\u00e9rences, l&rsquo;une sur l&rsquo;innovation m\u00e9tier, et la deuxi\u00e8me sur le march\u00e9 [&hellip;]","og_url":"https:\/\/www.emballagedigest.fr\/en\/imprimluxe-organise-ses-prochaines-rencontres-a-paris\/","og_site_name":"Emballage Digest","article_published_time":"2024-11-21T00:10:35+00:00","article_modified_time":"2024-11-21T00:10:37+00:00","og_image":[{"width":800,"height":478,"url":"https:\/\/www.emballagedigest.fr\/wp-content\/uploads\/2024\/11\/imprimluxe.jpg","type":"image\/jpeg"}],"author":"Karine Duval","twitter_card":"summary_large_image","twitter_misc":{"Written by":"Karine Duval","Estimated reading time":"2 minutes"},"schema":{"@context":"https:\/\/schema.org","@graph":[{"@type":"Article","@id":"https:\/\/www.emballagedigest.fr\/imprimluxe-organise-ses-prochaines-rencontres-a-paris\/#article","isPartOf":{"@id":"https:\/\/www.emballagedigest.fr\/imprimluxe-organise-ses-prochaines-rencontres-a-paris\/"},"author":{"name":"Karine Duval","@id":"https:\/\/www.emballagedigest.fr\/#\/schema\/person\/76abe9f2b2ee4d3d520594c7a35da59f"},"headline":"Imprim\u2019Luxe organise ses prochaines Rencontres \u00e0 Paris","datePublished":"2024-11-21T00:10:35+00:00","dateModified":"2024-11-21T00:10:37+00:00","mainEntityOfPage":{"@id":"https:\/\/www.emballagedigest.fr\/imprimluxe-organise-ses-prochaines-rencontres-a-paris\/"},"wordCount":320,"publisher":{"@id":"https:\/\/www.emballagedigest.fr\/#organization"},"image":{"@id":"https:\/\/www.emballagedigest.fr\/imprimluxe-organise-ses-prochaines-rencontres-a-paris\/#primaryimage"},"thumbnailUrl":"https:\/\/www.emballagedigest.fr\/wp-content\/uploads\/2024\/11\/imprimluxe.jpg","articleSection":["Article entier","Packaging","Parfumerie &amp; Cosm\u00e9tique"],"inLanguage":"en-GB"},{"@type":"WebPage","@id":"https:\/\/www.emballagedigest.fr\/imprimluxe-organise-ses-prochaines-rencontres-a-paris\/","url":"https:\/\/www.emballagedigest.fr\/imprimluxe-organise-ses-prochaines-rencontres-a-paris\/","name":"Imprim\u2019Luxe organise ses prochaines Rencontres \u00e0 Paris - Emballage Digest","isPartOf":{"@id":"https:\/\/www.emballagedigest.fr\/#website"},"primaryImageOfPage":{"@id":"https:\/\/www.emballagedigest.fr\/imprimluxe-organise-ses-prochaines-rencontres-a-paris\/#primaryimage"},"image":{"@id":"https:\/\/www.emballagedigest.fr\/imprimluxe-organise-ses-prochaines-rencontres-a-paris\/#primaryimage"},"thumbnailUrl":"https:\/\/www.emballagedigest.fr\/wp-content\/uploads\/2024\/11\/imprimluxe.jpg","datePublished":"2024-11-21T00:10:35+00:00","dateModified":"2024-11-21T00:10:37+00:00","breadcrumb":{"@id":"https:\/\/www.emballagedigest.fr\/imprimluxe-organise-ses-prochaines-rencontres-a-paris\/#breadcrumb"},"inLanguage":"en-GB","potentialAction":[{"@type":"ReadAction","target":["https:\/\/www.emballagedigest.fr\/imprimluxe-organise-ses-prochaines-rencontres-a-paris\/"]}]},{"@type":"ImageObject","inLanguage":"en-GB","@id":"https:\/\/www.emballagedigest.fr\/imprimluxe-organise-ses-prochaines-rencontres-a-paris\/#primaryimage","url":"https:\/\/www.emballagedigest.fr\/wp-content\/uploads\/2024\/11\/imprimluxe.jpg","contentUrl":"https:\/\/www.emballagedigest.fr\/wp-content\/uploads\/2024\/11\/imprimluxe.jpg","width":800,"height":478},{"@type":"BreadcrumbList","@id":"https:\/\/www.emballagedigest.fr\/imprimluxe-organise-ses-prochaines-rencontres-a-paris\/#breadcrumb","itemListElement":[{"@type":"ListItem","position":1,"name":"Accueil","item":"https:\/\/www.emballagedigest.fr\/"},{"@type":"ListItem","position":2,"name":"Imprim\u2019Luxe organise ses prochaines Rencontres \u00e0 Paris"}]},{"@type":"WebSite","@id":"https:\/\/www.emballagedigest.fr\/#website","url":"https:\/\/www.emballagedigest.fr\/","name":"Emballage Digest","description":"Revue professionnelle sur les emballages","publisher":{"@id":"https:\/\/www.emballagedigest.fr\/#organization"},"potentialAction":[{"@type":"SearchAction","target":{"@type":"EntryPoint","urlTemplate":"https:\/\/www.emballagedigest.fr\/?s={search_term_string}"},"query-input":{"@type":"PropertyValueSpecification","valueRequired":true,"valueName":"search_term_string"}}],"inLanguage":"en-GB"},{"@type":"Organization","@id":"https:\/\/www.emballagedigest.fr\/#organization","name":"Emballage Digest","url":"https:\/\/www.emballagedigest.fr\/","logo":{"@type":"ImageObject","inLanguage":"en-GB","@id":"https:\/\/www.emballagedigest.fr\/#\/schema\/logo\/image\/","url":"https:\/\/www.emballagedigest.fr\/wp-content\/uploads\/2022\/07\/logo-ed.png","contentUrl":"https:\/\/www.emballagedigest.fr\/wp-content\/uploads\/2022\/07\/logo-ed.png","width":379,"height":75,"caption":"Emballage Digest"},"image":{"@id":"https:\/\/www.emballagedigest.fr\/#\/schema\/logo\/image\/"}},{"@type":"Person","@id":"https:\/\/www.emballagedigest.fr\/#\/schema\/person\/76abe9f2b2ee4d3d520594c7a35da59f","name":"Karine Duval","image":{"@type":"ImageObject","inLanguage":"en-GB","@id":"https:\/\/www.emballagedigest.fr\/#\/schema\/person\/image\/","url":"https:\/\/secure.gravatar.com\/avatar\/f552799261cdd2e076e6677d780ef07bdb13aa4c196ab75b39abcbcdcae2d4e5?s=96&d=mm&r=g","contentUrl":"https:\/\/secure.gravatar.com\/avatar\/f552799261cdd2e076e6677d780ef07bdb13aa4c196ab75b39abcbcdcae2d4e5?s=96&d=mm&r=g","caption":"Karine Duval"},"url":"https:\/\/www.emballagedigest.fr\/en\/author\/admin_karduv\/"}]}},"_links":{"self":[{"href":"https:\/\/www.emballagedigest.fr\/en\/wp-json\/wp\/v2\/posts\/42681","targetHints":{"allow":["GET"]}}],"collection":[{"href":"https:\/\/www.emballagedigest.fr\/en\/wp-json\/wp\/v2\/posts"}],"about":[{"href":"https:\/\/www.emballagedigest.fr\/en\/wp-json\/wp\/v2\/types\/post"}],"author":[{"embeddable":true,"href":"https:\/\/www.emballagedigest.fr\/en\/wp-json\/wp\/v2\/users\/2"}],"replies":[{"embeddable":true,"href":"https:\/\/www.emballagedigest.fr\/en\/wp-json\/wp\/v2\/comments?post=42681"}],"version-history":[{"count":2,"href":"https:\/\/www.emballagedigest.fr\/en\/wp-json\/wp\/v2\/posts\/42681\/revisions"}],"predecessor-version":[{"id":42684,"href":"https:\/\/www.emballagedigest.fr\/en\/wp-json\/wp\/v2\/posts\/42681\/revisions\/42684"}],"wp:featuredmedia":[{"embeddable":true,"href":"https:\/\/www.emballagedigest.fr\/en\/wp-json\/wp\/v2\/media\/42682"}],"wp:attachment":[{"href":"https:\/\/www.emballagedigest.fr\/en\/wp-json\/wp\/v2\/media?parent=42681"}],"wp:term":[{"taxonomy":"category","embeddable":true,"href":"https:\/\/www.emballagedigest.fr\/en\/wp-json\/wp\/v2\/categories?post=42681"},{"taxonomy":"post_tag","embeddable":true,"href":"https:\/\/www.emballagedigest.fr\/en\/wp-json\/wp\/v2\/tags?post=42681"}],"curies":[{"name":"wp","href":"https:\/\/api.w.org\/{rel}","templated":true}]}}