{"id":42733,"date":"2024-11-29T00:04:49","date_gmt":"2024-11-28T23:04:49","guid":{"rendered":"https:\/\/www.emballagedigest.fr\/?p=42733"},"modified":"2024-12-02T09:00:37","modified_gmt":"2024-12-02T08:00:37","slug":"theegarten-pactec-expose-la-chs-a-prosweet","status":"publish","type":"post","link":"https:\/\/www.emballagedigest.fr\/en\/theegarten-pactec-expose-la-chs-a-prosweet\/","title":{"rendered":"Theegarten-Pactec expose la CHS \u00e0 Prosweet"},"content":{"rendered":"<p><strong>Le constructeur de machines Theegarten-Pactec pr\u00e9sentera sa derni\u00e8re innovation \u00e0 ProSweets Cologne 2025 du 2 au 5 f\u00e9vrier, capable d&#8217;emballer jusqu&rsquo;\u00e0 1 600 produits par minute avec une flexibilit\u00e9 in\u00e9gal\u00e9e.<\/strong><\/p>\n\n\n\n<p>La CHS de Theegarten-Pactec s&rsquo;impose comme la r\u00e9f\u00e9rence en mati\u00e8re de flexibilit\u00e9 et de performance dans l&#8217;emballage de confiseries. Con\u00e7ue pour s&rsquo;adapter aux besoins les plus exigeants des industriels, cette machine offre une flexibilit\u00e9 in\u00e9gal\u00e9e pour r\u00e9pondre aux exigences des march\u00e9s saisonniers (ex. No\u00ebl, P\u00e2ques, etc.) et aux \u00e9volutions des tendances de consommation.<\/p>\n\n\n\n<p>La CHS se pr\u00e9sente ainsi comme une v\u00e9ritable plateforme modulaire qui permet de passer rapidement et facilement d&rsquo;un format de produit \u00e0 un autre, d&rsquo;un type de pliage \u00e0 un autre, tout en pr\u00e9servant la qualit\u00e9 du produit&nbsp;: les changements de format sont ainsi rapides et simples, minimisant ainsi les temps d&rsquo;arr\u00eat de production et s\u00e9curisant l\u2019investissement de la machine. Le traitement d\u00e9licat des produits fragiles garantit une pr\u00e9sentation impeccable des confiseries. Une alimentation, en entr\u00e9e de machine, par bande \u00e0 une ou deux voies (ou par cha\u00eene assist\u00e9e par robot), qui permet d\u2019atteindre des cadences d\u2019emballage tr\u00e8s \u00e9lev\u00e9es, jusqu\u2019\u00e0 1 600 produits\/minute.<\/p>\n\n\n\n<figure class=\"wp-block-image size-full\"><img loading=\"lazy\" decoding=\"async\" width=\"800\" height=\"392\" src=\"https:\/\/www.emballagedigest.fr\/wp-content\/uploads\/2024\/11\/TheegartenPactec2.jpg\" alt=\"\" class=\"wp-image-42735\" srcset=\"https:\/\/www.emballagedigest.fr\/wp-content\/uploads\/2024\/11\/TheegartenPactec2.jpg 800w, https:\/\/www.emballagedigest.fr\/wp-content\/uploads\/2024\/11\/TheegartenPactec2-300x147.jpg 300w, https:\/\/www.emballagedigest.fr\/wp-content\/uploads\/2024\/11\/TheegartenPactec2-768x376.jpg 768w, https:\/\/www.emballagedigest.fr\/wp-content\/uploads\/2024\/11\/TheegartenPactec2-18x9.jpg 18w\" sizes=\"auto, (max-width: 800px) 100vw, 800px\" \/><\/figure>\n\n\n\n<p>Au salon ProSweets, la machine CHS en d\u00e9monstration effectuera des pliages \u00e0 tr\u00e8s haute cadence de petits carr\u00e9s de chocolat (napolitains), jusqu\u2019\u00e0 1 600 pi\u00e8ces\/minute offrant ainsi une d\u00e9monstration de sa pr\u00e9cision et de sa vitesse aux visiteurs.<\/p>\n\n\n\n<p>Performante, la machine CHS se distingue \u00e9galement par sa facilit\u00e9 d\u2019int\u00e9gration. Sa distribution en deux voies, en sortie de machine, \u00e0 raison de 2 x 800 unit\u00e9s par minute, lui permet ainsi d\u2019\u00eatre facilement int\u00e9gr\u00e9e \u00e0 des \u00e9quipements de fin de ligne existants.<\/p>\n\n\n\n<p>Les visiteurs pourront d\u00e9couvrir de nouveaux types de pliage disponibles sur la CHS, tels que les formats top twist, side twist, pliage viennois, \u0153ufs ou formes arrondies de chocolat, ainsi que le \u00ab&nbsp;fancy fold&nbsp;\u00bb, offrant une flexibilit\u00e9 \u00e9largie seront ainsi propos\u00e9s \u00e0 partir de 2025. Forte de son succ\u00e8s, 14 machines ont d\u2019ores et d\u00e9j\u00e0 \u00e9t\u00e9 mises en march\u00e9 et install\u00e9es avec succ\u00e8s.<\/p>","protected":false},"excerpt":{"rendered":"<p>Le constructeur de machines Theegarten-Pactec pr\u00e9sentera sa derni\u00e8re innovation \u00e0 ProSweets Cologne 2025 du 2 au 5 f\u00e9vrier, capable d&#8217;emballer jusqu&rsquo;\u00e0 1 600 produits par minute avec une flexibilit\u00e9 in\u00e9gal\u00e9e. La CHS de Theegarten-Pactec s&rsquo;impose comme la r\u00e9f\u00e9rence en mati\u00e8re de flexibilit\u00e9 et de performance dans l&#8217;emballage de confiseries. Con\u00e7ue pour s&rsquo;adapter aux besoins les [&hellip;]<\/p>","protected":false},"author":2,"featured_media":42734,"comment_status":"closed","ping_status":"closed","sticky":false,"template":"","format":"standard","meta":{"_acf_changed":false,"inline_featured_image":false,"iawp_total_views":1,"footnotes":""},"categories":[5,28,35],"tags":[],"class_list":["post-42733","post","type-post","status-publish","format-standard","has-post-thumbnail","hentry","category-alimentaire","category-article-entier","category-machines-fr"],"acf":[],"yoast_head":"<!-- This site is optimized with the Yoast SEO plugin v24.4 - https:\/\/yoast.com\/wordpress\/plugins\/seo\/ -->\n<title>Theegarten-Pactec expose la CHS \u00e0 Prosweet - Emballage Digest<\/title>\n<meta name=\"robots\" content=\"index, follow, max-snippet:-1, max-image-preview:large, max-video-preview:-1\" \/>\n<link rel=\"canonical\" href=\"https:\/\/www.emballagedigest.fr\/en\/theegarten-pactec-expose-la-chs-a-prosweet\/\" \/>\n<meta property=\"og:locale\" content=\"en_GB\" \/>\n<meta property=\"og:type\" content=\"article\" \/>\n<meta property=\"og:title\" content=\"Theegarten-Pactec expose la CHS \u00e0 Prosweet - Emballage Digest\" \/>\n<meta property=\"og:description\" content=\"Le constructeur de machines Theegarten-Pactec pr\u00e9sentera sa derni\u00e8re innovation \u00e0 ProSweets Cologne 2025 du 2 au 5 f\u00e9vrier, capable d&#8217;emballer jusqu&rsquo;\u00e0 1 600 produits par minute avec une flexibilit\u00e9 in\u00e9gal\u00e9e. La CHS de Theegarten-Pactec s&rsquo;impose comme la r\u00e9f\u00e9rence en mati\u00e8re de flexibilit\u00e9 et de performance dans l&#8217;emballage de confiseries. Con\u00e7ue pour s&rsquo;adapter aux besoins les [&hellip;]\" \/>\n<meta property=\"og:url\" content=\"https:\/\/www.emballagedigest.fr\/en\/theegarten-pactec-expose-la-chs-a-prosweet\/\" \/>\n<meta property=\"og:site_name\" content=\"Emballage Digest\" \/>\n<meta property=\"article:published_time\" content=\"2024-11-28T23:04:49+00:00\" \/>\n<meta property=\"article:modified_time\" content=\"2024-12-02T08:00:37+00:00\" \/>\n<meta property=\"og:image\" content=\"https:\/\/www.emballagedigest.fr\/wp-content\/uploads\/2024\/11\/TheegartenPactec1.jpg\" \/>\n\t<meta property=\"og:image:width\" content=\"800\" \/>\n\t<meta property=\"og:image:height\" content=\"600\" \/>\n\t<meta property=\"og:image:type\" content=\"image\/jpeg\" \/>\n<meta name=\"author\" content=\"Karine Duval\" \/>\n<meta name=\"twitter:card\" content=\"summary_large_image\" \/>\n<meta name=\"twitter:label1\" content=\"Written by\" \/>\n\t<meta name=\"twitter:data1\" content=\"Karine Duval\" \/>\n\t<meta name=\"twitter:label2\" content=\"Estimated reading time\" \/>\n\t<meta name=\"twitter:data2\" content=\"2 minutes\" \/>\n<script type=\"application\/ld+json\" class=\"yoast-schema-graph\">{\"@context\":\"https:\/\/schema.org\",\"@graph\":[{\"@type\":\"Article\",\"@id\":\"https:\/\/www.emballagedigest.fr\/theegarten-pactec-expose-la-chs-a-prosweet\/#article\",\"isPartOf\":{\"@id\":\"https:\/\/www.emballagedigest.fr\/theegarten-pactec-expose-la-chs-a-prosweet\/\"},\"author\":{\"name\":\"Karine Duval\",\"@id\":\"https:\/\/www.emballagedigest.fr\/#\/schema\/person\/76abe9f2b2ee4d3d520594c7a35da59f\"},\"headline\":\"Theegarten-Pactec expose la CHS \u00e0 Prosweet\",\"datePublished\":\"2024-11-28T23:04:49+00:00\",\"dateModified\":\"2024-12-02T08:00:37+00:00\",\"mainEntityOfPage\":{\"@id\":\"https:\/\/www.emballagedigest.fr\/theegarten-pactec-expose-la-chs-a-prosweet\/\"},\"wordCount\":375,\"publisher\":{\"@id\":\"https:\/\/www.emballagedigest.fr\/#organization\"},\"image\":{\"@id\":\"https:\/\/www.emballagedigest.fr\/theegarten-pactec-expose-la-chs-a-prosweet\/#primaryimage\"},\"thumbnailUrl\":\"https:\/\/www.emballagedigest.fr\/wp-content\/uploads\/2024\/11\/TheegartenPactec1.jpg\",\"articleSection\":[\"Alimentaire\",\"Article entier\",\"Machines\"],\"inLanguage\":\"en-GB\"},{\"@type\":\"WebPage\",\"@id\":\"https:\/\/www.emballagedigest.fr\/theegarten-pactec-expose-la-chs-a-prosweet\/\",\"url\":\"https:\/\/www.emballagedigest.fr\/theegarten-pactec-expose-la-chs-a-prosweet\/\",\"name\":\"Theegarten-Pactec expose la CHS \u00e0 Prosweet - Emballage Digest\",\"isPartOf\":{\"@id\":\"https:\/\/www.emballagedigest.fr\/#website\"},\"primaryImageOfPage\":{\"@id\":\"https:\/\/www.emballagedigest.fr\/theegarten-pactec-expose-la-chs-a-prosweet\/#primaryimage\"},\"image\":{\"@id\":\"https:\/\/www.emballagedigest.fr\/theegarten-pactec-expose-la-chs-a-prosweet\/#primaryimage\"},\"thumbnailUrl\":\"https:\/\/www.emballagedigest.fr\/wp-content\/uploads\/2024\/11\/TheegartenPactec1.jpg\",\"datePublished\":\"2024-11-28T23:04:49+00:00\",\"dateModified\":\"2024-12-02T08:00:37+00:00\",\"breadcrumb\":{\"@id\":\"https:\/\/www.emballagedigest.fr\/theegarten-pactec-expose-la-chs-a-prosweet\/#breadcrumb\"},\"inLanguage\":\"en-GB\",\"potentialAction\":[{\"@type\":\"ReadAction\",\"target\":[\"https:\/\/www.emballagedigest.fr\/theegarten-pactec-expose-la-chs-a-prosweet\/\"]}]},{\"@type\":\"ImageObject\",\"inLanguage\":\"en-GB\",\"@id\":\"https:\/\/www.emballagedigest.fr\/theegarten-pactec-expose-la-chs-a-prosweet\/#primaryimage\",\"url\":\"https:\/\/www.emballagedigest.fr\/wp-content\/uploads\/2024\/11\/TheegartenPactec1.jpg\",\"contentUrl\":\"https:\/\/www.emballagedigest.fr\/wp-content\/uploads\/2024\/11\/TheegartenPactec1.jpg\",\"width\":800,\"height\":600},{\"@type\":\"BreadcrumbList\",\"@id\":\"https:\/\/www.emballagedigest.fr\/theegarten-pactec-expose-la-chs-a-prosweet\/#breadcrumb\",\"itemListElement\":[{\"@type\":\"ListItem\",\"position\":1,\"name\":\"Accueil\",\"item\":\"https:\/\/www.emballagedigest.fr\/\"},{\"@type\":\"ListItem\",\"position\":2,\"name\":\"Theegarten-Pactec expose la CHS \u00e0 Prosweet\"}]},{\"@type\":\"WebSite\",\"@id\":\"https:\/\/www.emballagedigest.fr\/#website\",\"url\":\"https:\/\/www.emballagedigest.fr\/\",\"name\":\"Emballage Digest\",\"description\":\"Revue professionnelle sur les emballages\",\"publisher\":{\"@id\":\"https:\/\/www.emballagedigest.fr\/#organization\"},\"potentialAction\":[{\"@type\":\"SearchAction\",\"target\":{\"@type\":\"EntryPoint\",\"urlTemplate\":\"https:\/\/www.emballagedigest.fr\/?s={search_term_string}\"},\"query-input\":{\"@type\":\"PropertyValueSpecification\",\"valueRequired\":true,\"valueName\":\"search_term_string\"}}],\"inLanguage\":\"en-GB\"},{\"@type\":\"Organization\",\"@id\":\"https:\/\/www.emballagedigest.fr\/#organization\",\"name\":\"Emballage Digest\",\"url\":\"https:\/\/www.emballagedigest.fr\/\",\"logo\":{\"@type\":\"ImageObject\",\"inLanguage\":\"en-GB\",\"@id\":\"https:\/\/www.emballagedigest.fr\/#\/schema\/logo\/image\/\",\"url\":\"https:\/\/www.emballagedigest.fr\/wp-content\/uploads\/2022\/07\/logo-ed.png\",\"contentUrl\":\"https:\/\/www.emballagedigest.fr\/wp-content\/uploads\/2022\/07\/logo-ed.png\",\"width\":379,\"height\":75,\"caption\":\"Emballage Digest\"},\"image\":{\"@id\":\"https:\/\/www.emballagedigest.fr\/#\/schema\/logo\/image\/\"}},{\"@type\":\"Person\",\"@id\":\"https:\/\/www.emballagedigest.fr\/#\/schema\/person\/76abe9f2b2ee4d3d520594c7a35da59f\",\"name\":\"Karine Duval\",\"image\":{\"@type\":\"ImageObject\",\"inLanguage\":\"en-GB\",\"@id\":\"https:\/\/www.emballagedigest.fr\/#\/schema\/person\/image\/\",\"url\":\"https:\/\/secure.gravatar.com\/avatar\/f552799261cdd2e076e6677d780ef07bdb13aa4c196ab75b39abcbcdcae2d4e5?s=96&d=mm&r=g\",\"contentUrl\":\"https:\/\/secure.gravatar.com\/avatar\/f552799261cdd2e076e6677d780ef07bdb13aa4c196ab75b39abcbcdcae2d4e5?s=96&d=mm&r=g\",\"caption\":\"Karine Duval\"},\"url\":\"https:\/\/www.emballagedigest.fr\/en\/author\/admin_karduv\/\"}]}<\/script>\n<!-- \/ Yoast SEO plugin. -->","yoast_head_json":{"title":"Theegarten-Pactec expose la CHS \u00e0 Prosweet - Emballage Digest","robots":{"index":"index","follow":"follow","max-snippet":"max-snippet:-1","max-image-preview":"max-image-preview:large","max-video-preview":"max-video-preview:-1"},"canonical":"https:\/\/www.emballagedigest.fr\/en\/theegarten-pactec-expose-la-chs-a-prosweet\/","og_locale":"en_GB","og_type":"article","og_title":"Theegarten-Pactec expose la CHS \u00e0 Prosweet - Emballage Digest","og_description":"Le constructeur de machines Theegarten-Pactec pr\u00e9sentera sa derni\u00e8re innovation \u00e0 ProSweets Cologne 2025 du 2 au 5 f\u00e9vrier, capable d&#8217;emballer jusqu&rsquo;\u00e0 1 600 produits par minute avec une flexibilit\u00e9 in\u00e9gal\u00e9e. La CHS de Theegarten-Pactec s&rsquo;impose comme la r\u00e9f\u00e9rence en mati\u00e8re de flexibilit\u00e9 et de performance dans l&#8217;emballage de confiseries. Con\u00e7ue pour s&rsquo;adapter aux besoins les [&hellip;]","og_url":"https:\/\/www.emballagedigest.fr\/en\/theegarten-pactec-expose-la-chs-a-prosweet\/","og_site_name":"Emballage Digest","article_published_time":"2024-11-28T23:04:49+00:00","article_modified_time":"2024-12-02T08:00:37+00:00","og_image":[{"width":800,"height":600,"url":"https:\/\/www.emballagedigest.fr\/wp-content\/uploads\/2024\/11\/TheegartenPactec1.jpg","type":"image\/jpeg"}],"author":"Karine Duval","twitter_card":"summary_large_image","twitter_misc":{"Written by":"Karine Duval","Estimated reading time":"2 minutes"},"schema":{"@context":"https:\/\/schema.org","@graph":[{"@type":"Article","@id":"https:\/\/www.emballagedigest.fr\/theegarten-pactec-expose-la-chs-a-prosweet\/#article","isPartOf":{"@id":"https:\/\/www.emballagedigest.fr\/theegarten-pactec-expose-la-chs-a-prosweet\/"},"author":{"name":"Karine Duval","@id":"https:\/\/www.emballagedigest.fr\/#\/schema\/person\/76abe9f2b2ee4d3d520594c7a35da59f"},"headline":"Theegarten-Pactec expose la CHS \u00e0 Prosweet","datePublished":"2024-11-28T23:04:49+00:00","dateModified":"2024-12-02T08:00:37+00:00","mainEntityOfPage":{"@id":"https:\/\/www.emballagedigest.fr\/theegarten-pactec-expose-la-chs-a-prosweet\/"},"wordCount":375,"publisher":{"@id":"https:\/\/www.emballagedigest.fr\/#organization"},"image":{"@id":"https:\/\/www.emballagedigest.fr\/theegarten-pactec-expose-la-chs-a-prosweet\/#primaryimage"},"thumbnailUrl":"https:\/\/www.emballagedigest.fr\/wp-content\/uploads\/2024\/11\/TheegartenPactec1.jpg","articleSection":["Alimentaire","Article entier","Machines"],"inLanguage":"en-GB"},{"@type":"WebPage","@id":"https:\/\/www.emballagedigest.fr\/theegarten-pactec-expose-la-chs-a-prosweet\/","url":"https:\/\/www.emballagedigest.fr\/theegarten-pactec-expose-la-chs-a-prosweet\/","name":"Theegarten-Pactec expose la CHS \u00e0 Prosweet - Emballage Digest","isPartOf":{"@id":"https:\/\/www.emballagedigest.fr\/#website"},"primaryImageOfPage":{"@id":"https:\/\/www.emballagedigest.fr\/theegarten-pactec-expose-la-chs-a-prosweet\/#primaryimage"},"image":{"@id":"https:\/\/www.emballagedigest.fr\/theegarten-pactec-expose-la-chs-a-prosweet\/#primaryimage"},"thumbnailUrl":"https:\/\/www.emballagedigest.fr\/wp-content\/uploads\/2024\/11\/TheegartenPactec1.jpg","datePublished":"2024-11-28T23:04:49+00:00","dateModified":"2024-12-02T08:00:37+00:00","breadcrumb":{"@id":"https:\/\/www.emballagedigest.fr\/theegarten-pactec-expose-la-chs-a-prosweet\/#breadcrumb"},"inLanguage":"en-GB","potentialAction":[{"@type":"ReadAction","target":["https:\/\/www.emballagedigest.fr\/theegarten-pactec-expose-la-chs-a-prosweet\/"]}]},{"@type":"ImageObject","inLanguage":"en-GB","@id":"https:\/\/www.emballagedigest.fr\/theegarten-pactec-expose-la-chs-a-prosweet\/#primaryimage","url":"https:\/\/www.emballagedigest.fr\/wp-content\/uploads\/2024\/11\/TheegartenPactec1.jpg","contentUrl":"https:\/\/www.emballagedigest.fr\/wp-content\/uploads\/2024\/11\/TheegartenPactec1.jpg","width":800,"height":600},{"@type":"BreadcrumbList","@id":"https:\/\/www.emballagedigest.fr\/theegarten-pactec-expose-la-chs-a-prosweet\/#breadcrumb","itemListElement":[{"@type":"ListItem","position":1,"name":"Accueil","item":"https:\/\/www.emballagedigest.fr\/"},{"@type":"ListItem","position":2,"name":"Theegarten-Pactec expose la CHS \u00e0 Prosweet"}]},{"@type":"WebSite","@id":"https:\/\/www.emballagedigest.fr\/#website","url":"https:\/\/www.emballagedigest.fr\/","name":"Emballage Digest","description":"Revue professionnelle sur les emballages","publisher":{"@id":"https:\/\/www.emballagedigest.fr\/#organization"},"potentialAction":[{"@type":"SearchAction","target":{"@type":"EntryPoint","urlTemplate":"https:\/\/www.emballagedigest.fr\/?s={search_term_string}"},"query-input":{"@type":"PropertyValueSpecification","valueRequired":true,"valueName":"search_term_string"}}],"inLanguage":"en-GB"},{"@type":"Organization","@id":"https:\/\/www.emballagedigest.fr\/#organization","name":"Emballage Digest","url":"https:\/\/www.emballagedigest.fr\/","logo":{"@type":"ImageObject","inLanguage":"en-GB","@id":"https:\/\/www.emballagedigest.fr\/#\/schema\/logo\/image\/","url":"https:\/\/www.emballagedigest.fr\/wp-content\/uploads\/2022\/07\/logo-ed.png","contentUrl":"https:\/\/www.emballagedigest.fr\/wp-content\/uploads\/2022\/07\/logo-ed.png","width":379,"height":75,"caption":"Emballage Digest"},"image":{"@id":"https:\/\/www.emballagedigest.fr\/#\/schema\/logo\/image\/"}},{"@type":"Person","@id":"https:\/\/www.emballagedigest.fr\/#\/schema\/person\/76abe9f2b2ee4d3d520594c7a35da59f","name":"Karine Duval","image":{"@type":"ImageObject","inLanguage":"en-GB","@id":"https:\/\/www.emballagedigest.fr\/#\/schema\/person\/image\/","url":"https:\/\/secure.gravatar.com\/avatar\/f552799261cdd2e076e6677d780ef07bdb13aa4c196ab75b39abcbcdcae2d4e5?s=96&d=mm&r=g","contentUrl":"https:\/\/secure.gravatar.com\/avatar\/f552799261cdd2e076e6677d780ef07bdb13aa4c196ab75b39abcbcdcae2d4e5?s=96&d=mm&r=g","caption":"Karine Duval"},"url":"https:\/\/www.emballagedigest.fr\/en\/author\/admin_karduv\/"}]}},"_links":{"self":[{"href":"https:\/\/www.emballagedigest.fr\/en\/wp-json\/wp\/v2\/posts\/42733","targetHints":{"allow":["GET"]}}],"collection":[{"href":"https:\/\/www.emballagedigest.fr\/en\/wp-json\/wp\/v2\/posts"}],"about":[{"href":"https:\/\/www.emballagedigest.fr\/en\/wp-json\/wp\/v2\/types\/post"}],"author":[{"embeddable":true,"href":"https:\/\/www.emballagedigest.fr\/en\/wp-json\/wp\/v2\/users\/2"}],"replies":[{"embeddable":true,"href":"https:\/\/www.emballagedigest.fr\/en\/wp-json\/wp\/v2\/comments?post=42733"}],"version-history":[{"count":1,"href":"https:\/\/www.emballagedigest.fr\/en\/wp-json\/wp\/v2\/posts\/42733\/revisions"}],"predecessor-version":[{"id":42736,"href":"https:\/\/www.emballagedigest.fr\/en\/wp-json\/wp\/v2\/posts\/42733\/revisions\/42736"}],"wp:featuredmedia":[{"embeddable":true,"href":"https:\/\/www.emballagedigest.fr\/en\/wp-json\/wp\/v2\/media\/42734"}],"wp:attachment":[{"href":"https:\/\/www.emballagedigest.fr\/en\/wp-json\/wp\/v2\/media?parent=42733"}],"wp:term":[{"taxonomy":"category","embeddable":true,"href":"https:\/\/www.emballagedigest.fr\/en\/wp-json\/wp\/v2\/categories?post=42733"},{"taxonomy":"post_tag","embeddable":true,"href":"https:\/\/www.emballagedigest.fr\/en\/wp-json\/wp\/v2\/tags?post=42733"}],"curies":[{"name":"wp","href":"https:\/\/api.w.org\/{rel}","templated":true}]}}