{"id":42745,"date":"2024-12-02T09:01:30","date_gmt":"2024-12-02T08:01:30","guid":{"rendered":"https:\/\/www.emballagedigest.fr\/?p=42745"},"modified":"2024-12-03T00:59:17","modified_gmt":"2024-12-02T23:59:17","slug":"federec-evolue-et-devient-federrec","status":"publish","type":"post","link":"https:\/\/www.emballagedigest.fr\/en\/federec-evolue-et-devient-federrec\/","title":{"rendered":"Federec \u00e9volue et devient Federrec"},"content":{"rendered":"<p><strong>\u00c0 l\u2019occasion de son Assembl\u00e9e g\u00e9n\u00e9rale extraordinaire qui s\u2019est tenue la semaine derni\u00e8re sur le salon Pollutec Paris, le salon international des solutions pour l&rsquo;environnement et l&rsquo;\u00e9nergie, FEDEREC, la F\u00e9d\u00e9ration des entreprises du recyclage, a valid\u00e9 son nouveau nom :&nbsp;FEDERREC \u2013 F\u00e9d\u00e9ration du Recyclage, du R\u00e9emploi et de l\u2019\u00c9conomie Circulaire.<\/strong><\/p>\n\n\n\n<p>Ce changement refl\u00e8te une \u00e9volution majeure dans la strat\u00e9gie de la f\u00e9d\u00e9ration \u00e0 l\u2019heure o\u00f9 le r\u00e9emploi, la r\u00e9utilisation et la r\u00e9paration s\u2019imposent&nbsp;au c\u00f4t\u00e9 du recyclage comme&nbsp;un&nbsp;des piliers de la transition vers une \u00e9conomie circulaire. Dans un contexte de transition vers des mod\u00e8les \u00e9conomiques plus durables, le r\u00e9emploi et la r\u00e9utilisation jouent un r\u00f4le central pour optimiser la gestion du cycle de vie des produits, cr\u00e9er des emplois locaux et durables, et promouvoir des solutions adapt\u00e9es \u00e0 l\u2019am\u00e9nagement du territoire, explique la f\u00e9d\u00e9ration.<\/p>\n\n\n\n<p>Si le r\u00e9emploi n\u2019est pas une nouveaut\u00e9 pour beaucoup d\u2019acteurs du recyclage, l\u2019important d\u00e9veloppement de cette activit\u00e9 a incit\u00e9 FEDERREC \u00e0 se positionner comme un acteur-cl\u00e9 de cette transformation en l\u2019int\u00e9grant pleinement dans ses statuts. Cette \u00e9volution strat\u00e9gique vise \u00e0&nbsp;cr\u00e9er des synergies entre les acteurs historiques du recyclage et les nouveaux intervenants du r\u00e9emploi, tout en adaptant les fili\u00e8res professionnelles aux mutations du march\u00e9.<\/p>\n\n\n\n<p>Concr\u00e8tement, cette transformation s\u2019accompagne d\u2019une cr\u00e9ation d\u2019une commission transversale R\u00e9emploi charg\u00e9e de coordonner les actions strat\u00e9giques sur ces th\u00e9matiques au sein des diff\u00e9rentes fili\u00e8res de la F\u00e9d\u00e9ration. Et de l\u2019ouverture de la F\u00e9d\u00e9ration aux acteurs du r\u00e9emploi, certains \u00e9tant d\u00e9j\u00e0 adh\u00e9rents historiques, comme ceux intervenant dans le r\u00e9emploi de palettes en bois, des textiles, le reconditionnement de DEEE, ou encore la valorisation de pi\u00e8ces issues de l\u2019\u00e9conomie circulaire dans le secteur automobile.<\/p>\n\n\n\n<p>Ce repositionnement permettra de renforcer l\u2019attractivit\u00e9 de la F\u00e9d\u00e9ration&nbsp;aupr\u00e8s des nouveaux acteurs \u00e9conomiques&nbsp;; de faciliter l\u2019adaptation des fili\u00e8res&nbsp;aux exigences r\u00e9glementaires et aux attentes soci\u00e9tales et de d\u00e9velopper des solutions innovantes&nbsp;pour acc\u00e9l\u00e9rer la circularit\u00e9 des ressources.<\/p>\n\n\n\n<p>Pour marquer cette \u00e9volution et souhaitant, \u00e0 l\u2019aube de ses&nbsp;80 ans, moderniser son image, le logo de FEDERREC se modifie avec de nouvelles couleurs et un all\u00e8gement graphique. \u00ab&nbsp;Cette \u00e9volution de nos statuts est naturelle et vient ent\u00e9riner une pratique historique de nos adh\u00e9rents. La Loi AGEC est venue renforcer les moyens d\u00e9di\u00e9s aux fili\u00e8res du r\u00e9emploi, il \u00e9tait naturel que notre f\u00e9d\u00e9ration s\u2019implique pour travailler \u00e0 la coh\u00e9rence et au pragmatisme de ces pratiques visant \u00e0 pr\u00e9server les ressources de la plan\u00e8te&nbsp;\u00bb, a comment\u00e9 Fran\u00e7ois Excoffier, pr\u00e9sident de la FEDERREC.<\/p>","protected":false},"excerpt":{"rendered":"<p>\u00c0 l\u2019occasion de son Assembl\u00e9e g\u00e9n\u00e9rale extraordinaire qui s\u2019est tenue la semaine derni\u00e8re sur le salon Pollutec Paris, le salon international des solutions pour l&rsquo;environnement et l&rsquo;\u00e9nergie, FEDEREC, la F\u00e9d\u00e9ration des entreprises du recyclage, a valid\u00e9 son nouveau nom :&nbsp;FEDERREC \u2013 F\u00e9d\u00e9ration du Recyclage, du R\u00e9emploi et de l\u2019\u00c9conomie Circulaire. Ce changement refl\u00e8te une \u00e9volution [&hellip;]<\/p>","protected":false},"author":2,"featured_media":42746,"comment_status":"closed","ping_status":"closed","sticky":false,"template":"","format":"standard","meta":{"_acf_changed":false,"inline_featured_image":false,"iawp_total_views":6,"footnotes":""},"categories":[28,10],"tags":[],"class_list":["post-42745","post","type-post","status-publish","format-standard","has-post-thumbnail","hentry","category-article-entier","category-materiaux"],"acf":[],"yoast_head":"<!-- This site is optimized with the Yoast SEO plugin v24.4 - https:\/\/yoast.com\/wordpress\/plugins\/seo\/ -->\n<title>Federec \u00e9volue et devient Federrec - Emballage Digest<\/title>\n<meta name=\"robots\" content=\"index, follow, max-snippet:-1, max-image-preview:large, max-video-preview:-1\" \/>\n<link rel=\"canonical\" href=\"https:\/\/www.emballagedigest.fr\/en\/federec-evolue-et-devient-federrec\/\" \/>\n<meta property=\"og:locale\" content=\"en_GB\" \/>\n<meta property=\"og:type\" content=\"article\" \/>\n<meta property=\"og:title\" content=\"Federec \u00e9volue et devient Federrec - Emballage Digest\" \/>\n<meta property=\"og:description\" content=\"\u00c0 l\u2019occasion de son Assembl\u00e9e g\u00e9n\u00e9rale extraordinaire qui s\u2019est tenue la semaine derni\u00e8re sur le salon Pollutec Paris, le salon international des solutions pour l&rsquo;environnement et l&rsquo;\u00e9nergie, FEDEREC, la F\u00e9d\u00e9ration des entreprises du recyclage, a valid\u00e9 son nouveau nom :&nbsp;FEDERREC \u2013 F\u00e9d\u00e9ration du Recyclage, du R\u00e9emploi et de l\u2019\u00c9conomie Circulaire. Ce changement refl\u00e8te une \u00e9volution [&hellip;]\" \/>\n<meta property=\"og:url\" content=\"https:\/\/www.emballagedigest.fr\/en\/federec-evolue-et-devient-federrec\/\" \/>\n<meta property=\"og:site_name\" content=\"Emballage Digest\" \/>\n<meta property=\"article:published_time\" content=\"2024-12-02T08:01:30+00:00\" \/>\n<meta property=\"article:modified_time\" content=\"2024-12-02T23:59:17+00:00\" \/>\n<meta property=\"og:image\" content=\"https:\/\/www.emballagedigest.fr\/wp-content\/uploads\/2024\/12\/federrec.jpg\" \/>\n\t<meta property=\"og:image:width\" content=\"800\" \/>\n\t<meta property=\"og:image:height\" content=\"600\" \/>\n\t<meta property=\"og:image:type\" content=\"image\/jpeg\" \/>\n<meta name=\"author\" content=\"Karine Duval\" \/>\n<meta name=\"twitter:card\" content=\"summary_large_image\" \/>\n<meta name=\"twitter:label1\" content=\"Written by\" \/>\n\t<meta name=\"twitter:data1\" content=\"Karine Duval\" \/>\n\t<meta name=\"twitter:label2\" content=\"Estimated reading time\" \/>\n\t<meta name=\"twitter:data2\" content=\"3 minutes\" \/>\n<script type=\"application\/ld+json\" class=\"yoast-schema-graph\">{\"@context\":\"https:\/\/schema.org\",\"@graph\":[{\"@type\":\"Article\",\"@id\":\"https:\/\/www.emballagedigest.fr\/federec-evolue-et-devient-federrec\/#article\",\"isPartOf\":{\"@id\":\"https:\/\/www.emballagedigest.fr\/federec-evolue-et-devient-federrec\/\"},\"author\":{\"name\":\"Karine Duval\",\"@id\":\"https:\/\/www.emballagedigest.fr\/#\/schema\/person\/76abe9f2b2ee4d3d520594c7a35da59f\"},\"headline\":\"Federec \u00e9volue et devient Federrec\",\"datePublished\":\"2024-12-02T08:01:30+00:00\",\"dateModified\":\"2024-12-02T23:59:17+00:00\",\"mainEntityOfPage\":{\"@id\":\"https:\/\/www.emballagedigest.fr\/federec-evolue-et-devient-federrec\/\"},\"wordCount\":504,\"publisher\":{\"@id\":\"https:\/\/www.emballagedigest.fr\/#organization\"},\"image\":{\"@id\":\"https:\/\/www.emballagedigest.fr\/federec-evolue-et-devient-federrec\/#primaryimage\"},\"thumbnailUrl\":\"https:\/\/www.emballagedigest.fr\/wp-content\/uploads\/2024\/12\/federrec.jpg\",\"articleSection\":[\"Article entier\",\"Mat\u00e9riaux\"],\"inLanguage\":\"en-GB\"},{\"@type\":\"WebPage\",\"@id\":\"https:\/\/www.emballagedigest.fr\/federec-evolue-et-devient-federrec\/\",\"url\":\"https:\/\/www.emballagedigest.fr\/federec-evolue-et-devient-federrec\/\",\"name\":\"Federec \u00e9volue et devient Federrec - Emballage Digest\",\"isPartOf\":{\"@id\":\"https:\/\/www.emballagedigest.fr\/#website\"},\"primaryImageOfPage\":{\"@id\":\"https:\/\/www.emballagedigest.fr\/federec-evolue-et-devient-federrec\/#primaryimage\"},\"image\":{\"@id\":\"https:\/\/www.emballagedigest.fr\/federec-evolue-et-devient-federrec\/#primaryimage\"},\"thumbnailUrl\":\"https:\/\/www.emballagedigest.fr\/wp-content\/uploads\/2024\/12\/federrec.jpg\",\"datePublished\":\"2024-12-02T08:01:30+00:00\",\"dateModified\":\"2024-12-02T23:59:17+00:00\",\"breadcrumb\":{\"@id\":\"https:\/\/www.emballagedigest.fr\/federec-evolue-et-devient-federrec\/#breadcrumb\"},\"inLanguage\":\"en-GB\",\"potentialAction\":[{\"@type\":\"ReadAction\",\"target\":[\"https:\/\/www.emballagedigest.fr\/federec-evolue-et-devient-federrec\/\"]}]},{\"@type\":\"ImageObject\",\"inLanguage\":\"en-GB\",\"@id\":\"https:\/\/www.emballagedigest.fr\/federec-evolue-et-devient-federrec\/#primaryimage\",\"url\":\"https:\/\/www.emballagedigest.fr\/wp-content\/uploads\/2024\/12\/federrec.jpg\",\"contentUrl\":\"https:\/\/www.emballagedigest.fr\/wp-content\/uploads\/2024\/12\/federrec.jpg\",\"width\":800,\"height\":600},{\"@type\":\"BreadcrumbList\",\"@id\":\"https:\/\/www.emballagedigest.fr\/federec-evolue-et-devient-federrec\/#breadcrumb\",\"itemListElement\":[{\"@type\":\"ListItem\",\"position\":1,\"name\":\"Accueil\",\"item\":\"https:\/\/www.emballagedigest.fr\/\"},{\"@type\":\"ListItem\",\"position\":2,\"name\":\"Federec \u00e9volue et devient Federrec\"}]},{\"@type\":\"WebSite\",\"@id\":\"https:\/\/www.emballagedigest.fr\/#website\",\"url\":\"https:\/\/www.emballagedigest.fr\/\",\"name\":\"Emballage Digest\",\"description\":\"Revue professionnelle sur les emballages\",\"publisher\":{\"@id\":\"https:\/\/www.emballagedigest.fr\/#organization\"},\"potentialAction\":[{\"@type\":\"SearchAction\",\"target\":{\"@type\":\"EntryPoint\",\"urlTemplate\":\"https:\/\/www.emballagedigest.fr\/?s={search_term_string}\"},\"query-input\":{\"@type\":\"PropertyValueSpecification\",\"valueRequired\":true,\"valueName\":\"search_term_string\"}}],\"inLanguage\":\"en-GB\"},{\"@type\":\"Organization\",\"@id\":\"https:\/\/www.emballagedigest.fr\/#organization\",\"name\":\"Emballage Digest\",\"url\":\"https:\/\/www.emballagedigest.fr\/\",\"logo\":{\"@type\":\"ImageObject\",\"inLanguage\":\"en-GB\",\"@id\":\"https:\/\/www.emballagedigest.fr\/#\/schema\/logo\/image\/\",\"url\":\"https:\/\/www.emballagedigest.fr\/wp-content\/uploads\/2022\/07\/logo-ed.png\",\"contentUrl\":\"https:\/\/www.emballagedigest.fr\/wp-content\/uploads\/2022\/07\/logo-ed.png\",\"width\":379,\"height\":75,\"caption\":\"Emballage Digest\"},\"image\":{\"@id\":\"https:\/\/www.emballagedigest.fr\/#\/schema\/logo\/image\/\"}},{\"@type\":\"Person\",\"@id\":\"https:\/\/www.emballagedigest.fr\/#\/schema\/person\/76abe9f2b2ee4d3d520594c7a35da59f\",\"name\":\"Karine Duval\",\"image\":{\"@type\":\"ImageObject\",\"inLanguage\":\"en-GB\",\"@id\":\"https:\/\/www.emballagedigest.fr\/#\/schema\/person\/image\/\",\"url\":\"https:\/\/secure.gravatar.com\/avatar\/f552799261cdd2e076e6677d780ef07bdb13aa4c196ab75b39abcbcdcae2d4e5?s=96&d=mm&r=g\",\"contentUrl\":\"https:\/\/secure.gravatar.com\/avatar\/f552799261cdd2e076e6677d780ef07bdb13aa4c196ab75b39abcbcdcae2d4e5?s=96&d=mm&r=g\",\"caption\":\"Karine Duval\"},\"url\":\"https:\/\/www.emballagedigest.fr\/en\/author\/admin_karduv\/\"}]}<\/script>\n<!-- \/ Yoast SEO plugin. -->","yoast_head_json":{"title":"Federec \u00e9volue et devient Federrec - Emballage Digest","robots":{"index":"index","follow":"follow","max-snippet":"max-snippet:-1","max-image-preview":"max-image-preview:large","max-video-preview":"max-video-preview:-1"},"canonical":"https:\/\/www.emballagedigest.fr\/en\/federec-evolue-et-devient-federrec\/","og_locale":"en_GB","og_type":"article","og_title":"Federec \u00e9volue et devient Federrec - Emballage Digest","og_description":"\u00c0 l\u2019occasion de son Assembl\u00e9e g\u00e9n\u00e9rale extraordinaire qui s\u2019est tenue la semaine derni\u00e8re sur le salon Pollutec Paris, le salon international des solutions pour l&rsquo;environnement et l&rsquo;\u00e9nergie, FEDEREC, la F\u00e9d\u00e9ration des entreprises du recyclage, a valid\u00e9 son nouveau nom :&nbsp;FEDERREC \u2013 F\u00e9d\u00e9ration du Recyclage, du R\u00e9emploi et de l\u2019\u00c9conomie Circulaire. Ce changement refl\u00e8te une \u00e9volution [&hellip;]","og_url":"https:\/\/www.emballagedigest.fr\/en\/federec-evolue-et-devient-federrec\/","og_site_name":"Emballage Digest","article_published_time":"2024-12-02T08:01:30+00:00","article_modified_time":"2024-12-02T23:59:17+00:00","og_image":[{"width":800,"height":600,"url":"https:\/\/www.emballagedigest.fr\/wp-content\/uploads\/2024\/12\/federrec.jpg","type":"image\/jpeg"}],"author":"Karine Duval","twitter_card":"summary_large_image","twitter_misc":{"Written by":"Karine Duval","Estimated reading time":"3 minutes"},"schema":{"@context":"https:\/\/schema.org","@graph":[{"@type":"Article","@id":"https:\/\/www.emballagedigest.fr\/federec-evolue-et-devient-federrec\/#article","isPartOf":{"@id":"https:\/\/www.emballagedigest.fr\/federec-evolue-et-devient-federrec\/"},"author":{"name":"Karine Duval","@id":"https:\/\/www.emballagedigest.fr\/#\/schema\/person\/76abe9f2b2ee4d3d520594c7a35da59f"},"headline":"Federec \u00e9volue et devient Federrec","datePublished":"2024-12-02T08:01:30+00:00","dateModified":"2024-12-02T23:59:17+00:00","mainEntityOfPage":{"@id":"https:\/\/www.emballagedigest.fr\/federec-evolue-et-devient-federrec\/"},"wordCount":504,"publisher":{"@id":"https:\/\/www.emballagedigest.fr\/#organization"},"image":{"@id":"https:\/\/www.emballagedigest.fr\/federec-evolue-et-devient-federrec\/#primaryimage"},"thumbnailUrl":"https:\/\/www.emballagedigest.fr\/wp-content\/uploads\/2024\/12\/federrec.jpg","articleSection":["Article entier","Mat\u00e9riaux"],"inLanguage":"en-GB"},{"@type":"WebPage","@id":"https:\/\/www.emballagedigest.fr\/federec-evolue-et-devient-federrec\/","url":"https:\/\/www.emballagedigest.fr\/federec-evolue-et-devient-federrec\/","name":"Federec \u00e9volue et devient Federrec - Emballage Digest","isPartOf":{"@id":"https:\/\/www.emballagedigest.fr\/#website"},"primaryImageOfPage":{"@id":"https:\/\/www.emballagedigest.fr\/federec-evolue-et-devient-federrec\/#primaryimage"},"image":{"@id":"https:\/\/www.emballagedigest.fr\/federec-evolue-et-devient-federrec\/#primaryimage"},"thumbnailUrl":"https:\/\/www.emballagedigest.fr\/wp-content\/uploads\/2024\/12\/federrec.jpg","datePublished":"2024-12-02T08:01:30+00:00","dateModified":"2024-12-02T23:59:17+00:00","breadcrumb":{"@id":"https:\/\/www.emballagedigest.fr\/federec-evolue-et-devient-federrec\/#breadcrumb"},"inLanguage":"en-GB","potentialAction":[{"@type":"ReadAction","target":["https:\/\/www.emballagedigest.fr\/federec-evolue-et-devient-federrec\/"]}]},{"@type":"ImageObject","inLanguage":"en-GB","@id":"https:\/\/www.emballagedigest.fr\/federec-evolue-et-devient-federrec\/#primaryimage","url":"https:\/\/www.emballagedigest.fr\/wp-content\/uploads\/2024\/12\/federrec.jpg","contentUrl":"https:\/\/www.emballagedigest.fr\/wp-content\/uploads\/2024\/12\/federrec.jpg","width":800,"height":600},{"@type":"BreadcrumbList","@id":"https:\/\/www.emballagedigest.fr\/federec-evolue-et-devient-federrec\/#breadcrumb","itemListElement":[{"@type":"ListItem","position":1,"name":"Accueil","item":"https:\/\/www.emballagedigest.fr\/"},{"@type":"ListItem","position":2,"name":"Federec \u00e9volue et devient Federrec"}]},{"@type":"WebSite","@id":"https:\/\/www.emballagedigest.fr\/#website","url":"https:\/\/www.emballagedigest.fr\/","name":"Emballage Digest","description":"Revue professionnelle sur les emballages","publisher":{"@id":"https:\/\/www.emballagedigest.fr\/#organization"},"potentialAction":[{"@type":"SearchAction","target":{"@type":"EntryPoint","urlTemplate":"https:\/\/www.emballagedigest.fr\/?s={search_term_string}"},"query-input":{"@type":"PropertyValueSpecification","valueRequired":true,"valueName":"search_term_string"}}],"inLanguage":"en-GB"},{"@type":"Organization","@id":"https:\/\/www.emballagedigest.fr\/#organization","name":"Emballage Digest","url":"https:\/\/www.emballagedigest.fr\/","logo":{"@type":"ImageObject","inLanguage":"en-GB","@id":"https:\/\/www.emballagedigest.fr\/#\/schema\/logo\/image\/","url":"https:\/\/www.emballagedigest.fr\/wp-content\/uploads\/2022\/07\/logo-ed.png","contentUrl":"https:\/\/www.emballagedigest.fr\/wp-content\/uploads\/2022\/07\/logo-ed.png","width":379,"height":75,"caption":"Emballage Digest"},"image":{"@id":"https:\/\/www.emballagedigest.fr\/#\/schema\/logo\/image\/"}},{"@type":"Person","@id":"https:\/\/www.emballagedigest.fr\/#\/schema\/person\/76abe9f2b2ee4d3d520594c7a35da59f","name":"Karine Duval","image":{"@type":"ImageObject","inLanguage":"en-GB","@id":"https:\/\/www.emballagedigest.fr\/#\/schema\/person\/image\/","url":"https:\/\/secure.gravatar.com\/avatar\/f552799261cdd2e076e6677d780ef07bdb13aa4c196ab75b39abcbcdcae2d4e5?s=96&d=mm&r=g","contentUrl":"https:\/\/secure.gravatar.com\/avatar\/f552799261cdd2e076e6677d780ef07bdb13aa4c196ab75b39abcbcdcae2d4e5?s=96&d=mm&r=g","caption":"Karine Duval"},"url":"https:\/\/www.emballagedigest.fr\/en\/author\/admin_karduv\/"}]}},"_links":{"self":[{"href":"https:\/\/www.emballagedigest.fr\/en\/wp-json\/wp\/v2\/posts\/42745","targetHints":{"allow":["GET"]}}],"collection":[{"href":"https:\/\/www.emballagedigest.fr\/en\/wp-json\/wp\/v2\/posts"}],"about":[{"href":"https:\/\/www.emballagedigest.fr\/en\/wp-json\/wp\/v2\/types\/post"}],"author":[{"embeddable":true,"href":"https:\/\/www.emballagedigest.fr\/en\/wp-json\/wp\/v2\/users\/2"}],"replies":[{"embeddable":true,"href":"https:\/\/www.emballagedigest.fr\/en\/wp-json\/wp\/v2\/comments?post=42745"}],"version-history":[{"count":1,"href":"https:\/\/www.emballagedigest.fr\/en\/wp-json\/wp\/v2\/posts\/42745\/revisions"}],"predecessor-version":[{"id":42747,"href":"https:\/\/www.emballagedigest.fr\/en\/wp-json\/wp\/v2\/posts\/42745\/revisions\/42747"}],"wp:featuredmedia":[{"embeddable":true,"href":"https:\/\/www.emballagedigest.fr\/en\/wp-json\/wp\/v2\/media\/42746"}],"wp:attachment":[{"href":"https:\/\/www.emballagedigest.fr\/en\/wp-json\/wp\/v2\/media?parent=42745"}],"wp:term":[{"taxonomy":"category","embeddable":true,"href":"https:\/\/www.emballagedigest.fr\/en\/wp-json\/wp\/v2\/categories?post=42745"},{"taxonomy":"post_tag","embeddable":true,"href":"https:\/\/www.emballagedigest.fr\/en\/wp-json\/wp\/v2\/tags?post=42745"}],"curies":[{"name":"wp","href":"https:\/\/api.w.org\/{rel}","templated":true}]}}