{"id":42748,"date":"2024-12-02T09:02:35","date_gmt":"2024-12-02T08:02:35","guid":{"rendered":"https:\/\/www.emballagedigest.fr\/?p=42748"},"modified":"2024-12-02T09:02:37","modified_gmt":"2024-12-02T08:02:37","slug":"citeo-et-plaine-commune-sengagent-pour-lutter-contre-les-dechets-abandonnes","status":"publish","type":"post","link":"https:\/\/www.emballagedigest.fr\/en\/citeo-et-plaine-commune-sengagent-pour-lutter-contre-les-dechets-abandonnes\/","title":{"rendered":"Citeo et Plaine Commune s\u2019engagent pour lutter contre les d\u00e9chets abandonn\u00e9s"},"content":{"rendered":"<p><strong>Lors de la derni\u00e8re \u00e9dition du Salon des Maires, Jean Hornain, Directeur G\u00e9n\u00e9ral de Citeo et Mathieu Hanotin, Maire de Saint-Denis et Pr\u00e9sident de Plaine Commune, ont sign\u00e9 une convention de partenariat en faveur de la lutte contre les d\u00e9chets abandonn\u00e9s. Cette collaboration de deux ans, dot\u00e9e d\u2019un soutien financier de plus de 3,4 millions d\u2019euros de Citeo, vise \u00e0 mettre en place un plan d\u2019action centr\u00e9 sur trois th\u00e9matiques : diagnostic, pr\u00e9vention et nettoiement. Elles concernent les neuf villes du territoire, regroupant 450 000 habitants.<\/strong><\/p>\n\n\n\n<p>La pollution provoqu\u00e9e par l\u2019abandon de d\u00e9chets a non seulement un impact n\u00e9gatif direct sur la biodiversit\u00e9, mais a aussi des incidences \u00e9conomiques pour les collectivit\u00e9s qui assurent le service public de propret\u00e9. \u00ab&nbsp;Ce plan nous permet de sensibiliser les citoyens et les citoyennes au tri et \u00e0 la r\u00e9duction des d\u00e9chets, mais permet aussi de maintenir des espaces publics propres. Nous avons d\u00e9montr\u00e9 notre capacit\u00e9 \u00e0 faire en la mati\u00e8re pendant des \u00e9v\u00e9nements d&rsquo;ampleur comme les Jeux olympiques et Paralympiques&nbsp;\u00bb, explique Mathieu Hanotin, Maire de Saint-Denis et Pr\u00e9sident de Plaine Commune.<\/p>\n\n\n\n<p>Milieu urbain dense, habitat collectif important, espaces publics fortement utilis\u00e9s, le territoire de Plaine Commune fait face \u00e0 de nombreux d\u00e9fis dans sa gestion des d\u00e9chets d\u2019emballages m\u00e9nagers. Depuis la mise en place de la simplification du geste de tri sur la totalit\u00e9 du territoire en septembre 2021, on constate une hausse de 10 % des emballages collect\u00e9s entre 2022 et 2023 dans le bac jaune. Dans un territoire situ\u00e9 au c\u0153ur des Jeux Olympiques de Paris, Plaine Commune a b\u00e9n\u00e9fici\u00e9 du soutien de Citeo pour la mise en place de dispositifs de collecte autour des sites de comp\u00e9tition et sur les parcours spectateur.<\/p>\n\n\n\n<p>Le travail collaboratif de Citeo et Plaine Commune d\u00e9butera par un diagnostic territorial pour identifier les endroits les plus impact\u00e9s et qui font l\u2019objet de plus de signalements de la part des habitants. Ces \u00ab&nbsp;points chauds&nbsp;\u00bb seront les premiers b\u00e9n\u00e9ficiaires des op\u00e9rations de ramassage des d\u00e9chets men\u00e9e notamment \u00e0 l\u2019occasion du World Clean Up Day, associant entreprises et citoyens. Autre levier&nbsp;: agir en amont pour identifier et pr\u00e9venir l\u2019apparition des d\u00e9chets abandonn\u00e9s par la sensibilisation des citoyens, via des animations men\u00e9es par des ambassadeurs et des \u00e9co-animateurs, et notamment au sein des \u00e9tablissements scolaires.<\/p>\n\n\n\n<p>Le mod\u00e8le de convention Citeo a notamment \u00e9t\u00e9 construit sur la base de la mesure d\u2019impact de projets issus d\u2019Appels \u00e0 Manifestation d\u2019Int\u00e9r\u00eat (AMI), d\u2019accompagnement de projets exp\u00e9rimentaux avec des acteurs de r\u00e9f\u00e9rence (AMF, Gestes Propres, MerTerre, etc.) ou encore de la consultation de parties prenantes (collectivit\u00e9s, ONG\u2026). Ces bonnes pratiques permettent d\u2019adapter les conseils de Citeo \u00e0 chaque type de territoires (villes, campagnes, montagnes, \u2026).<\/p>\n\n\n\n<p>Une fois la convention sign\u00e9e, les experts Citeo, pr\u00e9sents au c\u0153ur des territoires, fournissent outils, \u00e9tudes et m\u00e9thodes pour faciliter et accompagner la d\u00e9marche des collectivit\u00e9s. Citeo propose \u00e9galement une estimation du gisement de d\u00e9chets abandonn\u00e9s sur le territoire et apporte un soutien financier selon le nombre d\u2019habitants, fix\u00e9 par le cahier des charges de la fili\u00e8re REP Emballages m\u00e9nagers et papiers. En contrepartie, les collectivit\u00e9s s\u2019engagent \u00e0 la mesure et au suivi des actions mises en \u0153uvre sur le territoire. En parall\u00e8le, Citeo soutient le d\u00e9ploiement du tri sur l\u2019espace public, levier compl\u00e9mentaire pour pr\u00e9venir l\u2019abandon de d\u00e9chet.<\/p>","protected":false},"excerpt":{"rendered":"<p>Lors de la derni\u00e8re \u00e9dition du Salon des Maires, Jean Hornain, Directeur G\u00e9n\u00e9ral de Citeo et Mathieu Hanotin, Maire de Saint-Denis et Pr\u00e9sident de Plaine Commune, ont sign\u00e9 une convention de partenariat en faveur de la lutte contre les d\u00e9chets abandonn\u00e9s. Cette collaboration de deux ans, dot\u00e9e d\u2019un soutien financier de plus de 3,4 millions [&hellip;]<\/p>","protected":false},"author":2,"featured_media":42749,"comment_status":"closed","ping_status":"closed","sticky":false,"template":"","format":"standard","meta":{"_acf_changed":false,"inline_featured_image":false,"iawp_total_views":2,"footnotes":""},"categories":[5,28,63,81,6],"tags":[],"class_list":["post-42748","post","type-post","status-publish","format-standard","has-post-thumbnail","hentry","category-alimentaire","category-article-entier","category-article-traduit","category-packaging","category-parfumerie-cosmetique"],"acf":[],"yoast_head":"<!-- This site is optimized with the Yoast SEO plugin v24.4 - https:\/\/yoast.com\/wordpress\/plugins\/seo\/ -->\n<title>Citeo et Plaine Commune s\u2019engagent pour lutter contre les d\u00e9chets abandonn\u00e9s - Emballage Digest<\/title>\n<meta name=\"robots\" content=\"index, follow, max-snippet:-1, max-image-preview:large, max-video-preview:-1\" \/>\n<link rel=\"canonical\" href=\"https:\/\/www.emballagedigest.fr\/en\/citeo-et-plaine-commune-sengagent-pour-lutter-contre-les-dechets-abandonnes\/\" \/>\n<meta property=\"og:locale\" content=\"en_GB\" \/>\n<meta property=\"og:type\" content=\"article\" \/>\n<meta property=\"og:title\" content=\"Citeo et Plaine Commune s\u2019engagent pour lutter contre les d\u00e9chets abandonn\u00e9s - Emballage Digest\" \/>\n<meta property=\"og:description\" content=\"Lors de la derni\u00e8re \u00e9dition du Salon des Maires, Jean Hornain, Directeur G\u00e9n\u00e9ral de Citeo et Mathieu Hanotin, Maire de Saint-Denis et Pr\u00e9sident de Plaine Commune, ont sign\u00e9 une convention de partenariat en faveur de la lutte contre les d\u00e9chets abandonn\u00e9s. Cette collaboration de deux ans, dot\u00e9e d\u2019un soutien financier de plus de 3,4 millions [&hellip;]\" \/>\n<meta property=\"og:url\" content=\"https:\/\/www.emballagedigest.fr\/en\/citeo-et-plaine-commune-sengagent-pour-lutter-contre-les-dechets-abandonnes\/\" \/>\n<meta property=\"og:site_name\" content=\"Emballage Digest\" \/>\n<meta property=\"article:published_time\" content=\"2024-12-02T08:02:35+00:00\" \/>\n<meta property=\"article:modified_time\" content=\"2024-12-02T08:02:37+00:00\" \/>\n<meta property=\"og:image\" content=\"https:\/\/www.emballagedigest.fr\/wp-content\/uploads\/2024\/12\/citeo.jpg\" \/>\n\t<meta property=\"og:image:width\" content=\"800\" \/>\n\t<meta property=\"og:image:height\" content=\"550\" \/>\n\t<meta property=\"og:image:type\" content=\"image\/jpeg\" \/>\n<meta name=\"author\" content=\"Karine Duval\" \/>\n<meta name=\"twitter:card\" content=\"summary_large_image\" \/>\n<meta name=\"twitter:label1\" content=\"Written by\" \/>\n\t<meta name=\"twitter:data1\" content=\"Karine Duval\" \/>\n\t<meta name=\"twitter:label2\" content=\"Estimated reading time\" \/>\n\t<meta name=\"twitter:data2\" content=\"3 minutes\" \/>\n<script type=\"application\/ld+json\" class=\"yoast-schema-graph\">{\"@context\":\"https:\/\/schema.org\",\"@graph\":[{\"@type\":\"Article\",\"@id\":\"https:\/\/www.emballagedigest.fr\/citeo-et-plaine-commune-sengagent-pour-lutter-contre-les-dechets-abandonnes\/#article\",\"isPartOf\":{\"@id\":\"https:\/\/www.emballagedigest.fr\/citeo-et-plaine-commune-sengagent-pour-lutter-contre-les-dechets-abandonnes\/\"},\"author\":{\"name\":\"Karine Duval\",\"@id\":\"https:\/\/www.emballagedigest.fr\/#\/schema\/person\/76abe9f2b2ee4d3d520594c7a35da59f\"},\"headline\":\"Citeo et Plaine Commune s\u2019engagent pour lutter contre les d\u00e9chets abandonn\u00e9s\",\"datePublished\":\"2024-12-02T08:02:35+00:00\",\"dateModified\":\"2024-12-02T08:02:37+00:00\",\"mainEntityOfPage\":{\"@id\":\"https:\/\/www.emballagedigest.fr\/citeo-et-plaine-commune-sengagent-pour-lutter-contre-les-dechets-abandonnes\/\"},\"wordCount\":622,\"publisher\":{\"@id\":\"https:\/\/www.emballagedigest.fr\/#organization\"},\"image\":{\"@id\":\"https:\/\/www.emballagedigest.fr\/citeo-et-plaine-commune-sengagent-pour-lutter-contre-les-dechets-abandonnes\/#primaryimage\"},\"thumbnailUrl\":\"https:\/\/www.emballagedigest.fr\/wp-content\/uploads\/2024\/12\/citeo.jpg\",\"articleSection\":[\"Alimentaire\",\"Article entier\",\"Article traduit\",\"Packaging\",\"Parfumerie &amp; Cosm\u00e9tique\"],\"inLanguage\":\"en-GB\"},{\"@type\":\"WebPage\",\"@id\":\"https:\/\/www.emballagedigest.fr\/citeo-et-plaine-commune-sengagent-pour-lutter-contre-les-dechets-abandonnes\/\",\"url\":\"https:\/\/www.emballagedigest.fr\/citeo-et-plaine-commune-sengagent-pour-lutter-contre-les-dechets-abandonnes\/\",\"name\":\"Citeo et Plaine Commune s\u2019engagent pour lutter contre les d\u00e9chets abandonn\u00e9s - Emballage Digest\",\"isPartOf\":{\"@id\":\"https:\/\/www.emballagedigest.fr\/#website\"},\"primaryImageOfPage\":{\"@id\":\"https:\/\/www.emballagedigest.fr\/citeo-et-plaine-commune-sengagent-pour-lutter-contre-les-dechets-abandonnes\/#primaryimage\"},\"image\":{\"@id\":\"https:\/\/www.emballagedigest.fr\/citeo-et-plaine-commune-sengagent-pour-lutter-contre-les-dechets-abandonnes\/#primaryimage\"},\"thumbnailUrl\":\"https:\/\/www.emballagedigest.fr\/wp-content\/uploads\/2024\/12\/citeo.jpg\",\"datePublished\":\"2024-12-02T08:02:35+00:00\",\"dateModified\":\"2024-12-02T08:02:37+00:00\",\"breadcrumb\":{\"@id\":\"https:\/\/www.emballagedigest.fr\/citeo-et-plaine-commune-sengagent-pour-lutter-contre-les-dechets-abandonnes\/#breadcrumb\"},\"inLanguage\":\"en-GB\",\"potentialAction\":[{\"@type\":\"ReadAction\",\"target\":[\"https:\/\/www.emballagedigest.fr\/citeo-et-plaine-commune-sengagent-pour-lutter-contre-les-dechets-abandonnes\/\"]}]},{\"@type\":\"ImageObject\",\"inLanguage\":\"en-GB\",\"@id\":\"https:\/\/www.emballagedigest.fr\/citeo-et-plaine-commune-sengagent-pour-lutter-contre-les-dechets-abandonnes\/#primaryimage\",\"url\":\"https:\/\/www.emballagedigest.fr\/wp-content\/uploads\/2024\/12\/citeo.jpg\",\"contentUrl\":\"https:\/\/www.emballagedigest.fr\/wp-content\/uploads\/2024\/12\/citeo.jpg\",\"width\":800,\"height\":550},{\"@type\":\"BreadcrumbList\",\"@id\":\"https:\/\/www.emballagedigest.fr\/citeo-et-plaine-commune-sengagent-pour-lutter-contre-les-dechets-abandonnes\/#breadcrumb\",\"itemListElement\":[{\"@type\":\"ListItem\",\"position\":1,\"name\":\"Accueil\",\"item\":\"https:\/\/www.emballagedigest.fr\/\"},{\"@type\":\"ListItem\",\"position\":2,\"name\":\"Citeo et Plaine Commune s\u2019engagent pour lutter contre les d\u00e9chets abandonn\u00e9s\"}]},{\"@type\":\"WebSite\",\"@id\":\"https:\/\/www.emballagedigest.fr\/#website\",\"url\":\"https:\/\/www.emballagedigest.fr\/\",\"name\":\"Emballage Digest\",\"description\":\"Revue professionnelle sur les emballages\",\"publisher\":{\"@id\":\"https:\/\/www.emballagedigest.fr\/#organization\"},\"potentialAction\":[{\"@type\":\"SearchAction\",\"target\":{\"@type\":\"EntryPoint\",\"urlTemplate\":\"https:\/\/www.emballagedigest.fr\/?s={search_term_string}\"},\"query-input\":{\"@type\":\"PropertyValueSpecification\",\"valueRequired\":true,\"valueName\":\"search_term_string\"}}],\"inLanguage\":\"en-GB\"},{\"@type\":\"Organization\",\"@id\":\"https:\/\/www.emballagedigest.fr\/#organization\",\"name\":\"Emballage Digest\",\"url\":\"https:\/\/www.emballagedigest.fr\/\",\"logo\":{\"@type\":\"ImageObject\",\"inLanguage\":\"en-GB\",\"@id\":\"https:\/\/www.emballagedigest.fr\/#\/schema\/logo\/image\/\",\"url\":\"https:\/\/www.emballagedigest.fr\/wp-content\/uploads\/2022\/07\/logo-ed.png\",\"contentUrl\":\"https:\/\/www.emballagedigest.fr\/wp-content\/uploads\/2022\/07\/logo-ed.png\",\"width\":379,\"height\":75,\"caption\":\"Emballage Digest\"},\"image\":{\"@id\":\"https:\/\/www.emballagedigest.fr\/#\/schema\/logo\/image\/\"}},{\"@type\":\"Person\",\"@id\":\"https:\/\/www.emballagedigest.fr\/#\/schema\/person\/76abe9f2b2ee4d3d520594c7a35da59f\",\"name\":\"Karine Duval\",\"image\":{\"@type\":\"ImageObject\",\"inLanguage\":\"en-GB\",\"@id\":\"https:\/\/www.emballagedigest.fr\/#\/schema\/person\/image\/\",\"url\":\"https:\/\/secure.gravatar.com\/avatar\/f552799261cdd2e076e6677d780ef07bdb13aa4c196ab75b39abcbcdcae2d4e5?s=96&d=mm&r=g\",\"contentUrl\":\"https:\/\/secure.gravatar.com\/avatar\/f552799261cdd2e076e6677d780ef07bdb13aa4c196ab75b39abcbcdcae2d4e5?s=96&d=mm&r=g\",\"caption\":\"Karine Duval\"},\"url\":\"https:\/\/www.emballagedigest.fr\/en\/author\/admin_karduv\/\"}]}<\/script>\n<!-- \/ Yoast SEO plugin. -->","yoast_head_json":{"title":"Citeo et Plaine Commune s\u2019engagent pour lutter contre les d\u00e9chets abandonn\u00e9s - Emballage Digest","robots":{"index":"index","follow":"follow","max-snippet":"max-snippet:-1","max-image-preview":"max-image-preview:large","max-video-preview":"max-video-preview:-1"},"canonical":"https:\/\/www.emballagedigest.fr\/en\/citeo-et-plaine-commune-sengagent-pour-lutter-contre-les-dechets-abandonnes\/","og_locale":"en_GB","og_type":"article","og_title":"Citeo et Plaine Commune s\u2019engagent pour lutter contre les d\u00e9chets abandonn\u00e9s - Emballage Digest","og_description":"Lors de la derni\u00e8re \u00e9dition du Salon des Maires, Jean Hornain, Directeur G\u00e9n\u00e9ral de Citeo et Mathieu Hanotin, Maire de Saint-Denis et Pr\u00e9sident de Plaine Commune, ont sign\u00e9 une convention de partenariat en faveur de la lutte contre les d\u00e9chets abandonn\u00e9s. Cette collaboration de deux ans, dot\u00e9e d\u2019un soutien financier de plus de 3,4 millions [&hellip;]","og_url":"https:\/\/www.emballagedigest.fr\/en\/citeo-et-plaine-commune-sengagent-pour-lutter-contre-les-dechets-abandonnes\/","og_site_name":"Emballage Digest","article_published_time":"2024-12-02T08:02:35+00:00","article_modified_time":"2024-12-02T08:02:37+00:00","og_image":[{"width":800,"height":550,"url":"https:\/\/www.emballagedigest.fr\/wp-content\/uploads\/2024\/12\/citeo.jpg","type":"image\/jpeg"}],"author":"Karine Duval","twitter_card":"summary_large_image","twitter_misc":{"Written by":"Karine Duval","Estimated reading time":"3 minutes"},"schema":{"@context":"https:\/\/schema.org","@graph":[{"@type":"Article","@id":"https:\/\/www.emballagedigest.fr\/citeo-et-plaine-commune-sengagent-pour-lutter-contre-les-dechets-abandonnes\/#article","isPartOf":{"@id":"https:\/\/www.emballagedigest.fr\/citeo-et-plaine-commune-sengagent-pour-lutter-contre-les-dechets-abandonnes\/"},"author":{"name":"Karine Duval","@id":"https:\/\/www.emballagedigest.fr\/#\/schema\/person\/76abe9f2b2ee4d3d520594c7a35da59f"},"headline":"Citeo et Plaine Commune s\u2019engagent pour lutter contre les d\u00e9chets abandonn\u00e9s","datePublished":"2024-12-02T08:02:35+00:00","dateModified":"2024-12-02T08:02:37+00:00","mainEntityOfPage":{"@id":"https:\/\/www.emballagedigest.fr\/citeo-et-plaine-commune-sengagent-pour-lutter-contre-les-dechets-abandonnes\/"},"wordCount":622,"publisher":{"@id":"https:\/\/www.emballagedigest.fr\/#organization"},"image":{"@id":"https:\/\/www.emballagedigest.fr\/citeo-et-plaine-commune-sengagent-pour-lutter-contre-les-dechets-abandonnes\/#primaryimage"},"thumbnailUrl":"https:\/\/www.emballagedigest.fr\/wp-content\/uploads\/2024\/12\/citeo.jpg","articleSection":["Alimentaire","Article entier","Article traduit","Packaging","Parfumerie &amp; Cosm\u00e9tique"],"inLanguage":"en-GB"},{"@type":"WebPage","@id":"https:\/\/www.emballagedigest.fr\/citeo-et-plaine-commune-sengagent-pour-lutter-contre-les-dechets-abandonnes\/","url":"https:\/\/www.emballagedigest.fr\/citeo-et-plaine-commune-sengagent-pour-lutter-contre-les-dechets-abandonnes\/","name":"Citeo et Plaine Commune s\u2019engagent pour lutter contre les d\u00e9chets abandonn\u00e9s - Emballage Digest","isPartOf":{"@id":"https:\/\/www.emballagedigest.fr\/#website"},"primaryImageOfPage":{"@id":"https:\/\/www.emballagedigest.fr\/citeo-et-plaine-commune-sengagent-pour-lutter-contre-les-dechets-abandonnes\/#primaryimage"},"image":{"@id":"https:\/\/www.emballagedigest.fr\/citeo-et-plaine-commune-sengagent-pour-lutter-contre-les-dechets-abandonnes\/#primaryimage"},"thumbnailUrl":"https:\/\/www.emballagedigest.fr\/wp-content\/uploads\/2024\/12\/citeo.jpg","datePublished":"2024-12-02T08:02:35+00:00","dateModified":"2024-12-02T08:02:37+00:00","breadcrumb":{"@id":"https:\/\/www.emballagedigest.fr\/citeo-et-plaine-commune-sengagent-pour-lutter-contre-les-dechets-abandonnes\/#breadcrumb"},"inLanguage":"en-GB","potentialAction":[{"@type":"ReadAction","target":["https:\/\/www.emballagedigest.fr\/citeo-et-plaine-commune-sengagent-pour-lutter-contre-les-dechets-abandonnes\/"]}]},{"@type":"ImageObject","inLanguage":"en-GB","@id":"https:\/\/www.emballagedigest.fr\/citeo-et-plaine-commune-sengagent-pour-lutter-contre-les-dechets-abandonnes\/#primaryimage","url":"https:\/\/www.emballagedigest.fr\/wp-content\/uploads\/2024\/12\/citeo.jpg","contentUrl":"https:\/\/www.emballagedigest.fr\/wp-content\/uploads\/2024\/12\/citeo.jpg","width":800,"height":550},{"@type":"BreadcrumbList","@id":"https:\/\/www.emballagedigest.fr\/citeo-et-plaine-commune-sengagent-pour-lutter-contre-les-dechets-abandonnes\/#breadcrumb","itemListElement":[{"@type":"ListItem","position":1,"name":"Accueil","item":"https:\/\/www.emballagedigest.fr\/"},{"@type":"ListItem","position":2,"name":"Citeo et Plaine Commune s\u2019engagent pour lutter contre les d\u00e9chets abandonn\u00e9s"}]},{"@type":"WebSite","@id":"https:\/\/www.emballagedigest.fr\/#website","url":"https:\/\/www.emballagedigest.fr\/","name":"Emballage Digest","description":"Revue professionnelle sur les emballages","publisher":{"@id":"https:\/\/www.emballagedigest.fr\/#organization"},"potentialAction":[{"@type":"SearchAction","target":{"@type":"EntryPoint","urlTemplate":"https:\/\/www.emballagedigest.fr\/?s={search_term_string}"},"query-input":{"@type":"PropertyValueSpecification","valueRequired":true,"valueName":"search_term_string"}}],"inLanguage":"en-GB"},{"@type":"Organization","@id":"https:\/\/www.emballagedigest.fr\/#organization","name":"Emballage Digest","url":"https:\/\/www.emballagedigest.fr\/","logo":{"@type":"ImageObject","inLanguage":"en-GB","@id":"https:\/\/www.emballagedigest.fr\/#\/schema\/logo\/image\/","url":"https:\/\/www.emballagedigest.fr\/wp-content\/uploads\/2022\/07\/logo-ed.png","contentUrl":"https:\/\/www.emballagedigest.fr\/wp-content\/uploads\/2022\/07\/logo-ed.png","width":379,"height":75,"caption":"Emballage Digest"},"image":{"@id":"https:\/\/www.emballagedigest.fr\/#\/schema\/logo\/image\/"}},{"@type":"Person","@id":"https:\/\/www.emballagedigest.fr\/#\/schema\/person\/76abe9f2b2ee4d3d520594c7a35da59f","name":"Karine Duval","image":{"@type":"ImageObject","inLanguage":"en-GB","@id":"https:\/\/www.emballagedigest.fr\/#\/schema\/person\/image\/","url":"https:\/\/secure.gravatar.com\/avatar\/f552799261cdd2e076e6677d780ef07bdb13aa4c196ab75b39abcbcdcae2d4e5?s=96&d=mm&r=g","contentUrl":"https:\/\/secure.gravatar.com\/avatar\/f552799261cdd2e076e6677d780ef07bdb13aa4c196ab75b39abcbcdcae2d4e5?s=96&d=mm&r=g","caption":"Karine Duval"},"url":"https:\/\/www.emballagedigest.fr\/en\/author\/admin_karduv\/"}]}},"_links":{"self":[{"href":"https:\/\/www.emballagedigest.fr\/en\/wp-json\/wp\/v2\/posts\/42748","targetHints":{"allow":["GET"]}}],"collection":[{"href":"https:\/\/www.emballagedigest.fr\/en\/wp-json\/wp\/v2\/posts"}],"about":[{"href":"https:\/\/www.emballagedigest.fr\/en\/wp-json\/wp\/v2\/types\/post"}],"author":[{"embeddable":true,"href":"https:\/\/www.emballagedigest.fr\/en\/wp-json\/wp\/v2\/users\/2"}],"replies":[{"embeddable":true,"href":"https:\/\/www.emballagedigest.fr\/en\/wp-json\/wp\/v2\/comments?post=42748"}],"version-history":[{"count":2,"href":"https:\/\/www.emballagedigest.fr\/en\/wp-json\/wp\/v2\/posts\/42748\/revisions"}],"predecessor-version":[{"id":42751,"href":"https:\/\/www.emballagedigest.fr\/en\/wp-json\/wp\/v2\/posts\/42748\/revisions\/42751"}],"wp:featuredmedia":[{"embeddable":true,"href":"https:\/\/www.emballagedigest.fr\/en\/wp-json\/wp\/v2\/media\/42749"}],"wp:attachment":[{"href":"https:\/\/www.emballagedigest.fr\/en\/wp-json\/wp\/v2\/media?parent=42748"}],"wp:term":[{"taxonomy":"category","embeddable":true,"href":"https:\/\/www.emballagedigest.fr\/en\/wp-json\/wp\/v2\/categories?post=42748"},{"taxonomy":"post_tag","embeddable":true,"href":"https:\/\/www.emballagedigest.fr\/en\/wp-json\/wp\/v2\/tags?post=42748"}],"curies":[{"name":"wp","href":"https:\/\/api.w.org\/{rel}","templated":true}]}}