{"id":42842,"date":"2024-11-30T11:24:00","date_gmt":"2024-11-30T10:24:00","guid":{"rendered":"https:\/\/www.emballagedigest.fr\/?p=42842"},"modified":"2024-12-05T11:26:35","modified_gmt":"2024-12-05T10:26:35","slug":"deployer-un-mecanisme-incitatif-a-la-decarbonation-des-uve","status":"publish","type":"post","link":"https:\/\/www.emballagedigest.fr\/en\/deployer-un-mecanisme-incitatif-a-la-decarbonation-des-uve\/","title":{"rendered":"D\u00e9ployer un m\u00e9canisme incitatif \u00e0 la d\u00e9carbonation des UVE"},"content":{"rendered":"<p><strong>Dans le cadre du Pacte vert pour l\u2019Europe, l\u2019Union europ\u00e9enne s\u2019est fix\u00e9e l\u2019objectif d\u2019atteindre la neutralit\u00e9 carbone en 2050 et s\u2019est engag\u00e9e pour cela \u00e0 r\u00e9duire ses \u00e9missions nettes d\u2019au moins 55% en 2030 par rapport \u00e0 1990. Des travaux d\u00e9butent pour examiner l\u2019inclusion \u00e9ventuelle des Unit\u00e9s de Valorisation \u00c9nerg\u00e9tique (UVE), mais aussi d\u2019autres modes de traitement des d\u00e9chets tels que le stockage, le compostage ou les traitements m\u00e9cano-biologiques, dans l\u2019EU Emissions Trading System, le syst\u00e8me europ\u00e9en d\u2019\u00e9change de quotas carbone (EU ETS) alors qu\u2019elles sont actuellement dans le syst\u00e8me du partage de l\u2019effort (ESR). Ces travaux devront \u00eatre conclus dans le courant de 2026.<\/strong><\/p>\n\n\n\n<p>Dans ce contexte, la FNADE (F\u00e9d\u00e9ration Nationale des Activit\u00e9s de la D\u00e9pollution et de l\u2019Environnement), la FEDENE (F\u00e9d\u00e9ration professionnelle des entreprises de services pour l\u2019\u00e9nergie et l\u2019environnement) et le SVDU (Syndicat national du traitement et de la Valorisation des D\u00e9chets Urbains) soutiennent la mise en place d\u2019un m\u00e9canisme r\u00e9ellement incitatif \u00e0 la d\u00e9carbonation des UVE. Une r\u00e9cente \u00e9tude d\u2019impact r\u00e9alis\u00e9e par la FNADE et la FEDENE montre que le syst\u00e8me EU-ETS est inadapt\u00e9 pour r\u00e9duire les \u00e9missions carbone des UVE et co\u00fbteux pour le citoyen. C\u2019est pourquoi la fili\u00e8re sugg\u00e8re d\u2019explorer des alternatives qui pourraient \u00eatre int\u00e9gr\u00e9es dans la prochaine trajectoire fiscale d\u2019ici 2026, un projet travaill\u00e9 actuellement avec l\u2019ensemble des parties prenantes. En effet, une \u00e9volution de la fiscalit\u00e9 relative aux UVE int\u00e9grant une incitation \u00e0 la d\u00e9carbonation constituerait une d\u00e9marche alternative logique et souhaitable pour faire de la fiscalit\u00e9 un outil incitatif \u00e0 la r\u00e9duction des \u00e9missions carbone fossile de la fili\u00e8re.<br>\u00abAinsi, nous proposons une alternative \u00e0 l\u2019EU ETS : la TGAP Climat. Bas\u00e9e sur une fiscalit\u00e9 incitative, la TGAP Climat permet de cibler la r\u00e9duction des \u00e9missions carbone. Le m\u00e9canisme permet de stimuler le tri des d\u00e9chets plastiques fortement carbon\u00e9s (\u00e0 l\u2019origine des \u00e9missions de CO2 fossiles des UVE) mais constitue \u00e9galement un levier d\u2019am\u00e9lioration des performances \u00e9nerg\u00e9tiques des UVE et incite au d\u00e9veloppement de solutions innovantes de capture, d\u2019utilisation ou de s\u00e9questration du CO2. Elle apporte \u00e9galement de la visibilit\u00e9 et de la stabilit\u00e9 aux collectivit\u00e9s locales, au travers d\u2019un bar\u00e8me prenant en compte la trajectoire carbone de la Commission europ\u00e9enne, et pourra \u00eatre appliqu\u00e9e dans d\u2019autres pays de l\u2019Union Europ\u00e9enne\u00bb, indiquent les trois f\u00e9d\u00e9rations dans un communiqu\u00e9.<br>D\u2019autres leviers peuvent \u00eatre activ\u00e9s pour r\u00e9duire les d\u00e9chets responsables des \u00e9missions de carbone fossile des UVE : le renforcement de l\u2019\u00e9co-conception ou le d\u00e9veloppement du tri des plastiques afin de r\u00e9duire les d\u00e9chets r\u00e9siduels, fortement \u00e9metteurs de CO2.<\/p>","protected":false},"excerpt":{"rendered":"<p>Dans le cadre du Pacte vert pour l\u2019Europe, l\u2019Union europ\u00e9enne s\u2019est fix\u00e9e l\u2019objectif d\u2019atteindre la neutralit\u00e9 carbone en 2050 et s\u2019est engag\u00e9e pour cela \u00e0 r\u00e9duire ses \u00e9missions nettes d\u2019au moins 55% en 2030 par rapport \u00e0 1990. Des travaux d\u00e9butent pour examiner l\u2019inclusion \u00e9ventuelle des Unit\u00e9s de Valorisation \u00c9nerg\u00e9tique (UVE), mais aussi d\u2019autres modes [&hellip;]<\/p>","protected":false},"author":2,"featured_media":42843,"comment_status":"closed","ping_status":"closed","sticky":false,"template":"","format":"standard","meta":{"_acf_changed":false,"inline_featured_image":false,"iawp_total_views":6,"footnotes":""},"categories":[28,26,10,65],"tags":[],"class_list":["post-42842","post","type-post","status-publish","format-standard","has-post-thumbnail","hentry","category-article-entier","category-laterale","category-materiaux","category-vu-dans-le-mag"],"acf":[],"yoast_head":"<!-- This site is optimized with the Yoast SEO plugin v24.4 - https:\/\/yoast.com\/wordpress\/plugins\/seo\/ -->\n<title>D\u00e9ployer un m\u00e9canisme incitatif \u00e0 la d\u00e9carbonation des UVE - Emballage Digest<\/title>\n<meta name=\"robots\" content=\"index, follow, max-snippet:-1, max-image-preview:large, max-video-preview:-1\" \/>\n<link rel=\"canonical\" href=\"https:\/\/www.emballagedigest.fr\/en\/deployer-un-mecanisme-incitatif-a-la-decarbonation-des-uve\/\" \/>\n<meta property=\"og:locale\" content=\"en_GB\" \/>\n<meta property=\"og:type\" content=\"article\" \/>\n<meta property=\"og:title\" content=\"D\u00e9ployer un m\u00e9canisme incitatif \u00e0 la d\u00e9carbonation des UVE - Emballage Digest\" \/>\n<meta property=\"og:description\" content=\"Dans le cadre du Pacte vert pour l\u2019Europe, l\u2019Union europ\u00e9enne s\u2019est fix\u00e9e l\u2019objectif d\u2019atteindre la neutralit\u00e9 carbone en 2050 et s\u2019est engag\u00e9e pour cela \u00e0 r\u00e9duire ses \u00e9missions nettes d\u2019au moins 55% en 2030 par rapport \u00e0 1990. Des travaux d\u00e9butent pour examiner l\u2019inclusion \u00e9ventuelle des Unit\u00e9s de Valorisation \u00c9nerg\u00e9tique (UVE), mais aussi d\u2019autres modes [&hellip;]\" \/>\n<meta property=\"og:url\" content=\"https:\/\/www.emballagedigest.fr\/en\/deployer-un-mecanisme-incitatif-a-la-decarbonation-des-uve\/\" \/>\n<meta property=\"og:site_name\" content=\"Emballage Digest\" \/>\n<meta property=\"article:published_time\" content=\"2024-11-30T10:24:00+00:00\" \/>\n<meta property=\"article:modified_time\" content=\"2024-12-05T10:26:35+00:00\" \/>\n<meta property=\"og:image\" content=\"https:\/\/www.emballagedigest.fr\/wp-content\/uploads\/2024\/12\/valorisation-dechets-FNADE.jpg\" \/>\n\t<meta property=\"og:image:width\" content=\"800\" \/>\n\t<meta property=\"og:image:height\" content=\"533\" \/>\n\t<meta property=\"og:image:type\" content=\"image\/jpeg\" \/>\n<meta name=\"author\" content=\"Karine Duval\" \/>\n<meta name=\"twitter:card\" content=\"summary_large_image\" \/>\n<meta name=\"twitter:label1\" content=\"Written by\" \/>\n\t<meta name=\"twitter:data1\" content=\"Karine Duval\" \/>\n\t<meta name=\"twitter:label2\" content=\"Estimated reading time\" \/>\n\t<meta name=\"twitter:data2\" content=\"3 minutes\" \/>\n<script type=\"application\/ld+json\" class=\"yoast-schema-graph\">{\"@context\":\"https:\/\/schema.org\",\"@graph\":[{\"@type\":\"Article\",\"@id\":\"https:\/\/www.emballagedigest.fr\/deployer-un-mecanisme-incitatif-a-la-decarbonation-des-uve\/#article\",\"isPartOf\":{\"@id\":\"https:\/\/www.emballagedigest.fr\/deployer-un-mecanisme-incitatif-a-la-decarbonation-des-uve\/\"},\"author\":{\"name\":\"Karine Duval\",\"@id\":\"https:\/\/www.emballagedigest.fr\/#\/schema\/person\/76abe9f2b2ee4d3d520594c7a35da59f\"},\"headline\":\"D\u00e9ployer un m\u00e9canisme incitatif \u00e0 la d\u00e9carbonation des UVE\",\"datePublished\":\"2024-11-30T10:24:00+00:00\",\"dateModified\":\"2024-12-05T10:26:35+00:00\",\"mainEntityOfPage\":{\"@id\":\"https:\/\/www.emballagedigest.fr\/deployer-un-mecanisme-incitatif-a-la-decarbonation-des-uve\/\"},\"wordCount\":504,\"publisher\":{\"@id\":\"https:\/\/www.emballagedigest.fr\/#organization\"},\"image\":{\"@id\":\"https:\/\/www.emballagedigest.fr\/deployer-un-mecanisme-incitatif-a-la-decarbonation-des-uve\/#primaryimage\"},\"thumbnailUrl\":\"https:\/\/www.emballagedigest.fr\/wp-content\/uploads\/2024\/12\/valorisation-dechets-FNADE.jpg\",\"articleSection\":[\"Article entier\",\"Barre lat\u00e9rale\",\"Mat\u00e9riaux\",\"Vu dans le mag\"],\"inLanguage\":\"en-GB\"},{\"@type\":\"WebPage\",\"@id\":\"https:\/\/www.emballagedigest.fr\/deployer-un-mecanisme-incitatif-a-la-decarbonation-des-uve\/\",\"url\":\"https:\/\/www.emballagedigest.fr\/deployer-un-mecanisme-incitatif-a-la-decarbonation-des-uve\/\",\"name\":\"D\u00e9ployer un m\u00e9canisme incitatif \u00e0 la d\u00e9carbonation des UVE - Emballage Digest\",\"isPartOf\":{\"@id\":\"https:\/\/www.emballagedigest.fr\/#website\"},\"primaryImageOfPage\":{\"@id\":\"https:\/\/www.emballagedigest.fr\/deployer-un-mecanisme-incitatif-a-la-decarbonation-des-uve\/#primaryimage\"},\"image\":{\"@id\":\"https:\/\/www.emballagedigest.fr\/deployer-un-mecanisme-incitatif-a-la-decarbonation-des-uve\/#primaryimage\"},\"thumbnailUrl\":\"https:\/\/www.emballagedigest.fr\/wp-content\/uploads\/2024\/12\/valorisation-dechets-FNADE.jpg\",\"datePublished\":\"2024-11-30T10:24:00+00:00\",\"dateModified\":\"2024-12-05T10:26:35+00:00\",\"breadcrumb\":{\"@id\":\"https:\/\/www.emballagedigest.fr\/deployer-un-mecanisme-incitatif-a-la-decarbonation-des-uve\/#breadcrumb\"},\"inLanguage\":\"en-GB\",\"potentialAction\":[{\"@type\":\"ReadAction\",\"target\":[\"https:\/\/www.emballagedigest.fr\/deployer-un-mecanisme-incitatif-a-la-decarbonation-des-uve\/\"]}]},{\"@type\":\"ImageObject\",\"inLanguage\":\"en-GB\",\"@id\":\"https:\/\/www.emballagedigest.fr\/deployer-un-mecanisme-incitatif-a-la-decarbonation-des-uve\/#primaryimage\",\"url\":\"https:\/\/www.emballagedigest.fr\/wp-content\/uploads\/2024\/12\/valorisation-dechets-FNADE.jpg\",\"contentUrl\":\"https:\/\/www.emballagedigest.fr\/wp-content\/uploads\/2024\/12\/valorisation-dechets-FNADE.jpg\",\"width\":800,\"height\":533},{\"@type\":\"BreadcrumbList\",\"@id\":\"https:\/\/www.emballagedigest.fr\/deployer-un-mecanisme-incitatif-a-la-decarbonation-des-uve\/#breadcrumb\",\"itemListElement\":[{\"@type\":\"ListItem\",\"position\":1,\"name\":\"Accueil\",\"item\":\"https:\/\/www.emballagedigest.fr\/\"},{\"@type\":\"ListItem\",\"position\":2,\"name\":\"D\u00e9ployer un m\u00e9canisme incitatif \u00e0 la d\u00e9carbonation des UVE\"}]},{\"@type\":\"WebSite\",\"@id\":\"https:\/\/www.emballagedigest.fr\/#website\",\"url\":\"https:\/\/www.emballagedigest.fr\/\",\"name\":\"Emballage Digest\",\"description\":\"Revue professionnelle sur les emballages\",\"publisher\":{\"@id\":\"https:\/\/www.emballagedigest.fr\/#organization\"},\"potentialAction\":[{\"@type\":\"SearchAction\",\"target\":{\"@type\":\"EntryPoint\",\"urlTemplate\":\"https:\/\/www.emballagedigest.fr\/?s={search_term_string}\"},\"query-input\":{\"@type\":\"PropertyValueSpecification\",\"valueRequired\":true,\"valueName\":\"search_term_string\"}}],\"inLanguage\":\"en-GB\"},{\"@type\":\"Organization\",\"@id\":\"https:\/\/www.emballagedigest.fr\/#organization\",\"name\":\"Emballage Digest\",\"url\":\"https:\/\/www.emballagedigest.fr\/\",\"logo\":{\"@type\":\"ImageObject\",\"inLanguage\":\"en-GB\",\"@id\":\"https:\/\/www.emballagedigest.fr\/#\/schema\/logo\/image\/\",\"url\":\"https:\/\/www.emballagedigest.fr\/wp-content\/uploads\/2022\/07\/logo-ed.png\",\"contentUrl\":\"https:\/\/www.emballagedigest.fr\/wp-content\/uploads\/2022\/07\/logo-ed.png\",\"width\":379,\"height\":75,\"caption\":\"Emballage Digest\"},\"image\":{\"@id\":\"https:\/\/www.emballagedigest.fr\/#\/schema\/logo\/image\/\"}},{\"@type\":\"Person\",\"@id\":\"https:\/\/www.emballagedigest.fr\/#\/schema\/person\/76abe9f2b2ee4d3d520594c7a35da59f\",\"name\":\"Karine Duval\",\"image\":{\"@type\":\"ImageObject\",\"inLanguage\":\"en-GB\",\"@id\":\"https:\/\/www.emballagedigest.fr\/#\/schema\/person\/image\/\",\"url\":\"https:\/\/secure.gravatar.com\/avatar\/f552799261cdd2e076e6677d780ef07bdb13aa4c196ab75b39abcbcdcae2d4e5?s=96&d=mm&r=g\",\"contentUrl\":\"https:\/\/secure.gravatar.com\/avatar\/f552799261cdd2e076e6677d780ef07bdb13aa4c196ab75b39abcbcdcae2d4e5?s=96&d=mm&r=g\",\"caption\":\"Karine Duval\"},\"url\":\"https:\/\/www.emballagedigest.fr\/en\/author\/admin_karduv\/\"}]}<\/script>\n<!-- \/ Yoast SEO plugin. -->","yoast_head_json":{"title":"D\u00e9ployer un m\u00e9canisme incitatif \u00e0 la d\u00e9carbonation des UVE - Emballage Digest","robots":{"index":"index","follow":"follow","max-snippet":"max-snippet:-1","max-image-preview":"max-image-preview:large","max-video-preview":"max-video-preview:-1"},"canonical":"https:\/\/www.emballagedigest.fr\/en\/deployer-un-mecanisme-incitatif-a-la-decarbonation-des-uve\/","og_locale":"en_GB","og_type":"article","og_title":"D\u00e9ployer un m\u00e9canisme incitatif \u00e0 la d\u00e9carbonation des UVE - Emballage Digest","og_description":"Dans le cadre du Pacte vert pour l\u2019Europe, l\u2019Union europ\u00e9enne s\u2019est fix\u00e9e l\u2019objectif d\u2019atteindre la neutralit\u00e9 carbone en 2050 et s\u2019est engag\u00e9e pour cela \u00e0 r\u00e9duire ses \u00e9missions nettes d\u2019au moins 55% en 2030 par rapport \u00e0 1990. Des travaux d\u00e9butent pour examiner l\u2019inclusion \u00e9ventuelle des Unit\u00e9s de Valorisation \u00c9nerg\u00e9tique (UVE), mais aussi d\u2019autres modes [&hellip;]","og_url":"https:\/\/www.emballagedigest.fr\/en\/deployer-un-mecanisme-incitatif-a-la-decarbonation-des-uve\/","og_site_name":"Emballage Digest","article_published_time":"2024-11-30T10:24:00+00:00","article_modified_time":"2024-12-05T10:26:35+00:00","og_image":[{"width":800,"height":533,"url":"https:\/\/www.emballagedigest.fr\/wp-content\/uploads\/2024\/12\/valorisation-dechets-FNADE.jpg","type":"image\/jpeg"}],"author":"Karine Duval","twitter_card":"summary_large_image","twitter_misc":{"Written by":"Karine Duval","Estimated reading time":"3 minutes"},"schema":{"@context":"https:\/\/schema.org","@graph":[{"@type":"Article","@id":"https:\/\/www.emballagedigest.fr\/deployer-un-mecanisme-incitatif-a-la-decarbonation-des-uve\/#article","isPartOf":{"@id":"https:\/\/www.emballagedigest.fr\/deployer-un-mecanisme-incitatif-a-la-decarbonation-des-uve\/"},"author":{"name":"Karine Duval","@id":"https:\/\/www.emballagedigest.fr\/#\/schema\/person\/76abe9f2b2ee4d3d520594c7a35da59f"},"headline":"D\u00e9ployer un m\u00e9canisme incitatif \u00e0 la d\u00e9carbonation des UVE","datePublished":"2024-11-30T10:24:00+00:00","dateModified":"2024-12-05T10:26:35+00:00","mainEntityOfPage":{"@id":"https:\/\/www.emballagedigest.fr\/deployer-un-mecanisme-incitatif-a-la-decarbonation-des-uve\/"},"wordCount":504,"publisher":{"@id":"https:\/\/www.emballagedigest.fr\/#organization"},"image":{"@id":"https:\/\/www.emballagedigest.fr\/deployer-un-mecanisme-incitatif-a-la-decarbonation-des-uve\/#primaryimage"},"thumbnailUrl":"https:\/\/www.emballagedigest.fr\/wp-content\/uploads\/2024\/12\/valorisation-dechets-FNADE.jpg","articleSection":["Article entier","Barre lat\u00e9rale","Mat\u00e9riaux","Vu dans le mag"],"inLanguage":"en-GB"},{"@type":"WebPage","@id":"https:\/\/www.emballagedigest.fr\/deployer-un-mecanisme-incitatif-a-la-decarbonation-des-uve\/","url":"https:\/\/www.emballagedigest.fr\/deployer-un-mecanisme-incitatif-a-la-decarbonation-des-uve\/","name":"D\u00e9ployer un m\u00e9canisme incitatif \u00e0 la d\u00e9carbonation des UVE - Emballage Digest","isPartOf":{"@id":"https:\/\/www.emballagedigest.fr\/#website"},"primaryImageOfPage":{"@id":"https:\/\/www.emballagedigest.fr\/deployer-un-mecanisme-incitatif-a-la-decarbonation-des-uve\/#primaryimage"},"image":{"@id":"https:\/\/www.emballagedigest.fr\/deployer-un-mecanisme-incitatif-a-la-decarbonation-des-uve\/#primaryimage"},"thumbnailUrl":"https:\/\/www.emballagedigest.fr\/wp-content\/uploads\/2024\/12\/valorisation-dechets-FNADE.jpg","datePublished":"2024-11-30T10:24:00+00:00","dateModified":"2024-12-05T10:26:35+00:00","breadcrumb":{"@id":"https:\/\/www.emballagedigest.fr\/deployer-un-mecanisme-incitatif-a-la-decarbonation-des-uve\/#breadcrumb"},"inLanguage":"en-GB","potentialAction":[{"@type":"ReadAction","target":["https:\/\/www.emballagedigest.fr\/deployer-un-mecanisme-incitatif-a-la-decarbonation-des-uve\/"]}]},{"@type":"ImageObject","inLanguage":"en-GB","@id":"https:\/\/www.emballagedigest.fr\/deployer-un-mecanisme-incitatif-a-la-decarbonation-des-uve\/#primaryimage","url":"https:\/\/www.emballagedigest.fr\/wp-content\/uploads\/2024\/12\/valorisation-dechets-FNADE.jpg","contentUrl":"https:\/\/www.emballagedigest.fr\/wp-content\/uploads\/2024\/12\/valorisation-dechets-FNADE.jpg","width":800,"height":533},{"@type":"BreadcrumbList","@id":"https:\/\/www.emballagedigest.fr\/deployer-un-mecanisme-incitatif-a-la-decarbonation-des-uve\/#breadcrumb","itemListElement":[{"@type":"ListItem","position":1,"name":"Accueil","item":"https:\/\/www.emballagedigest.fr\/"},{"@type":"ListItem","position":2,"name":"D\u00e9ployer un m\u00e9canisme incitatif \u00e0 la d\u00e9carbonation des UVE"}]},{"@type":"WebSite","@id":"https:\/\/www.emballagedigest.fr\/#website","url":"https:\/\/www.emballagedigest.fr\/","name":"Emballage Digest","description":"Revue professionnelle sur les emballages","publisher":{"@id":"https:\/\/www.emballagedigest.fr\/#organization"},"potentialAction":[{"@type":"SearchAction","target":{"@type":"EntryPoint","urlTemplate":"https:\/\/www.emballagedigest.fr\/?s={search_term_string}"},"query-input":{"@type":"PropertyValueSpecification","valueRequired":true,"valueName":"search_term_string"}}],"inLanguage":"en-GB"},{"@type":"Organization","@id":"https:\/\/www.emballagedigest.fr\/#organization","name":"Emballage Digest","url":"https:\/\/www.emballagedigest.fr\/","logo":{"@type":"ImageObject","inLanguage":"en-GB","@id":"https:\/\/www.emballagedigest.fr\/#\/schema\/logo\/image\/","url":"https:\/\/www.emballagedigest.fr\/wp-content\/uploads\/2022\/07\/logo-ed.png","contentUrl":"https:\/\/www.emballagedigest.fr\/wp-content\/uploads\/2022\/07\/logo-ed.png","width":379,"height":75,"caption":"Emballage Digest"},"image":{"@id":"https:\/\/www.emballagedigest.fr\/#\/schema\/logo\/image\/"}},{"@type":"Person","@id":"https:\/\/www.emballagedigest.fr\/#\/schema\/person\/76abe9f2b2ee4d3d520594c7a35da59f","name":"Karine Duval","image":{"@type":"ImageObject","inLanguage":"en-GB","@id":"https:\/\/www.emballagedigest.fr\/#\/schema\/person\/image\/","url":"https:\/\/secure.gravatar.com\/avatar\/f552799261cdd2e076e6677d780ef07bdb13aa4c196ab75b39abcbcdcae2d4e5?s=96&d=mm&r=g","contentUrl":"https:\/\/secure.gravatar.com\/avatar\/f552799261cdd2e076e6677d780ef07bdb13aa4c196ab75b39abcbcdcae2d4e5?s=96&d=mm&r=g","caption":"Karine Duval"},"url":"https:\/\/www.emballagedigest.fr\/en\/author\/admin_karduv\/"}]}},"_links":{"self":[{"href":"https:\/\/www.emballagedigest.fr\/en\/wp-json\/wp\/v2\/posts\/42842","targetHints":{"allow":["GET"]}}],"collection":[{"href":"https:\/\/www.emballagedigest.fr\/en\/wp-json\/wp\/v2\/posts"}],"about":[{"href":"https:\/\/www.emballagedigest.fr\/en\/wp-json\/wp\/v2\/types\/post"}],"author":[{"embeddable":true,"href":"https:\/\/www.emballagedigest.fr\/en\/wp-json\/wp\/v2\/users\/2"}],"replies":[{"embeddable":true,"href":"https:\/\/www.emballagedigest.fr\/en\/wp-json\/wp\/v2\/comments?post=42842"}],"version-history":[{"count":1,"href":"https:\/\/www.emballagedigest.fr\/en\/wp-json\/wp\/v2\/posts\/42842\/revisions"}],"predecessor-version":[{"id":42844,"href":"https:\/\/www.emballagedigest.fr\/en\/wp-json\/wp\/v2\/posts\/42842\/revisions\/42844"}],"wp:featuredmedia":[{"embeddable":true,"href":"https:\/\/www.emballagedigest.fr\/en\/wp-json\/wp\/v2\/media\/42843"}],"wp:attachment":[{"href":"https:\/\/www.emballagedigest.fr\/en\/wp-json\/wp\/v2\/media?parent=42842"}],"wp:term":[{"taxonomy":"category","embeddable":true,"href":"https:\/\/www.emballagedigest.fr\/en\/wp-json\/wp\/v2\/categories?post=42842"},{"taxonomy":"post_tag","embeddable":true,"href":"https:\/\/www.emballagedigest.fr\/en\/wp-json\/wp\/v2\/tags?post=42842"}],"curies":[{"name":"wp","href":"https:\/\/api.w.org\/{rel}","templated":true}]}}