{"id":42878,"date":"2024-11-30T23:56:00","date_gmt":"2024-11-30T22:56:00","guid":{"rendered":"https:\/\/www.emballagedigest.fr\/?p=42878"},"modified":"2024-12-05T23:58:57","modified_gmt":"2024-12-05T22:58:57","slug":"une-nouvelle-collection-de-mascaras-multifonctions","status":"publish","type":"post","link":"https:\/\/www.emballagedigest.fr\/en\/une-nouvelle-collection-de-mascaras-multifonctions\/","title":{"rendered":"Une nouvelle collection de mascaras multifonctions"},"content":{"rendered":"<p><strong>Texen d\u00e9voilait sur le dernier salon Luxe Pack Monaco sa gamme de nouveaux mascaras baptis\u00e9e \u00abMoon\u00bb. Chacun des six mascaras est con\u00e7u pour r\u00e9pondre \u00e0 des besoins sp\u00e9cifiques de morphologie ou de r\u00e9sultats maquillage souhait\u00e9s, que ce soit pour sublimer les cils ou structurer les sourcils. <\/strong><\/p>\n\n\n\n<p>Gr\u00e2ce \u00e0 des applicateurs originaux et ergonomiques, la gestuelle du maquillage est r\u00e9invent\u00e9e, offrant une application facile et pr\u00e9cise. Les packs de la collection sont con\u00e7us sans ABS, sans POM, et sans POK, r\u00e9duisant ainsi l\u2019impact environnemental. De plus, quatre r\u00e9f\u00e9rences sur six proposent une fonctionnalit\u00e9 2-en-1. Par exemple, le mascara \u00abFull Moon\u00bb permet de r\u00e9duire l\u2019utilisation de coton lors du d\u00e9maquillage classique gr\u00e2ce \u00e0 sa brosse floqu\u00e9e unique, douce et adapt\u00e9e, pour un nouveau geste de d\u00e9maquillage, diminuant ainsi la quantit\u00e9 de d\u00e9chets g\u00e9n\u00e9r\u00e9s. Autres r\u00e9f\u00e9rences de la gamme\u00a0: Waning Crescent Moon est une petite brosse en fibres avec un accessoire dans le capuchon pour am\u00e9liorer la propret\u00e9 du maquillage avec des cils courb\u00e9s. New Moon est une brosse m\u00e9tallique pour atteindre la racine des cils et apporter volume et d\u00e9finition. Waxing Gibbous Moon offre un m\u00e9canisme innovant qui place une petite brosse \u00e0 l\u2019int\u00e9rieur de la brosse du mascara pour une couverture compl\u00e8te de tous les cils. Et enfin, Waxing Crescent Moon propose un syst\u00e8me innovant avec un eyeliner \u00e0 l\u2019int\u00e9rieur de la brosse du mascara.<\/p>","protected":false},"excerpt":{"rendered":"<p>Texen d\u00e9voilait sur le dernier salon Luxe Pack Monaco sa gamme de nouveaux mascaras baptis\u00e9e \u00abMoon\u00bb. Chacun des six mascaras est con\u00e7u pour r\u00e9pondre \u00e0 des besoins sp\u00e9cifiques de morphologie ou de r\u00e9sultats maquillage souhait\u00e9s, que ce soit pour sublimer les cils ou structurer les sourcils. Gr\u00e2ce \u00e0 des applicateurs originaux et ergonomiques, la gestuelle [&hellip;]<\/p>","protected":false},"author":2,"featured_media":42879,"comment_status":"closed","ping_status":"closed","sticky":false,"template":"","format":"standard","meta":{"_acf_changed":false,"inline_featured_image":false,"iawp_total_views":2,"footnotes":""},"categories":[28,26,81,6,65],"tags":[],"class_list":["post-42878","post","type-post","status-publish","format-standard","has-post-thumbnail","hentry","category-article-entier","category-laterale","category-packaging","category-parfumerie-cosmetique","category-vu-dans-le-mag"],"acf":[],"yoast_head":"<!-- This site is optimized with the Yoast SEO plugin v24.4 - https:\/\/yoast.com\/wordpress\/plugins\/seo\/ -->\n<title>Une nouvelle collection de mascaras multifonctions - Emballage Digest<\/title>\n<meta name=\"robots\" content=\"index, follow, max-snippet:-1, max-image-preview:large, max-video-preview:-1\" \/>\n<link rel=\"canonical\" href=\"https:\/\/www.emballagedigest.fr\/en\/une-nouvelle-collection-de-mascaras-multifonctions\/\" \/>\n<meta property=\"og:locale\" content=\"en_GB\" \/>\n<meta property=\"og:type\" content=\"article\" \/>\n<meta property=\"og:title\" content=\"Une nouvelle collection de mascaras multifonctions - Emballage Digest\" \/>\n<meta property=\"og:description\" content=\"Texen d\u00e9voilait sur le dernier salon Luxe Pack Monaco sa gamme de nouveaux mascaras baptis\u00e9e \u00abMoon\u00bb. Chacun des six mascaras est con\u00e7u pour r\u00e9pondre \u00e0 des besoins sp\u00e9cifiques de morphologie ou de r\u00e9sultats maquillage souhait\u00e9s, que ce soit pour sublimer les cils ou structurer les sourcils. Gr\u00e2ce \u00e0 des applicateurs originaux et ergonomiques, la gestuelle [&hellip;]\" \/>\n<meta property=\"og:url\" content=\"https:\/\/www.emballagedigest.fr\/en\/une-nouvelle-collection-de-mascaras-multifonctions\/\" \/>\n<meta property=\"og:site_name\" content=\"Emballage Digest\" \/>\n<meta property=\"article:published_time\" content=\"2024-11-30T22:56:00+00:00\" \/>\n<meta property=\"article:modified_time\" content=\"2024-12-05T22:58:57+00:00\" \/>\n<meta property=\"og:image\" content=\"https:\/\/www.emballagedigest.fr\/wp-content\/uploads\/2024\/12\/Moon-Collection-Texen-Beauty-Partners.jpg\" \/>\n\t<meta property=\"og:image:width\" content=\"800\" \/>\n\t<meta property=\"og:image:height\" content=\"600\" \/>\n\t<meta property=\"og:image:type\" content=\"image\/jpeg\" \/>\n<meta name=\"author\" content=\"Karine Duval\" \/>\n<meta name=\"twitter:card\" content=\"summary_large_image\" \/>\n<meta name=\"twitter:label1\" content=\"Written by\" \/>\n\t<meta name=\"twitter:data1\" content=\"Karine Duval\" \/>\n\t<meta name=\"twitter:label2\" content=\"Estimated reading time\" \/>\n\t<meta name=\"twitter:data2\" content=\"2 minutes\" \/>\n<script type=\"application\/ld+json\" class=\"yoast-schema-graph\">{\"@context\":\"https:\/\/schema.org\",\"@graph\":[{\"@type\":\"Article\",\"@id\":\"https:\/\/www.emballagedigest.fr\/une-nouvelle-collection-de-mascaras-multifonctions\/#article\",\"isPartOf\":{\"@id\":\"https:\/\/www.emballagedigest.fr\/une-nouvelle-collection-de-mascaras-multifonctions\/\"},\"author\":{\"name\":\"Karine Duval\",\"@id\":\"https:\/\/www.emballagedigest.fr\/#\/schema\/person\/76abe9f2b2ee4d3d520594c7a35da59f\"},\"headline\":\"Une nouvelle collection de mascaras multifonctions\",\"datePublished\":\"2024-11-30T22:56:00+00:00\",\"dateModified\":\"2024-12-05T22:58:57+00:00\",\"mainEntityOfPage\":{\"@id\":\"https:\/\/www.emballagedigest.fr\/une-nouvelle-collection-de-mascaras-multifonctions\/\"},\"wordCount\":265,\"publisher\":{\"@id\":\"https:\/\/www.emballagedigest.fr\/#organization\"},\"image\":{\"@id\":\"https:\/\/www.emballagedigest.fr\/une-nouvelle-collection-de-mascaras-multifonctions\/#primaryimage\"},\"thumbnailUrl\":\"https:\/\/www.emballagedigest.fr\/wp-content\/uploads\/2024\/12\/Moon-Collection-Texen-Beauty-Partners.jpg\",\"articleSection\":[\"Article entier\",\"Barre lat\u00e9rale\",\"Packaging\",\"Parfumerie &amp; Cosm\u00e9tique\",\"Vu dans le mag\"],\"inLanguage\":\"en-GB\"},{\"@type\":\"WebPage\",\"@id\":\"https:\/\/www.emballagedigest.fr\/une-nouvelle-collection-de-mascaras-multifonctions\/\",\"url\":\"https:\/\/www.emballagedigest.fr\/une-nouvelle-collection-de-mascaras-multifonctions\/\",\"name\":\"Une nouvelle collection de mascaras multifonctions - Emballage Digest\",\"isPartOf\":{\"@id\":\"https:\/\/www.emballagedigest.fr\/#website\"},\"primaryImageOfPage\":{\"@id\":\"https:\/\/www.emballagedigest.fr\/une-nouvelle-collection-de-mascaras-multifonctions\/#primaryimage\"},\"image\":{\"@id\":\"https:\/\/www.emballagedigest.fr\/une-nouvelle-collection-de-mascaras-multifonctions\/#primaryimage\"},\"thumbnailUrl\":\"https:\/\/www.emballagedigest.fr\/wp-content\/uploads\/2024\/12\/Moon-Collection-Texen-Beauty-Partners.jpg\",\"datePublished\":\"2024-11-30T22:56:00+00:00\",\"dateModified\":\"2024-12-05T22:58:57+00:00\",\"breadcrumb\":{\"@id\":\"https:\/\/www.emballagedigest.fr\/une-nouvelle-collection-de-mascaras-multifonctions\/#breadcrumb\"},\"inLanguage\":\"en-GB\",\"potentialAction\":[{\"@type\":\"ReadAction\",\"target\":[\"https:\/\/www.emballagedigest.fr\/une-nouvelle-collection-de-mascaras-multifonctions\/\"]}]},{\"@type\":\"ImageObject\",\"inLanguage\":\"en-GB\",\"@id\":\"https:\/\/www.emballagedigest.fr\/une-nouvelle-collection-de-mascaras-multifonctions\/#primaryimage\",\"url\":\"https:\/\/www.emballagedigest.fr\/wp-content\/uploads\/2024\/12\/Moon-Collection-Texen-Beauty-Partners.jpg\",\"contentUrl\":\"https:\/\/www.emballagedigest.fr\/wp-content\/uploads\/2024\/12\/Moon-Collection-Texen-Beauty-Partners.jpg\",\"width\":800,\"height\":600},{\"@type\":\"BreadcrumbList\",\"@id\":\"https:\/\/www.emballagedigest.fr\/une-nouvelle-collection-de-mascaras-multifonctions\/#breadcrumb\",\"itemListElement\":[{\"@type\":\"ListItem\",\"position\":1,\"name\":\"Accueil\",\"item\":\"https:\/\/www.emballagedigest.fr\/\"},{\"@type\":\"ListItem\",\"position\":2,\"name\":\"Une nouvelle collection de mascaras multifonctions\"}]},{\"@type\":\"WebSite\",\"@id\":\"https:\/\/www.emballagedigest.fr\/#website\",\"url\":\"https:\/\/www.emballagedigest.fr\/\",\"name\":\"Emballage Digest\",\"description\":\"Revue professionnelle sur les emballages\",\"publisher\":{\"@id\":\"https:\/\/www.emballagedigest.fr\/#organization\"},\"potentialAction\":[{\"@type\":\"SearchAction\",\"target\":{\"@type\":\"EntryPoint\",\"urlTemplate\":\"https:\/\/www.emballagedigest.fr\/?s={search_term_string}\"},\"query-input\":{\"@type\":\"PropertyValueSpecification\",\"valueRequired\":true,\"valueName\":\"search_term_string\"}}],\"inLanguage\":\"en-GB\"},{\"@type\":\"Organization\",\"@id\":\"https:\/\/www.emballagedigest.fr\/#organization\",\"name\":\"Emballage Digest\",\"url\":\"https:\/\/www.emballagedigest.fr\/\",\"logo\":{\"@type\":\"ImageObject\",\"inLanguage\":\"en-GB\",\"@id\":\"https:\/\/www.emballagedigest.fr\/#\/schema\/logo\/image\/\",\"url\":\"https:\/\/www.emballagedigest.fr\/wp-content\/uploads\/2022\/07\/logo-ed.png\",\"contentUrl\":\"https:\/\/www.emballagedigest.fr\/wp-content\/uploads\/2022\/07\/logo-ed.png\",\"width\":379,\"height\":75,\"caption\":\"Emballage Digest\"},\"image\":{\"@id\":\"https:\/\/www.emballagedigest.fr\/#\/schema\/logo\/image\/\"}},{\"@type\":\"Person\",\"@id\":\"https:\/\/www.emballagedigest.fr\/#\/schema\/person\/76abe9f2b2ee4d3d520594c7a35da59f\",\"name\":\"Karine Duval\",\"image\":{\"@type\":\"ImageObject\",\"inLanguage\":\"en-GB\",\"@id\":\"https:\/\/www.emballagedigest.fr\/#\/schema\/person\/image\/\",\"url\":\"https:\/\/secure.gravatar.com\/avatar\/f552799261cdd2e076e6677d780ef07bdb13aa4c196ab75b39abcbcdcae2d4e5?s=96&d=mm&r=g\",\"contentUrl\":\"https:\/\/secure.gravatar.com\/avatar\/f552799261cdd2e076e6677d780ef07bdb13aa4c196ab75b39abcbcdcae2d4e5?s=96&d=mm&r=g\",\"caption\":\"Karine Duval\"},\"url\":\"https:\/\/www.emballagedigest.fr\/en\/author\/admin_karduv\/\"}]}<\/script>\n<!-- \/ Yoast SEO plugin. -->","yoast_head_json":{"title":"Une nouvelle collection de mascaras multifonctions - Emballage Digest","robots":{"index":"index","follow":"follow","max-snippet":"max-snippet:-1","max-image-preview":"max-image-preview:large","max-video-preview":"max-video-preview:-1"},"canonical":"https:\/\/www.emballagedigest.fr\/en\/une-nouvelle-collection-de-mascaras-multifonctions\/","og_locale":"en_GB","og_type":"article","og_title":"Une nouvelle collection de mascaras multifonctions - Emballage Digest","og_description":"Texen d\u00e9voilait sur le dernier salon Luxe Pack Monaco sa gamme de nouveaux mascaras baptis\u00e9e \u00abMoon\u00bb. Chacun des six mascaras est con\u00e7u pour r\u00e9pondre \u00e0 des besoins sp\u00e9cifiques de morphologie ou de r\u00e9sultats maquillage souhait\u00e9s, que ce soit pour sublimer les cils ou structurer les sourcils. Gr\u00e2ce \u00e0 des applicateurs originaux et ergonomiques, la gestuelle [&hellip;]","og_url":"https:\/\/www.emballagedigest.fr\/en\/une-nouvelle-collection-de-mascaras-multifonctions\/","og_site_name":"Emballage Digest","article_published_time":"2024-11-30T22:56:00+00:00","article_modified_time":"2024-12-05T22:58:57+00:00","og_image":[{"width":800,"height":600,"url":"https:\/\/www.emballagedigest.fr\/wp-content\/uploads\/2024\/12\/Moon-Collection-Texen-Beauty-Partners.jpg","type":"image\/jpeg"}],"author":"Karine Duval","twitter_card":"summary_large_image","twitter_misc":{"Written by":"Karine Duval","Estimated reading time":"2 minutes"},"schema":{"@context":"https:\/\/schema.org","@graph":[{"@type":"Article","@id":"https:\/\/www.emballagedigest.fr\/une-nouvelle-collection-de-mascaras-multifonctions\/#article","isPartOf":{"@id":"https:\/\/www.emballagedigest.fr\/une-nouvelle-collection-de-mascaras-multifonctions\/"},"author":{"name":"Karine Duval","@id":"https:\/\/www.emballagedigest.fr\/#\/schema\/person\/76abe9f2b2ee4d3d520594c7a35da59f"},"headline":"Une nouvelle collection de mascaras multifonctions","datePublished":"2024-11-30T22:56:00+00:00","dateModified":"2024-12-05T22:58:57+00:00","mainEntityOfPage":{"@id":"https:\/\/www.emballagedigest.fr\/une-nouvelle-collection-de-mascaras-multifonctions\/"},"wordCount":265,"publisher":{"@id":"https:\/\/www.emballagedigest.fr\/#organization"},"image":{"@id":"https:\/\/www.emballagedigest.fr\/une-nouvelle-collection-de-mascaras-multifonctions\/#primaryimage"},"thumbnailUrl":"https:\/\/www.emballagedigest.fr\/wp-content\/uploads\/2024\/12\/Moon-Collection-Texen-Beauty-Partners.jpg","articleSection":["Article entier","Barre lat\u00e9rale","Packaging","Parfumerie &amp; Cosm\u00e9tique","Vu dans le mag"],"inLanguage":"en-GB"},{"@type":"WebPage","@id":"https:\/\/www.emballagedigest.fr\/une-nouvelle-collection-de-mascaras-multifonctions\/","url":"https:\/\/www.emballagedigest.fr\/une-nouvelle-collection-de-mascaras-multifonctions\/","name":"Une nouvelle collection de mascaras multifonctions - Emballage Digest","isPartOf":{"@id":"https:\/\/www.emballagedigest.fr\/#website"},"primaryImageOfPage":{"@id":"https:\/\/www.emballagedigest.fr\/une-nouvelle-collection-de-mascaras-multifonctions\/#primaryimage"},"image":{"@id":"https:\/\/www.emballagedigest.fr\/une-nouvelle-collection-de-mascaras-multifonctions\/#primaryimage"},"thumbnailUrl":"https:\/\/www.emballagedigest.fr\/wp-content\/uploads\/2024\/12\/Moon-Collection-Texen-Beauty-Partners.jpg","datePublished":"2024-11-30T22:56:00+00:00","dateModified":"2024-12-05T22:58:57+00:00","breadcrumb":{"@id":"https:\/\/www.emballagedigest.fr\/une-nouvelle-collection-de-mascaras-multifonctions\/#breadcrumb"},"inLanguage":"en-GB","potentialAction":[{"@type":"ReadAction","target":["https:\/\/www.emballagedigest.fr\/une-nouvelle-collection-de-mascaras-multifonctions\/"]}]},{"@type":"ImageObject","inLanguage":"en-GB","@id":"https:\/\/www.emballagedigest.fr\/une-nouvelle-collection-de-mascaras-multifonctions\/#primaryimage","url":"https:\/\/www.emballagedigest.fr\/wp-content\/uploads\/2024\/12\/Moon-Collection-Texen-Beauty-Partners.jpg","contentUrl":"https:\/\/www.emballagedigest.fr\/wp-content\/uploads\/2024\/12\/Moon-Collection-Texen-Beauty-Partners.jpg","width":800,"height":600},{"@type":"BreadcrumbList","@id":"https:\/\/www.emballagedigest.fr\/une-nouvelle-collection-de-mascaras-multifonctions\/#breadcrumb","itemListElement":[{"@type":"ListItem","position":1,"name":"Accueil","item":"https:\/\/www.emballagedigest.fr\/"},{"@type":"ListItem","position":2,"name":"Une nouvelle collection de mascaras multifonctions"}]},{"@type":"WebSite","@id":"https:\/\/www.emballagedigest.fr\/#website","url":"https:\/\/www.emballagedigest.fr\/","name":"Emballage Digest","description":"Revue professionnelle sur les emballages","publisher":{"@id":"https:\/\/www.emballagedigest.fr\/#organization"},"potentialAction":[{"@type":"SearchAction","target":{"@type":"EntryPoint","urlTemplate":"https:\/\/www.emballagedigest.fr\/?s={search_term_string}"},"query-input":{"@type":"PropertyValueSpecification","valueRequired":true,"valueName":"search_term_string"}}],"inLanguage":"en-GB"},{"@type":"Organization","@id":"https:\/\/www.emballagedigest.fr\/#organization","name":"Emballage Digest","url":"https:\/\/www.emballagedigest.fr\/","logo":{"@type":"ImageObject","inLanguage":"en-GB","@id":"https:\/\/www.emballagedigest.fr\/#\/schema\/logo\/image\/","url":"https:\/\/www.emballagedigest.fr\/wp-content\/uploads\/2022\/07\/logo-ed.png","contentUrl":"https:\/\/www.emballagedigest.fr\/wp-content\/uploads\/2022\/07\/logo-ed.png","width":379,"height":75,"caption":"Emballage Digest"},"image":{"@id":"https:\/\/www.emballagedigest.fr\/#\/schema\/logo\/image\/"}},{"@type":"Person","@id":"https:\/\/www.emballagedigest.fr\/#\/schema\/person\/76abe9f2b2ee4d3d520594c7a35da59f","name":"Karine Duval","image":{"@type":"ImageObject","inLanguage":"en-GB","@id":"https:\/\/www.emballagedigest.fr\/#\/schema\/person\/image\/","url":"https:\/\/secure.gravatar.com\/avatar\/f552799261cdd2e076e6677d780ef07bdb13aa4c196ab75b39abcbcdcae2d4e5?s=96&d=mm&r=g","contentUrl":"https:\/\/secure.gravatar.com\/avatar\/f552799261cdd2e076e6677d780ef07bdb13aa4c196ab75b39abcbcdcae2d4e5?s=96&d=mm&r=g","caption":"Karine Duval"},"url":"https:\/\/www.emballagedigest.fr\/en\/author\/admin_karduv\/"}]}},"_links":{"self":[{"href":"https:\/\/www.emballagedigest.fr\/en\/wp-json\/wp\/v2\/posts\/42878","targetHints":{"allow":["GET"]}}],"collection":[{"href":"https:\/\/www.emballagedigest.fr\/en\/wp-json\/wp\/v2\/posts"}],"about":[{"href":"https:\/\/www.emballagedigest.fr\/en\/wp-json\/wp\/v2\/types\/post"}],"author":[{"embeddable":true,"href":"https:\/\/www.emballagedigest.fr\/en\/wp-json\/wp\/v2\/users\/2"}],"replies":[{"embeddable":true,"href":"https:\/\/www.emballagedigest.fr\/en\/wp-json\/wp\/v2\/comments?post=42878"}],"version-history":[{"count":1,"href":"https:\/\/www.emballagedigest.fr\/en\/wp-json\/wp\/v2\/posts\/42878\/revisions"}],"predecessor-version":[{"id":42880,"href":"https:\/\/www.emballagedigest.fr\/en\/wp-json\/wp\/v2\/posts\/42878\/revisions\/42880"}],"wp:featuredmedia":[{"embeddable":true,"href":"https:\/\/www.emballagedigest.fr\/en\/wp-json\/wp\/v2\/media\/42879"}],"wp:attachment":[{"href":"https:\/\/www.emballagedigest.fr\/en\/wp-json\/wp\/v2\/media?parent=42878"}],"wp:term":[{"taxonomy":"category","embeddable":true,"href":"https:\/\/www.emballagedigest.fr\/en\/wp-json\/wp\/v2\/categories?post=42878"},{"taxonomy":"post_tag","embeddable":true,"href":"https:\/\/www.emballagedigest.fr\/en\/wp-json\/wp\/v2\/tags?post=42878"}],"curies":[{"name":"wp","href":"https:\/\/api.w.org\/{rel}","templated":true}]}}