{"id":42881,"date":"2024-11-30T23:59:00","date_gmt":"2024-11-30T22:59:00","guid":{"rendered":"https:\/\/www.emballagedigest.fr\/?p=42881"},"modified":"2024-12-06T00:01:57","modified_gmt":"2024-12-05T23:01:57","slug":"le-dessicant-gardien-de-lintegrite-des-produits","status":"publish","type":"post","link":"https:\/\/www.emballagedigest.fr\/en\/le-dessicant-gardien-de-lintegrite-des-produits\/","title":{"rendered":"Le dessicant, gardien de l\u2019int\u00e9grit\u00e9 des produits"},"content":{"rendered":"<p><strong>Le dessiccant constitue une solution \u00e9conomique et efficace pour contr\u00f4ler l\u2019humidit\u00e9 dans les emballages. Il se pr\u00e9sente sous forme de sachets ou de solutions d\u00e9shydratantes \u00ab\u00a02-en-1\u00a0\u00bb int\u00e9gr\u00e9es aux bouchons pour garantir l\u2019int\u00e9grit\u00e9 tout au long de la cha\u00eene de valeur. Ces solutions sont destin\u00e9es aux m\u00e9dicaments, produits OTC, cosm\u00e9tiques et nutraceutiques, des secteurs en croissance avec des exigences de qualit\u00e9 pour am\u00e9liorer l\u2019exp\u00e9rience des consommateurs et l\u2019image de marque. A l\u2019avenir, la s\u00e9curit\u00e9 et la durabilit\u00e9 restent les priorit\u00e9s des fabricants, notamment Sanner, Colorcon et Tropack.<\/strong><\/p>\n\n\n\n<p>Les formes orales solides (comprim\u00e9s, g\u00e9lules) restent \u00abune priorit\u00e9 pour l\u2019industrie pharmaceutique\u00bb, selon Christian Classen, directeur commercial de Sanner Group. \u00abMalgr\u00e9 la croissance des produits biologiques, les petites mol\u00e9cules chimiques disponibles sous forme orale repr\u00e9sentent encore la moiti\u00e9 des nouvelles entit\u00e9s approuv\u00e9es par la FDA et un tiers des m\u00e9dicaments en phase finale de d\u00e9veloppement (phase III des essais cliniques)\u00bb. Le march\u00e9 des m\u00e9dicaments en vente libre (OTC) se d\u00e9veloppe \u00e9galement, accentuant la demande pour des emballages qui prot\u00e8gent ces produits de la d\u00e9gradation chimique et\/ou physique due \u00e0 l\u2019humidit\u00e9.<\/p>\n\n\n\n<p><strong>Priorit\u00e9 aux solutions int\u00e9gr\u00e9es<\/strong><br>Par cons\u00e9quent, le march\u00e9 des dessiccants dans les emballages pharmaceutiques est en forte croissance, avec une demande diversifi\u00e9e pour des solutions abordables garantissant la stabilit\u00e9 et la dur\u00e9e de conservation des produits. Les solutions drop-in restent largement utilis\u00e9es. Sannerpropose notamment les gammes AdPack\u00ae (sachets et packs d\u00e9shydratants compacts) et AdCap\u00ae (capsules et canisters d\u00e9shydratants) pour contr\u00f4ler l\u2019humidit\u00e9 et les odeurs. Les sachets AdPack\u00ae sont disponibles avec du gel de silice ou un tamis mol\u00e9culaire, en version d\u00e9coup\u00e9e ou en rouleau, avec du Tyvek\u00ae ou \u00e9ventuellement d\u2019autres mat\u00e9riaux non tiss\u00e9s. En compl\u00e9ment, les capsules et canisters AdCap\u00aesont remplis de gel de silice, tamis mol\u00e9culaire, charbon actif, ou de m\u00e9langes. Les entreprises peuvent \u00e9galement opter pour des capsules de dessiccants \u00e0 clipser dans les bouchons. \u00abLes entreprises recherchent des options qui r\u00e9duisent les co\u00fbts, am\u00e9liorent l\u2019exp\u00e9rience des utilisateurs, permettent de se diff\u00e9rencier, et favorisent \u00e9galement la durabilit\u00e9\u00bb, souligne Christian Classen. \u00abDans ce sens, l\u2019utilisation de dessiccants int\u00e9gr\u00e9s aux bouchons ou dans le fond de l\u2019emballage, en remplacement des sachets, permet de simplifier la logistique et la production, am\u00e9liorant \u00e0 la fois l\u2019efficacit\u00e9 des lignes de conditionnement et l\u2019impact environnemental. Les solutions int\u00e9gr\u00e9es permettent aussi de prolonger la conservation et de pr\u00e9venir l\u2019agglutination et, dans le cas des bouchons r\u00e9sistants aux enfants, de r\u00e9duire \u00e9galement les risques d\u2019ingestion accidentelle de m\u00e9dicaments. L\u2019ambition de Sanner est de proposer des solutions de gestion de l\u2019humidit\u00e9 d\u2019un seul tenant et compl\u00e8tes, comprenant le contenant ou le tube avec le bouchon appropri\u00e9\u00bb, pr\u00e9cise Christian Classen. Le granule de dessiccant peut \u00eatre enferm\u00e9 dans une chambre de dessiccation dans le bouchon ou au fond, scell\u00e9e par un disque en carton soud\u00e9 pour assurer la stabilit\u00e9 physique et chimique. Autre axe de travail\u00a0: Sanner \u0153uvre \u00e9galement \u00e0 r\u00e9duire l\u2019impact environnemental de ses produits en utilisant des mat\u00e9riaux biod\u00e9gradables ou recyclables. L\u2019innovation s\u2019oriente aussi vers de nouvelles formes de dessiccants et des m\u00e9thodes d\u2019int\u00e9gration plus adapt\u00e9es aux dispositifs de d\u00e9livrance de m\u00e9dicaments et aux produits diagnostiques. De plus, le programme Advance with Agility\u2122 de Sanner, bas\u00e9 sur l\u2019approche Quality by Design, aide \u00e0 anticiper et \u00e0 r\u00e9soudre les probl\u00e8mes de stabilit\u00e9 plus rapidement, r\u00e9duisant les tests prolong\u00e9s et acc\u00e9l\u00e9rant l\u2019acc\u00e8s au march\u00e9. \u00abCette approche globale, qui implique tous les acteurs cl\u00e9s, peut faire gagner jusqu\u2019\u00e0 6 \u00e0 12 mois dans le d\u00e9veloppement\u00bb, pr\u00e9cise-t-il. Derni\u00e8rement, l\u2019entreprise allemande a renforc\u00e9 ses capacit\u00e9s mondiales en \u00e9largissant sa gamme de services de la conception initiale \u00e0 la fabrication d\u2019emballages et de dispositifs m\u00e9dicaux, avec les acquisitions strat\u00e9giques de Springboard Pro (en janvier) au Royaume-Uni et Gilero (en septembre) \u00e0 Durham, en Caroline du Nord, aux Etats-Unis. De plus, son nouveau centre ultramoderne de 10 000 m\u00b2, dont 300 m\u00b2 d\u00e9di\u00e9s \u00e0 la technologie et \u00e0 l\u2019innovation, \u00e0 Bernsheim, en Allemagne, sera op\u00e9rationnel d\u00e9but 2025.<\/p>\n\n\n\n<p><strong>La s\u00e9curit\u00e9 et durabilit\u00e9 comme axes d\u2019innovation<\/strong><br>L\u2019expansion des march\u00e9s pharmaceutique et nutraceutique accro\u00eet la demande en solutions d\u2019emballage avanc\u00e9es, essentielles pour se diff\u00e9rencier et pr\u00e9server la qualit\u00e9. \u00abAvoir une solution d\u00e9shydratante efficace contribue non seulement \u00e0 stabiliser les produits et \u00e0 am\u00e9liorer l\u2019exp\u00e9rience utilisateur, mais elle refl\u00e8te aussi les valeurs de la marque et renforce la confiance des consommateurs en garantissant d\u2019avoir un produit en parfait \u00e9tat\u00bb, souligne Florilene Maire, directrice marketing produits chez Colorcon, qui propose plusieurs solutionspour contr\u00f4ler l\u2019humidit\u00e9, l\u2019oxyg\u00e8ne ou les odeurs.\u00a0\u00abLe HAT\u00ae-B Handy Active Tube contr\u00f4le efficacement la transmission de vapeur d\u2019eau, essentielle pour des applications diagnostiques o\u00f9 la pr\u00e9cision est cruciale, indique-t-elle. Il est particuli\u00e8rement adapt\u00e9 aux bandelettes de diagnostic, compl\u00e9ments alimentaires comme les probiotiques, m\u00e9dicaments sensibles \u00e0 l\u2019humidit\u00e9 et dispositifs d\u2019inhalation\u00bb. Colorcon propose ici<br>un syst\u00e8me absorbant ajustable, qui permet de personnaliser la quantit\u00e9 de dessicant, en fonction des besoins du produit. Le capuchon \u00e0 rabat facilite l\u2019acc\u00e8s, tout en restant herm\u00e9tique, et la position du dessicant au fond du tube, assure sa proximit\u00e9 avec les composants sensibles.<br>Autre solution\u00a0: Dricard\u00ae, discret et \u00e9conomique en espace, qui se place entre les blisters ou dans les \u00e9tuis cartons. Les innovations de Colorcon visent la durabilit\u00e9 en r\u00e9duisant l\u2019utilisation des encres et plastiques\u00a0(mat\u00e9riaux biod\u00e9gradables, encres et rev\u00eatements \u00e9cologiques),\u00a0la s\u00e9curit\u00e9 des patients et la conformit\u00e9 r\u00e9glementaire (designs anti-alt\u00e9ration, r\u00e9sistants aux enfants). \u00abFace aux pr\u00e9occupations li\u00e9es aux d\u00e9chets plastiques, des alternatives comme les plastiques biosourc\u00e9s et les emballages \u00e0 base de papier sont d\u00e9velopp\u00e9es, tout en respectant les normes de s\u00e9curit\u00e9 et d\u2019int\u00e9grit\u00e9\u00bb, avance-t-elle. Le syst\u00e8me de fermeture int\u00e9gr\u00e9e comme l\u2019IDC\u00ae (Integrated Desiccant Closure)repr\u00e9sente \u00e9galement une nouvelle g\u00e9n\u00e9ration de bouchons pour flacons et piluliers, prot\u00e9geant divers produits sensibles \u00e0 l\u2019humidit\u00e9, en prenant en compte l\u2019\u00e9volution des emballages vers des syst\u00e8mes de dosage personnalis\u00e9s pour am\u00e9liorer la s\u00e9curit\u00e9 et l\u2019observance th\u00e9rapeutique des patients.<\/p>","protected":false},"excerpt":{"rendered":"<p>Le dessiccant constitue une solution \u00e9conomique et efficace pour contr\u00f4ler l\u2019humidit\u00e9 dans les emballages. Il se pr\u00e9sente sous forme de sachets ou de solutions d\u00e9shydratantes \u00ab\u00a02-en-1\u00a0\u00bb int\u00e9gr\u00e9es aux bouchons pour garantir l\u2019int\u00e9grit\u00e9 tout au long de la cha\u00eene de valeur. Ces solutions sont destin\u00e9es aux m\u00e9dicaments, produits OTC, cosm\u00e9tiques et nutraceutiques, des secteurs en croissance [&hellip;]<\/p>","protected":false},"author":2,"featured_media":42882,"comment_status":"closed","ping_status":"closed","sticky":false,"template":"","format":"standard","meta":{"_acf_changed":false,"inline_featured_image":false,"iawp_total_views":2,"footnotes":""},"categories":[26,81,7,65],"tags":[],"class_list":["post-42881","post","type-post","status-publish","format-standard","has-post-thumbnail","hentry","category-laterale","category-packaging","category-pharmacie","category-vu-dans-le-mag"],"acf":[],"yoast_head":"<!-- This site is optimized with the Yoast SEO plugin v24.4 - https:\/\/yoast.com\/wordpress\/plugins\/seo\/ -->\n<title>Le dessicant, gardien de l\u2019int\u00e9grit\u00e9 des produits - Emballage Digest<\/title>\n<meta name=\"robots\" content=\"index, follow, max-snippet:-1, max-image-preview:large, max-video-preview:-1\" \/>\n<link rel=\"canonical\" href=\"https:\/\/www.emballagedigest.fr\/en\/le-dessicant-gardien-de-lintegrite-des-produits\/\" \/>\n<meta property=\"og:locale\" content=\"en_GB\" \/>\n<meta property=\"og:type\" content=\"article\" \/>\n<meta property=\"og:title\" content=\"Le dessicant, gardien de l\u2019int\u00e9grit\u00e9 des produits - Emballage Digest\" \/>\n<meta property=\"og:description\" content=\"Le dessiccant constitue une solution \u00e9conomique et efficace pour contr\u00f4ler l\u2019humidit\u00e9 dans les emballages. Il se pr\u00e9sente sous forme de sachets ou de solutions d\u00e9shydratantes \u00ab\u00a02-en-1\u00a0\u00bb int\u00e9gr\u00e9es aux bouchons pour garantir l\u2019int\u00e9grit\u00e9 tout au long de la cha\u00eene de valeur. Ces solutions sont destin\u00e9es aux m\u00e9dicaments, produits OTC, cosm\u00e9tiques et nutraceutiques, des secteurs en croissance [&hellip;]\" \/>\n<meta property=\"og:url\" content=\"https:\/\/www.emballagedigest.fr\/en\/le-dessicant-gardien-de-lintegrite-des-produits\/\" \/>\n<meta property=\"og:site_name\" content=\"Emballage Digest\" \/>\n<meta property=\"article:published_time\" content=\"2024-11-30T22:59:00+00:00\" \/>\n<meta property=\"article:modified_time\" content=\"2024-12-05T23:01:57+00:00\" \/>\n<meta property=\"og:image\" content=\"https:\/\/www.emballagedigest.fr\/wp-content\/uploads\/2024\/12\/Sanner_AdCap_Production.jpg\" \/>\n\t<meta property=\"og:image:width\" content=\"800\" \/>\n\t<meta property=\"og:image:height\" content=\"533\" \/>\n\t<meta property=\"og:image:type\" content=\"image\/jpeg\" \/>\n<meta name=\"author\" content=\"Karine Duval\" \/>\n<meta name=\"twitter:card\" content=\"summary_large_image\" \/>\n<meta name=\"twitter:label1\" content=\"Written by\" \/>\n\t<meta name=\"twitter:data1\" content=\"Karine Duval\" \/>\n\t<meta name=\"twitter:label2\" content=\"Estimated reading time\" \/>\n\t<meta name=\"twitter:data2\" content=\"5 minutes\" \/>\n<script type=\"application\/ld+json\" class=\"yoast-schema-graph\">{\"@context\":\"https:\/\/schema.org\",\"@graph\":[{\"@type\":\"Article\",\"@id\":\"https:\/\/www.emballagedigest.fr\/le-dessicant-gardien-de-lintegrite-des-produits\/#article\",\"isPartOf\":{\"@id\":\"https:\/\/www.emballagedigest.fr\/le-dessicant-gardien-de-lintegrite-des-produits\/\"},\"author\":{\"name\":\"Karine Duval\",\"@id\":\"https:\/\/www.emballagedigest.fr\/#\/schema\/person\/76abe9f2b2ee4d3d520594c7a35da59f\"},\"headline\":\"Le dessicant, gardien de l\u2019int\u00e9grit\u00e9 des produits\",\"datePublished\":\"2024-11-30T22:59:00+00:00\",\"dateModified\":\"2024-12-05T23:01:57+00:00\",\"mainEntityOfPage\":{\"@id\":\"https:\/\/www.emballagedigest.fr\/le-dessicant-gardien-de-lintegrite-des-produits\/\"},\"wordCount\":1115,\"publisher\":{\"@id\":\"https:\/\/www.emballagedigest.fr\/#organization\"},\"image\":{\"@id\":\"https:\/\/www.emballagedigest.fr\/le-dessicant-gardien-de-lintegrite-des-produits\/#primaryimage\"},\"thumbnailUrl\":\"https:\/\/www.emballagedigest.fr\/wp-content\/uploads\/2024\/12\/Sanner_AdCap_Production.jpg\",\"articleSection\":[\"Barre lat\u00e9rale\",\"Packaging\",\"Pharmacie\",\"Vu dans le mag\"],\"inLanguage\":\"en-GB\"},{\"@type\":\"WebPage\",\"@id\":\"https:\/\/www.emballagedigest.fr\/le-dessicant-gardien-de-lintegrite-des-produits\/\",\"url\":\"https:\/\/www.emballagedigest.fr\/le-dessicant-gardien-de-lintegrite-des-produits\/\",\"name\":\"Le dessicant, gardien de l\u2019int\u00e9grit\u00e9 des produits - Emballage Digest\",\"isPartOf\":{\"@id\":\"https:\/\/www.emballagedigest.fr\/#website\"},\"primaryImageOfPage\":{\"@id\":\"https:\/\/www.emballagedigest.fr\/le-dessicant-gardien-de-lintegrite-des-produits\/#primaryimage\"},\"image\":{\"@id\":\"https:\/\/www.emballagedigest.fr\/le-dessicant-gardien-de-lintegrite-des-produits\/#primaryimage\"},\"thumbnailUrl\":\"https:\/\/www.emballagedigest.fr\/wp-content\/uploads\/2024\/12\/Sanner_AdCap_Production.jpg\",\"datePublished\":\"2024-11-30T22:59:00+00:00\",\"dateModified\":\"2024-12-05T23:01:57+00:00\",\"breadcrumb\":{\"@id\":\"https:\/\/www.emballagedigest.fr\/le-dessicant-gardien-de-lintegrite-des-produits\/#breadcrumb\"},\"inLanguage\":\"en-GB\",\"potentialAction\":[{\"@type\":\"ReadAction\",\"target\":[\"https:\/\/www.emballagedigest.fr\/le-dessicant-gardien-de-lintegrite-des-produits\/\"]}]},{\"@type\":\"ImageObject\",\"inLanguage\":\"en-GB\",\"@id\":\"https:\/\/www.emballagedigest.fr\/le-dessicant-gardien-de-lintegrite-des-produits\/#primaryimage\",\"url\":\"https:\/\/www.emballagedigest.fr\/wp-content\/uploads\/2024\/12\/Sanner_AdCap_Production.jpg\",\"contentUrl\":\"https:\/\/www.emballagedigest.fr\/wp-content\/uploads\/2024\/12\/Sanner_AdCap_Production.jpg\",\"width\":800,\"height\":533},{\"@type\":\"BreadcrumbList\",\"@id\":\"https:\/\/www.emballagedigest.fr\/le-dessicant-gardien-de-lintegrite-des-produits\/#breadcrumb\",\"itemListElement\":[{\"@type\":\"ListItem\",\"position\":1,\"name\":\"Accueil\",\"item\":\"https:\/\/www.emballagedigest.fr\/\"},{\"@type\":\"ListItem\",\"position\":2,\"name\":\"Le dessicant, gardien de l\u2019int\u00e9grit\u00e9 des produits\"}]},{\"@type\":\"WebSite\",\"@id\":\"https:\/\/www.emballagedigest.fr\/#website\",\"url\":\"https:\/\/www.emballagedigest.fr\/\",\"name\":\"Emballage Digest\",\"description\":\"Revue professionnelle sur les emballages\",\"publisher\":{\"@id\":\"https:\/\/www.emballagedigest.fr\/#organization\"},\"potentialAction\":[{\"@type\":\"SearchAction\",\"target\":{\"@type\":\"EntryPoint\",\"urlTemplate\":\"https:\/\/www.emballagedigest.fr\/?s={search_term_string}\"},\"query-input\":{\"@type\":\"PropertyValueSpecification\",\"valueRequired\":true,\"valueName\":\"search_term_string\"}}],\"inLanguage\":\"en-GB\"},{\"@type\":\"Organization\",\"@id\":\"https:\/\/www.emballagedigest.fr\/#organization\",\"name\":\"Emballage Digest\",\"url\":\"https:\/\/www.emballagedigest.fr\/\",\"logo\":{\"@type\":\"ImageObject\",\"inLanguage\":\"en-GB\",\"@id\":\"https:\/\/www.emballagedigest.fr\/#\/schema\/logo\/image\/\",\"url\":\"https:\/\/www.emballagedigest.fr\/wp-content\/uploads\/2022\/07\/logo-ed.png\",\"contentUrl\":\"https:\/\/www.emballagedigest.fr\/wp-content\/uploads\/2022\/07\/logo-ed.png\",\"width\":379,\"height\":75,\"caption\":\"Emballage Digest\"},\"image\":{\"@id\":\"https:\/\/www.emballagedigest.fr\/#\/schema\/logo\/image\/\"}},{\"@type\":\"Person\",\"@id\":\"https:\/\/www.emballagedigest.fr\/#\/schema\/person\/76abe9f2b2ee4d3d520594c7a35da59f\",\"name\":\"Karine Duval\",\"image\":{\"@type\":\"ImageObject\",\"inLanguage\":\"en-GB\",\"@id\":\"https:\/\/www.emballagedigest.fr\/#\/schema\/person\/image\/\",\"url\":\"https:\/\/secure.gravatar.com\/avatar\/f552799261cdd2e076e6677d780ef07bdb13aa4c196ab75b39abcbcdcae2d4e5?s=96&d=mm&r=g\",\"contentUrl\":\"https:\/\/secure.gravatar.com\/avatar\/f552799261cdd2e076e6677d780ef07bdb13aa4c196ab75b39abcbcdcae2d4e5?s=96&d=mm&r=g\",\"caption\":\"Karine Duval\"},\"url\":\"https:\/\/www.emballagedigest.fr\/en\/author\/admin_karduv\/\"}]}<\/script>\n<!-- \/ Yoast SEO plugin. -->","yoast_head_json":{"title":"Le dessicant, gardien de l\u2019int\u00e9grit\u00e9 des produits - Emballage Digest","robots":{"index":"index","follow":"follow","max-snippet":"max-snippet:-1","max-image-preview":"max-image-preview:large","max-video-preview":"max-video-preview:-1"},"canonical":"https:\/\/www.emballagedigest.fr\/en\/le-dessicant-gardien-de-lintegrite-des-produits\/","og_locale":"en_GB","og_type":"article","og_title":"Le dessicant, gardien de l\u2019int\u00e9grit\u00e9 des produits - Emballage Digest","og_description":"Le dessiccant constitue une solution \u00e9conomique et efficace pour contr\u00f4ler l\u2019humidit\u00e9 dans les emballages. Il se pr\u00e9sente sous forme de sachets ou de solutions d\u00e9shydratantes \u00ab\u00a02-en-1\u00a0\u00bb int\u00e9gr\u00e9es aux bouchons pour garantir l\u2019int\u00e9grit\u00e9 tout au long de la cha\u00eene de valeur. Ces solutions sont destin\u00e9es aux m\u00e9dicaments, produits OTC, cosm\u00e9tiques et nutraceutiques, des secteurs en croissance [&hellip;]","og_url":"https:\/\/www.emballagedigest.fr\/en\/le-dessicant-gardien-de-lintegrite-des-produits\/","og_site_name":"Emballage Digest","article_published_time":"2024-11-30T22:59:00+00:00","article_modified_time":"2024-12-05T23:01:57+00:00","og_image":[{"width":800,"height":533,"url":"https:\/\/www.emballagedigest.fr\/wp-content\/uploads\/2024\/12\/Sanner_AdCap_Production.jpg","type":"image\/jpeg"}],"author":"Karine Duval","twitter_card":"summary_large_image","twitter_misc":{"Written by":"Karine Duval","Estimated reading time":"5 minutes"},"schema":{"@context":"https:\/\/schema.org","@graph":[{"@type":"Article","@id":"https:\/\/www.emballagedigest.fr\/le-dessicant-gardien-de-lintegrite-des-produits\/#article","isPartOf":{"@id":"https:\/\/www.emballagedigest.fr\/le-dessicant-gardien-de-lintegrite-des-produits\/"},"author":{"name":"Karine Duval","@id":"https:\/\/www.emballagedigest.fr\/#\/schema\/person\/76abe9f2b2ee4d3d520594c7a35da59f"},"headline":"Le dessicant, gardien de l\u2019int\u00e9grit\u00e9 des produits","datePublished":"2024-11-30T22:59:00+00:00","dateModified":"2024-12-05T23:01:57+00:00","mainEntityOfPage":{"@id":"https:\/\/www.emballagedigest.fr\/le-dessicant-gardien-de-lintegrite-des-produits\/"},"wordCount":1115,"publisher":{"@id":"https:\/\/www.emballagedigest.fr\/#organization"},"image":{"@id":"https:\/\/www.emballagedigest.fr\/le-dessicant-gardien-de-lintegrite-des-produits\/#primaryimage"},"thumbnailUrl":"https:\/\/www.emballagedigest.fr\/wp-content\/uploads\/2024\/12\/Sanner_AdCap_Production.jpg","articleSection":["Barre lat\u00e9rale","Packaging","Pharmacie","Vu dans le mag"],"inLanguage":"en-GB"},{"@type":"WebPage","@id":"https:\/\/www.emballagedigest.fr\/le-dessicant-gardien-de-lintegrite-des-produits\/","url":"https:\/\/www.emballagedigest.fr\/le-dessicant-gardien-de-lintegrite-des-produits\/","name":"Le dessicant, gardien de l\u2019int\u00e9grit\u00e9 des produits - Emballage Digest","isPartOf":{"@id":"https:\/\/www.emballagedigest.fr\/#website"},"primaryImageOfPage":{"@id":"https:\/\/www.emballagedigest.fr\/le-dessicant-gardien-de-lintegrite-des-produits\/#primaryimage"},"image":{"@id":"https:\/\/www.emballagedigest.fr\/le-dessicant-gardien-de-lintegrite-des-produits\/#primaryimage"},"thumbnailUrl":"https:\/\/www.emballagedigest.fr\/wp-content\/uploads\/2024\/12\/Sanner_AdCap_Production.jpg","datePublished":"2024-11-30T22:59:00+00:00","dateModified":"2024-12-05T23:01:57+00:00","breadcrumb":{"@id":"https:\/\/www.emballagedigest.fr\/le-dessicant-gardien-de-lintegrite-des-produits\/#breadcrumb"},"inLanguage":"en-GB","potentialAction":[{"@type":"ReadAction","target":["https:\/\/www.emballagedigest.fr\/le-dessicant-gardien-de-lintegrite-des-produits\/"]}]},{"@type":"ImageObject","inLanguage":"en-GB","@id":"https:\/\/www.emballagedigest.fr\/le-dessicant-gardien-de-lintegrite-des-produits\/#primaryimage","url":"https:\/\/www.emballagedigest.fr\/wp-content\/uploads\/2024\/12\/Sanner_AdCap_Production.jpg","contentUrl":"https:\/\/www.emballagedigest.fr\/wp-content\/uploads\/2024\/12\/Sanner_AdCap_Production.jpg","width":800,"height":533},{"@type":"BreadcrumbList","@id":"https:\/\/www.emballagedigest.fr\/le-dessicant-gardien-de-lintegrite-des-produits\/#breadcrumb","itemListElement":[{"@type":"ListItem","position":1,"name":"Accueil","item":"https:\/\/www.emballagedigest.fr\/"},{"@type":"ListItem","position":2,"name":"Le dessicant, gardien de l\u2019int\u00e9grit\u00e9 des produits"}]},{"@type":"WebSite","@id":"https:\/\/www.emballagedigest.fr\/#website","url":"https:\/\/www.emballagedigest.fr\/","name":"Emballage Digest","description":"Revue professionnelle sur les emballages","publisher":{"@id":"https:\/\/www.emballagedigest.fr\/#organization"},"potentialAction":[{"@type":"SearchAction","target":{"@type":"EntryPoint","urlTemplate":"https:\/\/www.emballagedigest.fr\/?s={search_term_string}"},"query-input":{"@type":"PropertyValueSpecification","valueRequired":true,"valueName":"search_term_string"}}],"inLanguage":"en-GB"},{"@type":"Organization","@id":"https:\/\/www.emballagedigest.fr\/#organization","name":"Emballage Digest","url":"https:\/\/www.emballagedigest.fr\/","logo":{"@type":"ImageObject","inLanguage":"en-GB","@id":"https:\/\/www.emballagedigest.fr\/#\/schema\/logo\/image\/","url":"https:\/\/www.emballagedigest.fr\/wp-content\/uploads\/2022\/07\/logo-ed.png","contentUrl":"https:\/\/www.emballagedigest.fr\/wp-content\/uploads\/2022\/07\/logo-ed.png","width":379,"height":75,"caption":"Emballage Digest"},"image":{"@id":"https:\/\/www.emballagedigest.fr\/#\/schema\/logo\/image\/"}},{"@type":"Person","@id":"https:\/\/www.emballagedigest.fr\/#\/schema\/person\/76abe9f2b2ee4d3d520594c7a35da59f","name":"Karine Duval","image":{"@type":"ImageObject","inLanguage":"en-GB","@id":"https:\/\/www.emballagedigest.fr\/#\/schema\/person\/image\/","url":"https:\/\/secure.gravatar.com\/avatar\/f552799261cdd2e076e6677d780ef07bdb13aa4c196ab75b39abcbcdcae2d4e5?s=96&d=mm&r=g","contentUrl":"https:\/\/secure.gravatar.com\/avatar\/f552799261cdd2e076e6677d780ef07bdb13aa4c196ab75b39abcbcdcae2d4e5?s=96&d=mm&r=g","caption":"Karine Duval"},"url":"https:\/\/www.emballagedigest.fr\/en\/author\/admin_karduv\/"}]}},"_links":{"self":[{"href":"https:\/\/www.emballagedigest.fr\/en\/wp-json\/wp\/v2\/posts\/42881","targetHints":{"allow":["GET"]}}],"collection":[{"href":"https:\/\/www.emballagedigest.fr\/en\/wp-json\/wp\/v2\/posts"}],"about":[{"href":"https:\/\/www.emballagedigest.fr\/en\/wp-json\/wp\/v2\/types\/post"}],"author":[{"embeddable":true,"href":"https:\/\/www.emballagedigest.fr\/en\/wp-json\/wp\/v2\/users\/2"}],"replies":[{"embeddable":true,"href":"https:\/\/www.emballagedigest.fr\/en\/wp-json\/wp\/v2\/comments?post=42881"}],"version-history":[{"count":1,"href":"https:\/\/www.emballagedigest.fr\/en\/wp-json\/wp\/v2\/posts\/42881\/revisions"}],"predecessor-version":[{"id":42883,"href":"https:\/\/www.emballagedigest.fr\/en\/wp-json\/wp\/v2\/posts\/42881\/revisions\/42883"}],"wp:featuredmedia":[{"embeddable":true,"href":"https:\/\/www.emballagedigest.fr\/en\/wp-json\/wp\/v2\/media\/42882"}],"wp:attachment":[{"href":"https:\/\/www.emballagedigest.fr\/en\/wp-json\/wp\/v2\/media?parent=42881"}],"wp:term":[{"taxonomy":"category","embeddable":true,"href":"https:\/\/www.emballagedigest.fr\/en\/wp-json\/wp\/v2\/categories?post=42881"},{"taxonomy":"post_tag","embeddable":true,"href":"https:\/\/www.emballagedigest.fr\/en\/wp-json\/wp\/v2\/tags?post=42881"}],"curies":[{"name":"wp","href":"https:\/\/api.w.org\/{rel}","templated":true}]}}