{"id":42896,"date":"2024-11-30T00:17:00","date_gmt":"2024-11-29T23:17:00","guid":{"rendered":"https:\/\/www.emballagedigest.fr\/?p=42896"},"modified":"2024-12-06T00:20:25","modified_gmt":"2024-12-05T23:20:25","slug":"a-beziers-o-i-glass-promeut-la-decarbonation","status":"publish","type":"post","link":"https:\/\/www.emballagedigest.fr\/en\/a-beziers-o-i-glass-promeut-la-decarbonation\/","title":{"rendered":"A B\u00e9ziers, O-I Glass promeut la d\u00e9carbonation"},"content":{"rendered":"<p><strong>Directement aliment\u00e9e par un convoyeur en calcin par le site de tri et de traitement Maltha, la verrerie de B\u00e9ziers du groupe O-I Glass se veut la vitrine d\u2019un mod\u00e8le vertueux du verre, recyclable en boucle ferm\u00e9e. R\u00e9duction de la consommation \u00e9nerg\u00e9tique et all\u00e9gement des bouteilles sont \u00e9galement au c\u0153ur des axes strat\u00e9giques de d\u00e9carbonation du groupe, dont l\u2019objectif est de r\u00e9duire de 25% ses \u00e9missions CO<sub>2<\/sub> d\u2019ici 2030.<\/strong><\/p>\n\n\n\n<p>R\u00e9nov\u00e9 en 2016, le four de l\u2019usine d\u2019O-I Glass \u00e0 B\u00e9ziers dans l\u2019H\u00e9rault \u2013 install\u00e9 sur un site de 32 Ha \u2013 fournit 140&nbsp;000 tonnes de verre par an. Plus de 60 mod\u00e8les de bouteilles entre 37,5 cl et<br>150 cl y sont ainsi fabriqu\u00e9s \u00e0 destination du secteur des boissons par une \u00e9quipe de 87 salari\u00e9s. Le four alimente trois lignes d\u00e9di\u00e9es \u00e0 la production de grands standards de vins, spiritueux et p\u00e9tillants. \u00abNous approvisionnons ainsi de petits domaines viticoles jusqu\u2019aux grands comptes dans un rayon de 200 km pour une empreinte carbone r\u00e9duite sur le plan logistique\u00bb, explique Olivier Guillot, directeur de l\u2019usine O-I Glass de B\u00e9ziers.<\/p>\n\n\n\n<p><strong>Le calcin au c\u0153ur du mod\u00e8le verrier d\u2019O-I Glass<\/strong><br>Dans son process de fabrication, l\u2019\u00e9quipe de B\u00e9ziers int\u00e8gre 89% de calcin \u2013 verre recycl\u00e9 \u2013 m\u00e9lang\u00e9 \u00e0 du sable, de la soude et diff\u00e9rents additifs, port\u00e9 entre 1300 et 1400\u00b0C dans son four. On estime ainsi que pour une tonne de calcin introduite, les \u00e9missions carbone sont r\u00e9duites de 500 g. Soit par tranche de 10% de calcin, 2,5% de CO2 et 5% d\u2019\u00e9nergie \u00e9conomis\u00e9s. Pour alimenter son four en calcin, O-I Glass a mis en place un partenariat avec Malthadans le cadre d\u2019une joint-venture avec Renewi. Le centre de tri et de recyclage, situ\u00e9 \u00e0 quelques pas de la verrerie, tourne en 3&#215;8, 5\/7j pour traiter 850 tonnes de verre brut par jour. Un convoyeur automatique, install\u00e9 entre les deux sites, alimente O-I Glass en calcin et poudre de verre \u00e0 hauteur de 600 tonnes par jour. \u00abNotre usine est aliment\u00e9e en d\u00e9chets de verre, que nous envoient les collectivit\u00e9s aux alentours. Nous r\u00e9alisons plusieurs \u00e9tapes de tri, manuels ou automatis\u00e9s, pour supprimer toute impuret\u00e9s comme la c\u00e9ramique, la pierre ou la porcelaine, les plus grands ennemis des verriers. Deux types de calcin sont obtenus en sortie de process\u00a0: le mixte et le blanc\u00bb, explique St\u00e9phane Revuz, directeur de l\u2019usine Maltha B\u00e9ziers. La puret\u00e9 \u2013 fix\u00e9e \u00e0 30 ppm\/tonne \u00e0 la sortie \u2013 garantit un retour au contact alimentaire du verre recycl\u00e9. Pour accompagner sa croissance, Maltha pr\u00e9voit d\u2019investir dans un nouveau b\u00e2timent de stockage pr\u00e9vu d\u2019ici la fin 2026.<\/p>\n\n\n\n<p><strong>All\u00e9ger les bouteilles<\/strong><br>Autre axe strat\u00e9gique d\u00e9ploy\u00e9 par O-I, celui de l\u2019all\u00e9gement des bouteilles. Un million d\u2019euros a \u00e9t\u00e9 investi sur le site de B\u00e9ziers en 2023 pour adapter une des lignes en production en verre all\u00e9g\u00e9 de teinte verte ou feuille morte. En passant d\u2019un poids de 410 \u00e0 360 g, les bouteilles de vin ainsi produites dans la verrerie affichent une \u00e9conomie de 12% des \u00e9missions carbone. \u00abTout le d\u00e9fi technique a consist\u00e9 \u00e0 ajuster le process industriel pour obtenir une bouteille qui soit \u00e0 la fois l\u00e9g\u00e8re, esth\u00e9tique et r\u00e9sistante\u00bb, d\u00e9taille Yann Berton, responsable de production. Lanc\u00e9e en juin 2024, cette version all\u00e9g\u00e9e a d\u00e9j\u00e0 s\u00e9duit 22 clients. Quelques mois plus t\u00f4t, le verrier avait annonc\u00e9 en marge du salon Vinexpo, le lancement d\u2019Estampe, premi\u00e8re bouteille 75 cl \u00e9co-con\u00e7ue fabriqu\u00e9e par l\u2019usine de Lab\u00e9gude, dont l\u2019empreinte carbone et la d\u00e9marche pour atteindre la neutralit\u00e9 carbone ont fait l\u2019objet d\u2019une validation par le cabinet de conseil en climat The Carbon Trust. Avec un poids de 390 g et l\u2019utilisation \u00e0 82% de verre recycl\u00e9 dans sa fabrication, la bouteille Estampe obtient une empreinte carbone de seulement 249 g d\u2019\u00e9quivalent CO2, soit 25% d\u2019\u00e9missions carbone en moins par rapport aux bouteilles classiques de 500 g. Des performances qui peuvent encore \u00eatre optimis\u00e9es par la d\u00e9mat\u00e9rialisation de la capsule de surbouchage, l\u2019adoption d\u2019un bouchon de li\u00e8ge et d\u2019une \u00e9tiquette en papier. L\u2019empreinte r\u00e9siduelle est compens\u00e9e par l\u2019achat de cr\u00e9dits carbone, notamment avec la plantation de vergers en France et le financement d\u2019un projet de reforestation au Br\u00e9sil.<\/p>\n\n\n\n<p><strong>Autres axes de d\u00e9carbonation<\/strong><br>Outre l\u2019int\u00e9gration de calcin et l\u2019all\u00e9gement des bouteilles, d\u2019autres voies sont explor\u00e9es pour r\u00e9duire l\u2019empreinte carbone du groupe verrier\u00a0: approvisionnement en \u00e9nergies renouvelables, diminution de la consommation \u00e9nerg\u00e9tique sur les fours et les canaux de distribution, r\u00e9cup\u00e9ration de chaleur, etc. Equip\u00e9e d\u2019une station de traitement des eaux ainsi que d\u2019un filtre de recyclage des poussi\u00e8res, l\u2019usine de B\u00e9ziers b\u00e9n\u00e9ficie d\u2019une installation de panneaux photovolta\u00efques de 10\u00a0000 m\u00b2 et d\u2019une centrale produisant 1,7 GWh\/an soit l\u2019\u00e9quivalent d\u2019une consommation de 2000 foyers. Aliment\u00e9 en gaz, le four fonctionne en continu depuis 15 ans, le process de fusion ayant besoin de stabilit\u00e9. \u00abLorsqu\u2019il arrivera en fin de vie, se posera la question de basculer sur un autre mix \u00e9nerg\u00e9tique pour r\u00e9duire encore notre empreinte. De par sa forte capacit\u00e9 (410 tonnes), il sera impossible de le passer en 100% \u00e9lectrique. Il faudra s\u2019orienter tr\u00e8s certainement vers une solution hybride\u00bb, explique Olivier Guillot. L\u2019investissement est hautement strat\u00e9gique puisque le co\u00fbt d\u2019un nouveau four \u00e0 lui seul avoisine une moyenne de 60 M\u20ac.<\/p>\n\n\n\n<p><strong>Automatiser pour gagner en performance<\/strong><br>Depuis la cabine de contr\u00f4le con\u00e7ue pour une vision 180\u00b0C, les op\u00e9rateurs peuvent surveiller les trois lignes de production en simultan\u00e9, sortant les bouteilles \u00e0 une cadence de 140 par minute. Une fois achemin\u00e9es dans la zone froide, s\u2019entame un contr\u00f4le minutieux de chaque article sur la base de<br>40 crit\u00e8res. Statistique tout d\u2019abord par un op\u00e9rateur puis syst\u00e9matique par une s\u00e9rie de plusieurs modules \u00e9quip\u00e9s de cam\u00e9ras venant s\u2019assurer de la conformit\u00e9 des bouteilles\u00a0: contr\u00f4le du fond, de la bague, de l\u2019\u00e9tanch\u00e9it\u00e9, d\u2019un trop plein de mati\u00e8re dans le col, de d\u00e9fauts de structure avec risques de casse, etc. Toutes les bouteilles avec des imperfections sont \u00e9ject\u00e9es pour \u00eatre refondues et \u00e9viter toute perte de mati\u00e8re. Les produits conformes partent vers une cellule de palettisation automatis\u00e9e pour \u00eatre rassembl\u00e9s par rang et couche sur une palette, \u00e9tiquet\u00e9e et habill\u00e9e par une housse r\u00e9tractable totalement \u00e9tanche (film de 100 microns) avec d\u2019\u00eatre envoy\u00e9e vers la zone de stockage. Un espace de stockage dont 98% couvert permet le stockage de 45\u00a0000 palettes avant leur exp\u00e9dition.<\/p>","protected":false},"excerpt":{"rendered":"<p>Directement aliment\u00e9e par un convoyeur en calcin par le site de tri et de traitement Maltha, la verrerie de B\u00e9ziers du groupe O-I Glass se veut la vitrine d\u2019un mod\u00e8le vertueux du verre, recyclable en boucle ferm\u00e9e. R\u00e9duction de la consommation \u00e9nerg\u00e9tique et all\u00e9gement des bouteilles sont \u00e9galement au c\u0153ur des axes strat\u00e9giques de d\u00e9carbonation [&hellip;]<\/p>","protected":false},"author":2,"featured_media":42897,"comment_status":"closed","ping_status":"closed","sticky":false,"template":"","format":"standard","meta":{"_acf_changed":false,"inline_featured_image":false,"iawp_total_views":6,"footnotes":""},"categories":[26,81,6,65],"tags":[],"class_list":["post-42896","post","type-post","status-publish","format-standard","has-post-thumbnail","hentry","category-laterale","category-packaging","category-parfumerie-cosmetique","category-vu-dans-le-mag"],"acf":[],"yoast_head":"<!-- This site is optimized with the Yoast SEO plugin v24.4 - https:\/\/yoast.com\/wordpress\/plugins\/seo\/ -->\n<title>A B\u00e9ziers, O-I Glass promeut la d\u00e9carbonation - Emballage Digest<\/title>\n<meta name=\"robots\" content=\"index, follow, max-snippet:-1, max-image-preview:large, max-video-preview:-1\" \/>\n<link rel=\"canonical\" href=\"https:\/\/www.emballagedigest.fr\/en\/a-beziers-o-i-glass-promeut-la-decarbonation\/\" \/>\n<meta property=\"og:locale\" content=\"en_GB\" \/>\n<meta property=\"og:type\" content=\"article\" \/>\n<meta property=\"og:title\" content=\"A B\u00e9ziers, O-I Glass promeut la d\u00e9carbonation - Emballage Digest\" \/>\n<meta property=\"og:description\" content=\"Directement aliment\u00e9e par un convoyeur en calcin par le site de tri et de traitement Maltha, la verrerie de B\u00e9ziers du groupe O-I Glass se veut la vitrine d\u2019un mod\u00e8le vertueux du verre, recyclable en boucle ferm\u00e9e. R\u00e9duction de la consommation \u00e9nerg\u00e9tique et all\u00e9gement des bouteilles sont \u00e9galement au c\u0153ur des axes strat\u00e9giques de d\u00e9carbonation [&hellip;]\" \/>\n<meta property=\"og:url\" content=\"https:\/\/www.emballagedigest.fr\/en\/a-beziers-o-i-glass-promeut-la-decarbonation\/\" \/>\n<meta property=\"og:site_name\" content=\"Emballage Digest\" \/>\n<meta property=\"article:published_time\" content=\"2024-11-29T23:17:00+00:00\" \/>\n<meta property=\"article:modified_time\" content=\"2024-12-05T23:20:25+00:00\" \/>\n<meta property=\"og:image\" content=\"https:\/\/www.emballagedigest.fr\/wp-content\/uploads\/2024\/12\/O-I.jpg\" \/>\n\t<meta property=\"og:image:width\" content=\"800\" \/>\n\t<meta property=\"og:image:height\" content=\"577\" \/>\n\t<meta property=\"og:image:type\" content=\"image\/jpeg\" \/>\n<meta name=\"author\" content=\"Karine Duval\" \/>\n<meta name=\"twitter:card\" content=\"summary_large_image\" \/>\n<meta name=\"twitter:label1\" content=\"Written by\" \/>\n\t<meta name=\"twitter:data1\" content=\"Karine Duval\" \/>\n\t<meta name=\"twitter:label2\" content=\"Estimated reading time\" \/>\n\t<meta name=\"twitter:data2\" content=\"6 minutes\" \/>\n<script type=\"application\/ld+json\" class=\"yoast-schema-graph\">{\"@context\":\"https:\/\/schema.org\",\"@graph\":[{\"@type\":\"Article\",\"@id\":\"https:\/\/www.emballagedigest.fr\/a-beziers-o-i-glass-promeut-la-decarbonation\/#article\",\"isPartOf\":{\"@id\":\"https:\/\/www.emballagedigest.fr\/a-beziers-o-i-glass-promeut-la-decarbonation\/\"},\"author\":{\"name\":\"Karine Duval\",\"@id\":\"https:\/\/www.emballagedigest.fr\/#\/schema\/person\/76abe9f2b2ee4d3d520594c7a35da59f\"},\"headline\":\"A B\u00e9ziers, O-I Glass promeut la d\u00e9carbonation\",\"datePublished\":\"2024-11-29T23:17:00+00:00\",\"dateModified\":\"2024-12-05T23:20:25+00:00\",\"mainEntityOfPage\":{\"@id\":\"https:\/\/www.emballagedigest.fr\/a-beziers-o-i-glass-promeut-la-decarbonation\/\"},\"wordCount\":1155,\"publisher\":{\"@id\":\"https:\/\/www.emballagedigest.fr\/#organization\"},\"image\":{\"@id\":\"https:\/\/www.emballagedigest.fr\/a-beziers-o-i-glass-promeut-la-decarbonation\/#primaryimage\"},\"thumbnailUrl\":\"https:\/\/www.emballagedigest.fr\/wp-content\/uploads\/2024\/12\/O-I.jpg\",\"articleSection\":[\"Barre lat\u00e9rale\",\"Packaging\",\"Parfumerie &amp; Cosm\u00e9tique\",\"Vu dans le mag\"],\"inLanguage\":\"en-GB\"},{\"@type\":\"WebPage\",\"@id\":\"https:\/\/www.emballagedigest.fr\/a-beziers-o-i-glass-promeut-la-decarbonation\/\",\"url\":\"https:\/\/www.emballagedigest.fr\/a-beziers-o-i-glass-promeut-la-decarbonation\/\",\"name\":\"A B\u00e9ziers, O-I Glass promeut la d\u00e9carbonation - Emballage Digest\",\"isPartOf\":{\"@id\":\"https:\/\/www.emballagedigest.fr\/#website\"},\"primaryImageOfPage\":{\"@id\":\"https:\/\/www.emballagedigest.fr\/a-beziers-o-i-glass-promeut-la-decarbonation\/#primaryimage\"},\"image\":{\"@id\":\"https:\/\/www.emballagedigest.fr\/a-beziers-o-i-glass-promeut-la-decarbonation\/#primaryimage\"},\"thumbnailUrl\":\"https:\/\/www.emballagedigest.fr\/wp-content\/uploads\/2024\/12\/O-I.jpg\",\"datePublished\":\"2024-11-29T23:17:00+00:00\",\"dateModified\":\"2024-12-05T23:20:25+00:00\",\"breadcrumb\":{\"@id\":\"https:\/\/www.emballagedigest.fr\/a-beziers-o-i-glass-promeut-la-decarbonation\/#breadcrumb\"},\"inLanguage\":\"en-GB\",\"potentialAction\":[{\"@type\":\"ReadAction\",\"target\":[\"https:\/\/www.emballagedigest.fr\/a-beziers-o-i-glass-promeut-la-decarbonation\/\"]}]},{\"@type\":\"ImageObject\",\"inLanguage\":\"en-GB\",\"@id\":\"https:\/\/www.emballagedigest.fr\/a-beziers-o-i-glass-promeut-la-decarbonation\/#primaryimage\",\"url\":\"https:\/\/www.emballagedigest.fr\/wp-content\/uploads\/2024\/12\/O-I.jpg\",\"contentUrl\":\"https:\/\/www.emballagedigest.fr\/wp-content\/uploads\/2024\/12\/O-I.jpg\",\"width\":800,\"height\":577},{\"@type\":\"BreadcrumbList\",\"@id\":\"https:\/\/www.emballagedigest.fr\/a-beziers-o-i-glass-promeut-la-decarbonation\/#breadcrumb\",\"itemListElement\":[{\"@type\":\"ListItem\",\"position\":1,\"name\":\"Accueil\",\"item\":\"https:\/\/www.emballagedigest.fr\/\"},{\"@type\":\"ListItem\",\"position\":2,\"name\":\"A B\u00e9ziers, O-I Glass promeut la d\u00e9carbonation\"}]},{\"@type\":\"WebSite\",\"@id\":\"https:\/\/www.emballagedigest.fr\/#website\",\"url\":\"https:\/\/www.emballagedigest.fr\/\",\"name\":\"Emballage Digest\",\"description\":\"Revue professionnelle sur les emballages\",\"publisher\":{\"@id\":\"https:\/\/www.emballagedigest.fr\/#organization\"},\"potentialAction\":[{\"@type\":\"SearchAction\",\"target\":{\"@type\":\"EntryPoint\",\"urlTemplate\":\"https:\/\/www.emballagedigest.fr\/?s={search_term_string}\"},\"query-input\":{\"@type\":\"PropertyValueSpecification\",\"valueRequired\":true,\"valueName\":\"search_term_string\"}}],\"inLanguage\":\"en-GB\"},{\"@type\":\"Organization\",\"@id\":\"https:\/\/www.emballagedigest.fr\/#organization\",\"name\":\"Emballage Digest\",\"url\":\"https:\/\/www.emballagedigest.fr\/\",\"logo\":{\"@type\":\"ImageObject\",\"inLanguage\":\"en-GB\",\"@id\":\"https:\/\/www.emballagedigest.fr\/#\/schema\/logo\/image\/\",\"url\":\"https:\/\/www.emballagedigest.fr\/wp-content\/uploads\/2022\/07\/logo-ed.png\",\"contentUrl\":\"https:\/\/www.emballagedigest.fr\/wp-content\/uploads\/2022\/07\/logo-ed.png\",\"width\":379,\"height\":75,\"caption\":\"Emballage Digest\"},\"image\":{\"@id\":\"https:\/\/www.emballagedigest.fr\/#\/schema\/logo\/image\/\"}},{\"@type\":\"Person\",\"@id\":\"https:\/\/www.emballagedigest.fr\/#\/schema\/person\/76abe9f2b2ee4d3d520594c7a35da59f\",\"name\":\"Karine Duval\",\"image\":{\"@type\":\"ImageObject\",\"inLanguage\":\"en-GB\",\"@id\":\"https:\/\/www.emballagedigest.fr\/#\/schema\/person\/image\/\",\"url\":\"https:\/\/secure.gravatar.com\/avatar\/f552799261cdd2e076e6677d780ef07bdb13aa4c196ab75b39abcbcdcae2d4e5?s=96&d=mm&r=g\",\"contentUrl\":\"https:\/\/secure.gravatar.com\/avatar\/f552799261cdd2e076e6677d780ef07bdb13aa4c196ab75b39abcbcdcae2d4e5?s=96&d=mm&r=g\",\"caption\":\"Karine Duval\"},\"url\":\"https:\/\/www.emballagedigest.fr\/en\/author\/admin_karduv\/\"}]}<\/script>\n<!-- \/ Yoast SEO plugin. -->","yoast_head_json":{"title":"A B\u00e9ziers, O-I Glass promeut la d\u00e9carbonation - Emballage Digest","robots":{"index":"index","follow":"follow","max-snippet":"max-snippet:-1","max-image-preview":"max-image-preview:large","max-video-preview":"max-video-preview:-1"},"canonical":"https:\/\/www.emballagedigest.fr\/en\/a-beziers-o-i-glass-promeut-la-decarbonation\/","og_locale":"en_GB","og_type":"article","og_title":"A B\u00e9ziers, O-I Glass promeut la d\u00e9carbonation - Emballage Digest","og_description":"Directement aliment\u00e9e par un convoyeur en calcin par le site de tri et de traitement Maltha, la verrerie de B\u00e9ziers du groupe O-I Glass se veut la vitrine d\u2019un mod\u00e8le vertueux du verre, recyclable en boucle ferm\u00e9e. R\u00e9duction de la consommation \u00e9nerg\u00e9tique et all\u00e9gement des bouteilles sont \u00e9galement au c\u0153ur des axes strat\u00e9giques de d\u00e9carbonation [&hellip;]","og_url":"https:\/\/www.emballagedigest.fr\/en\/a-beziers-o-i-glass-promeut-la-decarbonation\/","og_site_name":"Emballage Digest","article_published_time":"2024-11-29T23:17:00+00:00","article_modified_time":"2024-12-05T23:20:25+00:00","og_image":[{"width":800,"height":577,"url":"https:\/\/www.emballagedigest.fr\/wp-content\/uploads\/2024\/12\/O-I.jpg","type":"image\/jpeg"}],"author":"Karine Duval","twitter_card":"summary_large_image","twitter_misc":{"Written by":"Karine Duval","Estimated reading time":"6 minutes"},"schema":{"@context":"https:\/\/schema.org","@graph":[{"@type":"Article","@id":"https:\/\/www.emballagedigest.fr\/a-beziers-o-i-glass-promeut-la-decarbonation\/#article","isPartOf":{"@id":"https:\/\/www.emballagedigest.fr\/a-beziers-o-i-glass-promeut-la-decarbonation\/"},"author":{"name":"Karine Duval","@id":"https:\/\/www.emballagedigest.fr\/#\/schema\/person\/76abe9f2b2ee4d3d520594c7a35da59f"},"headline":"A B\u00e9ziers, O-I Glass promeut la d\u00e9carbonation","datePublished":"2024-11-29T23:17:00+00:00","dateModified":"2024-12-05T23:20:25+00:00","mainEntityOfPage":{"@id":"https:\/\/www.emballagedigest.fr\/a-beziers-o-i-glass-promeut-la-decarbonation\/"},"wordCount":1155,"publisher":{"@id":"https:\/\/www.emballagedigest.fr\/#organization"},"image":{"@id":"https:\/\/www.emballagedigest.fr\/a-beziers-o-i-glass-promeut-la-decarbonation\/#primaryimage"},"thumbnailUrl":"https:\/\/www.emballagedigest.fr\/wp-content\/uploads\/2024\/12\/O-I.jpg","articleSection":["Barre lat\u00e9rale","Packaging","Parfumerie &amp; Cosm\u00e9tique","Vu dans le mag"],"inLanguage":"en-GB"},{"@type":"WebPage","@id":"https:\/\/www.emballagedigest.fr\/a-beziers-o-i-glass-promeut-la-decarbonation\/","url":"https:\/\/www.emballagedigest.fr\/a-beziers-o-i-glass-promeut-la-decarbonation\/","name":"A B\u00e9ziers, O-I Glass promeut la d\u00e9carbonation - Emballage Digest","isPartOf":{"@id":"https:\/\/www.emballagedigest.fr\/#website"},"primaryImageOfPage":{"@id":"https:\/\/www.emballagedigest.fr\/a-beziers-o-i-glass-promeut-la-decarbonation\/#primaryimage"},"image":{"@id":"https:\/\/www.emballagedigest.fr\/a-beziers-o-i-glass-promeut-la-decarbonation\/#primaryimage"},"thumbnailUrl":"https:\/\/www.emballagedigest.fr\/wp-content\/uploads\/2024\/12\/O-I.jpg","datePublished":"2024-11-29T23:17:00+00:00","dateModified":"2024-12-05T23:20:25+00:00","breadcrumb":{"@id":"https:\/\/www.emballagedigest.fr\/a-beziers-o-i-glass-promeut-la-decarbonation\/#breadcrumb"},"inLanguage":"en-GB","potentialAction":[{"@type":"ReadAction","target":["https:\/\/www.emballagedigest.fr\/a-beziers-o-i-glass-promeut-la-decarbonation\/"]}]},{"@type":"ImageObject","inLanguage":"en-GB","@id":"https:\/\/www.emballagedigest.fr\/a-beziers-o-i-glass-promeut-la-decarbonation\/#primaryimage","url":"https:\/\/www.emballagedigest.fr\/wp-content\/uploads\/2024\/12\/O-I.jpg","contentUrl":"https:\/\/www.emballagedigest.fr\/wp-content\/uploads\/2024\/12\/O-I.jpg","width":800,"height":577},{"@type":"BreadcrumbList","@id":"https:\/\/www.emballagedigest.fr\/a-beziers-o-i-glass-promeut-la-decarbonation\/#breadcrumb","itemListElement":[{"@type":"ListItem","position":1,"name":"Accueil","item":"https:\/\/www.emballagedigest.fr\/"},{"@type":"ListItem","position":2,"name":"A B\u00e9ziers, O-I Glass promeut la d\u00e9carbonation"}]},{"@type":"WebSite","@id":"https:\/\/www.emballagedigest.fr\/#website","url":"https:\/\/www.emballagedigest.fr\/","name":"Emballage Digest","description":"Revue professionnelle sur les emballages","publisher":{"@id":"https:\/\/www.emballagedigest.fr\/#organization"},"potentialAction":[{"@type":"SearchAction","target":{"@type":"EntryPoint","urlTemplate":"https:\/\/www.emballagedigest.fr\/?s={search_term_string}"},"query-input":{"@type":"PropertyValueSpecification","valueRequired":true,"valueName":"search_term_string"}}],"inLanguage":"en-GB"},{"@type":"Organization","@id":"https:\/\/www.emballagedigest.fr\/#organization","name":"Emballage Digest","url":"https:\/\/www.emballagedigest.fr\/","logo":{"@type":"ImageObject","inLanguage":"en-GB","@id":"https:\/\/www.emballagedigest.fr\/#\/schema\/logo\/image\/","url":"https:\/\/www.emballagedigest.fr\/wp-content\/uploads\/2022\/07\/logo-ed.png","contentUrl":"https:\/\/www.emballagedigest.fr\/wp-content\/uploads\/2022\/07\/logo-ed.png","width":379,"height":75,"caption":"Emballage Digest"},"image":{"@id":"https:\/\/www.emballagedigest.fr\/#\/schema\/logo\/image\/"}},{"@type":"Person","@id":"https:\/\/www.emballagedigest.fr\/#\/schema\/person\/76abe9f2b2ee4d3d520594c7a35da59f","name":"Karine Duval","image":{"@type":"ImageObject","inLanguage":"en-GB","@id":"https:\/\/www.emballagedigest.fr\/#\/schema\/person\/image\/","url":"https:\/\/secure.gravatar.com\/avatar\/f552799261cdd2e076e6677d780ef07bdb13aa4c196ab75b39abcbcdcae2d4e5?s=96&d=mm&r=g","contentUrl":"https:\/\/secure.gravatar.com\/avatar\/f552799261cdd2e076e6677d780ef07bdb13aa4c196ab75b39abcbcdcae2d4e5?s=96&d=mm&r=g","caption":"Karine Duval"},"url":"https:\/\/www.emballagedigest.fr\/en\/author\/admin_karduv\/"}]}},"_links":{"self":[{"href":"https:\/\/www.emballagedigest.fr\/en\/wp-json\/wp\/v2\/posts\/42896","targetHints":{"allow":["GET"]}}],"collection":[{"href":"https:\/\/www.emballagedigest.fr\/en\/wp-json\/wp\/v2\/posts"}],"about":[{"href":"https:\/\/www.emballagedigest.fr\/en\/wp-json\/wp\/v2\/types\/post"}],"author":[{"embeddable":true,"href":"https:\/\/www.emballagedigest.fr\/en\/wp-json\/wp\/v2\/users\/2"}],"replies":[{"embeddable":true,"href":"https:\/\/www.emballagedigest.fr\/en\/wp-json\/wp\/v2\/comments?post=42896"}],"version-history":[{"count":1,"href":"https:\/\/www.emballagedigest.fr\/en\/wp-json\/wp\/v2\/posts\/42896\/revisions"}],"predecessor-version":[{"id":42898,"href":"https:\/\/www.emballagedigest.fr\/en\/wp-json\/wp\/v2\/posts\/42896\/revisions\/42898"}],"wp:featuredmedia":[{"embeddable":true,"href":"https:\/\/www.emballagedigest.fr\/en\/wp-json\/wp\/v2\/media\/42897"}],"wp:attachment":[{"href":"https:\/\/www.emballagedigest.fr\/en\/wp-json\/wp\/v2\/media?parent=42896"}],"wp:term":[{"taxonomy":"category","embeddable":true,"href":"https:\/\/www.emballagedigest.fr\/en\/wp-json\/wp\/v2\/categories?post=42896"},{"taxonomy":"post_tag","embeddable":true,"href":"https:\/\/www.emballagedigest.fr\/en\/wp-json\/wp\/v2\/tags?post=42896"}],"curies":[{"name":"wp","href":"https:\/\/api.w.org\/{rel}","templated":true}]}}